{"id":428029,"date":"2026-03-31T13:46:52","date_gmt":"2026-03-31T16:46:52","guid":{"rendered":"https:\/\/portaltela.pt\/noticias\/2026\/03\/31\/bruxelas-antecipa-crise-energetica-longa-e-pressoes-nos-combustiveis\/"},"modified":"2026-03-31T13:46:52","modified_gmt":"2026-03-31T16:46:52","slug":"bruxelas-antecipa-crise-energetica-longa-e-pressoes-nos-combustiveis","status":"publish","type":"post","link":"https:\/\/portaltela.pt\/noticias\/internacional\/2026\/03\/31\/bruxelas-antecipa-crise-energetica-longa-e-pressoes-nos-combustiveis\/","title":{"rendered":"Bruxelas antecipa crise energ\u00e9tica longa e press\u00f5es nos combust\u00edveis"},"content":{"rendered":"<p>A Comiss\u00e3o Europeia, em Bruxelas, afirmou que a crise energ\u00e9tica ligada ao Ir\u00e3o n\u00e3o ser\u00e1 curta, o que pode prolongar perturba\u00e7\u00f5es nos mercados. A declara\u00e7\u00e3o alerta para press\u00f5es ascendentes nos pre\u00e7os dos combust\u00edveis.<\/p>\n<p>Segundo o comunicado, o organismo teme impactos prolongados na oferta de energia e na volatilidade de custos, com efeitos diretos para consumidores e empresas. N\u00e3o foi especificada uma data para o desfecho da crise.<\/p>\n<p>O foco da informa\u00e7\u00e3o \u00e9 a percep\u00e7\u00e3o de que o endurecimento da situa\u00e7\u00e3o energ\u00e9tica no Ir\u00e3o exige aten\u00e7\u00e3o constante das autoridades europeias e dos mercados. A mensagem aponta para a necessidade de monitoriza\u00e7\u00e3o cont\u00ednua e de medidas de mitiga\u00e7\u00e3o.<\/p>\n","protected":false},"excerpt":{"rendered":"<ul>\n<li>Bruxelas afirma que a crise energ\u00e9tica n\u00e3o ser\u00e1 curta.<\/li>\n<li>A Uni\u00e3o Europeia alerta para poss\u00edveis press\u00f5es nos pre\u00e7os dos combust\u00edveis.<\/li>\n<li>A comunica\u00e7\u00e3o enfatiza que os impactos podem prolongar-se ao longo das pr\u00f3ximas semanas\/meses.<\/li>\n<li>N\u00e3o se detalha o conjunto de medidas previstas pela UE para mitigar o impacto.<\/li>\n<\/ul>\n","protected":false},"author":2,"featured_media":428031,"comment_status":"closed","ping_status":"closed","sticky":false,"template":"","format":"standard","meta":{"footnotes":""},"categories":[6814,4],"tags":[3161,174,3153,6562,7296,4964],"class_list":["post-428029","post","type-post","status-publish","format-standard","has-post-thumbnail","hentry","category-geopolitica","category-internacional","tag-bruxelas","tag-energia","tag-ira","tag-mercados-internacionais","tag-precos","tag-pressoes-internacionais"],"yoast_head":"<!-- This site is optimized with the Yoast SEO plugin v27.2 - https:\/\/yoast.com\/product\/yoast-seo-wordpress\/ -->\n<title>Bruxelas antecipa crise energ\u00e9tica longa e press\u00f5es nos combust\u00edveis - Portal Tela Portugal<\/title>\n<meta name=\"robots\" content=\"index, follow, max-snippet:-1, max-image-preview:large, max-video-preview:-1\" \/>\n<meta property=\"og:locale\" content=\"pt_PT\" \/>\n<meta property=\"og:type\" content=\"article\" \/>\n<meta property=\"og:title\" content=\"Bruxelas antecipa crise energ\u00e9tica longa e press\u00f5es nos combust\u00edveis - Portal Tela Portugal\" \/>\n<meta property=\"og:description\" content=\"Bruxelas afirma que a crise energ\u00e9tica n\u00e3o ser\u00e1 curta. A Uni\u00e3o Europeia alerta para poss\u00edveis press\u00f5es nos pre\u00e7os dos combust\u00edveis. A comunica\u00e7\u00e3o enfatiza que os impactos podem prolongar-se ao longo das pr\u00f3ximas semanas\/meses. N\u00e3o se detalha o conjunto de medidas previstas pela UE para mitigar o impacto.\" \/>\n<meta property=\"og:url\" content=\"https:\/\/portaltela.pt\/noticias\/2026\/03\/31\/bruxelas-antecipa-crise-energetica-longa-e-pressoes-nos-combustiveis\/\" \/>\n<meta property=\"og:site_name\" content=\"Portal Tela Portugal\" \/>\n<meta property=\"article:published_time\" content=\"2026-03-31T16:46:52+00:00\" \/>\n<meta name=\"author\" content=\"Telinha\" \/>\n<meta name=\"twitter:card\" content=\"summary_large_image\" \/>\n<meta name=\"twitter:label1\" content=\"Escrito por\" \/>\n\t<meta name=\"twitter:data1\" content=\"Telinha\" \/>\n\t<meta name=\"twitter:label2\" content=\"Tempo estimado de leitura\" \/>\n\t<meta name=\"twitter:data2\" content=\"1 minuto\" \/>\n<script type=\"application\/ld+json\" class=\"yoast-schema-graph\">{\"@context\":\"https:\/\/schema.org\",\"@graph\":[{\"@type\":\"Article\",\"@id\":\"https:\/\/portaltela.pt\/noticias\/2026\/03\/31\/bruxelas-antecipa-crise-energetica-longa-e-pressoes-nos-combustiveis\/#article\",\"isPartOf\":{\"@id\":\"https:\/\/portaltela.pt\/noticias\/2026\/03\/31\/bruxelas-antecipa-crise-energetica-longa-e-pressoes-nos-combustiveis\/\"},\"author\":{\"name\":\"Telinha\",\"@id\":\"https:\/\/portaltela.pt\/#\/schema\/person\/c4278d4a6028830caff9ee44b42d32ed\"},\"headline\":\"Bruxelas antecipa crise energ\u00e9tica longa e press\u00f5es nos combust\u00edveis\",\"datePublished\":\"2026-03-31T16:46:52+00:00\",\"mainEntityOfPage\":{\"@id\":\"https:\/\/portaltela.pt\/noticias\/2026\/03\/31\/bruxelas-antecipa-crise-energetica-longa-e-pressoes-nos-combustiveis\/\"},\"wordCount\":136,\"image\":{\"@id\":\"https:\/\/portaltela.pt\/noticias\/2026\/03\/31\/bruxelas-antecipa-crise-energetica-longa-e-pressoes-nos-combustiveis\/#primaryimage\"},\"thumbnailUrl\":\"https:\/\/portaltela.pt\/s.01k8rhncp4jt1\/2026\/03\/CACHE_780X1200_ANALOG_WATERMARKED_46857043_386444918775643.jpg\",\"keywords\":[\"Bruxelas\",\"energia\",\"Ir\u00e3\",\"mercados internacionais\",\"pre\u00e7os\",\"press\u00f5es internacionais\"],\"articleSection\":[\"Geopol\u00edtica\",\"Internacional\"],\"inLanguage\":\"pt-PT\"},{\"@type\":\"WebPage\",\"@id\":\"https:\/\/portaltela.pt\/noticias\/2026\/03\/31\/bruxelas-antecipa-crise-energetica-longa-e-pressoes-nos-combustiveis\/\",\"url\":\"https:\/\/portaltela.pt\/noticias\/2026\/03\/31\/bruxelas-antecipa-crise-energetica-longa-e-pressoes-nos-combustiveis\/\",\"name\":\"Bruxelas antecipa crise energ\u00e9tica longa e press\u00f5es nos combust\u00edveis - Portal Tela Portugal\",\"isPartOf\":{\"@id\":\"https:\/\/portaltela.pt\/#website\"},\"primaryImageOfPage\":{\"@id\":\"https:\/\/portaltela.pt\/noticias\/2026\/03\/31\/bruxelas-antecipa-crise-energetica-longa-e-pressoes-nos-combustiveis\/#primaryimage\"},\"image\":{\"@id\":\"https:\/\/portaltela.pt\/noticias\/2026\/03\/31\/bruxelas-antecipa-crise-energetica-longa-e-pressoes-nos-combustiveis\/#primaryimage\"},\"thumbnailUrl\":\"https:\/\/portaltela.pt\/s.01k8rhncp4jt1\/2026\/03\/CACHE_780X1200_ANALOG_WATERMARKED_46857043_386444918775643.jpg\",\"datePublished\":\"2026-03-31T16:46:52+00:00\",\"author\":{\"@id\":\"https:\/\/portaltela.pt\/#\/schema\/person\/c4278d4a6028830caff9ee44b42d32ed\"},\"breadcrumb\":{\"@id\":\"https:\/\/portaltela.pt\/noticias\/2026\/03\/31\/bruxelas-antecipa-crise-energetica-longa-e-pressoes-nos-combustiveis\/#breadcrumb\"},\"inLanguage\":\"pt-PT\",\"potentialAction\":[{\"@type\":\"ReadAction\",\"target\":[\"https:\/\/portaltela.pt\/noticias\/2026\/03\/31\/bruxelas-antecipa-crise-energetica-longa-e-pressoes-nos-combustiveis\/\"]}]},{\"@type\":\"ImageObject\",\"inLanguage\":\"pt-PT\",\"@id\":\"https:\/\/portaltela.pt\/noticias\/2026\/03\/31\/bruxelas-antecipa-crise-energetica-longa-e-pressoes-nos-combustiveis\/#primaryimage\",\"url\":\"https:\/\/portaltela.pt\/s.01k8rhncp4jt1\/2026\/03\/CACHE_780X1200_ANALOG_WATERMARKED_46857043_386444918775643.jpg\",\"contentUrl\":\"https:\/\/portaltela.pt\/s.01k8rhncp4jt1\/2026\/03\/CACHE_780X1200_ANALOG_WATERMARKED_46857043_386444918775643.jpg\",\"width\":796,\"height\":448,\"caption\":\"Ir\u00e3o: Bruxelas diz que crise energ\u00e9tica \u201cn\u00e3o ser\u00e1 curta\u201d e alerta para press\u00f5es nos combust\u00edveis\"},{\"@type\":\"BreadcrumbList\",\"@id\":\"https:\/\/portaltela.pt\/noticias\/2026\/03\/31\/bruxelas-antecipa-crise-energetica-longa-e-pressoes-nos-combustiveis\/#breadcrumb\",\"itemListElement\":[{\"@type\":\"ListItem\",\"position\":1,\"name\":\"In\u00edcio\",\"item\":\"https:\/\/portaltela.pt\/\"},{\"@type\":\"ListItem\",\"position\":2,\"name\":\"Bruxelas antecipa crise energ\u00e9tica longa e press\u00f5es nos combust\u00edveis\"}]},{\"@type\":\"WebSite\",\"@id\":\"https:\/\/portaltela.pt\/#website\",\"url\":\"https:\/\/portaltela.pt\/\",\"name\":\"Portal Tela Portugal\",\"description\":\"\",\"potentialAction\":[{\"@type\":\"SearchAction\",\"target\":{\"@type\":\"EntryPoint\",\"urlTemplate\":\"https:\/\/portaltela.pt\/?s={search_term_string}\"},\"query-input\":{\"@type\":\"PropertyValueSpecification\",\"valueRequired\":true,\"valueName\":\"search_term_string\"}}],\"inLanguage\":\"pt-PT\"},{\"@type\":\"Person\",\"@id\":\"https:\/\/portaltela.pt\/#\/schema\/person\/c4278d4a6028830caff9ee44b42d32ed\",\"name\":\"Telinha\",\"image\":{\"@type\":\"ImageObject\",\"inLanguage\":\"pt-PT\",\"@id\":\"https:\/\/portaltela.pt\/s.01k8rhncp4jt1\/2025\/11\/talking-bot-125x125.png\",\"url\":\"https:\/\/portaltela.pt\/s.01k8rhncp4jt1\/2025\/11\/talking-bot-125x125.png\",\"contentUrl\":\"https:\/\/portaltela.pt\/s.01k8rhncp4jt1\/2025\/11\/talking-bot-125x125.png\",\"caption\":\"Telinha\"},\"sameAs\":[\"https:\/\/portaltela.pt\/\"],\"url\":\"https:\/\/portaltela.pt\/por\/367410592786\/\"}]}<\/script>\n<!-- \/ Yoast SEO plugin. -->","yoast_head_json":{"title":"Bruxelas antecipa crise energ\u00e9tica longa e press\u00f5es nos combust\u00edveis - Portal Tela Portugal","robots":{"index":"index","follow":"follow","max-snippet":"max-snippet:-1","max-image-preview":"max-image-preview:large","max-video-preview":"max-video-preview:-1"},"og_locale":"pt_PT","og_type":"article","og_title":"Bruxelas antecipa crise energ\u00e9tica longa e press\u00f5es nos combust\u00edveis - Portal Tela Portugal","og_description":"Bruxelas afirma que a crise energ\u00e9tica n\u00e3o ser\u00e1 curta. A Uni\u00e3o Europeia alerta para poss\u00edveis press\u00f5es nos pre\u00e7os dos combust\u00edveis. A comunica\u00e7\u00e3o enfatiza que os impactos podem prolongar-se ao longo das pr\u00f3ximas semanas\/meses. N\u00e3o se detalha o conjunto de medidas previstas pela UE para mitigar o impacto.","og_url":"https:\/\/portaltela.pt\/noticias\/2026\/03\/31\/bruxelas-antecipa-crise-energetica-longa-e-pressoes-nos-combustiveis\/","og_site_name":"Portal Tela Portugal","article_published_time":"2026-03-31T16:46:52+00:00","author":"Telinha","twitter_card":"summary_large_image","twitter_misc":{"Escrito por":"Telinha","Tempo estimado de leitura":"1 minuto"},"schema":{"@context":"https:\/\/schema.org","@graph":[{"@type":"Article","@id":"https:\/\/portaltela.pt\/noticias\/2026\/03\/31\/bruxelas-antecipa-crise-energetica-longa-e-pressoes-nos-combustiveis\/#article","isPartOf":{"@id":"https:\/\/portaltela.pt\/noticias\/2026\/03\/31\/bruxelas-antecipa-crise-energetica-longa-e-pressoes-nos-combustiveis\/"},"author":{"name":"Telinha","@id":"https:\/\/portaltela.pt\/#\/schema\/person\/c4278d4a6028830caff9ee44b42d32ed"},"headline":"Bruxelas antecipa crise energ\u00e9tica longa e press\u00f5es nos combust\u00edveis","datePublished":"2026-03-31T16:46:52+00:00","mainEntityOfPage":{"@id":"https:\/\/portaltela.pt\/noticias\/2026\/03\/31\/bruxelas-antecipa-crise-energetica-longa-e-pressoes-nos-combustiveis\/"},"wordCount":136,"image":{"@id":"https:\/\/portaltela.pt\/noticias\/2026\/03\/31\/bruxelas-antecipa-crise-energetica-longa-e-pressoes-nos-combustiveis\/#primaryimage"},"thumbnailUrl":"https:\/\/portaltela.pt\/s.01k8rhncp4jt1\/2026\/03\/CACHE_780X1200_ANALOG_WATERMARKED_46857043_386444918775643.jpg","keywords":["Bruxelas","energia","Ir\u00e3","mercados internacionais","pre\u00e7os","press\u00f5es internacionais"],"articleSection":["Geopol\u00edtica","Internacional"],"inLanguage":"pt-PT"},{"@type":"WebPage","@id":"https:\/\/portaltela.pt\/noticias\/2026\/03\/31\/bruxelas-antecipa-crise-energetica-longa-e-pressoes-nos-combustiveis\/","url":"https:\/\/portaltela.pt\/noticias\/2026\/03\/31\/bruxelas-antecipa-crise-energetica-longa-e-pressoes-nos-combustiveis\/","name":"Bruxelas antecipa crise energ\u00e9tica longa e press\u00f5es nos combust\u00edveis - Portal Tela Portugal","isPartOf":{"@id":"https:\/\/portaltela.pt\/#website"},"primaryImageOfPage":{"@id":"https:\/\/portaltela.pt\/noticias\/2026\/03\/31\/bruxelas-antecipa-crise-energetica-longa-e-pressoes-nos-combustiveis\/#primaryimage"},"image":{"@id":"https:\/\/portaltela.pt\/noticias\/2026\/03\/31\/bruxelas-antecipa-crise-energetica-longa-e-pressoes-nos-combustiveis\/#primaryimage"},"thumbnailUrl":"https:\/\/portaltela.pt\/s.01k8rhncp4jt1\/2026\/03\/CACHE_780X1200_ANALOG_WATERMARKED_46857043_386444918775643.jpg","datePublished":"2026-03-31T16:46:52+00:00","author":{"@id":"https:\/\/portaltela.pt\/#\/schema\/person\/c4278d4a6028830caff9ee44b42d32ed"},"breadcrumb":{"@id":"https:\/\/portaltela.pt\/noticias\/2026\/03\/31\/bruxelas-antecipa-crise-energetica-longa-e-pressoes-nos-combustiveis\/#breadcrumb"},"inLanguage":"pt-PT","potentialAction":[{"@type":"ReadAction","target":["https:\/\/portaltela.pt\/noticias\/2026\/03\/31\/bruxelas-antecipa-crise-energetica-longa-e-pressoes-nos-combustiveis\/"]}]},{"@type":"ImageObject","inLanguage":"pt-PT","@id":"https:\/\/portaltela.pt\/noticias\/2026\/03\/31\/bruxelas-antecipa-crise-energetica-longa-e-pressoes-nos-combustiveis\/#primaryimage","url":"https:\/\/portaltela.pt\/s.01k8rhncp4jt1\/2026\/03\/CACHE_780X1200_ANALOG_WATERMARKED_46857043_386444918775643.jpg","contentUrl":"https:\/\/portaltela.pt\/s.01k8rhncp4jt1\/2026\/03\/CACHE_780X1200_ANALOG_WATERMARKED_46857043_386444918775643.jpg","width":796,"height":448,"caption":"Ir\u00e3o: Bruxelas diz que crise energ\u00e9tica \u201cn\u00e3o ser\u00e1 curta\u201d e alerta para press\u00f5es nos combust\u00edveis"},{"@type":"BreadcrumbList","@id":"https:\/\/portaltela.pt\/noticias\/2026\/03\/31\/bruxelas-antecipa-crise-energetica-longa-e-pressoes-nos-combustiveis\/#breadcrumb","itemListElement":[{"@type":"ListItem","position":1,"name":"In\u00edcio","item":"https:\/\/portaltela.pt\/"},{"@type":"ListItem","position":2,"name":"Bruxelas antecipa crise energ\u00e9tica longa e press\u00f5es nos combust\u00edveis"}]},{"@type":"WebSite","@id":"https:\/\/portaltela.pt\/#website","url":"https:\/\/portaltela.pt\/","name":"Portal Tela Portugal","description":"","potentialAction":[{"@type":"SearchAction","target":{"@type":"EntryPoint","urlTemplate":"https:\/\/portaltela.pt\/?s={search_term_string}"},"query-input":{"@type":"PropertyValueSpecification","valueRequired":true,"valueName":"search_term_string"}}],"inLanguage":"pt-PT"},{"@type":"Person","@id":"https:\/\/portaltela.pt\/#\/schema\/person\/c4278d4a6028830caff9ee44b42d32ed","name":"Telinha","image":{"@type":"ImageObject","inLanguage":"pt-PT","@id":"https:\/\/portaltela.pt\/s.01k8rhncp4jt1\/2025\/11\/talking-bot-125x125.png","url":"https:\/\/portaltela.pt\/s.01k8rhncp4jt1\/2025\/11\/talking-bot-125x125.png","contentUrl":"https:\/\/portaltela.pt\/s.01k8rhncp4jt1\/2025\/11\/talking-bot-125x125.png","caption":"Telinha"},"sameAs":["https:\/\/portaltela.pt\/"],"url":"https:\/\/portaltela.pt\/por\/367410592786\/"}]}},"_links":{"self":[{"href":"https:\/\/portaltela.pt\/api\/wp\/v2\/posts\/428029","targetHints":{"allow":["GET"]}}],"collection":[{"href":"https:\/\/portaltela.pt\/api\/wp\/v2\/posts"}],"about":[{"href":"https:\/\/portaltela.pt\/api\/wp\/v2\/types\/post"}],"author":[{"embeddable":true,"href":"https:\/\/portaltela.pt\/api\/wp\/v2\/users\/2"}],"replies":[{"embeddable":true,"href":"https:\/\/portaltela.pt\/api\/wp\/v2\/comments?post=428029"}],"version-history":[{"count":0,"href":"https:\/\/portaltela.pt\/api\/wp\/v2\/posts\/428029\/revisions"}],"wp:featuredmedia":[{"embeddable":true,"href":"https:\/\/portaltela.pt\/api\/wp\/v2\/media\/428031"}],"wp:attachment":[{"href":"https:\/\/portaltela.pt\/api\/wp\/v2\/media?parent=428029"}],"wp:term":[{"taxonomy":"category","embeddable":true,"href":"https:\/\/portaltela.pt\/api\/wp\/v2\/categories?post=428029"},{"taxonomy":"post_tag","embeddable":true,"href":"https:\/\/portaltela.pt\/api\/wp\/v2\/tags?post=428029"}],"curies":[{"name":"wp","href":"https:\/\/api.w.org\/{rel}","templated":true}]}}