{"id":428027,"date":"2026-03-31T13:37:08","date_gmt":"2026-03-31T16:37:08","guid":{"rendered":"https:\/\/portaltela.pt\/noticias\/2026\/03\/31\/leonel-pontes-portugal-entre-ser-candidato-e-favorito-no-mundial\/"},"modified":"2026-03-31T13:37:08","modified_gmt":"2026-03-31T16:37:08","slug":"leonel-pontes-portugal-entre-ser-candidato-e-favorito-no-mundial","status":"publish","type":"post","link":"https:\/\/portaltela.pt\/desporto\/futebol\/2026\/03\/31\/leonel-pontes-portugal-entre-ser-candidato-e-favorito-no-mundial\/","title":{"rendered":"Leonel Pontes: Portugal entre ser candidato e favorito no Mundial"},"content":{"rendered":"<p>Leonel Pontes, diretor t\u00e9cnico do Shanghai Shenhua, participou hoje no F\u00f3rum da Associa\u00e7\u00e3o Nacional de T\u00e9cnicos de Futebol (ANTF). O t\u00e9cnico analisa a evolu\u00e7\u00e3o de jogadores que j\u00e1 representaram a Sele\u00e7\u00e3o Nacional e atuam nos maiores clubes europeus, destacando o impacto na mentalidade vencedora do pa\u00eds. O encontro ocorreu em ambiente de teoria e pr\u00e1tica sobre forma\u00e7\u00e3o e rendimento.<\/p>\n<p>Pontes sublinha que Portugal pode aspirar a vencermos o Mundial, mas distingue entre ser candidato e favorito. Afirmou que ainda n\u00e3o estamos entre os favoritos, embora haja base para avan\u00e7ar como candidato, fruto de conquistas europeias, jogadores em grandes clubes e mentalidade crescida.<\/p>\n<p>O treinador recorda ainda a rela\u00e7\u00e3o com grandes refer\u00eancias do pa\u00eds, adaptando a ideia de atingir o estrelato com humildade. Citou exemplos de jogadores que acompanhou de perto, como Cristiano Ronaldo, e mencionou a evolu\u00e7\u00e3o de jovens com potencial para o futuro.<\/p>\n<p>Entre os nomes em foco estiveram Matheus Nunes e Nuno Mendes, cuja progress\u00e3o Pontes descreve como extraordin\u00e1ria. Destacou que Nuno Mendes j\u00e1 era considerado um dos melhores laterais e que Matheus Nunes \u00e9 exemplo de adapta\u00e7\u00e3o de posi\u00e7\u00e3o para manter rendimento elevado.<\/p>\n<p>Vitinha e Jo\u00e3o Neves tamb\u00e9m entraram na an\u00e1lise de Pontes. O t\u00e9cnico cita a juventude aliada a uma maturidade precoce como motivo de elogio, destacando o desempenho destes jogadores no cen\u00e1rio internacional. No conjunto, o discurso enfatiza o talento da sele\u00e7\u00e3o e o papel dos jovens no seu avan\u00e7o.<\/p>\n","protected":false},"excerpt":{"rendered":"<ul>\n<li>O diretor t\u00e9cnico do Shanghai Shenhua, Leonel Pontes, participou no F\u00f3rum da Associa\u00e7\u00e3o Nacional de Treinadores de Futebol (ANTF) para falar sobre a evolu\u00e7\u00e3o de jogadores nacionais com quem trabalhou.<\/li>\n<li>Pontes afirmou que Portugal pode ser candidato ao Mundial, mas n\u00e3o \u00e9 considerado favorito, destacando que entre ser candidato e favorito existe uma grande dist\u00e2ncia.<\/li>\n<li>Referiu-se a Cristiano Ronaldo, recordando que preferia chamar o jogador de Cristiano e que a forma como era visto podia influenciar jovens.<\/li>\n<li>Destacou Matheus Nunes e Nuno Mendes, dizendo que tiveram caracter\u00edsticas extraordin\u00e1rias desde cedo e que hoje s\u00e3o potenciadas ao m\u00e1ximo.<\/li>\n<li>Elogiou Vitinha e Jo\u00e3o Neves pela juventude, mas j\u00e1 com maturidade nos seus pap\u00e9is, considerando o rendimento de ambos extraordin\u00e1rio.<\/li>\n<\/ul>\n","protected":false},"author":2,"featured_media":428028,"comment_status":"closed","ping_status":"closed","sticky":false,"template":"","format":"standard","meta":{"footnotes":""},"categories":[21,24],"tags":[32,2626,3323,2753,2057,2752],"class_list":["post-428027","post","type-post","status-publish","format-standard","has-post-thumbnail","hentry","category-desporto","category-futebol","tag-futebol","tag-joao-neves","tag-matheus-nunes","tag-nuno-mendes","tag-selecao-nacional","tag-vitinha"],"yoast_head":"<!-- This site is optimized with the Yoast SEO plugin v27.2 - https:\/\/yoast.com\/product\/yoast-seo-wordpress\/ -->\n<title>Leonel Pontes: Portugal entre ser candidato e favorito no Mundial - Portal Tela Portugal<\/title>\n<meta name=\"robots\" content=\"index, follow, max-snippet:-1, max-image-preview:large, max-video-preview:-1\" \/>\n<meta property=\"og:locale\" content=\"pt_PT\" \/>\n<meta property=\"og:type\" content=\"article\" \/>\n<meta property=\"og:title\" content=\"Leonel Pontes: Portugal entre ser candidato e favorito no Mundial - Portal Tela Portugal\" \/>\n<meta property=\"og:description\" content=\"O diretor t\u00e9cnico do Shanghai Shenhua, Leonel Pontes, participou no F\u00f3rum da Associa\u00e7\u00e3o Nacional de Treinadores de Futebol (ANTF) para falar sobre a evolu\u00e7\u00e3o de jogadores nacionais com quem trabalhou. Pontes afirmou que Portugal pode ser candidato ao Mundial, mas n\u00e3o \u00e9 considerado favorito, destacando que entre ser candidato e favorito existe uma grande dist\u00e2ncia. Referiu-se a Cristiano Ronaldo, recordando que preferia chamar o jogador de Cristiano e que a forma como era visto podia influenciar jovens. Destacou Matheus Nunes e Nuno Mendes, dizendo que tiveram caracter\u00edsticas extraordin\u00e1rias desde cedo e que hoje s\u00e3o potenciadas ao m\u00e1ximo. Elogiou Vitinha e Jo\u00e3o Neves pela juventude, mas j\u00e1 com maturidade nos seus pap\u00e9is, considerando o rendimento de ambos extraordin\u00e1rio.\" \/>\n<meta property=\"og:url\" content=\"https:\/\/portaltela.pt\/noticias\/2026\/03\/31\/leonel-pontes-portugal-entre-ser-candidato-e-favorito-no-mundial\/\" \/>\n<meta property=\"og:site_name\" content=\"Portal Tela Portugal\" \/>\n<meta property=\"article:published_time\" content=\"2026-03-31T16:37:08+00:00\" \/>\n<meta name=\"author\" content=\"Telinha\" \/>\n<meta name=\"twitter:card\" content=\"summary_large_image\" \/>\n<meta name=\"twitter:label1\" content=\"Escrito por\" \/>\n\t<meta name=\"twitter:data1\" content=\"Telinha\" \/>\n\t<meta name=\"twitter:label2\" content=\"Tempo estimado de leitura\" \/>\n\t<meta name=\"twitter:data2\" content=\"1 minuto\" \/>\n<script type=\"application\/ld+json\" class=\"yoast-schema-graph\">{\"@context\":\"https:\/\/schema.org\",\"@graph\":[{\"@type\":\"Article\",\"@id\":\"https:\/\/portaltela.pt\/noticias\/2026\/03\/31\/leonel-pontes-portugal-entre-ser-candidato-e-favorito-no-mundial\/#article\",\"isPartOf\":{\"@id\":\"https:\/\/portaltela.pt\/noticias\/2026\/03\/31\/leonel-pontes-portugal-entre-ser-candidato-e-favorito-no-mundial\/\"},\"author\":{\"name\":\"Telinha\",\"@id\":\"https:\/\/portaltela.pt\/#\/schema\/person\/c4278d4a6028830caff9ee44b42d32ed\"},\"headline\":\"Leonel Pontes: Portugal entre ser candidato e favorito no Mundial\",\"datePublished\":\"2026-03-31T16:37:08+00:00\",\"mainEntityOfPage\":{\"@id\":\"https:\/\/portaltela.pt\/noticias\/2026\/03\/31\/leonel-pontes-portugal-entre-ser-candidato-e-favorito-no-mundial\/\"},\"wordCount\":271,\"image\":{\"@id\":\"https:\/\/portaltela.pt\/noticias\/2026\/03\/31\/leonel-pontes-portugal-entre-ser-candidato-e-favorito-no-mundial\/#primaryimage\"},\"thumbnailUrl\":\"https:\/\/portaltela.pt\/s.01k8rhncp4jt1\/2026\/03\/img_920x518uu2026-03-31-17-24-39-2430308.jpg\",\"keywords\":[\"futebol\",\"Jo\u00e3o Neves\",\"Matheus Nunes\",\"Nuno Mendes\",\"Sele\u00e7\u00e3o Nacional\",\"Vitinha\"],\"articleSection\":[\"Desporto\",\"Futebol\"],\"inLanguage\":\"pt-PT\"},{\"@type\":\"WebPage\",\"@id\":\"https:\/\/portaltela.pt\/noticias\/2026\/03\/31\/leonel-pontes-portugal-entre-ser-candidato-e-favorito-no-mundial\/\",\"url\":\"https:\/\/portaltela.pt\/noticias\/2026\/03\/31\/leonel-pontes-portugal-entre-ser-candidato-e-favorito-no-mundial\/\",\"name\":\"Leonel Pontes: Portugal entre ser candidato e favorito no Mundial - Portal Tela Portugal\",\"isPartOf\":{\"@id\":\"https:\/\/portaltela.pt\/#website\"},\"primaryImageOfPage\":{\"@id\":\"https:\/\/portaltela.pt\/noticias\/2026\/03\/31\/leonel-pontes-portugal-entre-ser-candidato-e-favorito-no-mundial\/#primaryimage\"},\"image\":{\"@id\":\"https:\/\/portaltela.pt\/noticias\/2026\/03\/31\/leonel-pontes-portugal-entre-ser-candidato-e-favorito-no-mundial\/#primaryimage\"},\"thumbnailUrl\":\"https:\/\/portaltela.pt\/s.01k8rhncp4jt1\/2026\/03\/img_920x518uu2026-03-31-17-24-39-2430308.jpg\",\"datePublished\":\"2026-03-31T16:37:08+00:00\",\"author\":{\"@id\":\"https:\/\/portaltela.pt\/#\/schema\/person\/c4278d4a6028830caff9ee44b42d32ed\"},\"breadcrumb\":{\"@id\":\"https:\/\/portaltela.pt\/noticias\/2026\/03\/31\/leonel-pontes-portugal-entre-ser-candidato-e-favorito-no-mundial\/#breadcrumb\"},\"inLanguage\":\"pt-PT\",\"potentialAction\":[{\"@type\":\"ReadAction\",\"target\":[\"https:\/\/portaltela.pt\/noticias\/2026\/03\/31\/leonel-pontes-portugal-entre-ser-candidato-e-favorito-no-mundial\/\"]}]},{\"@type\":\"ImageObject\",\"inLanguage\":\"pt-PT\",\"@id\":\"https:\/\/portaltela.pt\/noticias\/2026\/03\/31\/leonel-pontes-portugal-entre-ser-candidato-e-favorito-no-mundial\/#primaryimage\",\"url\":\"https:\/\/portaltela.pt\/s.01k8rhncp4jt1\/2026\/03\/img_920x518uu2026-03-31-17-24-39-2430308.jpg\",\"contentUrl\":\"https:\/\/portaltela.pt\/s.01k8rhncp4jt1\/2026\/03\/img_920x518uu2026-03-31-17-24-39-2430308.jpg\",\"width\":796,\"height\":448,\"caption\":\"Leonel Pontes considera que Portugal \u00e9 candidato \u00e0 conquista do Mundial\"},{\"@type\":\"BreadcrumbList\",\"@id\":\"https:\/\/portaltela.pt\/noticias\/2026\/03\/31\/leonel-pontes-portugal-entre-ser-candidato-e-favorito-no-mundial\/#breadcrumb\",\"itemListElement\":[{\"@type\":\"ListItem\",\"position\":1,\"name\":\"In\u00edcio\",\"item\":\"https:\/\/portaltela.pt\/\"},{\"@type\":\"ListItem\",\"position\":2,\"name\":\"Leonel Pontes: Portugal entre ser candidato e favorito no Mundial\"}]},{\"@type\":\"WebSite\",\"@id\":\"https:\/\/portaltela.pt\/#website\",\"url\":\"https:\/\/portaltela.pt\/\",\"name\":\"Portal Tela Portugal\",\"description\":\"\",\"potentialAction\":[{\"@type\":\"SearchAction\",\"target\":{\"@type\":\"EntryPoint\",\"urlTemplate\":\"https:\/\/portaltela.pt\/?s={search_term_string}\"},\"query-input\":{\"@type\":\"PropertyValueSpecification\",\"valueRequired\":true,\"valueName\":\"search_term_string\"}}],\"inLanguage\":\"pt-PT\"},{\"@type\":\"Person\",\"@id\":\"https:\/\/portaltela.pt\/#\/schema\/person\/c4278d4a6028830caff9ee44b42d32ed\",\"name\":\"Telinha\",\"image\":{\"@type\":\"ImageObject\",\"inLanguage\":\"pt-PT\",\"@id\":\"https:\/\/portaltela.pt\/s.01k8rhncp4jt1\/2025\/11\/talking-bot-125x125.png\",\"url\":\"https:\/\/portaltela.pt\/s.01k8rhncp4jt1\/2025\/11\/talking-bot-125x125.png\",\"contentUrl\":\"https:\/\/portaltela.pt\/s.01k8rhncp4jt1\/2025\/11\/talking-bot-125x125.png\",\"caption\":\"Telinha\"},\"sameAs\":[\"https:\/\/portaltela.pt\/\"],\"url\":\"https:\/\/portaltela.pt\/por\/367410592786\/\"}]}<\/script>\n<!-- \/ Yoast SEO plugin. -->","yoast_head_json":{"title":"Leonel Pontes: Portugal entre ser candidato e favorito no Mundial - Portal Tela Portugal","robots":{"index":"index","follow":"follow","max-snippet":"max-snippet:-1","max-image-preview":"max-image-preview:large","max-video-preview":"max-video-preview:-1"},"og_locale":"pt_PT","og_type":"article","og_title":"Leonel Pontes: Portugal entre ser candidato e favorito no Mundial - Portal Tela Portugal","og_description":"O diretor t\u00e9cnico do Shanghai Shenhua, Leonel Pontes, participou no F\u00f3rum da Associa\u00e7\u00e3o Nacional de Treinadores de Futebol (ANTF) para falar sobre a evolu\u00e7\u00e3o de jogadores nacionais com quem trabalhou. Pontes afirmou que Portugal pode ser candidato ao Mundial, mas n\u00e3o \u00e9 considerado favorito, destacando que entre ser candidato e favorito existe uma grande dist\u00e2ncia. Referiu-se a Cristiano Ronaldo, recordando que preferia chamar o jogador de Cristiano e que a forma como era visto podia influenciar jovens. Destacou Matheus Nunes e Nuno Mendes, dizendo que tiveram caracter\u00edsticas extraordin\u00e1rias desde cedo e que hoje s\u00e3o potenciadas ao m\u00e1ximo. Elogiou Vitinha e Jo\u00e3o Neves pela juventude, mas j\u00e1 com maturidade nos seus pap\u00e9is, considerando o rendimento de ambos extraordin\u00e1rio.","og_url":"https:\/\/portaltela.pt\/noticias\/2026\/03\/31\/leonel-pontes-portugal-entre-ser-candidato-e-favorito-no-mundial\/","og_site_name":"Portal Tela Portugal","article_published_time":"2026-03-31T16:37:08+00:00","author":"Telinha","twitter_card":"summary_large_image","twitter_misc":{"Escrito por":"Telinha","Tempo estimado de leitura":"1 minuto"},"schema":{"@context":"https:\/\/schema.org","@graph":[{"@type":"Article","@id":"https:\/\/portaltela.pt\/noticias\/2026\/03\/31\/leonel-pontes-portugal-entre-ser-candidato-e-favorito-no-mundial\/#article","isPartOf":{"@id":"https:\/\/portaltela.pt\/noticias\/2026\/03\/31\/leonel-pontes-portugal-entre-ser-candidato-e-favorito-no-mundial\/"},"author":{"name":"Telinha","@id":"https:\/\/portaltela.pt\/#\/schema\/person\/c4278d4a6028830caff9ee44b42d32ed"},"headline":"Leonel Pontes: Portugal entre ser candidato e favorito no Mundial","datePublished":"2026-03-31T16:37:08+00:00","mainEntityOfPage":{"@id":"https:\/\/portaltela.pt\/noticias\/2026\/03\/31\/leonel-pontes-portugal-entre-ser-candidato-e-favorito-no-mundial\/"},"wordCount":271,"image":{"@id":"https:\/\/portaltela.pt\/noticias\/2026\/03\/31\/leonel-pontes-portugal-entre-ser-candidato-e-favorito-no-mundial\/#primaryimage"},"thumbnailUrl":"https:\/\/portaltela.pt\/s.01k8rhncp4jt1\/2026\/03\/img_920x518uu2026-03-31-17-24-39-2430308.jpg","keywords":["futebol","Jo\u00e3o Neves","Matheus Nunes","Nuno Mendes","Sele\u00e7\u00e3o Nacional","Vitinha"],"articleSection":["Desporto","Futebol"],"inLanguage":"pt-PT"},{"@type":"WebPage","@id":"https:\/\/portaltela.pt\/noticias\/2026\/03\/31\/leonel-pontes-portugal-entre-ser-candidato-e-favorito-no-mundial\/","url":"https:\/\/portaltela.pt\/noticias\/2026\/03\/31\/leonel-pontes-portugal-entre-ser-candidato-e-favorito-no-mundial\/","name":"Leonel Pontes: Portugal entre ser candidato e favorito no Mundial - Portal Tela Portugal","isPartOf":{"@id":"https:\/\/portaltela.pt\/#website"},"primaryImageOfPage":{"@id":"https:\/\/portaltela.pt\/noticias\/2026\/03\/31\/leonel-pontes-portugal-entre-ser-candidato-e-favorito-no-mundial\/#primaryimage"},"image":{"@id":"https:\/\/portaltela.pt\/noticias\/2026\/03\/31\/leonel-pontes-portugal-entre-ser-candidato-e-favorito-no-mundial\/#primaryimage"},"thumbnailUrl":"https:\/\/portaltela.pt\/s.01k8rhncp4jt1\/2026\/03\/img_920x518uu2026-03-31-17-24-39-2430308.jpg","datePublished":"2026-03-31T16:37:08+00:00","author":{"@id":"https:\/\/portaltela.pt\/#\/schema\/person\/c4278d4a6028830caff9ee44b42d32ed"},"breadcrumb":{"@id":"https:\/\/portaltela.pt\/noticias\/2026\/03\/31\/leonel-pontes-portugal-entre-ser-candidato-e-favorito-no-mundial\/#breadcrumb"},"inLanguage":"pt-PT","potentialAction":[{"@type":"ReadAction","target":["https:\/\/portaltela.pt\/noticias\/2026\/03\/31\/leonel-pontes-portugal-entre-ser-candidato-e-favorito-no-mundial\/"]}]},{"@type":"ImageObject","inLanguage":"pt-PT","@id":"https:\/\/portaltela.pt\/noticias\/2026\/03\/31\/leonel-pontes-portugal-entre-ser-candidato-e-favorito-no-mundial\/#primaryimage","url":"https:\/\/portaltela.pt\/s.01k8rhncp4jt1\/2026\/03\/img_920x518uu2026-03-31-17-24-39-2430308.jpg","contentUrl":"https:\/\/portaltela.pt\/s.01k8rhncp4jt1\/2026\/03\/img_920x518uu2026-03-31-17-24-39-2430308.jpg","width":796,"height":448,"caption":"Leonel Pontes considera que Portugal \u00e9 candidato \u00e0 conquista do Mundial"},{"@type":"BreadcrumbList","@id":"https:\/\/portaltela.pt\/noticias\/2026\/03\/31\/leonel-pontes-portugal-entre-ser-candidato-e-favorito-no-mundial\/#breadcrumb","itemListElement":[{"@type":"ListItem","position":1,"name":"In\u00edcio","item":"https:\/\/portaltela.pt\/"},{"@type":"ListItem","position":2,"name":"Leonel Pontes: Portugal entre ser candidato e favorito no Mundial"}]},{"@type":"WebSite","@id":"https:\/\/portaltela.pt\/#website","url":"https:\/\/portaltela.pt\/","name":"Portal Tela Portugal","description":"","potentialAction":[{"@type":"SearchAction","target":{"@type":"EntryPoint","urlTemplate":"https:\/\/portaltela.pt\/?s={search_term_string}"},"query-input":{"@type":"PropertyValueSpecification","valueRequired":true,"valueName":"search_term_string"}}],"inLanguage":"pt-PT"},{"@type":"Person","@id":"https:\/\/portaltela.pt\/#\/schema\/person\/c4278d4a6028830caff9ee44b42d32ed","name":"Telinha","image":{"@type":"ImageObject","inLanguage":"pt-PT","@id":"https:\/\/portaltela.pt\/s.01k8rhncp4jt1\/2025\/11\/talking-bot-125x125.png","url":"https:\/\/portaltela.pt\/s.01k8rhncp4jt1\/2025\/11\/talking-bot-125x125.png","contentUrl":"https:\/\/portaltela.pt\/s.01k8rhncp4jt1\/2025\/11\/talking-bot-125x125.png","caption":"Telinha"},"sameAs":["https:\/\/portaltela.pt\/"],"url":"https:\/\/portaltela.pt\/por\/367410592786\/"}]}},"_links":{"self":[{"href":"https:\/\/portaltela.pt\/api\/wp\/v2\/posts\/428027","targetHints":{"allow":["GET"]}}],"collection":[{"href":"https:\/\/portaltela.pt\/api\/wp\/v2\/posts"}],"about":[{"href":"https:\/\/portaltela.pt\/api\/wp\/v2\/types\/post"}],"author":[{"embeddable":true,"href":"https:\/\/portaltela.pt\/api\/wp\/v2\/users\/2"}],"replies":[{"embeddable":true,"href":"https:\/\/portaltela.pt\/api\/wp\/v2\/comments?post=428027"}],"version-history":[{"count":0,"href":"https:\/\/portaltela.pt\/api\/wp\/v2\/posts\/428027\/revisions"}],"wp:featuredmedia":[{"embeddable":true,"href":"https:\/\/portaltela.pt\/api\/wp\/v2\/media\/428028"}],"wp:attachment":[{"href":"https:\/\/portaltela.pt\/api\/wp\/v2\/media?parent=428027"}],"wp:term":[{"taxonomy":"category","embeddable":true,"href":"https:\/\/portaltela.pt\/api\/wp\/v2\/categories?post=428027"},{"taxonomy":"post_tag","embeddable":true,"href":"https:\/\/portaltela.pt\/api\/wp\/v2\/tags?post=428027"}],"curies":[{"name":"wp","href":"https:\/\/api.w.org\/{rel}","templated":true}]}}