{"id":428017,"date":"2026-03-31T13:32:03","date_gmt":"2026-03-31T16:32:03","guid":{"rendered":"https:\/\/portaltela.pt\/noticias\/2026\/03\/31\/pascoa-com-sol-e-praias-sem-vigilancia-nadadores-salvadores-pedem-maximo-cuidado\/"},"modified":"2026-03-31T13:32:03","modified_gmt":"2026-03-31T16:32:03","slug":"pascoa-com-sol-e-praias-sem-vigilancia-nadadores-salvadores-pedem-maximo-cuidado","status":"publish","type":"post","link":"https:\/\/portaltela.pt\/seguranca\/2026\/03\/31\/pascoa-com-sol-e-praias-sem-vigilancia-nadadores-salvadores-pedem-maximo-cuidado\/","title":{"rendered":"P\u00e1scoa com sol e praias sem vigil\u00e2ncia: nadadores-salvadores pedem m\u00e1ximo cuidado"},"content":{"rendered":"<p>A Federa\u00e7\u00e3o Portuguesa de Nadadores-Salvadores (FEPONS) pediu refor\u00e7o da seguran\u00e7a dos banhistas durante as f\u00e9rias da P\u00e1scoa, per\u00edodo considerado o mais cr\u00edtico para o afogamento em praias sem vigil\u00e2ncia. O apelo visa reduzir riscos em uma altura em que a popula\u00e7\u00e3o est\u00e1 de f\u00e9rias e o tempo costuma ser bom.<\/p>\n<p>O presidente da FEPONS, Alexandre Tadeia, afirmou que se aguarda um \u201cper\u00edodo de duas semanas\u201d particularmente sens\u00edvel nas praias n\u00e3o vigiadas. O alerta surge porque as condi\u00e7\u00f5es aqu\u00e1ticas n\u00e3o s\u00e3o prop\u00edcias ao lazer e h\u00e1 maior aflu\u00eancia de banhistas.<\/p>\n<p>Dados da federa\u00e7\u00e3o mostram que estas duas semanas da P\u00e1scoa costumam registarem valores superiores \u00e0 m\u00e9dia de afogamentos. A m\u00e9dia hist\u00f3rica \u00e9 de 4,96 mortes por quinzena; na P\u00e1scoa, esse valor tende a dobrar e, em alguns anos, at\u00e9 quadruplicar.<\/p>\n<h3>Dados nacionais<\/h3>\n<p>Em 2024, durante este per\u00edodo, houve 20 \u00f3bitos por afogamento em Portugal. A FEPONS destaca a necessidade de ampliar a vigil\u00e2ncia das praias ao longo de todo o ano, especialmente em zonas com menor monitoriza\u00e7\u00e3o.<\/p>\n<p>Segundo o Relat\u00f3rio Nacional de Afogamento 2024, foram registadas 121 mortes por afogamento em Portugal continental, 21,9% menos que em 2023. O mar concentrou 41,3% das ocorr\u00eancias, seguido dos rios (31,4%) e po\u00e7os (9,9%).<\/p>\n<p>Ainda segundo a federa\u00e7\u00e3o, a maioria das mortes ocorreu em locais sem vigil\u00e2ncia. O m\u00eas de maior n\u00famero de afogamentos foi abril, com 21,5% do total. Dados de 2025 indicam 49 \u00f3bitos at\u00e9 maio, o terceiro volume mais elevado desde 2017.<\/p>\n<h3>Medidas e exemplos<\/h3>\n<p>A FEPONS defende a implementa\u00e7\u00e3o de vigil\u00e2ncia permanente, modelada segundo sistemas internacionais com nadadores-salvadores ativos ao longo do ano. Em zonas com vigil\u00e2ncia cont\u00ednua, como a Nazar\u00e9, regista-se menor n\u00famero de \u00f3bitos fora da \u00e9poca balnear.<\/p>\n<p>Alexandre Tadeia argumenta que a vigil\u00e2ncia permanente pode salvar vidas, especialmente durante per\u00edodos de maior aflu\u00eancia tur\u00edstica e m\u00e1s condi\u00e7\u00f5es mar\u00edtimas. A federa\u00e7\u00e3o sustenta que a preven\u00e7\u00e3o passa pela presen\u00e7a cont\u00ednua de profissionais junto \u00e0s praias.<\/p>\n","protected":false},"excerpt":{"rendered":"<ul>\n<li>A Federa\u00e7\u00e3o Portuguesa de Nadadores-Salvadores alerta que o per\u00edodo da P\u00e1scoa \u00e9 o mais cr\u00edtico para afogamentos em praias sem vigil\u00e2ncia, com tempo bom e muitos banhistas.<\/li>\n<li>A organiza\u00e7\u00e3o pede vigil\u00e2ncia de nadadores-salvadores durante todo o ano, para reduzir mortes nas praias, citando Nazar\u00e9 como exemplo de efic\u00e1cia.<\/li>\n<li>Em 2024, registaram-se 20 mortos por afogamento neste per\u00edodo e 121 mortes em Portugal continental no total anual, a diminuir 21,9% face a 2023.<\/li>\n<li>A maior parte das ocorr\u00eancias ocorreu no mar (41,3%), seguido de rios (31,4%) e po\u00e7os (9,9%), com maioria a ocorrer em locais sem vigil\u00e2ncia.<\/li>\n<li>At\u00e9 maio de 2025, j\u00e1 morreram 49 pessoas por afogamento, sendo o terceiro valor mais alto desde 2017.<\/li>\n<\/ul>\n","protected":false},"author":2,"featured_media":428018,"comment_status":"closed","ping_status":"closed","sticky":false,"template":"","format":"standard","meta":{"footnotes":""},"categories":[6779],"tags":[3546,1713,1014,320,5974,4536],"class_list":["post-428017","post","type-post","status-publish","format-standard","has-post-thumbnail","hentry","category-seguranca","tag-afogamento","tag-mar","tag-portugal","tag-protecao-civil","tag-salvamento-maritimo","tag-seguranca"],"yoast_head":"<!-- This site is optimized with the Yoast SEO plugin v27.2 - https:\/\/yoast.com\/product\/yoast-seo-wordpress\/ -->\n<title>P\u00e1scoa com sol e praias sem vigil\u00e2ncia: nadadores-salvadores pedem m\u00e1ximo cuidado - Portal Tela Portugal<\/title>\n<meta name=\"robots\" content=\"index, follow, max-snippet:-1, max-image-preview:large, max-video-preview:-1\" \/>\n<meta property=\"og:locale\" content=\"pt_PT\" \/>\n<meta property=\"og:type\" content=\"article\" \/>\n<meta property=\"og:title\" content=\"P\u00e1scoa com sol e praias sem vigil\u00e2ncia: nadadores-salvadores pedem m\u00e1ximo cuidado - Portal Tela Portugal\" \/>\n<meta property=\"og:description\" content=\"A Federa\u00e7\u00e3o Portuguesa de Nadadores-Salvadores alerta que o per\u00edodo da P\u00e1scoa \u00e9 o mais cr\u00edtico para afogamentos em praias sem vigil\u00e2ncia, com tempo bom e muitos banhistas. A organiza\u00e7\u00e3o pede vigil\u00e2ncia de nadadores-salvadores durante todo o ano, para reduzir mortes nas praias, citando Nazar\u00e9 como exemplo de efic\u00e1cia. Em 2024, registaram-se 20 mortos por afogamento neste per\u00edodo e 121 mortes em Portugal continental no total anual, a diminuir 21,9% face a 2023. A maior parte das ocorr\u00eancias ocorreu no mar (41,3%), seguido de rios (31,4%) e po\u00e7os (9,9%), com maioria a ocorrer em locais sem vigil\u00e2ncia. At\u00e9 maio de 2025, j\u00e1 morreram 49 pessoas por afogamento, sendo o terceiro valor mais alto desde 2017.\" \/>\n<meta property=\"og:url\" content=\"https:\/\/portaltela.pt\/noticias\/2026\/03\/31\/pascoa-com-sol-e-praias-sem-vigilancia-nadadores-salvadores-pedem-maximo-cuidado\/\" \/>\n<meta property=\"og:site_name\" content=\"Portal Tela Portugal\" \/>\n<meta property=\"article:published_time\" content=\"2026-03-31T16:32:03+00:00\" \/>\n<meta name=\"author\" content=\"Telinha\" \/>\n<meta name=\"twitter:card\" content=\"summary_large_image\" \/>\n<meta name=\"twitter:label1\" content=\"Escrito por\" \/>\n\t<meta name=\"twitter:data1\" content=\"Telinha\" \/>\n\t<meta name=\"twitter:label2\" content=\"Tempo estimado de leitura\" \/>\n\t<meta name=\"twitter:data2\" content=\"2 minutos\" \/>\n<script type=\"application\/ld+json\" class=\"yoast-schema-graph\">{\"@context\":\"https:\/\/schema.org\",\"@graph\":[{\"@type\":\"Article\",\"@id\":\"https:\/\/portaltela.pt\/noticias\/2026\/03\/31\/pascoa-com-sol-e-praias-sem-vigilancia-nadadores-salvadores-pedem-maximo-cuidado\/#article\",\"isPartOf\":{\"@id\":\"https:\/\/portaltela.pt\/noticias\/2026\/03\/31\/pascoa-com-sol-e-praias-sem-vigilancia-nadadores-salvadores-pedem-maximo-cuidado\/\"},\"author\":{\"name\":\"Telinha\",\"@id\":\"https:\/\/portaltela.pt\/#\/schema\/person\/c4278d4a6028830caff9ee44b42d32ed\"},\"headline\":\"P\u00e1scoa com sol e praias sem vigil\u00e2ncia: nadadores-salvadores pedem m\u00e1ximo cuidado\",\"datePublished\":\"2026-03-31T16:32:03+00:00\",\"mainEntityOfPage\":{\"@id\":\"https:\/\/portaltela.pt\/noticias\/2026\/03\/31\/pascoa-com-sol-e-praias-sem-vigilancia-nadadores-salvadores-pedem-maximo-cuidado\/\"},\"wordCount\":365,\"image\":{\"@id\":\"https:\/\/portaltela.pt\/noticias\/2026\/03\/31\/pascoa-com-sol-e-praias-sem-vigilancia-nadadores-salvadores-pedem-maximo-cuidado\/#primaryimage\"},\"thumbnailUrl\":\"https:\/\/portaltela.pt\/s.01k8rhncp4jt1\/2026\/03\/2078289.jpg\",\"keywords\":[\"afogamento\",\"mar\",\"Portugal\",\"prote\u00e7\u00e3o civil\",\"Salvamento Mar\u00edtimo\",\"seguran\u00e7a\"],\"articleSection\":[\"Seguran\u00e7a\"],\"inLanguage\":\"pt-PT\"},{\"@type\":\"WebPage\",\"@id\":\"https:\/\/portaltela.pt\/noticias\/2026\/03\/31\/pascoa-com-sol-e-praias-sem-vigilancia-nadadores-salvadores-pedem-maximo-cuidado\/\",\"url\":\"https:\/\/portaltela.pt\/noticias\/2026\/03\/31\/pascoa-com-sol-e-praias-sem-vigilancia-nadadores-salvadores-pedem-maximo-cuidado\/\",\"name\":\"P\u00e1scoa com sol e praias sem vigil\u00e2ncia: nadadores-salvadores pedem m\u00e1ximo cuidado - Portal Tela Portugal\",\"isPartOf\":{\"@id\":\"https:\/\/portaltela.pt\/#website\"},\"primaryImageOfPage\":{\"@id\":\"https:\/\/portaltela.pt\/noticias\/2026\/03\/31\/pascoa-com-sol-e-praias-sem-vigilancia-nadadores-salvadores-pedem-maximo-cuidado\/#primaryimage\"},\"image\":{\"@id\":\"https:\/\/portaltela.pt\/noticias\/2026\/03\/31\/pascoa-com-sol-e-praias-sem-vigilancia-nadadores-salvadores-pedem-maximo-cuidado\/#primaryimage\"},\"thumbnailUrl\":\"https:\/\/portaltela.pt\/s.01k8rhncp4jt1\/2026\/03\/2078289.jpg\",\"datePublished\":\"2026-03-31T16:32:03+00:00\",\"author\":{\"@id\":\"https:\/\/portaltela.pt\/#\/schema\/person\/c4278d4a6028830caff9ee44b42d32ed\"},\"breadcrumb\":{\"@id\":\"https:\/\/portaltela.pt\/noticias\/2026\/03\/31\/pascoa-com-sol-e-praias-sem-vigilancia-nadadores-salvadores-pedem-maximo-cuidado\/#breadcrumb\"},\"inLanguage\":\"pt-PT\",\"potentialAction\":[{\"@type\":\"ReadAction\",\"target\":[\"https:\/\/portaltela.pt\/noticias\/2026\/03\/31\/pascoa-com-sol-e-praias-sem-vigilancia-nadadores-salvadores-pedem-maximo-cuidado\/\"]}]},{\"@type\":\"ImageObject\",\"inLanguage\":\"pt-PT\",\"@id\":\"https:\/\/portaltela.pt\/noticias\/2026\/03\/31\/pascoa-com-sol-e-praias-sem-vigilancia-nadadores-salvadores-pedem-maximo-cuidado\/#primaryimage\",\"url\":\"https:\/\/portaltela.pt\/s.01k8rhncp4jt1\/2026\/03\/2078289.jpg\",\"contentUrl\":\"https:\/\/portaltela.pt\/s.01k8rhncp4jt1\/2026\/03\/2078289.jpg\",\"width\":796,\"height\":448,\"caption\":\"O per\u00edodo da P\u00e1scoa \u00e9 considerado de alto risco nas praias portuguesas\"},{\"@type\":\"BreadcrumbList\",\"@id\":\"https:\/\/portaltela.pt\/noticias\/2026\/03\/31\/pascoa-com-sol-e-praias-sem-vigilancia-nadadores-salvadores-pedem-maximo-cuidado\/#breadcrumb\",\"itemListElement\":[{\"@type\":\"ListItem\",\"position\":1,\"name\":\"In\u00edcio\",\"item\":\"https:\/\/portaltela.pt\/\"},{\"@type\":\"ListItem\",\"position\":2,\"name\":\"P\u00e1scoa com sol e praias sem vigil\u00e2ncia: nadadores-salvadores pedem m\u00e1ximo cuidado\"}]},{\"@type\":\"WebSite\",\"@id\":\"https:\/\/portaltela.pt\/#website\",\"url\":\"https:\/\/portaltela.pt\/\",\"name\":\"Portal Tela Portugal\",\"description\":\"\",\"potentialAction\":[{\"@type\":\"SearchAction\",\"target\":{\"@type\":\"EntryPoint\",\"urlTemplate\":\"https:\/\/portaltela.pt\/?s={search_term_string}\"},\"query-input\":{\"@type\":\"PropertyValueSpecification\",\"valueRequired\":true,\"valueName\":\"search_term_string\"}}],\"inLanguage\":\"pt-PT\"},{\"@type\":\"Person\",\"@id\":\"https:\/\/portaltela.pt\/#\/schema\/person\/c4278d4a6028830caff9ee44b42d32ed\",\"name\":\"Telinha\",\"image\":{\"@type\":\"ImageObject\",\"inLanguage\":\"pt-PT\",\"@id\":\"https:\/\/portaltela.pt\/s.01k8rhncp4jt1\/2025\/11\/talking-bot-125x125.png\",\"url\":\"https:\/\/portaltela.pt\/s.01k8rhncp4jt1\/2025\/11\/talking-bot-125x125.png\",\"contentUrl\":\"https:\/\/portaltela.pt\/s.01k8rhncp4jt1\/2025\/11\/talking-bot-125x125.png\",\"caption\":\"Telinha\"},\"sameAs\":[\"https:\/\/portaltela.pt\/\"],\"url\":\"https:\/\/portaltela.pt\/por\/367410592786\/\"}]}<\/script>\n<!-- \/ Yoast SEO plugin. -->","yoast_head_json":{"title":"P\u00e1scoa com sol e praias sem vigil\u00e2ncia: nadadores-salvadores pedem m\u00e1ximo cuidado - Portal Tela Portugal","robots":{"index":"index","follow":"follow","max-snippet":"max-snippet:-1","max-image-preview":"max-image-preview:large","max-video-preview":"max-video-preview:-1"},"og_locale":"pt_PT","og_type":"article","og_title":"P\u00e1scoa com sol e praias sem vigil\u00e2ncia: nadadores-salvadores pedem m\u00e1ximo cuidado - Portal Tela Portugal","og_description":"A Federa\u00e7\u00e3o Portuguesa de Nadadores-Salvadores alerta que o per\u00edodo da P\u00e1scoa \u00e9 o mais cr\u00edtico para afogamentos em praias sem vigil\u00e2ncia, com tempo bom e muitos banhistas. A organiza\u00e7\u00e3o pede vigil\u00e2ncia de nadadores-salvadores durante todo o ano, para reduzir mortes nas praias, citando Nazar\u00e9 como exemplo de efic\u00e1cia. Em 2024, registaram-se 20 mortos por afogamento neste per\u00edodo e 121 mortes em Portugal continental no total anual, a diminuir 21,9% face a 2023. A maior parte das ocorr\u00eancias ocorreu no mar (41,3%), seguido de rios (31,4%) e po\u00e7os (9,9%), com maioria a ocorrer em locais sem vigil\u00e2ncia. At\u00e9 maio de 2025, j\u00e1 morreram 49 pessoas por afogamento, sendo o terceiro valor mais alto desde 2017.","og_url":"https:\/\/portaltela.pt\/noticias\/2026\/03\/31\/pascoa-com-sol-e-praias-sem-vigilancia-nadadores-salvadores-pedem-maximo-cuidado\/","og_site_name":"Portal Tela Portugal","article_published_time":"2026-03-31T16:32:03+00:00","author":"Telinha","twitter_card":"summary_large_image","twitter_misc":{"Escrito por":"Telinha","Tempo estimado de leitura":"2 minutos"},"schema":{"@context":"https:\/\/schema.org","@graph":[{"@type":"Article","@id":"https:\/\/portaltela.pt\/noticias\/2026\/03\/31\/pascoa-com-sol-e-praias-sem-vigilancia-nadadores-salvadores-pedem-maximo-cuidado\/#article","isPartOf":{"@id":"https:\/\/portaltela.pt\/noticias\/2026\/03\/31\/pascoa-com-sol-e-praias-sem-vigilancia-nadadores-salvadores-pedem-maximo-cuidado\/"},"author":{"name":"Telinha","@id":"https:\/\/portaltela.pt\/#\/schema\/person\/c4278d4a6028830caff9ee44b42d32ed"},"headline":"P\u00e1scoa com sol e praias sem vigil\u00e2ncia: nadadores-salvadores pedem m\u00e1ximo cuidado","datePublished":"2026-03-31T16:32:03+00:00","mainEntityOfPage":{"@id":"https:\/\/portaltela.pt\/noticias\/2026\/03\/31\/pascoa-com-sol-e-praias-sem-vigilancia-nadadores-salvadores-pedem-maximo-cuidado\/"},"wordCount":365,"image":{"@id":"https:\/\/portaltela.pt\/noticias\/2026\/03\/31\/pascoa-com-sol-e-praias-sem-vigilancia-nadadores-salvadores-pedem-maximo-cuidado\/#primaryimage"},"thumbnailUrl":"https:\/\/portaltela.pt\/s.01k8rhncp4jt1\/2026\/03\/2078289.jpg","keywords":["afogamento","mar","Portugal","prote\u00e7\u00e3o civil","Salvamento Mar\u00edtimo","seguran\u00e7a"],"articleSection":["Seguran\u00e7a"],"inLanguage":"pt-PT"},{"@type":"WebPage","@id":"https:\/\/portaltela.pt\/noticias\/2026\/03\/31\/pascoa-com-sol-e-praias-sem-vigilancia-nadadores-salvadores-pedem-maximo-cuidado\/","url":"https:\/\/portaltela.pt\/noticias\/2026\/03\/31\/pascoa-com-sol-e-praias-sem-vigilancia-nadadores-salvadores-pedem-maximo-cuidado\/","name":"P\u00e1scoa com sol e praias sem vigil\u00e2ncia: nadadores-salvadores pedem m\u00e1ximo cuidado - Portal Tela Portugal","isPartOf":{"@id":"https:\/\/portaltela.pt\/#website"},"primaryImageOfPage":{"@id":"https:\/\/portaltela.pt\/noticias\/2026\/03\/31\/pascoa-com-sol-e-praias-sem-vigilancia-nadadores-salvadores-pedem-maximo-cuidado\/#primaryimage"},"image":{"@id":"https:\/\/portaltela.pt\/noticias\/2026\/03\/31\/pascoa-com-sol-e-praias-sem-vigilancia-nadadores-salvadores-pedem-maximo-cuidado\/#primaryimage"},"thumbnailUrl":"https:\/\/portaltela.pt\/s.01k8rhncp4jt1\/2026\/03\/2078289.jpg","datePublished":"2026-03-31T16:32:03+00:00","author":{"@id":"https:\/\/portaltela.pt\/#\/schema\/person\/c4278d4a6028830caff9ee44b42d32ed"},"breadcrumb":{"@id":"https:\/\/portaltela.pt\/noticias\/2026\/03\/31\/pascoa-com-sol-e-praias-sem-vigilancia-nadadores-salvadores-pedem-maximo-cuidado\/#breadcrumb"},"inLanguage":"pt-PT","potentialAction":[{"@type":"ReadAction","target":["https:\/\/portaltela.pt\/noticias\/2026\/03\/31\/pascoa-com-sol-e-praias-sem-vigilancia-nadadores-salvadores-pedem-maximo-cuidado\/"]}]},{"@type":"ImageObject","inLanguage":"pt-PT","@id":"https:\/\/portaltela.pt\/noticias\/2026\/03\/31\/pascoa-com-sol-e-praias-sem-vigilancia-nadadores-salvadores-pedem-maximo-cuidado\/#primaryimage","url":"https:\/\/portaltela.pt\/s.01k8rhncp4jt1\/2026\/03\/2078289.jpg","contentUrl":"https:\/\/portaltela.pt\/s.01k8rhncp4jt1\/2026\/03\/2078289.jpg","width":796,"height":448,"caption":"O per\u00edodo da P\u00e1scoa \u00e9 considerado de alto risco nas praias portuguesas"},{"@type":"BreadcrumbList","@id":"https:\/\/portaltela.pt\/noticias\/2026\/03\/31\/pascoa-com-sol-e-praias-sem-vigilancia-nadadores-salvadores-pedem-maximo-cuidado\/#breadcrumb","itemListElement":[{"@type":"ListItem","position":1,"name":"In\u00edcio","item":"https:\/\/portaltela.pt\/"},{"@type":"ListItem","position":2,"name":"P\u00e1scoa com sol e praias sem vigil\u00e2ncia: nadadores-salvadores pedem m\u00e1ximo cuidado"}]},{"@type":"WebSite","@id":"https:\/\/portaltela.pt\/#website","url":"https:\/\/portaltela.pt\/","name":"Portal Tela Portugal","description":"","potentialAction":[{"@type":"SearchAction","target":{"@type":"EntryPoint","urlTemplate":"https:\/\/portaltela.pt\/?s={search_term_string}"},"query-input":{"@type":"PropertyValueSpecification","valueRequired":true,"valueName":"search_term_string"}}],"inLanguage":"pt-PT"},{"@type":"Person","@id":"https:\/\/portaltela.pt\/#\/schema\/person\/c4278d4a6028830caff9ee44b42d32ed","name":"Telinha","image":{"@type":"ImageObject","inLanguage":"pt-PT","@id":"https:\/\/portaltela.pt\/s.01k8rhncp4jt1\/2025\/11\/talking-bot-125x125.png","url":"https:\/\/portaltela.pt\/s.01k8rhncp4jt1\/2025\/11\/talking-bot-125x125.png","contentUrl":"https:\/\/portaltela.pt\/s.01k8rhncp4jt1\/2025\/11\/talking-bot-125x125.png","caption":"Telinha"},"sameAs":["https:\/\/portaltela.pt\/"],"url":"https:\/\/portaltela.pt\/por\/367410592786\/"}]}},"_links":{"self":[{"href":"https:\/\/portaltela.pt\/api\/wp\/v2\/posts\/428017","targetHints":{"allow":["GET"]}}],"collection":[{"href":"https:\/\/portaltela.pt\/api\/wp\/v2\/posts"}],"about":[{"href":"https:\/\/portaltela.pt\/api\/wp\/v2\/types\/post"}],"author":[{"embeddable":true,"href":"https:\/\/portaltela.pt\/api\/wp\/v2\/users\/2"}],"replies":[{"embeddable":true,"href":"https:\/\/portaltela.pt\/api\/wp\/v2\/comments?post=428017"}],"version-history":[{"count":0,"href":"https:\/\/portaltela.pt\/api\/wp\/v2\/posts\/428017\/revisions"}],"wp:featuredmedia":[{"embeddable":true,"href":"https:\/\/portaltela.pt\/api\/wp\/v2\/media\/428018"}],"wp:attachment":[{"href":"https:\/\/portaltela.pt\/api\/wp\/v2\/media?parent=428017"}],"wp:term":[{"taxonomy":"category","embeddable":true,"href":"https:\/\/portaltela.pt\/api\/wp\/v2\/categories?post=428017"},{"taxonomy":"post_tag","embeddable":true,"href":"https:\/\/portaltela.pt\/api\/wp\/v2\/tags?post=428017"}],"curies":[{"name":"wp","href":"https:\/\/api.w.org\/{rel}","templated":true}]}}