{"id":428013,"date":"2026-03-31T13:17:39","date_gmt":"2026-03-31T16:17:39","guid":{"rendered":"https:\/\/portaltela.pt\/noticias\/2026\/03\/31\/armando-alves-artista-que-une-pintura-e-artes-graficas\/"},"modified":"2026-03-31T13:17:39","modified_gmt":"2026-03-31T16:17:39","slug":"armando-alves-artista-que-une-pintura-e-artes-graficas","status":"publish","type":"post","link":"https:\/\/portaltela.pt\/noticias\/2026\/03\/31\/armando-alves-artista-que-une-pintura-e-artes-graficas\/","title":{"rendered":"Armando Alves, artista que une pintura e artes gr\u00e1ficas"},"content":{"rendered":"<p>Armando Alves, pintor de 90 anos, faleceu recentemente, confirmou a Faculdade de Belas-Artes da Universidade do Porto. O artista integrou o grupo Os Quatro Vintes e foi pioneiro na mem\u00f3ria gr\u00e1fica da vida cultural do Porto, ao mesmo tempo que se dedicou ao design e \u00e0 ilustra\u00e7\u00e3o.<\/p>\n<p>A sua trajet\u00f3ria cruza pintura e artes gr\u00e1ficas. A partir do final dos anos 1960, valorizou e renovou este campo, mantendo liga\u00e7\u00e3o ao ensino acad\u00e9mico, \u00e0 edi\u00e7\u00e3o liter\u00e1ria e \u00e0 publicidade. A cooperativa \u00c1rvore prestou-lhe homenagem em novembro passado com uma retrospetiva da obra.<\/p>\n<p>Armando Alves nasceu em Estremoz, em 7 de novembro de 1935, e estudou em Lisboa e no Porto. Em 1968 tornou-se parte do grupo Os Quatro Vintes, com \u00c2ngelo de Sousa, Jorge Pinheiro e Jos\u00e9 Rodrigues, destacando-se tamb\u00e9m pela dire\u00e7\u00e3o de publica\u00e7\u00f5es e cartazes.<\/p>\n<h3>Forma\u00e7\u00e3o e inser\u00e7\u00e3o no design<\/h3>\n<p>Enquanto aluno da ESBAP, Alves dividiu o trabalho entre pintura e gr\u00e1fica, vindo a tornar-se uma figura marcante na introdu\u00e7\u00e3o do design gr\u00e1fico na academia portuense. Entre 1962 e 1973, lecionou como assistente, contribuindo para o desenvolvimento da \u00e1rea na cidade.<\/p>\n<p>Na d\u00e9cada de 1960, realizou v\u00e1rias exposi\u00e7\u00f5es em galerias portuguesas e internacionais, incluindo Porto, Lisboa e Paris, consolidando a rela\u00e7\u00e3o entre pintura e artes gr\u00e1ficas. A sua pr\u00e1tica combinou objetos-escultura e linguagem pict\u00f3rica, com uma paleta de ocres e tons quentes.<\/p>\n<h3>Carreira gr\u00e1fica e editoras<\/h3>\n<p>A atua\u00e7\u00e3o gr\u00e1fica estendeu-se a obras liter\u00e1rias, cat\u00e1logos e programas de espet\u00e1culos. Dirigiu edi\u00e7\u00f5es como Cartas Portuguesas, Varia\u00e7\u00f5es sobre um Corpo e Bibliotecas associadas a autores cl\u00e1ssicos e contempor\u00e2neos, trabalhando com edi\u00e7\u00f5es de Eug\u00e9nio de Andrade e Jos\u00e9 Rodrigues.<\/p>\n<p>Ao longo da carreira profissional, Alves esteve ligado a editoras como a Editorial Inova, a Editorial Limiar e a Editorial Oiro do Dia. A sua experi\u00eancia gr\u00e1fica manteve-se em di\u00e1logo com a pintura, segundo a sua pr\u00f3pria vis\u00e3o de continuidade art\u00edstica.<\/p>\n<h3>Reconhecimentos e legado<\/h3>\n<p>Em 2006 recebeu o grau de Grande-Oficial da Ordem do M\u00e9rito, e em 2009 foi distinguido com o Pr\u00e9mio de Artes Casino da P\u00f3voa. O Porto reconheceu a sua import\u00e2ncia para a vida cultural, com uma retrospetiva na \u00c1rvore em 2023.<\/p>\n<p>A obra de Alves est\u00e1 presente em cole\u00e7\u00f5es como o Centro de Arte Moderna da Funda\u00e7\u00e3o Calouste Gulbenkian e o Museu Nacional Soares dos Reis. A Universidade do Porto destaca-lhe a participa\u00e7\u00e3o em importantes mostras e pr\u00e9mios ao longo da carreira.<\/p>\n<h3>Declara\u00e7\u00e3o de vida e perspetiva<\/h3>\n<p>Na Autobiografia de 2009, publicada no JL, o artista descreveu o Porto como fonte de amizades, debates culturais e oportunidades que moldaram a sua trajet\u00f3ria. Ressaltou tamb\u00e9m o peso da \u00e9poca pol\u00edtica e o papel da \u00c1rvore na vida cultural da cidade.<\/p>\n<p>Armando Alves manteve resid\u00eancia entre Matosinhos e Estremoz, sinalizando uma liga\u00e7\u00e3o permanente \u00e0s ra\u00edzes alentejanas e \u00e0 regi\u00e3o onde cresceu. O seu legado prende-se com a passagem entre pintura e artes gr\u00e1ficas, contribuindo para a mem\u00f3ria institucional do Porto.<\/p>\n","protected":false},"excerpt":{"rendered":"<ul>\n<li>O pintor Armando Alves, de 90 anos, morreu recentemente e ficou conhecido por ter integrado o grupo Os Quatro Vintes e por se ter dedicado ao design e \u00e0 mem\u00f3ria gr\u00e1fica da vida cultural do Porto.<\/li>\n<li>Al\u00e9m da pintura, impulsionou as artes gr\u00e1ficas no ensino acad\u00e9mico, na edi\u00e7\u00e3o liter\u00e1ria e na publicidade, tornando-se pioneiro no Porto na \u00e1rea.<\/li>\n<li>A morte foi anunciada pela Faculdade de Belas-Artes da Universidade do Porto, ap\u00f3s ele ter sido homenageado pela cooperativa \u00c1rvore, no Porto, com uma retrospetiva da sua obra.<\/li>\n<li>Entre distin\u00e7\u00f5es, destacou-se o grau de Grande-Oficial da Ordem do M\u00e9rito (2006) e o Pr\u00e9mio de Artes Casino da P\u00f3voa (2009).<\/li>\n<li>Armando Alves nasceu em Estremoz, estudou em Lisboa e no Porto, integrou Os Quatro Vintes em 1968 e teve uma carreira marcada pela liga\u00e7\u00e3o entre pintura e design gr\u00e1fico, com ativa participa\u00e7\u00e3o em exposi\u00e7\u00f5es nacionais e internacionais.<\/li>\n<\/ul>\n","protected":false},"author":2,"featured_media":428015,"comment_status":"closed","ping_status":"closed","sticky":false,"template":"","format":"standard","meta":{"footnotes":""},"categories":[7375,1],"tags":[4653,143,6682,1192,982,1014],"class_list":["post-428013","post","type-post","status-publish","format-standard","has-post-thumbnail","hentry","category-cultura","category-noticias","tag-artes-plasticas","tag-design","tag-editoras","tag-museus-arquivos","tag-porto","tag-portugal"],"yoast_head":"<!-- This site is optimized with the Yoast SEO plugin v27.2 - https:\/\/yoast.com\/product\/yoast-seo-wordpress\/ -->\n<title>Armando Alves, artista que une pintura e artes gr\u00e1ficas - Portal Tela Portugal<\/title>\n<meta name=\"robots\" content=\"index, follow, max-snippet:-1, max-image-preview:large, max-video-preview:-1\" \/>\n<meta property=\"og:locale\" content=\"pt_PT\" \/>\n<meta property=\"og:type\" content=\"article\" \/>\n<meta property=\"og:title\" content=\"Armando Alves, artista que une pintura e artes gr\u00e1ficas - Portal Tela Portugal\" \/>\n<meta property=\"og:description\" content=\"O pintor Armando Alves, de 90 anos, morreu recentemente e ficou conhecido por ter integrado o grupo Os Quatro Vintes e por se ter dedicado ao design e \u00e0 mem\u00f3ria gr\u00e1fica da vida cultural do Porto. Al\u00e9m da pintura, impulsionou as artes gr\u00e1ficas no ensino acad\u00e9mico, na edi\u00e7\u00e3o liter\u00e1ria e na publicidade, tornando-se pioneiro no Porto na \u00e1rea. A morte foi anunciada pela Faculdade de Belas-Artes da Universidade do Porto, ap\u00f3s ele ter sido homenageado pela cooperativa \u00c1rvore, no Porto, com uma retrospetiva da sua obra. Entre distin\u00e7\u00f5es, destacou-se o grau de Grande-Oficial da Ordem do M\u00e9rito (2006) e o Pr\u00e9mio de Artes Casino da P\u00f3voa (2009). Armando Alves nasceu em Estremoz, estudou em Lisboa e no Porto, integrou Os Quatro Vintes em 1968 e teve uma carreira marcada pela liga\u00e7\u00e3o entre pintura e design gr\u00e1fico, com ativa participa\u00e7\u00e3o em exposi\u00e7\u00f5es nacionais e internacionais.\" \/>\n<meta property=\"og:url\" content=\"https:\/\/portaltela.pt\/noticias\/2026\/03\/31\/armando-alves-artista-que-une-pintura-e-artes-graficas\/\" \/>\n<meta property=\"og:site_name\" content=\"Portal Tela Portugal\" \/>\n<meta property=\"article:published_time\" content=\"2026-03-31T16:17:39+00:00\" \/>\n<meta name=\"author\" content=\"Telinha\" \/>\n<meta name=\"twitter:card\" content=\"summary_large_image\" \/>\n<meta name=\"twitter:label1\" content=\"Escrito por\" \/>\n\t<meta name=\"twitter:data1\" content=\"Telinha\" \/>\n\t<meta name=\"twitter:label2\" content=\"Tempo estimado de leitura\" \/>\n\t<meta name=\"twitter:data2\" content=\"3 minutos\" \/>\n<script type=\"application\/ld+json\" class=\"yoast-schema-graph\">{\"@context\":\"https:\/\/schema.org\",\"@graph\":[{\"@type\":\"Article\",\"@id\":\"https:\/\/portaltela.pt\/noticias\/2026\/03\/31\/armando-alves-artista-que-une-pintura-e-artes-graficas\/#article\",\"isPartOf\":{\"@id\":\"https:\/\/portaltela.pt\/noticias\/2026\/03\/31\/armando-alves-artista-que-une-pintura-e-artes-graficas\/\"},\"author\":{\"name\":\"Telinha\",\"@id\":\"https:\/\/portaltela.pt\/#\/schema\/person\/c4278d4a6028830caff9ee44b42d32ed\"},\"headline\":\"Armando Alves, artista que une pintura e artes gr\u00e1ficas\",\"datePublished\":\"2026-03-31T16:17:39+00:00\",\"mainEntityOfPage\":{\"@id\":\"https:\/\/portaltela.pt\/noticias\/2026\/03\/31\/armando-alves-artista-que-une-pintura-e-artes-graficas\/\"},\"wordCount\":531,\"image\":{\"@id\":\"https:\/\/portaltela.pt\/noticias\/2026\/03\/31\/armando-alves-artista-que-une-pintura-e-artes-graficas\/#primaryimage\"},\"thumbnailUrl\":\"https:\/\/portaltela.pt\/s.01k8rhncp4jt1\/2026\/03\/img_1500x1000uu2026-03-31-16-32-13-2275811-im-639105716715419983.jpg\",\"keywords\":[\"Artes Pl\u00e1sticas\",\"design\",\"editoras\",\"museus\/arquivos\",\"Porto\",\"Portugal\"],\"articleSection\":[\"Cultura\",\"Not\u00edcias\"],\"inLanguage\":\"pt-PT\"},{\"@type\":\"WebPage\",\"@id\":\"https:\/\/portaltela.pt\/noticias\/2026\/03\/31\/armando-alves-artista-que-une-pintura-e-artes-graficas\/\",\"url\":\"https:\/\/portaltela.pt\/noticias\/2026\/03\/31\/armando-alves-artista-que-une-pintura-e-artes-graficas\/\",\"name\":\"Armando Alves, artista que une pintura e artes gr\u00e1ficas - Portal Tela Portugal\",\"isPartOf\":{\"@id\":\"https:\/\/portaltela.pt\/#website\"},\"primaryImageOfPage\":{\"@id\":\"https:\/\/portaltela.pt\/noticias\/2026\/03\/31\/armando-alves-artista-que-une-pintura-e-artes-graficas\/#primaryimage\"},\"image\":{\"@id\":\"https:\/\/portaltela.pt\/noticias\/2026\/03\/31\/armando-alves-artista-que-une-pintura-e-artes-graficas\/#primaryimage\"},\"thumbnailUrl\":\"https:\/\/portaltela.pt\/s.01k8rhncp4jt1\/2026\/03\/img_1500x1000uu2026-03-31-16-32-13-2275811-im-639105716715419983.jpg\",\"datePublished\":\"2026-03-31T16:17:39+00:00\",\"author\":{\"@id\":\"https:\/\/portaltela.pt\/#\/schema\/person\/c4278d4a6028830caff9ee44b42d32ed\"},\"breadcrumb\":{\"@id\":\"https:\/\/portaltela.pt\/noticias\/2026\/03\/31\/armando-alves-artista-que-une-pintura-e-artes-graficas\/#breadcrumb\"},\"inLanguage\":\"pt-PT\",\"potentialAction\":[{\"@type\":\"ReadAction\",\"target\":[\"https:\/\/portaltela.pt\/noticias\/2026\/03\/31\/armando-alves-artista-que-une-pintura-e-artes-graficas\/\"]}]},{\"@type\":\"ImageObject\",\"inLanguage\":\"pt-PT\",\"@id\":\"https:\/\/portaltela.pt\/noticias\/2026\/03\/31\/armando-alves-artista-que-une-pintura-e-artes-graficas\/#primaryimage\",\"url\":\"https:\/\/portaltela.pt\/s.01k8rhncp4jt1\/2026\/03\/img_1500x1000uu2026-03-31-16-32-13-2275811-im-639105716715419983.jpg\",\"contentUrl\":\"https:\/\/portaltela.pt\/s.01k8rhncp4jt1\/2026\/03\/img_1500x1000uu2026-03-31-16-32-13-2275811-im-639105716715419983.jpg\",\"width\":796,\"height\":448,\"caption\":\"Armando Alves, pintor\"},{\"@type\":\"BreadcrumbList\",\"@id\":\"https:\/\/portaltela.pt\/noticias\/2026\/03\/31\/armando-alves-artista-que-une-pintura-e-artes-graficas\/#breadcrumb\",\"itemListElement\":[{\"@type\":\"ListItem\",\"position\":1,\"name\":\"In\u00edcio\",\"item\":\"https:\/\/portaltela.pt\/\"},{\"@type\":\"ListItem\",\"position\":2,\"name\":\"Armando Alves, artista que une pintura e artes gr\u00e1ficas\"}]},{\"@type\":\"WebSite\",\"@id\":\"https:\/\/portaltela.pt\/#website\",\"url\":\"https:\/\/portaltela.pt\/\",\"name\":\"Portal Tela Portugal\",\"description\":\"\",\"potentialAction\":[{\"@type\":\"SearchAction\",\"target\":{\"@type\":\"EntryPoint\",\"urlTemplate\":\"https:\/\/portaltela.pt\/?s={search_term_string}\"},\"query-input\":{\"@type\":\"PropertyValueSpecification\",\"valueRequired\":true,\"valueName\":\"search_term_string\"}}],\"inLanguage\":\"pt-PT\"},{\"@type\":\"Person\",\"@id\":\"https:\/\/portaltela.pt\/#\/schema\/person\/c4278d4a6028830caff9ee44b42d32ed\",\"name\":\"Telinha\",\"image\":{\"@type\":\"ImageObject\",\"inLanguage\":\"pt-PT\",\"@id\":\"https:\/\/portaltela.pt\/s.01k8rhncp4jt1\/2025\/11\/talking-bot-125x125.png\",\"url\":\"https:\/\/portaltela.pt\/s.01k8rhncp4jt1\/2025\/11\/talking-bot-125x125.png\",\"contentUrl\":\"https:\/\/portaltela.pt\/s.01k8rhncp4jt1\/2025\/11\/talking-bot-125x125.png\",\"caption\":\"Telinha\"},\"sameAs\":[\"https:\/\/portaltela.pt\/\"],\"url\":\"https:\/\/portaltela.pt\/por\/367410592786\/\"}]}<\/script>\n<!-- \/ Yoast SEO plugin. -->","yoast_head_json":{"title":"Armando Alves, artista que une pintura e artes gr\u00e1ficas - Portal Tela Portugal","robots":{"index":"index","follow":"follow","max-snippet":"max-snippet:-1","max-image-preview":"max-image-preview:large","max-video-preview":"max-video-preview:-1"},"og_locale":"pt_PT","og_type":"article","og_title":"Armando Alves, artista que une pintura e artes gr\u00e1ficas - Portal Tela Portugal","og_description":"O pintor Armando Alves, de 90 anos, morreu recentemente e ficou conhecido por ter integrado o grupo Os Quatro Vintes e por se ter dedicado ao design e \u00e0 mem\u00f3ria gr\u00e1fica da vida cultural do Porto. Al\u00e9m da pintura, impulsionou as artes gr\u00e1ficas no ensino acad\u00e9mico, na edi\u00e7\u00e3o liter\u00e1ria e na publicidade, tornando-se pioneiro no Porto na \u00e1rea. A morte foi anunciada pela Faculdade de Belas-Artes da Universidade do Porto, ap\u00f3s ele ter sido homenageado pela cooperativa \u00c1rvore, no Porto, com uma retrospetiva da sua obra. Entre distin\u00e7\u00f5es, destacou-se o grau de Grande-Oficial da Ordem do M\u00e9rito (2006) e o Pr\u00e9mio de Artes Casino da P\u00f3voa (2009). Armando Alves nasceu em Estremoz, estudou em Lisboa e no Porto, integrou Os Quatro Vintes em 1968 e teve uma carreira marcada pela liga\u00e7\u00e3o entre pintura e design gr\u00e1fico, com ativa participa\u00e7\u00e3o em exposi\u00e7\u00f5es nacionais e internacionais.","og_url":"https:\/\/portaltela.pt\/noticias\/2026\/03\/31\/armando-alves-artista-que-une-pintura-e-artes-graficas\/","og_site_name":"Portal Tela Portugal","article_published_time":"2026-03-31T16:17:39+00:00","author":"Telinha","twitter_card":"summary_large_image","twitter_misc":{"Escrito por":"Telinha","Tempo estimado de leitura":"3 minutos"},"schema":{"@context":"https:\/\/schema.org","@graph":[{"@type":"Article","@id":"https:\/\/portaltela.pt\/noticias\/2026\/03\/31\/armando-alves-artista-que-une-pintura-e-artes-graficas\/#article","isPartOf":{"@id":"https:\/\/portaltela.pt\/noticias\/2026\/03\/31\/armando-alves-artista-que-une-pintura-e-artes-graficas\/"},"author":{"name":"Telinha","@id":"https:\/\/portaltela.pt\/#\/schema\/person\/c4278d4a6028830caff9ee44b42d32ed"},"headline":"Armando Alves, artista que une pintura e artes gr\u00e1ficas","datePublished":"2026-03-31T16:17:39+00:00","mainEntityOfPage":{"@id":"https:\/\/portaltela.pt\/noticias\/2026\/03\/31\/armando-alves-artista-que-une-pintura-e-artes-graficas\/"},"wordCount":531,"image":{"@id":"https:\/\/portaltela.pt\/noticias\/2026\/03\/31\/armando-alves-artista-que-une-pintura-e-artes-graficas\/#primaryimage"},"thumbnailUrl":"https:\/\/portaltela.pt\/s.01k8rhncp4jt1\/2026\/03\/img_1500x1000uu2026-03-31-16-32-13-2275811-im-639105716715419983.jpg","keywords":["Artes Pl\u00e1sticas","design","editoras","museus\/arquivos","Porto","Portugal"],"articleSection":["Cultura","Not\u00edcias"],"inLanguage":"pt-PT"},{"@type":"WebPage","@id":"https:\/\/portaltela.pt\/noticias\/2026\/03\/31\/armando-alves-artista-que-une-pintura-e-artes-graficas\/","url":"https:\/\/portaltela.pt\/noticias\/2026\/03\/31\/armando-alves-artista-que-une-pintura-e-artes-graficas\/","name":"Armando Alves, artista que une pintura e artes gr\u00e1ficas - Portal Tela Portugal","isPartOf":{"@id":"https:\/\/portaltela.pt\/#website"},"primaryImageOfPage":{"@id":"https:\/\/portaltela.pt\/noticias\/2026\/03\/31\/armando-alves-artista-que-une-pintura-e-artes-graficas\/#primaryimage"},"image":{"@id":"https:\/\/portaltela.pt\/noticias\/2026\/03\/31\/armando-alves-artista-que-une-pintura-e-artes-graficas\/#primaryimage"},"thumbnailUrl":"https:\/\/portaltela.pt\/s.01k8rhncp4jt1\/2026\/03\/img_1500x1000uu2026-03-31-16-32-13-2275811-im-639105716715419983.jpg","datePublished":"2026-03-31T16:17:39+00:00","author":{"@id":"https:\/\/portaltela.pt\/#\/schema\/person\/c4278d4a6028830caff9ee44b42d32ed"},"breadcrumb":{"@id":"https:\/\/portaltela.pt\/noticias\/2026\/03\/31\/armando-alves-artista-que-une-pintura-e-artes-graficas\/#breadcrumb"},"inLanguage":"pt-PT","potentialAction":[{"@type":"ReadAction","target":["https:\/\/portaltela.pt\/noticias\/2026\/03\/31\/armando-alves-artista-que-une-pintura-e-artes-graficas\/"]}]},{"@type":"ImageObject","inLanguage":"pt-PT","@id":"https:\/\/portaltela.pt\/noticias\/2026\/03\/31\/armando-alves-artista-que-une-pintura-e-artes-graficas\/#primaryimage","url":"https:\/\/portaltela.pt\/s.01k8rhncp4jt1\/2026\/03\/img_1500x1000uu2026-03-31-16-32-13-2275811-im-639105716715419983.jpg","contentUrl":"https:\/\/portaltela.pt\/s.01k8rhncp4jt1\/2026\/03\/img_1500x1000uu2026-03-31-16-32-13-2275811-im-639105716715419983.jpg","width":796,"height":448,"caption":"Armando Alves, pintor"},{"@type":"BreadcrumbList","@id":"https:\/\/portaltela.pt\/noticias\/2026\/03\/31\/armando-alves-artista-que-une-pintura-e-artes-graficas\/#breadcrumb","itemListElement":[{"@type":"ListItem","position":1,"name":"In\u00edcio","item":"https:\/\/portaltela.pt\/"},{"@type":"ListItem","position":2,"name":"Armando Alves, artista que une pintura e artes gr\u00e1ficas"}]},{"@type":"WebSite","@id":"https:\/\/portaltela.pt\/#website","url":"https:\/\/portaltela.pt\/","name":"Portal Tela Portugal","description":"","potentialAction":[{"@type":"SearchAction","target":{"@type":"EntryPoint","urlTemplate":"https:\/\/portaltela.pt\/?s={search_term_string}"},"query-input":{"@type":"PropertyValueSpecification","valueRequired":true,"valueName":"search_term_string"}}],"inLanguage":"pt-PT"},{"@type":"Person","@id":"https:\/\/portaltela.pt\/#\/schema\/person\/c4278d4a6028830caff9ee44b42d32ed","name":"Telinha","image":{"@type":"ImageObject","inLanguage":"pt-PT","@id":"https:\/\/portaltela.pt\/s.01k8rhncp4jt1\/2025\/11\/talking-bot-125x125.png","url":"https:\/\/portaltela.pt\/s.01k8rhncp4jt1\/2025\/11\/talking-bot-125x125.png","contentUrl":"https:\/\/portaltela.pt\/s.01k8rhncp4jt1\/2025\/11\/talking-bot-125x125.png","caption":"Telinha"},"sameAs":["https:\/\/portaltela.pt\/"],"url":"https:\/\/portaltela.pt\/por\/367410592786\/"}]}},"_links":{"self":[{"href":"https:\/\/portaltela.pt\/api\/wp\/v2\/posts\/428013","targetHints":{"allow":["GET"]}}],"collection":[{"href":"https:\/\/portaltela.pt\/api\/wp\/v2\/posts"}],"about":[{"href":"https:\/\/portaltela.pt\/api\/wp\/v2\/types\/post"}],"author":[{"embeddable":true,"href":"https:\/\/portaltela.pt\/api\/wp\/v2\/users\/2"}],"replies":[{"embeddable":true,"href":"https:\/\/portaltela.pt\/api\/wp\/v2\/comments?post=428013"}],"version-history":[{"count":0,"href":"https:\/\/portaltela.pt\/api\/wp\/v2\/posts\/428013\/revisions"}],"wp:featuredmedia":[{"embeddable":true,"href":"https:\/\/portaltela.pt\/api\/wp\/v2\/media\/428015"}],"wp:attachment":[{"href":"https:\/\/portaltela.pt\/api\/wp\/v2\/media?parent=428013"}],"wp:term":[{"taxonomy":"category","embeddable":true,"href":"https:\/\/portaltela.pt\/api\/wp\/v2\/categories?post=428013"},{"taxonomy":"post_tag","embeddable":true,"href":"https:\/\/portaltela.pt\/api\/wp\/v2\/tags?post=428013"}],"curies":[{"name":"wp","href":"https:\/\/api.w.org\/{rel}","templated":true}]}}