{"id":427986,"date":"2026-03-31T13:02:51","date_gmt":"2026-03-31T16:02:51","guid":{"rendered":"https:\/\/portaltela.pt\/noticias\/2026\/03\/31\/quercus-denuncia-abate-de-pinheiros-mansos-junto-a-lagoa-de-albufeira-sesimbra\/"},"modified":"2026-03-31T13:02:51","modified_gmt":"2026-03-31T16:02:51","slug":"quercus-denuncia-abate-de-pinheiros-mansos-junto-a-lagoa-de-albufeira-sesimbra","status":"publish","type":"post","link":"https:\/\/portaltela.pt\/meio-ambiente\/2026\/03\/31\/quercus-denuncia-abate-de-pinheiros-mansos-junto-a-lagoa-de-albufeira-sesimbra\/","title":{"rendered":"Quercus denuncia abate de pinheiros-mansos junto \u00e0 Lagoa de Albufeira, Sesimbra"},"content":{"rendered":"<p>Em Sesimbra, a Quercus acusa o ICNF e a C\u00e2mara Municipal de Sesimbra de se refugiarem num vazio legal para permitir o abate de pinheiros-mansos na Herdade do Cabe\u00e7o da Flauta, junto \u00e0 Lagoa de Albufeira. A associa\u00e7\u00e3o aponta para um abate de cerca de 2.000 toneladas de \u00e1rvores, num terreno privado que n\u00e3o est\u00e1 inclu\u00eddo numa ZEC ou ZPE.<\/p>\n<p>A Quercus sustenta que o impacto ecol\u00f3gico e paisag\u00edstico n\u00e3o fica reduzido por a \u00e1rea n\u00e3o estar protegida oficialmente. A associa\u00e7\u00e3o critica a C\u00e2mara de Sesimbra pela gest\u00e3o territorial e pela fiscaliza\u00e7\u00e3o do PULA, referindo fragilidades j\u00e1 identificadas em fevereiro de 2025.<\/p>\n<p>O ICNF \u00e9, segundo a Quercus, acusado de posi\u00e7\u00f5es contradit\u00f3rias: inicialmente a admitir enquadramento e autoriza\u00e7\u00e3o, depois a negar a necessidade de autoriza\u00e7\u00e3o. A herdade faz parte do S\u00edtio Ramsar Lagoa de Albufeira, protegido pela Conven\u00e7\u00e3o de Ramsar, que envolve \u00e1reas h\u00famidas de relev\u00e2ncia ecol\u00f3gica.<\/p>\n<h3>Controv\u00e9rsia e enquadramento legal<\/h3>\n<p>Para a Quercus, h\u00e1 desalinhamento entre o estatuto internacional e os instrumentos nacionais de conserva\u00e7\u00e3o. A exclus\u00e3o da Herdade do Cabe\u00e7o da Flauta das ZEC e ZPE cria lacunas de gest\u00e3o em zonas determinantes para o equil\u00edbrio ecol\u00f3gico.<\/p>\n<p>A associa\u00e7\u00e3o sublinha ainda que o abate pode contrariar o PULA, que classifica a \u00e1rea como espa\u00e7o agr\u00edcola-florestal com fun\u00e7\u00f5es ecol\u00f3gicas. Defende uma clarifica\u00e7\u00e3o do enquadramento legal e t\u00e9cnico da interven\u00e7\u00e3o, bem como uma avalia\u00e7\u00e3o de impacte ambiental a v\u00e1rias dimens\u00f5es.<\/p>\n<p>A Quercus apela a maior coordena\u00e7\u00e3o entre instrumentos de prote\u00e7\u00e3o, fiscaliza\u00e7\u00e3o eficaz e antecipa\u00e7\u00e3o de impactos. O objetivo \u00e9 preservar a conectividade ecol\u00f3gica com a Lagoa de Albufeira e proteger sistemas complexos presentes na regi\u00e3o.<\/p>\n","protected":false},"excerpt":{"rendered":"<ul>\n<li>A Quercus acusa o ICNF e a C\u00e2mara Municipal de Sesimbra de se escudarem num vazio legal para n\u00e3o impedir o abate de pinheiros-mansos na Herdade do Cabe\u00e7o da Flauta, junto \u00e0 Lagoa de Albufeira.<\/li>\n<li>Cerca de 2.000 toneladas de pinheiros-mansos teriam sido abatidas; o terreno \u00e9 privado e n\u00e3o est\u00e1 numa ZEC ou ZPE, mas a associa\u00e7\u00e3o alerta para impactos ecol\u00f3gicos e paisag\u00edsticos.<\/li>\n<li>A C\u00e2mara de Sesimbra \u00e9 criticada por supostamente n\u00e3o agir na fiscaliza\u00e7\u00e3o do Plano de Urbaniza\u00e7\u00e3o da Lagoa de Albufeira (PULA), sendo que j\u00e1 tinha indicado fragilidades no controlo de abates em \u00e1reas adjacentes, em fevereiro de 2025.<\/li>\n<li>O Instituto da Conserva\u00e7\u00e3o da Natureza e das Florestas (ICNF) \u00e9 visto como contradit\u00f3rio, tendo inicialmente apontado enquadramento e autoriza\u00e7\u00e3o, e depois sugerido que n\u00e3o era necess\u00e1ria qualquer autoriza\u00e7\u00e3o.<\/li>\n<li>A Herdade integra o S\u00edtio Ramsar Lagoa de Albufeira; o abate pode afetar a regula\u00e7\u00e3o hidrol\u00f3gica, eros\u00e3o e conectividade ecol\u00f3gica, sendo defendida a clarifica\u00e7\u00e3o do enquadramento legal e uma avalia\u00e7\u00e3o de impacto ambiental.<\/li>\n<\/ul>\n","protected":false},"author":2,"featured_media":427987,"comment_status":"closed","ping_status":"closed","sticky":false,"template":"","format":"standard","meta":{"footnotes":""},"categories":[6725],"tags":[1202,4880,4198,4576,45,1065],"class_list":["post-427986","post","type-post","status-publish","format-standard","has-post-thumbnail","hentry","category-meio-ambiente","tag-albufeira","tag-conservacao-ambiental","tag-conservacao-da-natureza-e-da-biodiversidade","tag-florestal","tag-meio-ambiente","tag-sesimbra"],"yoast_head":"<!-- This site is optimized with the Yoast SEO plugin v27.2 - https:\/\/yoast.com\/product\/yoast-seo-wordpress\/ -->\n<title>Quercus denuncia abate de pinheiros-mansos junto \u00e0 Lagoa de Albufeira, Sesimbra - Portal Tela Portugal<\/title>\n<meta name=\"robots\" content=\"index, follow, max-snippet:-1, max-image-preview:large, max-video-preview:-1\" \/>\n<meta property=\"og:locale\" content=\"pt_PT\" \/>\n<meta property=\"og:type\" content=\"article\" \/>\n<meta property=\"og:title\" content=\"Quercus denuncia abate de pinheiros-mansos junto \u00e0 Lagoa de Albufeira, Sesimbra - Portal Tela Portugal\" \/>\n<meta property=\"og:description\" content=\"A Quercus acusa o ICNF e a C\u00e2mara Municipal de Sesimbra de se escudarem num vazio legal para n\u00e3o impedir o abate de pinheiros-mansos na Herdade do Cabe\u00e7o da Flauta, junto \u00e0 Lagoa de Albufeira. Cerca de 2.000 toneladas de pinheiros-mansos teriam sido abatidas; o terreno \u00e9 privado e n\u00e3o est\u00e1 numa ZEC ou ZPE, mas a associa\u00e7\u00e3o alerta para impactos ecol\u00f3gicos e paisag\u00edsticos. A C\u00e2mara de Sesimbra \u00e9 criticada por supostamente n\u00e3o agir na fiscaliza\u00e7\u00e3o do Plano de Urbaniza\u00e7\u00e3o da Lagoa de Albufeira (PULA), sendo que j\u00e1 tinha indicado fragilidades no controlo de abates em \u00e1reas adjacentes, em fevereiro de 2025. O Instituto da Conserva\u00e7\u00e3o da Natureza e das Florestas (ICNF) \u00e9 visto como contradit\u00f3rio, tendo inicialmente apontado enquadramento e autoriza\u00e7\u00e3o, e depois sugerido que n\u00e3o era necess\u00e1ria qualquer autoriza\u00e7\u00e3o. A Herdade integra o S\u00edtio Ramsar Lagoa de Albufeira; o abate pode afetar a regula\u00e7\u00e3o hidrol\u00f3gica, eros\u00e3o e conectividade ecol\u00f3gica, sendo defendida a clarifica\u00e7\u00e3o do enquadramento legal e uma avalia\u00e7\u00e3o de impacto ambiental.\" \/>\n<meta property=\"og:url\" content=\"https:\/\/portaltela.pt\/noticias\/2026\/03\/31\/quercus-denuncia-abate-de-pinheiros-mansos-junto-a-lagoa-de-albufeira-sesimbra\/\" \/>\n<meta property=\"og:site_name\" content=\"Portal Tela Portugal\" \/>\n<meta property=\"article:published_time\" content=\"2026-03-31T16:02:51+00:00\" \/>\n<meta name=\"author\" content=\"Telinha\" \/>\n<meta name=\"twitter:card\" content=\"summary_large_image\" \/>\n<meta name=\"twitter:label1\" content=\"Escrito por\" \/>\n\t<meta name=\"twitter:data1\" content=\"Telinha\" \/>\n\t<meta name=\"twitter:label2\" content=\"Tempo estimado de leitura\" \/>\n\t<meta name=\"twitter:data2\" content=\"2 minutos\" \/>\n<script type=\"application\/ld+json\" class=\"yoast-schema-graph\">{\"@context\":\"https:\/\/schema.org\",\"@graph\":[{\"@type\":\"Article\",\"@id\":\"https:\/\/portaltela.pt\/noticias\/2026\/03\/31\/quercus-denuncia-abate-de-pinheiros-mansos-junto-a-lagoa-de-albufeira-sesimbra\/#article\",\"isPartOf\":{\"@id\":\"https:\/\/portaltela.pt\/noticias\/2026\/03\/31\/quercus-denuncia-abate-de-pinheiros-mansos-junto-a-lagoa-de-albufeira-sesimbra\/\"},\"author\":{\"name\":\"Telinha\",\"@id\":\"https:\/\/portaltela.pt\/#\/schema\/person\/c4278d4a6028830caff9ee44b42d32ed\"},\"headline\":\"Quercus denuncia abate de pinheiros-mansos junto \u00e0 Lagoa de Albufeira, Sesimbra\",\"datePublished\":\"2026-03-31T16:02:51+00:00\",\"mainEntityOfPage\":{\"@id\":\"https:\/\/portaltela.pt\/noticias\/2026\/03\/31\/quercus-denuncia-abate-de-pinheiros-mansos-junto-a-lagoa-de-albufeira-sesimbra\/\"},\"wordCount\":316,\"image\":{\"@id\":\"https:\/\/portaltela.pt\/noticias\/2026\/03\/31\/quercus-denuncia-abate-de-pinheiros-mansos-junto-a-lagoa-de-albufeira-sesimbra\/#primaryimage\"},\"thumbnailUrl\":\"https:\/\/portaltela.pt\/s.01k8rhncp4jt1\/2026\/03\/img_1500x1000uu2015-03-05-10-51-00-438949.jpg\",\"keywords\":[\"Albufeira\",\"conserva\u00e7\u00e3o ambiental\",\"conserva\u00e7\u00e3o da natureza e da biodiversidade\",\"florestal\",\"meio-ambiente\",\"Sesimbra\"],\"articleSection\":[\"Meio Ambiente\"],\"inLanguage\":\"pt-PT\"},{\"@type\":\"WebPage\",\"@id\":\"https:\/\/portaltela.pt\/noticias\/2026\/03\/31\/quercus-denuncia-abate-de-pinheiros-mansos-junto-a-lagoa-de-albufeira-sesimbra\/\",\"url\":\"https:\/\/portaltela.pt\/noticias\/2026\/03\/31\/quercus-denuncia-abate-de-pinheiros-mansos-junto-a-lagoa-de-albufeira-sesimbra\/\",\"name\":\"Quercus denuncia abate de pinheiros-mansos junto \u00e0 Lagoa de Albufeira, Sesimbra - Portal Tela Portugal\",\"isPartOf\":{\"@id\":\"https:\/\/portaltela.pt\/#website\"},\"primaryImageOfPage\":{\"@id\":\"https:\/\/portaltela.pt\/noticias\/2026\/03\/31\/quercus-denuncia-abate-de-pinheiros-mansos-junto-a-lagoa-de-albufeira-sesimbra\/#primaryimage\"},\"image\":{\"@id\":\"https:\/\/portaltela.pt\/noticias\/2026\/03\/31\/quercus-denuncia-abate-de-pinheiros-mansos-junto-a-lagoa-de-albufeira-sesimbra\/#primaryimage\"},\"thumbnailUrl\":\"https:\/\/portaltela.pt\/s.01k8rhncp4jt1\/2026\/03\/img_1500x1000uu2015-03-05-10-51-00-438949.jpg\",\"datePublished\":\"2026-03-31T16:02:51+00:00\",\"author\":{\"@id\":\"https:\/\/portaltela.pt\/#\/schema\/person\/c4278d4a6028830caff9ee44b42d32ed\"},\"breadcrumb\":{\"@id\":\"https:\/\/portaltela.pt\/noticias\/2026\/03\/31\/quercus-denuncia-abate-de-pinheiros-mansos-junto-a-lagoa-de-albufeira-sesimbra\/#breadcrumb\"},\"inLanguage\":\"pt-PT\",\"potentialAction\":[{\"@type\":\"ReadAction\",\"target\":[\"https:\/\/portaltela.pt\/noticias\/2026\/03\/31\/quercus-denuncia-abate-de-pinheiros-mansos-junto-a-lagoa-de-albufeira-sesimbra\/\"]}]},{\"@type\":\"ImageObject\",\"inLanguage\":\"pt-PT\",\"@id\":\"https:\/\/portaltela.pt\/noticias\/2026\/03\/31\/quercus-denuncia-abate-de-pinheiros-mansos-junto-a-lagoa-de-albufeira-sesimbra\/#primaryimage\",\"url\":\"https:\/\/portaltela.pt\/s.01k8rhncp4jt1\/2026\/03\/img_1500x1000uu2015-03-05-10-51-00-438949.jpg\",\"contentUrl\":\"https:\/\/portaltela.pt\/s.01k8rhncp4jt1\/2026\/03\/img_1500x1000uu2015-03-05-10-51-00-438949.jpg\",\"width\":796,\"height\":448,\"caption\":\"Pinheiro manso\"},{\"@type\":\"BreadcrumbList\",\"@id\":\"https:\/\/portaltela.pt\/noticias\/2026\/03\/31\/quercus-denuncia-abate-de-pinheiros-mansos-junto-a-lagoa-de-albufeira-sesimbra\/#breadcrumb\",\"itemListElement\":[{\"@type\":\"ListItem\",\"position\":1,\"name\":\"In\u00edcio\",\"item\":\"https:\/\/portaltela.pt\/\"},{\"@type\":\"ListItem\",\"position\":2,\"name\":\"Quercus denuncia abate de pinheiros-mansos junto \u00e0 Lagoa de Albufeira, Sesimbra\"}]},{\"@type\":\"WebSite\",\"@id\":\"https:\/\/portaltela.pt\/#website\",\"url\":\"https:\/\/portaltela.pt\/\",\"name\":\"Portal Tela Portugal\",\"description\":\"\",\"potentialAction\":[{\"@type\":\"SearchAction\",\"target\":{\"@type\":\"EntryPoint\",\"urlTemplate\":\"https:\/\/portaltela.pt\/?s={search_term_string}\"},\"query-input\":{\"@type\":\"PropertyValueSpecification\",\"valueRequired\":true,\"valueName\":\"search_term_string\"}}],\"inLanguage\":\"pt-PT\"},{\"@type\":\"Person\",\"@id\":\"https:\/\/portaltela.pt\/#\/schema\/person\/c4278d4a6028830caff9ee44b42d32ed\",\"name\":\"Telinha\",\"image\":{\"@type\":\"ImageObject\",\"inLanguage\":\"pt-PT\",\"@id\":\"https:\/\/portaltela.pt\/s.01k8rhncp4jt1\/2025\/11\/talking-bot-125x125.png\",\"url\":\"https:\/\/portaltela.pt\/s.01k8rhncp4jt1\/2025\/11\/talking-bot-125x125.png\",\"contentUrl\":\"https:\/\/portaltela.pt\/s.01k8rhncp4jt1\/2025\/11\/talking-bot-125x125.png\",\"caption\":\"Telinha\"},\"sameAs\":[\"https:\/\/portaltela.pt\/\"],\"url\":\"https:\/\/portaltela.pt\/por\/367410592786\/\"}]}<\/script>\n<!-- \/ Yoast SEO plugin. -->","yoast_head_json":{"title":"Quercus denuncia abate de pinheiros-mansos junto \u00e0 Lagoa de Albufeira, Sesimbra - Portal Tela Portugal","robots":{"index":"index","follow":"follow","max-snippet":"max-snippet:-1","max-image-preview":"max-image-preview:large","max-video-preview":"max-video-preview:-1"},"og_locale":"pt_PT","og_type":"article","og_title":"Quercus denuncia abate de pinheiros-mansos junto \u00e0 Lagoa de Albufeira, Sesimbra - Portal Tela Portugal","og_description":"A Quercus acusa o ICNF e a C\u00e2mara Municipal de Sesimbra de se escudarem num vazio legal para n\u00e3o impedir o abate de pinheiros-mansos na Herdade do Cabe\u00e7o da Flauta, junto \u00e0 Lagoa de Albufeira. Cerca de 2.000 toneladas de pinheiros-mansos teriam sido abatidas; o terreno \u00e9 privado e n\u00e3o est\u00e1 numa ZEC ou ZPE, mas a associa\u00e7\u00e3o alerta para impactos ecol\u00f3gicos e paisag\u00edsticos. A C\u00e2mara de Sesimbra \u00e9 criticada por supostamente n\u00e3o agir na fiscaliza\u00e7\u00e3o do Plano de Urbaniza\u00e7\u00e3o da Lagoa de Albufeira (PULA), sendo que j\u00e1 tinha indicado fragilidades no controlo de abates em \u00e1reas adjacentes, em fevereiro de 2025. O Instituto da Conserva\u00e7\u00e3o da Natureza e das Florestas (ICNF) \u00e9 visto como contradit\u00f3rio, tendo inicialmente apontado enquadramento e autoriza\u00e7\u00e3o, e depois sugerido que n\u00e3o era necess\u00e1ria qualquer autoriza\u00e7\u00e3o. A Herdade integra o S\u00edtio Ramsar Lagoa de Albufeira; o abate pode afetar a regula\u00e7\u00e3o hidrol\u00f3gica, eros\u00e3o e conectividade ecol\u00f3gica, sendo defendida a clarifica\u00e7\u00e3o do enquadramento legal e uma avalia\u00e7\u00e3o de impacto ambiental.","og_url":"https:\/\/portaltela.pt\/noticias\/2026\/03\/31\/quercus-denuncia-abate-de-pinheiros-mansos-junto-a-lagoa-de-albufeira-sesimbra\/","og_site_name":"Portal Tela Portugal","article_published_time":"2026-03-31T16:02:51+00:00","author":"Telinha","twitter_card":"summary_large_image","twitter_misc":{"Escrito por":"Telinha","Tempo estimado de leitura":"2 minutos"},"schema":{"@context":"https:\/\/schema.org","@graph":[{"@type":"Article","@id":"https:\/\/portaltela.pt\/noticias\/2026\/03\/31\/quercus-denuncia-abate-de-pinheiros-mansos-junto-a-lagoa-de-albufeira-sesimbra\/#article","isPartOf":{"@id":"https:\/\/portaltela.pt\/noticias\/2026\/03\/31\/quercus-denuncia-abate-de-pinheiros-mansos-junto-a-lagoa-de-albufeira-sesimbra\/"},"author":{"name":"Telinha","@id":"https:\/\/portaltela.pt\/#\/schema\/person\/c4278d4a6028830caff9ee44b42d32ed"},"headline":"Quercus denuncia abate de pinheiros-mansos junto \u00e0 Lagoa de Albufeira, Sesimbra","datePublished":"2026-03-31T16:02:51+00:00","mainEntityOfPage":{"@id":"https:\/\/portaltela.pt\/noticias\/2026\/03\/31\/quercus-denuncia-abate-de-pinheiros-mansos-junto-a-lagoa-de-albufeira-sesimbra\/"},"wordCount":316,"image":{"@id":"https:\/\/portaltela.pt\/noticias\/2026\/03\/31\/quercus-denuncia-abate-de-pinheiros-mansos-junto-a-lagoa-de-albufeira-sesimbra\/#primaryimage"},"thumbnailUrl":"https:\/\/portaltela.pt\/s.01k8rhncp4jt1\/2026\/03\/img_1500x1000uu2015-03-05-10-51-00-438949.jpg","keywords":["Albufeira","conserva\u00e7\u00e3o ambiental","conserva\u00e7\u00e3o da natureza e da biodiversidade","florestal","meio-ambiente","Sesimbra"],"articleSection":["Meio Ambiente"],"inLanguage":"pt-PT"},{"@type":"WebPage","@id":"https:\/\/portaltela.pt\/noticias\/2026\/03\/31\/quercus-denuncia-abate-de-pinheiros-mansos-junto-a-lagoa-de-albufeira-sesimbra\/","url":"https:\/\/portaltela.pt\/noticias\/2026\/03\/31\/quercus-denuncia-abate-de-pinheiros-mansos-junto-a-lagoa-de-albufeira-sesimbra\/","name":"Quercus denuncia abate de pinheiros-mansos junto \u00e0 Lagoa de Albufeira, Sesimbra - Portal Tela Portugal","isPartOf":{"@id":"https:\/\/portaltela.pt\/#website"},"primaryImageOfPage":{"@id":"https:\/\/portaltela.pt\/noticias\/2026\/03\/31\/quercus-denuncia-abate-de-pinheiros-mansos-junto-a-lagoa-de-albufeira-sesimbra\/#primaryimage"},"image":{"@id":"https:\/\/portaltela.pt\/noticias\/2026\/03\/31\/quercus-denuncia-abate-de-pinheiros-mansos-junto-a-lagoa-de-albufeira-sesimbra\/#primaryimage"},"thumbnailUrl":"https:\/\/portaltela.pt\/s.01k8rhncp4jt1\/2026\/03\/img_1500x1000uu2015-03-05-10-51-00-438949.jpg","datePublished":"2026-03-31T16:02:51+00:00","author":{"@id":"https:\/\/portaltela.pt\/#\/schema\/person\/c4278d4a6028830caff9ee44b42d32ed"},"breadcrumb":{"@id":"https:\/\/portaltela.pt\/noticias\/2026\/03\/31\/quercus-denuncia-abate-de-pinheiros-mansos-junto-a-lagoa-de-albufeira-sesimbra\/#breadcrumb"},"inLanguage":"pt-PT","potentialAction":[{"@type":"ReadAction","target":["https:\/\/portaltela.pt\/noticias\/2026\/03\/31\/quercus-denuncia-abate-de-pinheiros-mansos-junto-a-lagoa-de-albufeira-sesimbra\/"]}]},{"@type":"ImageObject","inLanguage":"pt-PT","@id":"https:\/\/portaltela.pt\/noticias\/2026\/03\/31\/quercus-denuncia-abate-de-pinheiros-mansos-junto-a-lagoa-de-albufeira-sesimbra\/#primaryimage","url":"https:\/\/portaltela.pt\/s.01k8rhncp4jt1\/2026\/03\/img_1500x1000uu2015-03-05-10-51-00-438949.jpg","contentUrl":"https:\/\/portaltela.pt\/s.01k8rhncp4jt1\/2026\/03\/img_1500x1000uu2015-03-05-10-51-00-438949.jpg","width":796,"height":448,"caption":"Pinheiro manso"},{"@type":"BreadcrumbList","@id":"https:\/\/portaltela.pt\/noticias\/2026\/03\/31\/quercus-denuncia-abate-de-pinheiros-mansos-junto-a-lagoa-de-albufeira-sesimbra\/#breadcrumb","itemListElement":[{"@type":"ListItem","position":1,"name":"In\u00edcio","item":"https:\/\/portaltela.pt\/"},{"@type":"ListItem","position":2,"name":"Quercus denuncia abate de pinheiros-mansos junto \u00e0 Lagoa de Albufeira, Sesimbra"}]},{"@type":"WebSite","@id":"https:\/\/portaltela.pt\/#website","url":"https:\/\/portaltela.pt\/","name":"Portal Tela Portugal","description":"","potentialAction":[{"@type":"SearchAction","target":{"@type":"EntryPoint","urlTemplate":"https:\/\/portaltela.pt\/?s={search_term_string}"},"query-input":{"@type":"PropertyValueSpecification","valueRequired":true,"valueName":"search_term_string"}}],"inLanguage":"pt-PT"},{"@type":"Person","@id":"https:\/\/portaltela.pt\/#\/schema\/person\/c4278d4a6028830caff9ee44b42d32ed","name":"Telinha","image":{"@type":"ImageObject","inLanguage":"pt-PT","@id":"https:\/\/portaltela.pt\/s.01k8rhncp4jt1\/2025\/11\/talking-bot-125x125.png","url":"https:\/\/portaltela.pt\/s.01k8rhncp4jt1\/2025\/11\/talking-bot-125x125.png","contentUrl":"https:\/\/portaltela.pt\/s.01k8rhncp4jt1\/2025\/11\/talking-bot-125x125.png","caption":"Telinha"},"sameAs":["https:\/\/portaltela.pt\/"],"url":"https:\/\/portaltela.pt\/por\/367410592786\/"}]}},"_links":{"self":[{"href":"https:\/\/portaltela.pt\/api\/wp\/v2\/posts\/427986","targetHints":{"allow":["GET"]}}],"collection":[{"href":"https:\/\/portaltela.pt\/api\/wp\/v2\/posts"}],"about":[{"href":"https:\/\/portaltela.pt\/api\/wp\/v2\/types\/post"}],"author":[{"embeddable":true,"href":"https:\/\/portaltela.pt\/api\/wp\/v2\/users\/2"}],"replies":[{"embeddable":true,"href":"https:\/\/portaltela.pt\/api\/wp\/v2\/comments?post=427986"}],"version-history":[{"count":0,"href":"https:\/\/portaltela.pt\/api\/wp\/v2\/posts\/427986\/revisions"}],"wp:featuredmedia":[{"embeddable":true,"href":"https:\/\/portaltela.pt\/api\/wp\/v2\/media\/427987"}],"wp:attachment":[{"href":"https:\/\/portaltela.pt\/api\/wp\/v2\/media?parent=427986"}],"wp:term":[{"taxonomy":"category","embeddable":true,"href":"https:\/\/portaltela.pt\/api\/wp\/v2\/categories?post=427986"},{"taxonomy":"post_tag","embeddable":true,"href":"https:\/\/portaltela.pt\/api\/wp\/v2\/tags?post=427986"}],"curies":[{"name":"wp","href":"https:\/\/api.w.org\/{rel}","templated":true}]}}