{"id":427984,"date":"2026-03-31T13:02:44","date_gmt":"2026-03-31T16:02:44","guid":{"rendered":"https:\/\/portaltela.pt\/noticias\/2026\/03\/31\/deputados-destacam-importancia-do-plano-de-recuperacao-com-alertas-a-bruxelas\/"},"modified":"2026-03-31T13:02:44","modified_gmt":"2026-03-31T16:02:44","slug":"deputados-destacam-importancia-do-plano-de-recuperacao-com-alertas-a-bruxelas","status":"publish","type":"post","link":"https:\/\/portaltela.pt\/noticias\/economia\/2026\/03\/31\/deputados-destacam-importancia-do-plano-de-recuperacao-com-alertas-a-bruxelas\/","title":{"rendered":"Deputados destacam import\u00e2ncia do Plano de Recupera\u00e7\u00e3o com alertas a Bruxelas"},"content":{"rendered":"<p>Na Assembleia da Rep\u00fablica, hoje os deputados destacaram a import\u00e2ncia do Plano de Recupera\u00e7\u00e3o e Resili\u00eancia (PRR), ao mesmo tempo que lan\u00e7aram alertas a Bruxelas sobre coes\u00e3o territorial, simplifica\u00e7\u00e3o e execu\u00e7\u00e3o. O foco foi a aplica\u00e7\u00e3o do PRR em Portugal e o seu impacto econ\u00f3mico.<\/p>\n<p>Uma delega\u00e7\u00e3o do Parlamento Europeu, liderada por Siegfried Muresan, reuniu-se com as comiss\u00f5es de Economia, Assuntos Europeus e Finan\u00e7as. Do grupo fazem parte L\u00eddia Pereira (PSD) e Carla Tavares (PS). A situa\u00e7\u00e3o foi apresentada como transformadora, com perspetivas de melhoria na execu\u00e7\u00e3o.<\/p>\n<p>Carla Tavares sublinhou que os prazos de execu\u00e7\u00e3o se manter\u00e3o e que \u00e9 essencial negociar com a Comiss\u00e3o Europeia poss\u00edveis transfer\u00eancias para outros programas ou ajustes no Quadro Financeiro Plurianual. A deputada chamou ainda a aten\u00e7\u00e3o para a necessidade de agilizar a utiliza\u00e7\u00e3o de verbas.<\/p>\n<h3>Desafios e perspetivas<\/h3>\n<p>Angelika Winzig, do Parlamento Europeu, destacou a necessidade de avan\u00e7ar para uma nova era, mencionando o programa de acelera\u00e7\u00e3o industrial para aumentar a procura por tecnologias da UE. Francisco Figueira (PSD) reconheceu o sucesso do PRR em Portugal, mas apontou dificuldades na defini\u00e7\u00e3o de marcos, metas e na m\u00e3o-de-obra.<\/p>\n<p>Jo\u00e3o Ribeiro (Chega) criticou a limitada possibilidade de obras estruturais no interior e o atraso na chegada de apoio a empresas. Pedro Coelho (PSD) elogiou a execu\u00e7\u00e3o do PRR, que j\u00e1 supera os 60% de implementa\u00e7\u00e3o. Ricardo Carvalho (PSD) defendeu rapidez aliada a cria\u00e7\u00e3o de uma economia real.<\/p>\n<p>L\u00eddia Pereira afirmou que \u00e9 essencial aproximar o Parlamento Europeu dos parlamentos nacionais e real\u00e7ou a relev\u00e2ncia da descarboniza\u00e7\u00e3o energ\u00e9tica associada aos investimentos do PRR. Eur\u00eddice Pereira (PS) manifestou preocupa\u00e7\u00f5es com atrasos por causas clim\u00e1ticas ou administrativas, incluindo adjudica\u00e7\u00f5es e impugna\u00e7\u00f5es.<\/p>\n<p>Pedro Tavares (Chega) apontou dificuldades em alguns Estados-membros, citando a Su\u00e9cia com n\u00famero de euros muito abaixo do valor portugu\u00eas. Carlos Pereira (PS) pediu maior flexibilidade aos fundos europeus, lembrando que o PRR teve de responder a pandemia, guerra e infla\u00e7\u00e3o.<\/p>\n<p>Mohammed Chahim (Pa\u00edses Baixos) enfatizou a import\u00e2ncia destes encontros para melhorar a vida dos Estados-membros. No encerramento, Siegfried Muresan lembrou que os recursos s\u00e3o limitados e salientou a necessidade de aprender com a aplica\u00e7\u00e3o dos mecanismos.<\/p>\n<p>O PRR visa implementar reformas e investimentos para a recupera\u00e7\u00e3o do crescimento econ\u00f3mico, reparar danos da covid-19, apoiar investimentos e gerar emprego. A sess\u00e3o refor\u00e7ou a vis\u00e3o de que uma gest\u00e3o eficiente pode aumentar a coes\u00e3o e a competitividade da economia portuguesa.<\/p>\n","protected":false},"excerpt":{"rendered":"<ul>\n<li>Deputados na Assembleia da Rep\u00fablica destacaram a import\u00e2ncia do PRR e fizeram alertas a Bruxelas sobre coes\u00e3o territorial, simplifica\u00e7\u00e3o e execu\u00e7\u00e3o.<\/li>\n<li>Uma delega\u00e7\u00e3o do Parlamento Europeu, liderada por Siegfried Muresan, visitou Lisboa para escrut\u00ednio do Mecanismo de Recupera\u00e7\u00e3o e Resili\u00eancia, com L\u00eddia Pereira e Carla Tavares.<\/li>\n<li>Carla Tavares afirmou que os prazos de execu\u00e7\u00e3o se mant\u00eam e h\u00e1 margem para negociar com a Comiss\u00e3o Europeia, incluindo transfer\u00eancias de verbas dentro do Quadro Financeiro Plurianual.<\/li>\n<li>Foram apontados desafios \u00e0 coes\u00e3o territorial e \u00e0 representatividade aut\u00e1rquica, al\u00e9m de atrasos por intemp\u00e9ries, adjudica\u00e7\u00f5es ou impugna\u00e7\u00f5es de concursos; o deputado Jo\u00e3o Ribeiro mencionou falhas no aproveitamento do PRR no interior.<\/li>\n<li>Outros participantes destacaram o sucesso de Portugal na execu\u00e7\u00e3o do PRR (acima de 60%) e defenderam rapidez na aplica\u00e7\u00e3o, com foco na economia real, descarboniza\u00e7\u00e3o e cria\u00e7\u00e3o de emprego.<\/li>\n<\/ul>\n","protected":false},"author":2,"featured_media":427985,"comment_status":"closed","ping_status":"closed","sticky":false,"template":"","format":"standard","meta":{"footnotes":""},"categories":[2,6850],"tags":[6115,830,5072,316,7153,1014],"class_list":["post-427984","post","type-post","status-publish","format-standard","has-post-thumbnail","hentry","category-economia","category-financas","tag-_economia","tag-coesao-territorial","tag-descarbonizacao","tag-investimento","tag-parlamento-europeu","tag-portugal"],"yoast_head":"<!-- This site is optimized with the Yoast SEO plugin v27.2 - https:\/\/yoast.com\/product\/yoast-seo-wordpress\/ -->\n<title>Deputados destacam import\u00e2ncia do Plano de Recupera\u00e7\u00e3o com alertas a Bruxelas - Portal Tela Portugal<\/title>\n<meta name=\"robots\" content=\"index, follow, max-snippet:-1, max-image-preview:large, max-video-preview:-1\" \/>\n<meta property=\"og:locale\" content=\"pt_PT\" \/>\n<meta property=\"og:type\" content=\"article\" \/>\n<meta property=\"og:title\" content=\"Deputados destacam import\u00e2ncia do Plano de Recupera\u00e7\u00e3o com alertas a Bruxelas - Portal Tela Portugal\" \/>\n<meta property=\"og:description\" content=\"Deputados na Assembleia da Rep\u00fablica destacaram a import\u00e2ncia do PRR e fizeram alertas a Bruxelas sobre coes\u00e3o territorial, simplifica\u00e7\u00e3o e execu\u00e7\u00e3o. Uma delega\u00e7\u00e3o do Parlamento Europeu, liderada por Siegfried Muresan, visitou Lisboa para escrut\u00ednio do Mecanismo de Recupera\u00e7\u00e3o e Resili\u00eancia, com L\u00eddia Pereira e Carla Tavares. Carla Tavares afirmou que os prazos de execu\u00e7\u00e3o se mant\u00eam e h\u00e1 margem para negociar com a Comiss\u00e3o Europeia, incluindo transfer\u00eancias de verbas dentro do Quadro Financeiro Plurianual. Foram apontados desafios \u00e0 coes\u00e3o territorial e \u00e0 representatividade aut\u00e1rquica, al\u00e9m de atrasos por intemp\u00e9ries, adjudica\u00e7\u00f5es ou impugna\u00e7\u00f5es de concursos; o deputado Jo\u00e3o Ribeiro mencionou falhas no aproveitamento do PRR no interior. Outros participantes destacaram o sucesso de Portugal na execu\u00e7\u00e3o do PRR (acima de 60%) e defenderam rapidez na aplica\u00e7\u00e3o, com foco na economia real, descarboniza\u00e7\u00e3o e cria\u00e7\u00e3o de emprego.\" \/>\n<meta property=\"og:url\" content=\"https:\/\/portaltela.pt\/noticias\/2026\/03\/31\/deputados-destacam-importancia-do-plano-de-recuperacao-com-alertas-a-bruxelas\/\" \/>\n<meta property=\"og:site_name\" content=\"Portal Tela Portugal\" \/>\n<meta property=\"article:published_time\" content=\"2026-03-31T16:02:44+00:00\" \/>\n<meta name=\"author\" content=\"Telinha\" \/>\n<meta name=\"twitter:card\" content=\"summary_large_image\" \/>\n<meta name=\"twitter:label1\" content=\"Escrito por\" \/>\n\t<meta name=\"twitter:data1\" content=\"Telinha\" \/>\n\t<meta name=\"twitter:label2\" content=\"Tempo estimado de leitura\" \/>\n\t<meta name=\"twitter:data2\" content=\"2 minutos\" \/>\n<script type=\"application\/ld+json\" class=\"yoast-schema-graph\">{\"@context\":\"https:\/\/schema.org\",\"@graph\":[{\"@type\":\"Article\",\"@id\":\"https:\/\/portaltela.pt\/noticias\/2026\/03\/31\/deputados-destacam-importancia-do-plano-de-recuperacao-com-alertas-a-bruxelas\/#article\",\"isPartOf\":{\"@id\":\"https:\/\/portaltela.pt\/noticias\/2026\/03\/31\/deputados-destacam-importancia-do-plano-de-recuperacao-com-alertas-a-bruxelas\/\"},\"author\":{\"name\":\"Telinha\",\"@id\":\"https:\/\/portaltela.pt\/#\/schema\/person\/c4278d4a6028830caff9ee44b42d32ed\"},\"headline\":\"Deputados destacam import\u00e2ncia do Plano de Recupera\u00e7\u00e3o com alertas a Bruxelas\",\"datePublished\":\"2026-03-31T16:02:44+00:00\",\"mainEntityOfPage\":{\"@id\":\"https:\/\/portaltela.pt\/noticias\/2026\/03\/31\/deputados-destacam-importancia-do-plano-de-recuperacao-com-alertas-a-bruxelas\/\"},\"wordCount\":458,\"image\":{\"@id\":\"https:\/\/portaltela.pt\/noticias\/2026\/03\/31\/deputados-destacam-importancia-do-plano-de-recuperacao-com-alertas-a-bruxelas\/#primaryimage\"},\"thumbnailUrl\":\"https:\/\/portaltela.pt\/s.01k8rhncp4jt1\/2026\/03\/img_1500x1000uu2026-01-30-14-46-30-2176440.jpg\",\"keywords\":[\"_economia\",\"Coes\u00e3o Territorial\",\"descarboniza\u00e7\u00e3o\",\"investimento\",\"Parlamento Europeu\",\"Portugal\"],\"articleSection\":[\"Economia\",\"Finan\u00e7as\"],\"inLanguage\":\"pt-PT\"},{\"@type\":\"WebPage\",\"@id\":\"https:\/\/portaltela.pt\/noticias\/2026\/03\/31\/deputados-destacam-importancia-do-plano-de-recuperacao-com-alertas-a-bruxelas\/\",\"url\":\"https:\/\/portaltela.pt\/noticias\/2026\/03\/31\/deputados-destacam-importancia-do-plano-de-recuperacao-com-alertas-a-bruxelas\/\",\"name\":\"Deputados destacam import\u00e2ncia do Plano de Recupera\u00e7\u00e3o com alertas a Bruxelas - Portal Tela Portugal\",\"isPartOf\":{\"@id\":\"https:\/\/portaltela.pt\/#website\"},\"primaryImageOfPage\":{\"@id\":\"https:\/\/portaltela.pt\/noticias\/2026\/03\/31\/deputados-destacam-importancia-do-plano-de-recuperacao-com-alertas-a-bruxelas\/#primaryimage\"},\"image\":{\"@id\":\"https:\/\/portaltela.pt\/noticias\/2026\/03\/31\/deputados-destacam-importancia-do-plano-de-recuperacao-com-alertas-a-bruxelas\/#primaryimage\"},\"thumbnailUrl\":\"https:\/\/portaltela.pt\/s.01k8rhncp4jt1\/2026\/03\/img_1500x1000uu2026-01-30-14-46-30-2176440.jpg\",\"datePublished\":\"2026-03-31T16:02:44+00:00\",\"author\":{\"@id\":\"https:\/\/portaltela.pt\/#\/schema\/person\/c4278d4a6028830caff9ee44b42d32ed\"},\"breadcrumb\":{\"@id\":\"https:\/\/portaltela.pt\/noticias\/2026\/03\/31\/deputados-destacam-importancia-do-plano-de-recuperacao-com-alertas-a-bruxelas\/#breadcrumb\"},\"inLanguage\":\"pt-PT\",\"potentialAction\":[{\"@type\":\"ReadAction\",\"target\":[\"https:\/\/portaltela.pt\/noticias\/2026\/03\/31\/deputados-destacam-importancia-do-plano-de-recuperacao-com-alertas-a-bruxelas\/\"]}]},{\"@type\":\"ImageObject\",\"inLanguage\":\"pt-PT\",\"@id\":\"https:\/\/portaltela.pt\/noticias\/2026\/03\/31\/deputados-destacam-importancia-do-plano-de-recuperacao-com-alertas-a-bruxelas\/#primaryimage\",\"url\":\"https:\/\/portaltela.pt\/s.01k8rhncp4jt1\/2026\/03\/img_1500x1000uu2026-01-30-14-46-30-2176440.jpg\",\"contentUrl\":\"https:\/\/portaltela.pt\/s.01k8rhncp4jt1\/2026\/03\/img_1500x1000uu2026-01-30-14-46-30-2176440.jpg\",\"width\":796,\"height\":448,\"caption\":\"Deputados evidenciam import\u00e2ncia do Plano de Recupera\u00e7\u00e3o e Resili\u00eancia mas deixam alertas a Bruxelas\"},{\"@type\":\"BreadcrumbList\",\"@id\":\"https:\/\/portaltela.pt\/noticias\/2026\/03\/31\/deputados-destacam-importancia-do-plano-de-recuperacao-com-alertas-a-bruxelas\/#breadcrumb\",\"itemListElement\":[{\"@type\":\"ListItem\",\"position\":1,\"name\":\"In\u00edcio\",\"item\":\"https:\/\/portaltela.pt\/\"},{\"@type\":\"ListItem\",\"position\":2,\"name\":\"Deputados destacam import\u00e2ncia do Plano de Recupera\u00e7\u00e3o com alertas a Bruxelas\"}]},{\"@type\":\"WebSite\",\"@id\":\"https:\/\/portaltela.pt\/#website\",\"url\":\"https:\/\/portaltela.pt\/\",\"name\":\"Portal Tela Portugal\",\"description\":\"\",\"potentialAction\":[{\"@type\":\"SearchAction\",\"target\":{\"@type\":\"EntryPoint\",\"urlTemplate\":\"https:\/\/portaltela.pt\/?s={search_term_string}\"},\"query-input\":{\"@type\":\"PropertyValueSpecification\",\"valueRequired\":true,\"valueName\":\"search_term_string\"}}],\"inLanguage\":\"pt-PT\"},{\"@type\":\"Person\",\"@id\":\"https:\/\/portaltela.pt\/#\/schema\/person\/c4278d4a6028830caff9ee44b42d32ed\",\"name\":\"Telinha\",\"image\":{\"@type\":\"ImageObject\",\"inLanguage\":\"pt-PT\",\"@id\":\"https:\/\/portaltela.pt\/s.01k8rhncp4jt1\/2025\/11\/talking-bot-125x125.png\",\"url\":\"https:\/\/portaltela.pt\/s.01k8rhncp4jt1\/2025\/11\/talking-bot-125x125.png\",\"contentUrl\":\"https:\/\/portaltela.pt\/s.01k8rhncp4jt1\/2025\/11\/talking-bot-125x125.png\",\"caption\":\"Telinha\"},\"sameAs\":[\"https:\/\/portaltela.pt\/\"],\"url\":\"https:\/\/portaltela.pt\/por\/367410592786\/\"}]}<\/script>\n<!-- \/ Yoast SEO plugin. -->","yoast_head_json":{"title":"Deputados destacam import\u00e2ncia do Plano de Recupera\u00e7\u00e3o com alertas a Bruxelas - Portal Tela Portugal","robots":{"index":"index","follow":"follow","max-snippet":"max-snippet:-1","max-image-preview":"max-image-preview:large","max-video-preview":"max-video-preview:-1"},"og_locale":"pt_PT","og_type":"article","og_title":"Deputados destacam import\u00e2ncia do Plano de Recupera\u00e7\u00e3o com alertas a Bruxelas - Portal Tela Portugal","og_description":"Deputados na Assembleia da Rep\u00fablica destacaram a import\u00e2ncia do PRR e fizeram alertas a Bruxelas sobre coes\u00e3o territorial, simplifica\u00e7\u00e3o e execu\u00e7\u00e3o. Uma delega\u00e7\u00e3o do Parlamento Europeu, liderada por Siegfried Muresan, visitou Lisboa para escrut\u00ednio do Mecanismo de Recupera\u00e7\u00e3o e Resili\u00eancia, com L\u00eddia Pereira e Carla Tavares. Carla Tavares afirmou que os prazos de execu\u00e7\u00e3o se mant\u00eam e h\u00e1 margem para negociar com a Comiss\u00e3o Europeia, incluindo transfer\u00eancias de verbas dentro do Quadro Financeiro Plurianual. Foram apontados desafios \u00e0 coes\u00e3o territorial e \u00e0 representatividade aut\u00e1rquica, al\u00e9m de atrasos por intemp\u00e9ries, adjudica\u00e7\u00f5es ou impugna\u00e7\u00f5es de concursos; o deputado Jo\u00e3o Ribeiro mencionou falhas no aproveitamento do PRR no interior. Outros participantes destacaram o sucesso de Portugal na execu\u00e7\u00e3o do PRR (acima de 60%) e defenderam rapidez na aplica\u00e7\u00e3o, com foco na economia real, descarboniza\u00e7\u00e3o e cria\u00e7\u00e3o de emprego.","og_url":"https:\/\/portaltela.pt\/noticias\/2026\/03\/31\/deputados-destacam-importancia-do-plano-de-recuperacao-com-alertas-a-bruxelas\/","og_site_name":"Portal Tela Portugal","article_published_time":"2026-03-31T16:02:44+00:00","author":"Telinha","twitter_card":"summary_large_image","twitter_misc":{"Escrito por":"Telinha","Tempo estimado de leitura":"2 minutos"},"schema":{"@context":"https:\/\/schema.org","@graph":[{"@type":"Article","@id":"https:\/\/portaltela.pt\/noticias\/2026\/03\/31\/deputados-destacam-importancia-do-plano-de-recuperacao-com-alertas-a-bruxelas\/#article","isPartOf":{"@id":"https:\/\/portaltela.pt\/noticias\/2026\/03\/31\/deputados-destacam-importancia-do-plano-de-recuperacao-com-alertas-a-bruxelas\/"},"author":{"name":"Telinha","@id":"https:\/\/portaltela.pt\/#\/schema\/person\/c4278d4a6028830caff9ee44b42d32ed"},"headline":"Deputados destacam import\u00e2ncia do Plano de Recupera\u00e7\u00e3o com alertas a Bruxelas","datePublished":"2026-03-31T16:02:44+00:00","mainEntityOfPage":{"@id":"https:\/\/portaltela.pt\/noticias\/2026\/03\/31\/deputados-destacam-importancia-do-plano-de-recuperacao-com-alertas-a-bruxelas\/"},"wordCount":458,"image":{"@id":"https:\/\/portaltela.pt\/noticias\/2026\/03\/31\/deputados-destacam-importancia-do-plano-de-recuperacao-com-alertas-a-bruxelas\/#primaryimage"},"thumbnailUrl":"https:\/\/portaltela.pt\/s.01k8rhncp4jt1\/2026\/03\/img_1500x1000uu2026-01-30-14-46-30-2176440.jpg","keywords":["_economia","Coes\u00e3o Territorial","descarboniza\u00e7\u00e3o","investimento","Parlamento Europeu","Portugal"],"articleSection":["Economia","Finan\u00e7as"],"inLanguage":"pt-PT"},{"@type":"WebPage","@id":"https:\/\/portaltela.pt\/noticias\/2026\/03\/31\/deputados-destacam-importancia-do-plano-de-recuperacao-com-alertas-a-bruxelas\/","url":"https:\/\/portaltela.pt\/noticias\/2026\/03\/31\/deputados-destacam-importancia-do-plano-de-recuperacao-com-alertas-a-bruxelas\/","name":"Deputados destacam import\u00e2ncia do Plano de Recupera\u00e7\u00e3o com alertas a Bruxelas - Portal Tela Portugal","isPartOf":{"@id":"https:\/\/portaltela.pt\/#website"},"primaryImageOfPage":{"@id":"https:\/\/portaltela.pt\/noticias\/2026\/03\/31\/deputados-destacam-importancia-do-plano-de-recuperacao-com-alertas-a-bruxelas\/#primaryimage"},"image":{"@id":"https:\/\/portaltela.pt\/noticias\/2026\/03\/31\/deputados-destacam-importancia-do-plano-de-recuperacao-com-alertas-a-bruxelas\/#primaryimage"},"thumbnailUrl":"https:\/\/portaltela.pt\/s.01k8rhncp4jt1\/2026\/03\/img_1500x1000uu2026-01-30-14-46-30-2176440.jpg","datePublished":"2026-03-31T16:02:44+00:00","author":{"@id":"https:\/\/portaltela.pt\/#\/schema\/person\/c4278d4a6028830caff9ee44b42d32ed"},"breadcrumb":{"@id":"https:\/\/portaltela.pt\/noticias\/2026\/03\/31\/deputados-destacam-importancia-do-plano-de-recuperacao-com-alertas-a-bruxelas\/#breadcrumb"},"inLanguage":"pt-PT","potentialAction":[{"@type":"ReadAction","target":["https:\/\/portaltela.pt\/noticias\/2026\/03\/31\/deputados-destacam-importancia-do-plano-de-recuperacao-com-alertas-a-bruxelas\/"]}]},{"@type":"ImageObject","inLanguage":"pt-PT","@id":"https:\/\/portaltela.pt\/noticias\/2026\/03\/31\/deputados-destacam-importancia-do-plano-de-recuperacao-com-alertas-a-bruxelas\/#primaryimage","url":"https:\/\/portaltela.pt\/s.01k8rhncp4jt1\/2026\/03\/img_1500x1000uu2026-01-30-14-46-30-2176440.jpg","contentUrl":"https:\/\/portaltela.pt\/s.01k8rhncp4jt1\/2026\/03\/img_1500x1000uu2026-01-30-14-46-30-2176440.jpg","width":796,"height":448,"caption":"Deputados evidenciam import\u00e2ncia do Plano de Recupera\u00e7\u00e3o e Resili\u00eancia mas deixam alertas a Bruxelas"},{"@type":"BreadcrumbList","@id":"https:\/\/portaltela.pt\/noticias\/2026\/03\/31\/deputados-destacam-importancia-do-plano-de-recuperacao-com-alertas-a-bruxelas\/#breadcrumb","itemListElement":[{"@type":"ListItem","position":1,"name":"In\u00edcio","item":"https:\/\/portaltela.pt\/"},{"@type":"ListItem","position":2,"name":"Deputados destacam import\u00e2ncia do Plano de Recupera\u00e7\u00e3o com alertas a Bruxelas"}]},{"@type":"WebSite","@id":"https:\/\/portaltela.pt\/#website","url":"https:\/\/portaltela.pt\/","name":"Portal Tela Portugal","description":"","potentialAction":[{"@type":"SearchAction","target":{"@type":"EntryPoint","urlTemplate":"https:\/\/portaltela.pt\/?s={search_term_string}"},"query-input":{"@type":"PropertyValueSpecification","valueRequired":true,"valueName":"search_term_string"}}],"inLanguage":"pt-PT"},{"@type":"Person","@id":"https:\/\/portaltela.pt\/#\/schema\/person\/c4278d4a6028830caff9ee44b42d32ed","name":"Telinha","image":{"@type":"ImageObject","inLanguage":"pt-PT","@id":"https:\/\/portaltela.pt\/s.01k8rhncp4jt1\/2025\/11\/talking-bot-125x125.png","url":"https:\/\/portaltela.pt\/s.01k8rhncp4jt1\/2025\/11\/talking-bot-125x125.png","contentUrl":"https:\/\/portaltela.pt\/s.01k8rhncp4jt1\/2025\/11\/talking-bot-125x125.png","caption":"Telinha"},"sameAs":["https:\/\/portaltela.pt\/"],"url":"https:\/\/portaltela.pt\/por\/367410592786\/"}]}},"_links":{"self":[{"href":"https:\/\/portaltela.pt\/api\/wp\/v2\/posts\/427984","targetHints":{"allow":["GET"]}}],"collection":[{"href":"https:\/\/portaltela.pt\/api\/wp\/v2\/posts"}],"about":[{"href":"https:\/\/portaltela.pt\/api\/wp\/v2\/types\/post"}],"author":[{"embeddable":true,"href":"https:\/\/portaltela.pt\/api\/wp\/v2\/users\/2"}],"replies":[{"embeddable":true,"href":"https:\/\/portaltela.pt\/api\/wp\/v2\/comments?post=427984"}],"version-history":[{"count":0,"href":"https:\/\/portaltela.pt\/api\/wp\/v2\/posts\/427984\/revisions"}],"wp:featuredmedia":[{"embeddable":true,"href":"https:\/\/portaltela.pt\/api\/wp\/v2\/media\/427985"}],"wp:attachment":[{"href":"https:\/\/portaltela.pt\/api\/wp\/v2\/media?parent=427984"}],"wp:term":[{"taxonomy":"category","embeddable":true,"href":"https:\/\/portaltela.pt\/api\/wp\/v2\/categories?post=427984"},{"taxonomy":"post_tag","embeddable":true,"href":"https:\/\/portaltela.pt\/api\/wp\/v2\/tags?post=427984"}],"curies":[{"name":"wp","href":"https:\/\/api.w.org\/{rel}","templated":true}]}}