{"id":427981,"date":"2026-03-31T13:02:39","date_gmt":"2026-03-31T16:02:39","guid":{"rendered":"https:\/\/portaltela.pt\/noticias\/2026\/03\/31\/crimes-de-odio-registam-aumento-de-cerca-de-6-em-2025\/"},"modified":"2026-03-31T13:02:39","modified_gmt":"2026-03-31T16:02:39","slug":"crimes-de-odio-registam-aumento-de-cerca-de-6-em-2025","status":"publish","type":"post","link":"https:\/\/portaltela.pt\/criminalidade\/2026\/03\/31\/crimes-de-odio-registam-aumento-de-cerca-de-6-em-2025\/","title":{"rendered":"Crimes de \u00f3dio registam aumento de cerca de 6% em 2025"},"content":{"rendered":"<p>Os crimes de \u00f3dio aumentaram cerca de 6% em 2025, segundo o Relat\u00f3rio Anual de Seguran\u00e7a Interna (RASI). A informa\u00e7\u00e3o foi apresentada pela ministra da Justi\u00e7a no parlamento, durante uma audi\u00e7\u00e3o regimental. Os n\u00fameros refletem a tend\u00eancia do documento oficial.<\/p>\n<p>Na sess\u00e3o, Cristina Rodrigues (Chega) questionou a pol\u00edtica de combate a estas pr\u00e1ticas, usando exemplos do Reino Unido e o caso de um suspeito detido na Marcha pela Vida, em que foi votada a utiliza\u00e7\u00e3o de um engenho incendi\u00e1rio. A ministra Rita Alarc\u00e3o J\u00fadice condenou todos os crimes de \u00f3dio e apontou o discurso polarizador como fator de incremento.<\/p>\n<p>A titular da pasta da Justi\u00e7a defendeu que todos os pol\u00edticos t\u00eam um papel de consci\u00eancia na comunica\u00e7\u00e3o e devem dar o exemplo perante quem os elege. Cristina Rodrigues acusou a ministra de alinhar-se com a ilegaliza\u00e7\u00e3o do discurso pol\u00edtico, classificando a posi\u00e7\u00e3o como grave.<\/p>\n<h3>Contexto adicional<\/h3>\n<p>Relativamente a investiga\u00e7\u00f5es em Albufeira, decorrem buscas na C\u00e2mara Municipal no \u00e2mbito de um inqu\u00e9rito sobre declara\u00e7\u00f5es do presidente eleito pelo Chega numa reuni\u00e3o da Assembleia Municipal. O processo envolve uma recusa de constru\u00e7\u00e3o de habita\u00e7\u00e3o para a comunidade cigana e a apreens\u00e3o de grava\u00e7\u00f5es dispon\u00edveis online. A ministra n\u00e3o comentou casos concretos, reiterando que as pol\u00edticas p\u00fablicas devem evitar a dissemina\u00e7\u00e3o de \u00f3dio.<\/p>\n","protected":false},"excerpt":{"rendered":"<ul>\n<li>Crimes de \u00f3dio aumentaram cerca de 6% em 2025, segundo o Relat\u00f3rio Anual de Seguran\u00e7a Interna (RASI).<\/li>\n<li>A informa\u00e7\u00e3o foi apresentada pela ministra da Justi\u00e7a numa audi\u00e7\u00e3o parlamentar, em resposta a perguntas da deputada Cristina Rodrigues (Chega).<\/li>\n<li>Cristina Rodrigues citou exemplos do Reino Unido e o caso de um detido na Marcha Pela Vida, ao atirar um cocktail molotov, e a ministra condenou todos os crimes de \u00f3dio.<\/li>\n<li>A ministra afirmou que um discurso polarizador e populista contribui para este tipo de crime e que o Governo pretende combat\u00ea-lo.<\/li>\n<li>Questionada sobre buscas na C\u00e2mara Municipal de Albufeira, a ministra n\u00e3o comentou casos espec\u00edficos, reiterando que todos os pol\u00edticos devem ter um papel de consci\u00eancia e dar o exemplo na comunica\u00e7\u00e3o.<\/li>\n<\/ul>\n","protected":false},"author":2,"featured_media":427983,"comment_status":"closed","ping_status":"closed","sticky":false,"template":"","format":"standard","meta":{"footnotes":""},"categories":[6907,7374],"tags":[3598,2633,803,2832,1014,250],"class_list":["post-427981","post","type-post","status-publish","format-standard","has-post-thumbnail","hentry","category-crime","category-criminalidade","tag-crimes-de-odio","tag-direitos-humanos","tag-justica","tag-politica","tag-portugal","tag-seguranca-publica"],"yoast_head":"<!-- This site is optimized with the Yoast SEO plugin v27.2 - https:\/\/yoast.com\/product\/yoast-seo-wordpress\/ -->\n<title>Crimes de \u00f3dio registam aumento de cerca de 6% em 2025 - Portal Tela Portugal<\/title>\n<meta name=\"robots\" content=\"index, follow, max-snippet:-1, max-image-preview:large, max-video-preview:-1\" \/>\n<meta property=\"og:locale\" content=\"pt_PT\" \/>\n<meta property=\"og:type\" content=\"article\" \/>\n<meta property=\"og:title\" content=\"Crimes de \u00f3dio registam aumento de cerca de 6% em 2025 - Portal Tela Portugal\" \/>\n<meta property=\"og:description\" content=\"Crimes de \u00f3dio aumentaram cerca de 6% em 2025, segundo o Relat\u00f3rio Anual de Seguran\u00e7a Interna (RASI). A informa\u00e7\u00e3o foi apresentada pela ministra da Justi\u00e7a numa audi\u00e7\u00e3o parlamentar, em resposta a perguntas da deputada Cristina Rodrigues (Chega). Cristina Rodrigues citou exemplos do Reino Unido e o caso de um detido na Marcha Pela Vida, ao atirar um cocktail molotov, e a ministra condenou todos os crimes de \u00f3dio. A ministra afirmou que um discurso polarizador e populista contribui para este tipo de crime e que o Governo pretende combat\u00ea-lo. Questionada sobre buscas na C\u00e2mara Municipal de Albufeira, a ministra n\u00e3o comentou casos espec\u00edficos, reiterando que todos os pol\u00edticos devem ter um papel de consci\u00eancia e dar o exemplo na comunica\u00e7\u00e3o.\" \/>\n<meta property=\"og:url\" content=\"https:\/\/portaltela.pt\/noticias\/2026\/03\/31\/crimes-de-odio-registam-aumento-de-cerca-de-6-em-2025\/\" \/>\n<meta property=\"og:site_name\" content=\"Portal Tela Portugal\" \/>\n<meta property=\"article:published_time\" content=\"2026-03-31T16:02:39+00:00\" \/>\n<meta name=\"author\" content=\"Telinha\" \/>\n<meta name=\"twitter:card\" content=\"summary_large_image\" \/>\n<meta name=\"twitter:label1\" content=\"Escrito por\" \/>\n\t<meta name=\"twitter:data1\" content=\"Telinha\" \/>\n\t<meta name=\"twitter:label2\" content=\"Tempo estimado de leitura\" \/>\n\t<meta name=\"twitter:data2\" content=\"1 minuto\" \/>\n<script type=\"application\/ld+json\" class=\"yoast-schema-graph\">{\"@context\":\"https:\/\/schema.org\",\"@graph\":[{\"@type\":\"Article\",\"@id\":\"https:\/\/portaltela.pt\/noticias\/2026\/03\/31\/crimes-de-odio-registam-aumento-de-cerca-de-6-em-2025\/#article\",\"isPartOf\":{\"@id\":\"https:\/\/portaltela.pt\/noticias\/2026\/03\/31\/crimes-de-odio-registam-aumento-de-cerca-de-6-em-2025\/\"},\"author\":{\"name\":\"Telinha\",\"@id\":\"https:\/\/portaltela.pt\/#\/schema\/person\/c4278d4a6028830caff9ee44b42d32ed\"},\"headline\":\"Crimes de \u00f3dio registam aumento de cerca de 6% em 2025\",\"datePublished\":\"2026-03-31T16:02:39+00:00\",\"mainEntityOfPage\":{\"@id\":\"https:\/\/portaltela.pt\/noticias\/2026\/03\/31\/crimes-de-odio-registam-aumento-de-cerca-de-6-em-2025\/\"},\"wordCount\":253,\"image\":{\"@id\":\"https:\/\/portaltela.pt\/noticias\/2026\/03\/31\/crimes-de-odio-registam-aumento-de-cerca-de-6-em-2025\/#primaryimage\"},\"thumbnailUrl\":\"https:\/\/portaltela.pt\/s.01k8rhncp4jt1\/2026\/03\/img_1500x1000uu2026-03-23-17-01-02-2274323.jpg\",\"keywords\":[\"crimes de \u00f3dio\",\"direitos humanos\",\"justi\u00e7a\",\"pol\u00edtica\",\"Portugal\",\"seguran\u00e7a p\u00fablica\"],\"articleSection\":[\"Crime\",\"Criminalidade\"],\"inLanguage\":\"pt-PT\"},{\"@type\":\"WebPage\",\"@id\":\"https:\/\/portaltela.pt\/noticias\/2026\/03\/31\/crimes-de-odio-registam-aumento-de-cerca-de-6-em-2025\/\",\"url\":\"https:\/\/portaltela.pt\/noticias\/2026\/03\/31\/crimes-de-odio-registam-aumento-de-cerca-de-6-em-2025\/\",\"name\":\"Crimes de \u00f3dio registam aumento de cerca de 6% em 2025 - Portal Tela Portugal\",\"isPartOf\":{\"@id\":\"https:\/\/portaltela.pt\/#website\"},\"primaryImageOfPage\":{\"@id\":\"https:\/\/portaltela.pt\/noticias\/2026\/03\/31\/crimes-de-odio-registam-aumento-de-cerca-de-6-em-2025\/#primaryimage\"},\"image\":{\"@id\":\"https:\/\/portaltela.pt\/noticias\/2026\/03\/31\/crimes-de-odio-registam-aumento-de-cerca-de-6-em-2025\/#primaryimage\"},\"thumbnailUrl\":\"https:\/\/portaltela.pt\/s.01k8rhncp4jt1\/2026\/03\/img_1500x1000uu2026-03-23-17-01-02-2274323.jpg\",\"datePublished\":\"2026-03-31T16:02:39+00:00\",\"author\":{\"@id\":\"https:\/\/portaltela.pt\/#\/schema\/person\/c4278d4a6028830caff9ee44b42d32ed\"},\"breadcrumb\":{\"@id\":\"https:\/\/portaltela.pt\/noticias\/2026\/03\/31\/crimes-de-odio-registam-aumento-de-cerca-de-6-em-2025\/#breadcrumb\"},\"inLanguage\":\"pt-PT\",\"potentialAction\":[{\"@type\":\"ReadAction\",\"target\":[\"https:\/\/portaltela.pt\/noticias\/2026\/03\/31\/crimes-de-odio-registam-aumento-de-cerca-de-6-em-2025\/\"]}]},{\"@type\":\"ImageObject\",\"inLanguage\":\"pt-PT\",\"@id\":\"https:\/\/portaltela.pt\/noticias\/2026\/03\/31\/crimes-de-odio-registam-aumento-de-cerca-de-6-em-2025\/#primaryimage\",\"url\":\"https:\/\/portaltela.pt\/s.01k8rhncp4jt1\/2026\/03\/img_1500x1000uu2026-03-23-17-01-02-2274323.jpg\",\"contentUrl\":\"https:\/\/portaltela.pt\/s.01k8rhncp4jt1\/2026\/03\/img_1500x1000uu2026-03-23-17-01-02-2274323.jpg\",\"width\":796,\"height\":448,\"caption\":\"Ministra da Justi\u00e7a, Rita J\u00fadice\"},{\"@type\":\"BreadcrumbList\",\"@id\":\"https:\/\/portaltela.pt\/noticias\/2026\/03\/31\/crimes-de-odio-registam-aumento-de-cerca-de-6-em-2025\/#breadcrumb\",\"itemListElement\":[{\"@type\":\"ListItem\",\"position\":1,\"name\":\"In\u00edcio\",\"item\":\"https:\/\/portaltela.pt\/\"},{\"@type\":\"ListItem\",\"position\":2,\"name\":\"Crimes de \u00f3dio registam aumento de cerca de 6% em 2025\"}]},{\"@type\":\"WebSite\",\"@id\":\"https:\/\/portaltela.pt\/#website\",\"url\":\"https:\/\/portaltela.pt\/\",\"name\":\"Portal Tela Portugal\",\"description\":\"\",\"potentialAction\":[{\"@type\":\"SearchAction\",\"target\":{\"@type\":\"EntryPoint\",\"urlTemplate\":\"https:\/\/portaltela.pt\/?s={search_term_string}\"},\"query-input\":{\"@type\":\"PropertyValueSpecification\",\"valueRequired\":true,\"valueName\":\"search_term_string\"}}],\"inLanguage\":\"pt-PT\"},{\"@type\":\"Person\",\"@id\":\"https:\/\/portaltela.pt\/#\/schema\/person\/c4278d4a6028830caff9ee44b42d32ed\",\"name\":\"Telinha\",\"image\":{\"@type\":\"ImageObject\",\"inLanguage\":\"pt-PT\",\"@id\":\"https:\/\/portaltela.pt\/s.01k8rhncp4jt1\/2025\/11\/talking-bot-125x125.png\",\"url\":\"https:\/\/portaltela.pt\/s.01k8rhncp4jt1\/2025\/11\/talking-bot-125x125.png\",\"contentUrl\":\"https:\/\/portaltela.pt\/s.01k8rhncp4jt1\/2025\/11\/talking-bot-125x125.png\",\"caption\":\"Telinha\"},\"sameAs\":[\"https:\/\/portaltela.pt\/\"],\"url\":\"https:\/\/portaltela.pt\/por\/367410592786\/\"}]}<\/script>\n<!-- \/ Yoast SEO plugin. -->","yoast_head_json":{"title":"Crimes de \u00f3dio registam aumento de cerca de 6% em 2025 - Portal Tela Portugal","robots":{"index":"index","follow":"follow","max-snippet":"max-snippet:-1","max-image-preview":"max-image-preview:large","max-video-preview":"max-video-preview:-1"},"og_locale":"pt_PT","og_type":"article","og_title":"Crimes de \u00f3dio registam aumento de cerca de 6% em 2025 - Portal Tela Portugal","og_description":"Crimes de \u00f3dio aumentaram cerca de 6% em 2025, segundo o Relat\u00f3rio Anual de Seguran\u00e7a Interna (RASI). A informa\u00e7\u00e3o foi apresentada pela ministra da Justi\u00e7a numa audi\u00e7\u00e3o parlamentar, em resposta a perguntas da deputada Cristina Rodrigues (Chega). Cristina Rodrigues citou exemplos do Reino Unido e o caso de um detido na Marcha Pela Vida, ao atirar um cocktail molotov, e a ministra condenou todos os crimes de \u00f3dio. A ministra afirmou que um discurso polarizador e populista contribui para este tipo de crime e que o Governo pretende combat\u00ea-lo. Questionada sobre buscas na C\u00e2mara Municipal de Albufeira, a ministra n\u00e3o comentou casos espec\u00edficos, reiterando que todos os pol\u00edticos devem ter um papel de consci\u00eancia e dar o exemplo na comunica\u00e7\u00e3o.","og_url":"https:\/\/portaltela.pt\/noticias\/2026\/03\/31\/crimes-de-odio-registam-aumento-de-cerca-de-6-em-2025\/","og_site_name":"Portal Tela Portugal","article_published_time":"2026-03-31T16:02:39+00:00","author":"Telinha","twitter_card":"summary_large_image","twitter_misc":{"Escrito por":"Telinha","Tempo estimado de leitura":"1 minuto"},"schema":{"@context":"https:\/\/schema.org","@graph":[{"@type":"Article","@id":"https:\/\/portaltela.pt\/noticias\/2026\/03\/31\/crimes-de-odio-registam-aumento-de-cerca-de-6-em-2025\/#article","isPartOf":{"@id":"https:\/\/portaltela.pt\/noticias\/2026\/03\/31\/crimes-de-odio-registam-aumento-de-cerca-de-6-em-2025\/"},"author":{"name":"Telinha","@id":"https:\/\/portaltela.pt\/#\/schema\/person\/c4278d4a6028830caff9ee44b42d32ed"},"headline":"Crimes de \u00f3dio registam aumento de cerca de 6% em 2025","datePublished":"2026-03-31T16:02:39+00:00","mainEntityOfPage":{"@id":"https:\/\/portaltela.pt\/noticias\/2026\/03\/31\/crimes-de-odio-registam-aumento-de-cerca-de-6-em-2025\/"},"wordCount":253,"image":{"@id":"https:\/\/portaltela.pt\/noticias\/2026\/03\/31\/crimes-de-odio-registam-aumento-de-cerca-de-6-em-2025\/#primaryimage"},"thumbnailUrl":"https:\/\/portaltela.pt\/s.01k8rhncp4jt1\/2026\/03\/img_1500x1000uu2026-03-23-17-01-02-2274323.jpg","keywords":["crimes de \u00f3dio","direitos humanos","justi\u00e7a","pol\u00edtica","Portugal","seguran\u00e7a p\u00fablica"],"articleSection":["Crime","Criminalidade"],"inLanguage":"pt-PT"},{"@type":"WebPage","@id":"https:\/\/portaltela.pt\/noticias\/2026\/03\/31\/crimes-de-odio-registam-aumento-de-cerca-de-6-em-2025\/","url":"https:\/\/portaltela.pt\/noticias\/2026\/03\/31\/crimes-de-odio-registam-aumento-de-cerca-de-6-em-2025\/","name":"Crimes de \u00f3dio registam aumento de cerca de 6% em 2025 - Portal Tela Portugal","isPartOf":{"@id":"https:\/\/portaltela.pt\/#website"},"primaryImageOfPage":{"@id":"https:\/\/portaltela.pt\/noticias\/2026\/03\/31\/crimes-de-odio-registam-aumento-de-cerca-de-6-em-2025\/#primaryimage"},"image":{"@id":"https:\/\/portaltela.pt\/noticias\/2026\/03\/31\/crimes-de-odio-registam-aumento-de-cerca-de-6-em-2025\/#primaryimage"},"thumbnailUrl":"https:\/\/portaltela.pt\/s.01k8rhncp4jt1\/2026\/03\/img_1500x1000uu2026-03-23-17-01-02-2274323.jpg","datePublished":"2026-03-31T16:02:39+00:00","author":{"@id":"https:\/\/portaltela.pt\/#\/schema\/person\/c4278d4a6028830caff9ee44b42d32ed"},"breadcrumb":{"@id":"https:\/\/portaltela.pt\/noticias\/2026\/03\/31\/crimes-de-odio-registam-aumento-de-cerca-de-6-em-2025\/#breadcrumb"},"inLanguage":"pt-PT","potentialAction":[{"@type":"ReadAction","target":["https:\/\/portaltela.pt\/noticias\/2026\/03\/31\/crimes-de-odio-registam-aumento-de-cerca-de-6-em-2025\/"]}]},{"@type":"ImageObject","inLanguage":"pt-PT","@id":"https:\/\/portaltela.pt\/noticias\/2026\/03\/31\/crimes-de-odio-registam-aumento-de-cerca-de-6-em-2025\/#primaryimage","url":"https:\/\/portaltela.pt\/s.01k8rhncp4jt1\/2026\/03\/img_1500x1000uu2026-03-23-17-01-02-2274323.jpg","contentUrl":"https:\/\/portaltela.pt\/s.01k8rhncp4jt1\/2026\/03\/img_1500x1000uu2026-03-23-17-01-02-2274323.jpg","width":796,"height":448,"caption":"Ministra da Justi\u00e7a, Rita J\u00fadice"},{"@type":"BreadcrumbList","@id":"https:\/\/portaltela.pt\/noticias\/2026\/03\/31\/crimes-de-odio-registam-aumento-de-cerca-de-6-em-2025\/#breadcrumb","itemListElement":[{"@type":"ListItem","position":1,"name":"In\u00edcio","item":"https:\/\/portaltela.pt\/"},{"@type":"ListItem","position":2,"name":"Crimes de \u00f3dio registam aumento de cerca de 6% em 2025"}]},{"@type":"WebSite","@id":"https:\/\/portaltela.pt\/#website","url":"https:\/\/portaltela.pt\/","name":"Portal Tela Portugal","description":"","potentialAction":[{"@type":"SearchAction","target":{"@type":"EntryPoint","urlTemplate":"https:\/\/portaltela.pt\/?s={search_term_string}"},"query-input":{"@type":"PropertyValueSpecification","valueRequired":true,"valueName":"search_term_string"}}],"inLanguage":"pt-PT"},{"@type":"Person","@id":"https:\/\/portaltela.pt\/#\/schema\/person\/c4278d4a6028830caff9ee44b42d32ed","name":"Telinha","image":{"@type":"ImageObject","inLanguage":"pt-PT","@id":"https:\/\/portaltela.pt\/s.01k8rhncp4jt1\/2025\/11\/talking-bot-125x125.png","url":"https:\/\/portaltela.pt\/s.01k8rhncp4jt1\/2025\/11\/talking-bot-125x125.png","contentUrl":"https:\/\/portaltela.pt\/s.01k8rhncp4jt1\/2025\/11\/talking-bot-125x125.png","caption":"Telinha"},"sameAs":["https:\/\/portaltela.pt\/"],"url":"https:\/\/portaltela.pt\/por\/367410592786\/"}]}},"_links":{"self":[{"href":"https:\/\/portaltela.pt\/api\/wp\/v2\/posts\/427981","targetHints":{"allow":["GET"]}}],"collection":[{"href":"https:\/\/portaltela.pt\/api\/wp\/v2\/posts"}],"about":[{"href":"https:\/\/portaltela.pt\/api\/wp\/v2\/types\/post"}],"author":[{"embeddable":true,"href":"https:\/\/portaltela.pt\/api\/wp\/v2\/users\/2"}],"replies":[{"embeddable":true,"href":"https:\/\/portaltela.pt\/api\/wp\/v2\/comments?post=427981"}],"version-history":[{"count":0,"href":"https:\/\/portaltela.pt\/api\/wp\/v2\/posts\/427981\/revisions"}],"wp:featuredmedia":[{"embeddable":true,"href":"https:\/\/portaltela.pt\/api\/wp\/v2\/media\/427983"}],"wp:attachment":[{"href":"https:\/\/portaltela.pt\/api\/wp\/v2\/media?parent=427981"}],"wp:term":[{"taxonomy":"category","embeddable":true,"href":"https:\/\/portaltela.pt\/api\/wp\/v2\/categories?post=427981"},{"taxonomy":"post_tag","embeddable":true,"href":"https:\/\/portaltela.pt\/api\/wp\/v2\/tags?post=427981"}],"curies":[{"name":"wp","href":"https:\/\/api.w.org\/{rel}","templated":true}]}}