{"id":427976,"date":"2026-03-31T13:02:37","date_gmt":"2026-03-31T16:02:37","guid":{"rendered":"https:\/\/portaltela.pt\/noticias\/2026\/03\/31\/taca-das-nacoes-marca-estreia-de-reinaldo-ventura-no-comando-de-portugal\/"},"modified":"2026-03-31T13:02:37","modified_gmt":"2026-03-31T16:02:37","slug":"taca-das-nacoes-marca-estreia-de-reinaldo-ventura-no-comando-de-portugal","status":"publish","type":"post","link":"https:\/\/portaltela.pt\/desporto\/copa-do-mundo\/2026\/03\/31\/taca-das-nacoes-marca-estreia-de-reinaldo-ventura-no-comando-de-portugal\/","title":{"rendered":"Ta\u00e7a das Na\u00e7\u00f5es marca estreia de Reinaldo Ventura no comando de Portugal"},"content":{"rendered":"<p>A Ta\u00e7a das Na\u00e7\u00f5es marca a estreia oficial de Reinaldo Ventura no comando t\u00e9cnico da sele\u00e7\u00e3o de h\u00f3quei em patins de Portugal. A 70\u00aa edi\u00e7\u00e3o da competi\u00e7\u00e3o arranca esta quarta-feira, em Montreux, Su\u00ed\u00e7a, com o objetivo de chegar ao 22\u00ba t\u00edtulo.<\/p>\n<p>Portugal parte certo de favorito em todas as competi\u00e7\u00f5es, segundo o treinador, mesmo diante de um calend\u00e1rio reduzido. O mini est\u00e1gio de apenas tr\u00eas dias imp\u00f5e rapidez na assimila\u00e7\u00e3o de processos, sem, por\u00e9m, colocar em causa a ambi\u00e7\u00e3o de vencer.<\/p>\n<p>O t\u00e9cnico assinalou que, apesar do tempo curto, os jogadores de alto n\u00edvel absorvem rapidamente as ideias base. A equipa entra na prova com a firmeza de manter o padr\u00e3o de sucesso na Ta\u00e7a das Na\u00e7\u00f5es.<\/p>\n<h3>Convocados e objetivo de ciclo<\/h3>\n<p>Reinaldo Ventura promoveu o regresso ao plantel de Pedro Henriques e Jo\u00e3o Rodrigues, ambos do Benfica, ausentes no Europeu vencido por Portugal. Paulo Freitas j\u00e1 n\u00e3o comanda a equipa nesta edi\u00e7\u00e3o.<\/p>\n<p>A lista de convocados \u00e9 public\u00e1vel pela federa\u00e7\u00e3o, com foco na forma\u00e7\u00e3o de grupo para a prova. A sele\u00e7\u00e3o inicia a competi\u00e7\u00e3o com o objetivo de consolidar o dom\u00ednio hist\u00f3rico na prova.<\/p>\n<p>Portugal integra o Grupo B \u2013 Livramento \u2013 com Fran\u00e7a, Espanha e Su\u00ed\u00e7a. O Grupo A \u2013 Samaranch \u2013 re\u00fane Argentina, It\u00e1lia, Angola e Montreux HC, equipa anfitri\u00e3.<\/p>\n<p>O conjunto luso estreia na Ta\u00e7a das Na\u00e7\u00f5es frente \u00e0 Su\u00ed\u00e7a esta quarta-feira, \u00e0s 18h00, segue-se Fran\u00e7a na quinta, \u00e0s 20h30, e Espanha na sexta, \u00e0s 20h00.<\/p>\n","protected":false},"excerpt":{"rendered":"<ul>\n<li>A Ta\u00e7a das Na\u00e7\u00f5es, 70.\u00aa edi\u00e7\u00e3o, come\u00e7a em Montreux, Su\u00ed\u00e7a, com a estreia oficial de Reinaldo Ventura como selecionador nacional.<\/li>\n<li>Portugal procura conquistar o 22.\u00ba trof\u00e9u e consolidar o recorde de t\u00edtulos na prova.<\/li>\n<li>O treinador admite pouco tempo de prepara\u00e7\u00e3o, com um mini est\u00e1gio de tr\u00eas dias, mas afirma que a equipa est\u00e1 preparada para vencer.<\/li>\n<li>Regresso aos convocados do guarda-redes Pedro Henriques e de Jo\u00e3o Rodrigues, ap\u00f3s terem falhado o Europeu.<\/li>\n<li>Portugal integra o Grupo B, com Fran\u00e7a, Espanha e Su\u00ed\u00e7a; abre frente \u00e0 Su\u00ed\u00e7a hoje \u00e0s 18h00, segue-se Fran\u00e7a e depois Espanha.<\/li>\n<\/ul>\n","protected":false},"author":2,"featured_media":427982,"comment_status":"closed","ping_status":"closed","sticky":false,"template":"","format":"standard","meta":{"footnotes":""},"categories":[6695,21],"tags":[2031,1856,273,1014,2991,7334],"class_list":["post-427976","post","type-post","status-publish","format-standard","has-post-thumbnail","hentry","category-copa-do-mundo","category-desporto","tag-espanha","tag-franca","tag-hoquei","tag-portugal","tag-suica","tag-taca-das-nacoes"],"yoast_head":"<!-- This site is optimized with the Yoast SEO plugin v27.2 - https:\/\/yoast.com\/product\/yoast-seo-wordpress\/ -->\n<title>Ta\u00e7a das Na\u00e7\u00f5es marca estreia de Reinaldo Ventura no comando de Portugal - Portal Tela Portugal<\/title>\n<meta name=\"robots\" content=\"index, follow, max-snippet:-1, max-image-preview:large, max-video-preview:-1\" \/>\n<meta property=\"og:locale\" content=\"pt_PT\" \/>\n<meta property=\"og:type\" content=\"article\" \/>\n<meta property=\"og:title\" content=\"Ta\u00e7a das Na\u00e7\u00f5es marca estreia de Reinaldo Ventura no comando de Portugal - Portal Tela Portugal\" \/>\n<meta property=\"og:description\" content=\"A Ta\u00e7a das Na\u00e7\u00f5es, 70.\u00aa edi\u00e7\u00e3o, come\u00e7a em Montreux, Su\u00ed\u00e7a, com a estreia oficial de Reinaldo Ventura como selecionador nacional. Portugal procura conquistar o 22.\u00ba trof\u00e9u e consolidar o recorde de t\u00edtulos na prova. O treinador admite pouco tempo de prepara\u00e7\u00e3o, com um mini est\u00e1gio de tr\u00eas dias, mas afirma que a equipa est\u00e1 preparada para vencer. Regresso aos convocados do guarda-redes Pedro Henriques e de Jo\u00e3o Rodrigues, ap\u00f3s terem falhado o Europeu. Portugal integra o Grupo B, com Fran\u00e7a, Espanha e Su\u00ed\u00e7a; abre frente \u00e0 Su\u00ed\u00e7a hoje \u00e0s 18h00, segue-se Fran\u00e7a e depois Espanha.\" \/>\n<meta property=\"og:url\" content=\"https:\/\/portaltela.pt\/noticias\/2026\/03\/31\/taca-das-nacoes-marca-estreia-de-reinaldo-ventura-no-comando-de-portugal\/\" \/>\n<meta property=\"og:site_name\" content=\"Portal Tela Portugal\" \/>\n<meta property=\"article:published_time\" content=\"2026-03-31T16:02:37+00:00\" \/>\n<meta name=\"author\" content=\"Telinha\" \/>\n<meta name=\"twitter:card\" content=\"summary_large_image\" \/>\n<meta name=\"twitter:label1\" content=\"Escrito por\" \/>\n\t<meta name=\"twitter:data1\" content=\"Telinha\" \/>\n\t<meta name=\"twitter:label2\" content=\"Tempo estimado de leitura\" \/>\n\t<meta name=\"twitter:data2\" content=\"1 minuto\" \/>\n<script type=\"application\/ld+json\" class=\"yoast-schema-graph\">{\"@context\":\"https:\/\/schema.org\",\"@graph\":[{\"@type\":\"Article\",\"@id\":\"https:\/\/portaltela.pt\/noticias\/2026\/03\/31\/taca-das-nacoes-marca-estreia-de-reinaldo-ventura-no-comando-de-portugal\/#article\",\"isPartOf\":{\"@id\":\"https:\/\/portaltela.pt\/noticias\/2026\/03\/31\/taca-das-nacoes-marca-estreia-de-reinaldo-ventura-no-comando-de-portugal\/\"},\"author\":{\"name\":\"Telinha\",\"@id\":\"https:\/\/portaltela.pt\/#\/schema\/person\/c4278d4a6028830caff9ee44b42d32ed\"},\"headline\":\"Ta\u00e7a das Na\u00e7\u00f5es marca estreia de Reinaldo Ventura no comando de Portugal\",\"datePublished\":\"2026-03-31T16:02:37+00:00\",\"mainEntityOfPage\":{\"@id\":\"https:\/\/portaltela.pt\/noticias\/2026\/03\/31\/taca-das-nacoes-marca-estreia-de-reinaldo-ventura-no-comando-de-portugal\/\"},\"wordCount\":286,\"image\":{\"@id\":\"https:\/\/portaltela.pt\/noticias\/2026\/03\/31\/taca-das-nacoes-marca-estreia-de-reinaldo-ventura-no-comando-de-portugal\/#primaryimage\"},\"thumbnailUrl\":\"https:\/\/portaltela.pt\/s.01k8rhncp4jt1\/2026\/03\/img_920x518uu2026-03-31-16-48-47-2430292.jpg\",\"keywords\":[\"Espanha\",\"Fran\u00e7a\",\"h\u00f3quei\",\"Portugal\",\"Su\u00ed\u00e7a\",\"Ta\u00e7a das Na\u00e7\u00f5es\"],\"articleSection\":[\"Copa do Mundo\",\"Desporto\"],\"inLanguage\":\"pt-PT\"},{\"@type\":\"WebPage\",\"@id\":\"https:\/\/portaltela.pt\/noticias\/2026\/03\/31\/taca-das-nacoes-marca-estreia-de-reinaldo-ventura-no-comando-de-portugal\/\",\"url\":\"https:\/\/portaltela.pt\/noticias\/2026\/03\/31\/taca-das-nacoes-marca-estreia-de-reinaldo-ventura-no-comando-de-portugal\/\",\"name\":\"Ta\u00e7a das Na\u00e7\u00f5es marca estreia de Reinaldo Ventura no comando de Portugal - Portal Tela Portugal\",\"isPartOf\":{\"@id\":\"https:\/\/portaltela.pt\/#website\"},\"primaryImageOfPage\":{\"@id\":\"https:\/\/portaltela.pt\/noticias\/2026\/03\/31\/taca-das-nacoes-marca-estreia-de-reinaldo-ventura-no-comando-de-portugal\/#primaryimage\"},\"image\":{\"@id\":\"https:\/\/portaltela.pt\/noticias\/2026\/03\/31\/taca-das-nacoes-marca-estreia-de-reinaldo-ventura-no-comando-de-portugal\/#primaryimage\"},\"thumbnailUrl\":\"https:\/\/portaltela.pt\/s.01k8rhncp4jt1\/2026\/03\/img_920x518uu2026-03-31-16-48-47-2430292.jpg\",\"datePublished\":\"2026-03-31T16:02:37+00:00\",\"author\":{\"@id\":\"https:\/\/portaltela.pt\/#\/schema\/person\/c4278d4a6028830caff9ee44b42d32ed\"},\"breadcrumb\":{\"@id\":\"https:\/\/portaltela.pt\/noticias\/2026\/03\/31\/taca-das-nacoes-marca-estreia-de-reinaldo-ventura-no-comando-de-portugal\/#breadcrumb\"},\"inLanguage\":\"pt-PT\",\"potentialAction\":[{\"@type\":\"ReadAction\",\"target\":[\"https:\/\/portaltela.pt\/noticias\/2026\/03\/31\/taca-das-nacoes-marca-estreia-de-reinaldo-ventura-no-comando-de-portugal\/\"]}]},{\"@type\":\"ImageObject\",\"inLanguage\":\"pt-PT\",\"@id\":\"https:\/\/portaltela.pt\/noticias\/2026\/03\/31\/taca-das-nacoes-marca-estreia-de-reinaldo-ventura-no-comando-de-portugal\/#primaryimage\",\"url\":\"https:\/\/portaltela.pt\/s.01k8rhncp4jt1\/2026\/03\/img_920x518uu2026-03-31-16-48-47-2430292.jpg\",\"contentUrl\":\"https:\/\/portaltela.pt\/s.01k8rhncp4jt1\/2026\/03\/img_920x518uu2026-03-31-16-48-47-2430292.jpg\",\"width\":796,\"height\":448,\"caption\":\"Reinaldo Ventura convocou Pedro Henriques\"},{\"@type\":\"BreadcrumbList\",\"@id\":\"https:\/\/portaltela.pt\/noticias\/2026\/03\/31\/taca-das-nacoes-marca-estreia-de-reinaldo-ventura-no-comando-de-portugal\/#breadcrumb\",\"itemListElement\":[{\"@type\":\"ListItem\",\"position\":1,\"name\":\"In\u00edcio\",\"item\":\"https:\/\/portaltela.pt\/\"},{\"@type\":\"ListItem\",\"position\":2,\"name\":\"Ta\u00e7a das Na\u00e7\u00f5es marca estreia de Reinaldo Ventura no comando de Portugal\"}]},{\"@type\":\"WebSite\",\"@id\":\"https:\/\/portaltela.pt\/#website\",\"url\":\"https:\/\/portaltela.pt\/\",\"name\":\"Portal Tela Portugal\",\"description\":\"\",\"potentialAction\":[{\"@type\":\"SearchAction\",\"target\":{\"@type\":\"EntryPoint\",\"urlTemplate\":\"https:\/\/portaltela.pt\/?s={search_term_string}\"},\"query-input\":{\"@type\":\"PropertyValueSpecification\",\"valueRequired\":true,\"valueName\":\"search_term_string\"}}],\"inLanguage\":\"pt-PT\"},{\"@type\":\"Person\",\"@id\":\"https:\/\/portaltela.pt\/#\/schema\/person\/c4278d4a6028830caff9ee44b42d32ed\",\"name\":\"Telinha\",\"image\":{\"@type\":\"ImageObject\",\"inLanguage\":\"pt-PT\",\"@id\":\"https:\/\/portaltela.pt\/s.01k8rhncp4jt1\/2025\/11\/talking-bot-125x125.png\",\"url\":\"https:\/\/portaltela.pt\/s.01k8rhncp4jt1\/2025\/11\/talking-bot-125x125.png\",\"contentUrl\":\"https:\/\/portaltela.pt\/s.01k8rhncp4jt1\/2025\/11\/talking-bot-125x125.png\",\"caption\":\"Telinha\"},\"sameAs\":[\"https:\/\/portaltela.pt\/\"],\"url\":\"https:\/\/portaltela.pt\/por\/367410592786\/\"}]}<\/script>\n<!-- \/ Yoast SEO plugin. -->","yoast_head_json":{"title":"Ta\u00e7a das Na\u00e7\u00f5es marca estreia de Reinaldo Ventura no comando de Portugal - Portal Tela Portugal","robots":{"index":"index","follow":"follow","max-snippet":"max-snippet:-1","max-image-preview":"max-image-preview:large","max-video-preview":"max-video-preview:-1"},"og_locale":"pt_PT","og_type":"article","og_title":"Ta\u00e7a das Na\u00e7\u00f5es marca estreia de Reinaldo Ventura no comando de Portugal - Portal Tela Portugal","og_description":"A Ta\u00e7a das Na\u00e7\u00f5es, 70.\u00aa edi\u00e7\u00e3o, come\u00e7a em Montreux, Su\u00ed\u00e7a, com a estreia oficial de Reinaldo Ventura como selecionador nacional. Portugal procura conquistar o 22.\u00ba trof\u00e9u e consolidar o recorde de t\u00edtulos na prova. O treinador admite pouco tempo de prepara\u00e7\u00e3o, com um mini est\u00e1gio de tr\u00eas dias, mas afirma que a equipa est\u00e1 preparada para vencer. Regresso aos convocados do guarda-redes Pedro Henriques e de Jo\u00e3o Rodrigues, ap\u00f3s terem falhado o Europeu. Portugal integra o Grupo B, com Fran\u00e7a, Espanha e Su\u00ed\u00e7a; abre frente \u00e0 Su\u00ed\u00e7a hoje \u00e0s 18h00, segue-se Fran\u00e7a e depois Espanha.","og_url":"https:\/\/portaltela.pt\/noticias\/2026\/03\/31\/taca-das-nacoes-marca-estreia-de-reinaldo-ventura-no-comando-de-portugal\/","og_site_name":"Portal Tela Portugal","article_published_time":"2026-03-31T16:02:37+00:00","author":"Telinha","twitter_card":"summary_large_image","twitter_misc":{"Escrito por":"Telinha","Tempo estimado de leitura":"1 minuto"},"schema":{"@context":"https:\/\/schema.org","@graph":[{"@type":"Article","@id":"https:\/\/portaltela.pt\/noticias\/2026\/03\/31\/taca-das-nacoes-marca-estreia-de-reinaldo-ventura-no-comando-de-portugal\/#article","isPartOf":{"@id":"https:\/\/portaltela.pt\/noticias\/2026\/03\/31\/taca-das-nacoes-marca-estreia-de-reinaldo-ventura-no-comando-de-portugal\/"},"author":{"name":"Telinha","@id":"https:\/\/portaltela.pt\/#\/schema\/person\/c4278d4a6028830caff9ee44b42d32ed"},"headline":"Ta\u00e7a das Na\u00e7\u00f5es marca estreia de Reinaldo Ventura no comando de Portugal","datePublished":"2026-03-31T16:02:37+00:00","mainEntityOfPage":{"@id":"https:\/\/portaltela.pt\/noticias\/2026\/03\/31\/taca-das-nacoes-marca-estreia-de-reinaldo-ventura-no-comando-de-portugal\/"},"wordCount":286,"image":{"@id":"https:\/\/portaltela.pt\/noticias\/2026\/03\/31\/taca-das-nacoes-marca-estreia-de-reinaldo-ventura-no-comando-de-portugal\/#primaryimage"},"thumbnailUrl":"https:\/\/portaltela.pt\/s.01k8rhncp4jt1\/2026\/03\/img_920x518uu2026-03-31-16-48-47-2430292.jpg","keywords":["Espanha","Fran\u00e7a","h\u00f3quei","Portugal","Su\u00ed\u00e7a","Ta\u00e7a das Na\u00e7\u00f5es"],"articleSection":["Copa do Mundo","Desporto"],"inLanguage":"pt-PT"},{"@type":"WebPage","@id":"https:\/\/portaltela.pt\/noticias\/2026\/03\/31\/taca-das-nacoes-marca-estreia-de-reinaldo-ventura-no-comando-de-portugal\/","url":"https:\/\/portaltela.pt\/noticias\/2026\/03\/31\/taca-das-nacoes-marca-estreia-de-reinaldo-ventura-no-comando-de-portugal\/","name":"Ta\u00e7a das Na\u00e7\u00f5es marca estreia de Reinaldo Ventura no comando de Portugal - Portal Tela Portugal","isPartOf":{"@id":"https:\/\/portaltela.pt\/#website"},"primaryImageOfPage":{"@id":"https:\/\/portaltela.pt\/noticias\/2026\/03\/31\/taca-das-nacoes-marca-estreia-de-reinaldo-ventura-no-comando-de-portugal\/#primaryimage"},"image":{"@id":"https:\/\/portaltela.pt\/noticias\/2026\/03\/31\/taca-das-nacoes-marca-estreia-de-reinaldo-ventura-no-comando-de-portugal\/#primaryimage"},"thumbnailUrl":"https:\/\/portaltela.pt\/s.01k8rhncp4jt1\/2026\/03\/img_920x518uu2026-03-31-16-48-47-2430292.jpg","datePublished":"2026-03-31T16:02:37+00:00","author":{"@id":"https:\/\/portaltela.pt\/#\/schema\/person\/c4278d4a6028830caff9ee44b42d32ed"},"breadcrumb":{"@id":"https:\/\/portaltela.pt\/noticias\/2026\/03\/31\/taca-das-nacoes-marca-estreia-de-reinaldo-ventura-no-comando-de-portugal\/#breadcrumb"},"inLanguage":"pt-PT","potentialAction":[{"@type":"ReadAction","target":["https:\/\/portaltela.pt\/noticias\/2026\/03\/31\/taca-das-nacoes-marca-estreia-de-reinaldo-ventura-no-comando-de-portugal\/"]}]},{"@type":"ImageObject","inLanguage":"pt-PT","@id":"https:\/\/portaltela.pt\/noticias\/2026\/03\/31\/taca-das-nacoes-marca-estreia-de-reinaldo-ventura-no-comando-de-portugal\/#primaryimage","url":"https:\/\/portaltela.pt\/s.01k8rhncp4jt1\/2026\/03\/img_920x518uu2026-03-31-16-48-47-2430292.jpg","contentUrl":"https:\/\/portaltela.pt\/s.01k8rhncp4jt1\/2026\/03\/img_920x518uu2026-03-31-16-48-47-2430292.jpg","width":796,"height":448,"caption":"Reinaldo Ventura convocou Pedro Henriques"},{"@type":"BreadcrumbList","@id":"https:\/\/portaltela.pt\/noticias\/2026\/03\/31\/taca-das-nacoes-marca-estreia-de-reinaldo-ventura-no-comando-de-portugal\/#breadcrumb","itemListElement":[{"@type":"ListItem","position":1,"name":"In\u00edcio","item":"https:\/\/portaltela.pt\/"},{"@type":"ListItem","position":2,"name":"Ta\u00e7a das Na\u00e7\u00f5es marca estreia de Reinaldo Ventura no comando de Portugal"}]},{"@type":"WebSite","@id":"https:\/\/portaltela.pt\/#website","url":"https:\/\/portaltela.pt\/","name":"Portal Tela Portugal","description":"","potentialAction":[{"@type":"SearchAction","target":{"@type":"EntryPoint","urlTemplate":"https:\/\/portaltela.pt\/?s={search_term_string}"},"query-input":{"@type":"PropertyValueSpecification","valueRequired":true,"valueName":"search_term_string"}}],"inLanguage":"pt-PT"},{"@type":"Person","@id":"https:\/\/portaltela.pt\/#\/schema\/person\/c4278d4a6028830caff9ee44b42d32ed","name":"Telinha","image":{"@type":"ImageObject","inLanguage":"pt-PT","@id":"https:\/\/portaltela.pt\/s.01k8rhncp4jt1\/2025\/11\/talking-bot-125x125.png","url":"https:\/\/portaltela.pt\/s.01k8rhncp4jt1\/2025\/11\/talking-bot-125x125.png","contentUrl":"https:\/\/portaltela.pt\/s.01k8rhncp4jt1\/2025\/11\/talking-bot-125x125.png","caption":"Telinha"},"sameAs":["https:\/\/portaltela.pt\/"],"url":"https:\/\/portaltela.pt\/por\/367410592786\/"}]}},"_links":{"self":[{"href":"https:\/\/portaltela.pt\/api\/wp\/v2\/posts\/427976","targetHints":{"allow":["GET"]}}],"collection":[{"href":"https:\/\/portaltela.pt\/api\/wp\/v2\/posts"}],"about":[{"href":"https:\/\/portaltela.pt\/api\/wp\/v2\/types\/post"}],"author":[{"embeddable":true,"href":"https:\/\/portaltela.pt\/api\/wp\/v2\/users\/2"}],"replies":[{"embeddable":true,"href":"https:\/\/portaltela.pt\/api\/wp\/v2\/comments?post=427976"}],"version-history":[{"count":0,"href":"https:\/\/portaltela.pt\/api\/wp\/v2\/posts\/427976\/revisions"}],"wp:featuredmedia":[{"embeddable":true,"href":"https:\/\/portaltela.pt\/api\/wp\/v2\/media\/427982"}],"wp:attachment":[{"href":"https:\/\/portaltela.pt\/api\/wp\/v2\/media?parent=427976"}],"wp:term":[{"taxonomy":"category","embeddable":true,"href":"https:\/\/portaltela.pt\/api\/wp\/v2\/categories?post=427976"},{"taxonomy":"post_tag","embeddable":true,"href":"https:\/\/portaltela.pt\/api\/wp\/v2\/tags?post=427976"}],"curies":[{"name":"wp","href":"https:\/\/api.w.org\/{rel}","templated":true}]}}