{"id":427974,"date":"2026-03-31T13:02:35","date_gmt":"2026-03-31T16:02:35","guid":{"rendered":"https:\/\/portaltela.pt\/noticias\/2026\/03\/31\/morreu-armando-alves-pintor-do-grupo-os-quatro-vintes\/"},"modified":"2026-03-31T13:02:35","modified_gmt":"2026-03-31T16:02:35","slug":"morreu-armando-alves-pintor-do-grupo-os-quatro-vintes","status":"publish","type":"post","link":"https:\/\/portaltela.pt\/noticias\/2026\/03\/31\/morreu-armando-alves-pintor-do-grupo-os-quatro-vintes\/","title":{"rendered":"Morreu Armando Alves, pintor do grupo Os Quatro Vintes"},"content":{"rendered":"<p>Armando Alves, pintor portugu\u00eas e membro do grupo Os Quatro Vintes, morreu aos 90 anos. A not\u00edcia foi confirmada pela Faculdade de Belas Artes da Universidade do Porto (FBAUP). Alves nasceu em Estremoz a 7 de novembro de 1935.<\/p>\n<p>Formado com a nota m\u00e1xima de Pintura na Escola Superior de Belas Artes do Porto, integrava o quarteto que inclu\u00eda \u00c2ngelo de Sousa, Jos\u00e9 Rodrigues e Jorge Pinheiro. O grupo apresentou exposi\u00e7\u00f5es nacionais e internacionais no final dos anos 1960 e in\u00edcio dos 1970.<\/p>\n<p>Durante a sua carreira, Armando Alves destacou-se pela liga\u00e7\u00e3o entre pintura, design gr\u00e1fico e comunica\u00e7\u00e3o visual. Foi um dos pioneiros da forma\u00e7\u00e3o em Artes Gr\u00e1ficas na escola onde laterale lecionou.<\/p>\n<h3>Legado e percurso<\/h3>\n<p>O artista foi reconhecido com o grau de Grande-Oficial da Ordem do M\u00e9rito em 2006 e recebeu, em 2009, o Pr\u00e9mio de Artes Casino da P\u00f3voa. A sua trajet\u00f3ria incluiu tamb\u00e9m uma destacada atividade como designer editorial e cartaz.<\/p>\n<p>Jorge Pinheiro \u00e9 o \u00fanico sobrevivente do grupo Os Quatro Vintes, ap\u00f3s as mortes de \u00c2ngelo de Sousa (2011) e Jos\u00e9 Rodrigues (2016). A mem\u00f3ria de Alves fica associada \u00e0s exposi\u00e7\u00f5es do final dos anos 60 em Porto, Lisboa e Paris.<\/p>\n<p>Em 2025, a Cooperativa \u00c1rvore, no Porto, realizou uma mostra dedicada ao artista, reunindo obras desde 1958 at\u00e9 \u00e0 atualidade, numa homenagem que destacou a rela\u00e7\u00e3o de Alves com a cidade e o universo criativo que ajudou a moldar.<\/p>\n","protected":false},"excerpt":{"rendered":"<ul>\n<li>Morreu o pintor Armando Alves, aos 90 anos, nascido a 7 de novembro de 1935, em Estremoz.<\/li>\n<li>Integrava o grupo Os Quatro Vintes, ao lado de \u00c2ngelo de Sousa, Jos\u00e9 Rodrigues e Jorge Pinheiro; o conjunto ganhou destaque no final dos anos 1960 e in\u00edcio dos anos 1970.<\/li>\n<li>Foi um dos pioneiros da forma\u00e7\u00e3o em Artes Gr\u00e1ficas na Escola Superior de Belas Artes do Porto, que deu origem ao curso de Design de Comunica\u00e7\u00e3o na cidade.<\/li>\n<li>A sua carreira singrou entre pintura, ensino e design, com especial alcance no design editorial e de cartaz; recebeu, em 2006, o grau de Grande-Oficial da Ordem do M\u00e9rito, e, em 2009, o Pr\u00e9mio de Artes Casino da P\u00f3voa.<\/li>\n<li>Atualmente apenas Jorge Pinheiro permanece vivo do grupo; em 2025 a Cooperativa \u00c1rvore exp\u00f4s obras de Alves para assinalar os 90 anos do artista.<\/li>\n<\/ul>\n","protected":false},"author":2,"featured_media":427980,"comment_status":"closed","ping_status":"closed","sticky":false,"template":"","format":"standard","meta":{"footnotes":""},"categories":[7375,1],"tags":[70,4653,1098,1397,982,1014],"class_list":["post-427974","post","type-post","status-publish","format-standard","has-post-thumbnail","hentry","category-cultura","category-noticias","tag-arte","tag-artes-plasticas","tag-estremoz","tag-exposicoes","tag-porto","tag-portugal"],"yoast_head":"<!-- This site is optimized with the Yoast SEO plugin v27.2 - https:\/\/yoast.com\/product\/yoast-seo-wordpress\/ -->\n<title>Morreu Armando Alves, pintor do grupo Os Quatro Vintes - Portal Tela Portugal<\/title>\n<meta name=\"robots\" content=\"index, follow, max-snippet:-1, max-image-preview:large, max-video-preview:-1\" \/>\n<meta property=\"og:locale\" content=\"pt_PT\" \/>\n<meta property=\"og:type\" content=\"article\" \/>\n<meta property=\"og:title\" content=\"Morreu Armando Alves, pintor do grupo Os Quatro Vintes - Portal Tela Portugal\" \/>\n<meta property=\"og:description\" content=\"Morreu o pintor Armando Alves, aos 90 anos, nascido a 7 de novembro de 1935, em Estremoz. Integrava o grupo Os Quatro Vintes, ao lado de \u00c2ngelo de Sousa, Jos\u00e9 Rodrigues e Jorge Pinheiro; o conjunto ganhou destaque no final dos anos 1960 e in\u00edcio dos anos 1970. Foi um dos pioneiros da forma\u00e7\u00e3o em Artes Gr\u00e1ficas na Escola Superior de Belas Artes do Porto, que deu origem ao curso de Design de Comunica\u00e7\u00e3o na cidade. A sua carreira singrou entre pintura, ensino e design, com especial alcance no design editorial e de cartaz; recebeu, em 2006, o grau de Grande-Oficial da Ordem do M\u00e9rito, e, em 2009, o Pr\u00e9mio de Artes Casino da P\u00f3voa. Atualmente apenas Jorge Pinheiro permanece vivo do grupo; em 2025 a Cooperativa \u00c1rvore exp\u00f4s obras de Alves para assinalar os 90 anos do artista.\" \/>\n<meta property=\"og:url\" content=\"https:\/\/portaltela.pt\/noticias\/2026\/03\/31\/morreu-armando-alves-pintor-do-grupo-os-quatro-vintes\/\" \/>\n<meta property=\"og:site_name\" content=\"Portal Tela Portugal\" \/>\n<meta property=\"article:published_time\" content=\"2026-03-31T16:02:35+00:00\" \/>\n<meta name=\"author\" content=\"Telinha\" \/>\n<meta name=\"twitter:card\" content=\"summary_large_image\" \/>\n<meta name=\"twitter:label1\" content=\"Escrito por\" \/>\n\t<meta name=\"twitter:data1\" content=\"Telinha\" \/>\n\t<meta name=\"twitter:label2\" content=\"Tempo estimado de leitura\" \/>\n\t<meta name=\"twitter:data2\" content=\"1 minuto\" \/>\n<script type=\"application\/ld+json\" class=\"yoast-schema-graph\">{\"@context\":\"https:\/\/schema.org\",\"@graph\":[{\"@type\":\"Article\",\"@id\":\"https:\/\/portaltela.pt\/noticias\/2026\/03\/31\/morreu-armando-alves-pintor-do-grupo-os-quatro-vintes\/#article\",\"isPartOf\":{\"@id\":\"https:\/\/portaltela.pt\/noticias\/2026\/03\/31\/morreu-armando-alves-pintor-do-grupo-os-quatro-vintes\/\"},\"author\":{\"name\":\"Telinha\",\"@id\":\"https:\/\/portaltela.pt\/#\/schema\/person\/c4278d4a6028830caff9ee44b42d32ed\"},\"headline\":\"Morreu Armando Alves, pintor do grupo Os Quatro Vintes\",\"datePublished\":\"2026-03-31T16:02:35+00:00\",\"mainEntityOfPage\":{\"@id\":\"https:\/\/portaltela.pt\/noticias\/2026\/03\/31\/morreu-armando-alves-pintor-do-grupo-os-quatro-vintes\/\"},\"wordCount\":250,\"image\":{\"@id\":\"https:\/\/portaltela.pt\/noticias\/2026\/03\/31\/morreu-armando-alves-pintor-do-grupo-os-quatro-vintes\/#primaryimage\"},\"thumbnailUrl\":\"https:\/\/portaltela.pt\/s.01k8rhncp4jt1\/2026\/03\/2078280.jpg\",\"keywords\":[\"arte\",\"Artes Pl\u00e1sticas\",\"Estremoz\",\"exposi\u00e7\u00f5es\",\"Porto\",\"Portugal\"],\"articleSection\":[\"Cultura\",\"Not\u00edcias\"],\"inLanguage\":\"pt-PT\"},{\"@type\":\"WebPage\",\"@id\":\"https:\/\/portaltela.pt\/noticias\/2026\/03\/31\/morreu-armando-alves-pintor-do-grupo-os-quatro-vintes\/\",\"url\":\"https:\/\/portaltela.pt\/noticias\/2026\/03\/31\/morreu-armando-alves-pintor-do-grupo-os-quatro-vintes\/\",\"name\":\"Morreu Armando Alves, pintor do grupo Os Quatro Vintes - Portal Tela Portugal\",\"isPartOf\":{\"@id\":\"https:\/\/portaltela.pt\/#website\"},\"primaryImageOfPage\":{\"@id\":\"https:\/\/portaltela.pt\/noticias\/2026\/03\/31\/morreu-armando-alves-pintor-do-grupo-os-quatro-vintes\/#primaryimage\"},\"image\":{\"@id\":\"https:\/\/portaltela.pt\/noticias\/2026\/03\/31\/morreu-armando-alves-pintor-do-grupo-os-quatro-vintes\/#primaryimage\"},\"thumbnailUrl\":\"https:\/\/portaltela.pt\/s.01k8rhncp4jt1\/2026\/03\/2078280.jpg\",\"datePublished\":\"2026-03-31T16:02:35+00:00\",\"author\":{\"@id\":\"https:\/\/portaltela.pt\/#\/schema\/person\/c4278d4a6028830caff9ee44b42d32ed\"},\"breadcrumb\":{\"@id\":\"https:\/\/portaltela.pt\/noticias\/2026\/03\/31\/morreu-armando-alves-pintor-do-grupo-os-quatro-vintes\/#breadcrumb\"},\"inLanguage\":\"pt-PT\",\"potentialAction\":[{\"@type\":\"ReadAction\",\"target\":[\"https:\/\/portaltela.pt\/noticias\/2026\/03\/31\/morreu-armando-alves-pintor-do-grupo-os-quatro-vintes\/\"]}]},{\"@type\":\"ImageObject\",\"inLanguage\":\"pt-PT\",\"@id\":\"https:\/\/portaltela.pt\/noticias\/2026\/03\/31\/morreu-armando-alves-pintor-do-grupo-os-quatro-vintes\/#primaryimage\",\"url\":\"https:\/\/portaltela.pt\/s.01k8rhncp4jt1\/2026\/03\/2078280.jpg\",\"contentUrl\":\"https:\/\/portaltela.pt\/s.01k8rhncp4jt1\/2026\/03\/2078280.jpg\",\"width\":796,\"height\":448,\"caption\":\"Photo\"},{\"@type\":\"BreadcrumbList\",\"@id\":\"https:\/\/portaltela.pt\/noticias\/2026\/03\/31\/morreu-armando-alves-pintor-do-grupo-os-quatro-vintes\/#breadcrumb\",\"itemListElement\":[{\"@type\":\"ListItem\",\"position\":1,\"name\":\"In\u00edcio\",\"item\":\"https:\/\/portaltela.pt\/\"},{\"@type\":\"ListItem\",\"position\":2,\"name\":\"Morreu Armando Alves, pintor do grupo Os Quatro Vintes\"}]},{\"@type\":\"WebSite\",\"@id\":\"https:\/\/portaltela.pt\/#website\",\"url\":\"https:\/\/portaltela.pt\/\",\"name\":\"Portal Tela Portugal\",\"description\":\"\",\"potentialAction\":[{\"@type\":\"SearchAction\",\"target\":{\"@type\":\"EntryPoint\",\"urlTemplate\":\"https:\/\/portaltela.pt\/?s={search_term_string}\"},\"query-input\":{\"@type\":\"PropertyValueSpecification\",\"valueRequired\":true,\"valueName\":\"search_term_string\"}}],\"inLanguage\":\"pt-PT\"},{\"@type\":\"Person\",\"@id\":\"https:\/\/portaltela.pt\/#\/schema\/person\/c4278d4a6028830caff9ee44b42d32ed\",\"name\":\"Telinha\",\"image\":{\"@type\":\"ImageObject\",\"inLanguage\":\"pt-PT\",\"@id\":\"https:\/\/portaltela.pt\/s.01k8rhncp4jt1\/2025\/11\/talking-bot-125x125.png\",\"url\":\"https:\/\/portaltela.pt\/s.01k8rhncp4jt1\/2025\/11\/talking-bot-125x125.png\",\"contentUrl\":\"https:\/\/portaltela.pt\/s.01k8rhncp4jt1\/2025\/11\/talking-bot-125x125.png\",\"caption\":\"Telinha\"},\"sameAs\":[\"https:\/\/portaltela.pt\/\"],\"url\":\"https:\/\/portaltela.pt\/por\/367410592786\/\"}]}<\/script>\n<!-- \/ Yoast SEO plugin. -->","yoast_head_json":{"title":"Morreu Armando Alves, pintor do grupo Os Quatro Vintes - Portal Tela Portugal","robots":{"index":"index","follow":"follow","max-snippet":"max-snippet:-1","max-image-preview":"max-image-preview:large","max-video-preview":"max-video-preview:-1"},"og_locale":"pt_PT","og_type":"article","og_title":"Morreu Armando Alves, pintor do grupo Os Quatro Vintes - Portal Tela Portugal","og_description":"Morreu o pintor Armando Alves, aos 90 anos, nascido a 7 de novembro de 1935, em Estremoz. Integrava o grupo Os Quatro Vintes, ao lado de \u00c2ngelo de Sousa, Jos\u00e9 Rodrigues e Jorge Pinheiro; o conjunto ganhou destaque no final dos anos 1960 e in\u00edcio dos anos 1970. Foi um dos pioneiros da forma\u00e7\u00e3o em Artes Gr\u00e1ficas na Escola Superior de Belas Artes do Porto, que deu origem ao curso de Design de Comunica\u00e7\u00e3o na cidade. A sua carreira singrou entre pintura, ensino e design, com especial alcance no design editorial e de cartaz; recebeu, em 2006, o grau de Grande-Oficial da Ordem do M\u00e9rito, e, em 2009, o Pr\u00e9mio de Artes Casino da P\u00f3voa. Atualmente apenas Jorge Pinheiro permanece vivo do grupo; em 2025 a Cooperativa \u00c1rvore exp\u00f4s obras de Alves para assinalar os 90 anos do artista.","og_url":"https:\/\/portaltela.pt\/noticias\/2026\/03\/31\/morreu-armando-alves-pintor-do-grupo-os-quatro-vintes\/","og_site_name":"Portal Tela Portugal","article_published_time":"2026-03-31T16:02:35+00:00","author":"Telinha","twitter_card":"summary_large_image","twitter_misc":{"Escrito por":"Telinha","Tempo estimado de leitura":"1 minuto"},"schema":{"@context":"https:\/\/schema.org","@graph":[{"@type":"Article","@id":"https:\/\/portaltela.pt\/noticias\/2026\/03\/31\/morreu-armando-alves-pintor-do-grupo-os-quatro-vintes\/#article","isPartOf":{"@id":"https:\/\/portaltela.pt\/noticias\/2026\/03\/31\/morreu-armando-alves-pintor-do-grupo-os-quatro-vintes\/"},"author":{"name":"Telinha","@id":"https:\/\/portaltela.pt\/#\/schema\/person\/c4278d4a6028830caff9ee44b42d32ed"},"headline":"Morreu Armando Alves, pintor do grupo Os Quatro Vintes","datePublished":"2026-03-31T16:02:35+00:00","mainEntityOfPage":{"@id":"https:\/\/portaltela.pt\/noticias\/2026\/03\/31\/morreu-armando-alves-pintor-do-grupo-os-quatro-vintes\/"},"wordCount":250,"image":{"@id":"https:\/\/portaltela.pt\/noticias\/2026\/03\/31\/morreu-armando-alves-pintor-do-grupo-os-quatro-vintes\/#primaryimage"},"thumbnailUrl":"https:\/\/portaltela.pt\/s.01k8rhncp4jt1\/2026\/03\/2078280.jpg","keywords":["arte","Artes Pl\u00e1sticas","Estremoz","exposi\u00e7\u00f5es","Porto","Portugal"],"articleSection":["Cultura","Not\u00edcias"],"inLanguage":"pt-PT"},{"@type":"WebPage","@id":"https:\/\/portaltela.pt\/noticias\/2026\/03\/31\/morreu-armando-alves-pintor-do-grupo-os-quatro-vintes\/","url":"https:\/\/portaltela.pt\/noticias\/2026\/03\/31\/morreu-armando-alves-pintor-do-grupo-os-quatro-vintes\/","name":"Morreu Armando Alves, pintor do grupo Os Quatro Vintes - Portal Tela Portugal","isPartOf":{"@id":"https:\/\/portaltela.pt\/#website"},"primaryImageOfPage":{"@id":"https:\/\/portaltela.pt\/noticias\/2026\/03\/31\/morreu-armando-alves-pintor-do-grupo-os-quatro-vintes\/#primaryimage"},"image":{"@id":"https:\/\/portaltela.pt\/noticias\/2026\/03\/31\/morreu-armando-alves-pintor-do-grupo-os-quatro-vintes\/#primaryimage"},"thumbnailUrl":"https:\/\/portaltela.pt\/s.01k8rhncp4jt1\/2026\/03\/2078280.jpg","datePublished":"2026-03-31T16:02:35+00:00","author":{"@id":"https:\/\/portaltela.pt\/#\/schema\/person\/c4278d4a6028830caff9ee44b42d32ed"},"breadcrumb":{"@id":"https:\/\/portaltela.pt\/noticias\/2026\/03\/31\/morreu-armando-alves-pintor-do-grupo-os-quatro-vintes\/#breadcrumb"},"inLanguage":"pt-PT","potentialAction":[{"@type":"ReadAction","target":["https:\/\/portaltela.pt\/noticias\/2026\/03\/31\/morreu-armando-alves-pintor-do-grupo-os-quatro-vintes\/"]}]},{"@type":"ImageObject","inLanguage":"pt-PT","@id":"https:\/\/portaltela.pt\/noticias\/2026\/03\/31\/morreu-armando-alves-pintor-do-grupo-os-quatro-vintes\/#primaryimage","url":"https:\/\/portaltela.pt\/s.01k8rhncp4jt1\/2026\/03\/2078280.jpg","contentUrl":"https:\/\/portaltela.pt\/s.01k8rhncp4jt1\/2026\/03\/2078280.jpg","width":796,"height":448,"caption":"Photo"},{"@type":"BreadcrumbList","@id":"https:\/\/portaltela.pt\/noticias\/2026\/03\/31\/morreu-armando-alves-pintor-do-grupo-os-quatro-vintes\/#breadcrumb","itemListElement":[{"@type":"ListItem","position":1,"name":"In\u00edcio","item":"https:\/\/portaltela.pt\/"},{"@type":"ListItem","position":2,"name":"Morreu Armando Alves, pintor do grupo Os Quatro Vintes"}]},{"@type":"WebSite","@id":"https:\/\/portaltela.pt\/#website","url":"https:\/\/portaltela.pt\/","name":"Portal Tela Portugal","description":"","potentialAction":[{"@type":"SearchAction","target":{"@type":"EntryPoint","urlTemplate":"https:\/\/portaltela.pt\/?s={search_term_string}"},"query-input":{"@type":"PropertyValueSpecification","valueRequired":true,"valueName":"search_term_string"}}],"inLanguage":"pt-PT"},{"@type":"Person","@id":"https:\/\/portaltela.pt\/#\/schema\/person\/c4278d4a6028830caff9ee44b42d32ed","name":"Telinha","image":{"@type":"ImageObject","inLanguage":"pt-PT","@id":"https:\/\/portaltela.pt\/s.01k8rhncp4jt1\/2025\/11\/talking-bot-125x125.png","url":"https:\/\/portaltela.pt\/s.01k8rhncp4jt1\/2025\/11\/talking-bot-125x125.png","contentUrl":"https:\/\/portaltela.pt\/s.01k8rhncp4jt1\/2025\/11\/talking-bot-125x125.png","caption":"Telinha"},"sameAs":["https:\/\/portaltela.pt\/"],"url":"https:\/\/portaltela.pt\/por\/367410592786\/"}]}},"_links":{"self":[{"href":"https:\/\/portaltela.pt\/api\/wp\/v2\/posts\/427974","targetHints":{"allow":["GET"]}}],"collection":[{"href":"https:\/\/portaltela.pt\/api\/wp\/v2\/posts"}],"about":[{"href":"https:\/\/portaltela.pt\/api\/wp\/v2\/types\/post"}],"author":[{"embeddable":true,"href":"https:\/\/portaltela.pt\/api\/wp\/v2\/users\/2"}],"replies":[{"embeddable":true,"href":"https:\/\/portaltela.pt\/api\/wp\/v2\/comments?post=427974"}],"version-history":[{"count":0,"href":"https:\/\/portaltela.pt\/api\/wp\/v2\/posts\/427974\/revisions"}],"wp:featuredmedia":[{"embeddable":true,"href":"https:\/\/portaltela.pt\/api\/wp\/v2\/media\/427980"}],"wp:attachment":[{"href":"https:\/\/portaltela.pt\/api\/wp\/v2\/media?parent=427974"}],"wp:term":[{"taxonomy":"category","embeddable":true,"href":"https:\/\/portaltela.pt\/api\/wp\/v2\/categories?post=427974"},{"taxonomy":"post_tag","embeddable":true,"href":"https:\/\/portaltela.pt\/api\/wp\/v2\/tags?post=427974"}],"curies":[{"name":"wp","href":"https:\/\/api.w.org\/{rel}","templated":true}]}}