{"id":427956,"date":"2026-03-31T12:47:07","date_gmt":"2026-03-31T15:47:07","guid":{"rendered":"https:\/\/portaltela.pt\/noticias\/2026\/03\/31\/ministra-da-justica-celebra-cabreiro-na-pj-como-o-homem-certo\/"},"modified":"2026-03-31T12:47:07","modified_gmt":"2026-03-31T15:47:07","slug":"ministra-da-justica-celebra-cabreiro-na-pj-como-o-homem-certo","status":"publish","type":"post","link":"https:\/\/portaltela.pt\/noticias\/2026\/03\/31\/ministra-da-justica-celebra-cabreiro-na-pj-como-o-homem-certo\/","title":{"rendered":"Ministra da Justi\u00e7a celebra Cabreiro na PJ como o homem certo"},"content":{"rendered":"<p>A ministra da Justi\u00e7a expressou contentamento com a nomea\u00e7\u00e3o de Carlos Cabreiro para a dire\u00e7\u00e3o nacional da Pol\u00edcia Judici\u00e1ria, afirmando que ele \u00e9 o homem certo para o lugar certo num momento hist\u00f3rico para a PJ.<\/p>\n<p>A nomea\u00e7\u00e3o, anunciada pelo Governo nesta ter\u00e7a-feira, eleva Cabreiro, que at\u00e9 aqui dirigia a Unidade Nacional de Combate ao Cibercrime e \u00e0 Criminalidade Tecnol\u00f3gica (UNC3T), ao cargo m\u00e1ximo da Pol\u00edcia Judici\u00e1ria.<\/p>\n<p>A not\u00edcia surge no contexto de reconfigura\u00e7\u00e3o institucional anunciada pela Justi\u00e7a, com Cabreiro a substituir o anterior respons\u00e1vel na lideran\u00e7a da PJ. O an\u00fancio manteve-se em linha com metas de refor\u00e7ar a atua\u00e7\u00e3o criminal e tecnol\u00f3gica da institui\u00e7\u00e3o.<\/p>\n","protected":false},"excerpt":{"rendered":"<ul>\n<li>A ministra da Justi\u00e7a, Rita Alarc\u00e3o J\u00fadice, congratulou-se com a nomea\u00e7\u00e3o de Carlos Cabreiro para a dire\u00e7\u00e3o nacional da Pol\u00edcia Judici\u00e1ria.<\/li>\n<li>Disse que Cabreiro \u00e9 &#8220;o homem certo para o lugar certo&#8221; e que a nomea\u00e7\u00e3o dignifica a Pol\u00edcia Judici\u00e1ria.<\/li>\n<li>Cabreiro, at\u00e9 agora diretor da Unidade Nacional de Combate ao Cibercrime e \u00e0 Criminalidade Tecnol\u00f3gica (UNC3T), foi nomeado diretor nacional da Pol\u00edcia Judici\u00e1ria.<\/li>\n<li>A nomea\u00e7\u00e3o foi anunciada pelo Governo nesta ter\u00e7a-feira.<\/li>\n<\/ul>\n","protected":false},"author":2,"featured_media":427961,"comment_status":"closed","ping_status":"closed","sticky":false,"template":"","format":"standard","meta":{"footnotes":""},"categories":[6815,1],"tags":[1724,147,803,1802,250],"class_list":["post-427956","post","type-post","status-publish","format-standard","has-post-thumbnail","hentry","category-justica","category-noticias","tag-cibercrime","tag-crime","tag-justica","tag-policia-judiciaria","tag-seguranca-publica"],"yoast_head":"<!-- This site is optimized with the Yoast SEO plugin v27.2 - https:\/\/yoast.com\/product\/yoast-seo-wordpress\/ -->\n<title>Ministra da Justi\u00e7a celebra Cabreiro na PJ como o homem certo - Portal Tela Portugal<\/title>\n<meta name=\"robots\" content=\"index, follow, max-snippet:-1, max-image-preview:large, max-video-preview:-1\" \/>\n<meta property=\"og:locale\" content=\"pt_PT\" \/>\n<meta property=\"og:type\" content=\"article\" \/>\n<meta property=\"og:title\" content=\"Ministra da Justi\u00e7a celebra Cabreiro na PJ como o homem certo - Portal Tela Portugal\" \/>\n<meta property=\"og:description\" content=\"A ministra da Justi\u00e7a, Rita Alarc\u00e3o J\u00fadice, congratulou-se com a nomea\u00e7\u00e3o de Carlos Cabreiro para a dire\u00e7\u00e3o nacional da Pol\u00edcia Judici\u00e1ria. Disse que Cabreiro \u00e9 &quot;o homem certo para o lugar certo&quot; e que a nomea\u00e7\u00e3o dignifica a Pol\u00edcia Judici\u00e1ria. Cabreiro, at\u00e9 agora diretor da Unidade Nacional de Combate ao Cibercrime e \u00e0 Criminalidade Tecnol\u00f3gica (UNC3T), foi nomeado diretor nacional da Pol\u00edcia Judici\u00e1ria. A nomea\u00e7\u00e3o foi anunciada pelo Governo nesta ter\u00e7a-feira.\" \/>\n<meta property=\"og:url\" content=\"https:\/\/portaltela.pt\/noticias\/2026\/03\/31\/ministra-da-justica-celebra-cabreiro-na-pj-como-o-homem-certo\/\" \/>\n<meta property=\"og:site_name\" content=\"Portal Tela Portugal\" \/>\n<meta property=\"article:published_time\" content=\"2026-03-31T15:47:07+00:00\" \/>\n<meta name=\"author\" content=\"Telinha\" \/>\n<meta name=\"twitter:card\" content=\"summary_large_image\" \/>\n<meta name=\"twitter:label1\" content=\"Escrito por\" \/>\n\t<meta name=\"twitter:data1\" content=\"Telinha\" \/>\n\t<meta name=\"twitter:label2\" content=\"Tempo estimado de leitura\" \/>\n\t<meta name=\"twitter:data2\" content=\"1 minuto\" \/>\n<script type=\"application\/ld+json\" class=\"yoast-schema-graph\">{\"@context\":\"https:\/\/schema.org\",\"@graph\":[{\"@type\":\"Article\",\"@id\":\"https:\/\/portaltela.pt\/noticias\/2026\/03\/31\/ministra-da-justica-celebra-cabreiro-na-pj-como-o-homem-certo\/#article\",\"isPartOf\":{\"@id\":\"https:\/\/portaltela.pt\/noticias\/2026\/03\/31\/ministra-da-justica-celebra-cabreiro-na-pj-como-o-homem-certo\/\"},\"author\":{\"name\":\"Telinha\",\"@id\":\"https:\/\/portaltela.pt\/#\/schema\/person\/c4278d4a6028830caff9ee44b42d32ed\"},\"headline\":\"Ministra da Justi\u00e7a celebra Cabreiro na PJ como o homem certo\",\"datePublished\":\"2026-03-31T15:47:07+00:00\",\"mainEntityOfPage\":{\"@id\":\"https:\/\/portaltela.pt\/noticias\/2026\/03\/31\/ministra-da-justica-celebra-cabreiro-na-pj-como-o-homem-certo\/\"},\"wordCount\":138,\"image\":{\"@id\":\"https:\/\/portaltela.pt\/noticias\/2026\/03\/31\/ministra-da-justica-celebra-cabreiro-na-pj-como-o-homem-certo\/#primaryimage\"},\"thumbnailUrl\":\"https:\/\/portaltela.pt\/s.01k8rhncp4jt1\/2026\/03\/img_1280x721uu2024-09-27-14-52-33-1757124.jpg\",\"keywords\":[\"cibercrime\",\"crime\",\"justi\u00e7a\",\"Pol\u00edcia Judici\u00e1ria\",\"seguran\u00e7a p\u00fablica\"],\"articleSection\":[\"Justi\u00e7a\",\"Not\u00edcias\"],\"inLanguage\":\"pt-PT\"},{\"@type\":\"WebPage\",\"@id\":\"https:\/\/portaltela.pt\/noticias\/2026\/03\/31\/ministra-da-justica-celebra-cabreiro-na-pj-como-o-homem-certo\/\",\"url\":\"https:\/\/portaltela.pt\/noticias\/2026\/03\/31\/ministra-da-justica-celebra-cabreiro-na-pj-como-o-homem-certo\/\",\"name\":\"Ministra da Justi\u00e7a celebra Cabreiro na PJ como o homem certo - Portal Tela Portugal\",\"isPartOf\":{\"@id\":\"https:\/\/portaltela.pt\/#website\"},\"primaryImageOfPage\":{\"@id\":\"https:\/\/portaltela.pt\/noticias\/2026\/03\/31\/ministra-da-justica-celebra-cabreiro-na-pj-como-o-homem-certo\/#primaryimage\"},\"image\":{\"@id\":\"https:\/\/portaltela.pt\/noticias\/2026\/03\/31\/ministra-da-justica-celebra-cabreiro-na-pj-como-o-homem-certo\/#primaryimage\"},\"thumbnailUrl\":\"https:\/\/portaltela.pt\/s.01k8rhncp4jt1\/2026\/03\/img_1280x721uu2024-09-27-14-52-33-1757124.jpg\",\"datePublished\":\"2026-03-31T15:47:07+00:00\",\"author\":{\"@id\":\"https:\/\/portaltela.pt\/#\/schema\/person\/c4278d4a6028830caff9ee44b42d32ed\"},\"breadcrumb\":{\"@id\":\"https:\/\/portaltela.pt\/noticias\/2026\/03\/31\/ministra-da-justica-celebra-cabreiro-na-pj-como-o-homem-certo\/#breadcrumb\"},\"inLanguage\":\"pt-PT\",\"potentialAction\":[{\"@type\":\"ReadAction\",\"target\":[\"https:\/\/portaltela.pt\/noticias\/2026\/03\/31\/ministra-da-justica-celebra-cabreiro-na-pj-como-o-homem-certo\/\"]}]},{\"@type\":\"ImageObject\",\"inLanguage\":\"pt-PT\",\"@id\":\"https:\/\/portaltela.pt\/noticias\/2026\/03\/31\/ministra-da-justica-celebra-cabreiro-na-pj-como-o-homem-certo\/#primaryimage\",\"url\":\"https:\/\/portaltela.pt\/s.01k8rhncp4jt1\/2026\/03\/img_1280x721uu2024-09-27-14-52-33-1757124.jpg\",\"contentUrl\":\"https:\/\/portaltela.pt\/s.01k8rhncp4jt1\/2026\/03\/img_1280x721uu2024-09-27-14-52-33-1757124.jpg\",\"width\":796,\"height\":448,\"caption\":\"Rita J\u00fadice, ministra da Justi\u00e7a\"},{\"@type\":\"BreadcrumbList\",\"@id\":\"https:\/\/portaltela.pt\/noticias\/2026\/03\/31\/ministra-da-justica-celebra-cabreiro-na-pj-como-o-homem-certo\/#breadcrumb\",\"itemListElement\":[{\"@type\":\"ListItem\",\"position\":1,\"name\":\"In\u00edcio\",\"item\":\"https:\/\/portaltela.pt\/\"},{\"@type\":\"ListItem\",\"position\":2,\"name\":\"Ministra da Justi\u00e7a celebra Cabreiro na PJ como o homem certo\"}]},{\"@type\":\"WebSite\",\"@id\":\"https:\/\/portaltela.pt\/#website\",\"url\":\"https:\/\/portaltela.pt\/\",\"name\":\"Portal Tela Portugal\",\"description\":\"\",\"potentialAction\":[{\"@type\":\"SearchAction\",\"target\":{\"@type\":\"EntryPoint\",\"urlTemplate\":\"https:\/\/portaltela.pt\/?s={search_term_string}\"},\"query-input\":{\"@type\":\"PropertyValueSpecification\",\"valueRequired\":true,\"valueName\":\"search_term_string\"}}],\"inLanguage\":\"pt-PT\"},{\"@type\":\"Person\",\"@id\":\"https:\/\/portaltela.pt\/#\/schema\/person\/c4278d4a6028830caff9ee44b42d32ed\",\"name\":\"Telinha\",\"image\":{\"@type\":\"ImageObject\",\"inLanguage\":\"pt-PT\",\"@id\":\"https:\/\/portaltela.pt\/s.01k8rhncp4jt1\/2025\/11\/talking-bot-125x125.png\",\"url\":\"https:\/\/portaltela.pt\/s.01k8rhncp4jt1\/2025\/11\/talking-bot-125x125.png\",\"contentUrl\":\"https:\/\/portaltela.pt\/s.01k8rhncp4jt1\/2025\/11\/talking-bot-125x125.png\",\"caption\":\"Telinha\"},\"sameAs\":[\"https:\/\/portaltela.pt\/\"],\"url\":\"https:\/\/portaltela.pt\/por\/367410592786\/\"}]}<\/script>\n<!-- \/ Yoast SEO plugin. -->","yoast_head_json":{"title":"Ministra da Justi\u00e7a celebra Cabreiro na PJ como o homem certo - Portal Tela Portugal","robots":{"index":"index","follow":"follow","max-snippet":"max-snippet:-1","max-image-preview":"max-image-preview:large","max-video-preview":"max-video-preview:-1"},"og_locale":"pt_PT","og_type":"article","og_title":"Ministra da Justi\u00e7a celebra Cabreiro na PJ como o homem certo - Portal Tela Portugal","og_description":"A ministra da Justi\u00e7a, Rita Alarc\u00e3o J\u00fadice, congratulou-se com a nomea\u00e7\u00e3o de Carlos Cabreiro para a dire\u00e7\u00e3o nacional da Pol\u00edcia Judici\u00e1ria. Disse que Cabreiro \u00e9 \"o homem certo para o lugar certo\" e que a nomea\u00e7\u00e3o dignifica a Pol\u00edcia Judici\u00e1ria. Cabreiro, at\u00e9 agora diretor da Unidade Nacional de Combate ao Cibercrime e \u00e0 Criminalidade Tecnol\u00f3gica (UNC3T), foi nomeado diretor nacional da Pol\u00edcia Judici\u00e1ria. A nomea\u00e7\u00e3o foi anunciada pelo Governo nesta ter\u00e7a-feira.","og_url":"https:\/\/portaltela.pt\/noticias\/2026\/03\/31\/ministra-da-justica-celebra-cabreiro-na-pj-como-o-homem-certo\/","og_site_name":"Portal Tela Portugal","article_published_time":"2026-03-31T15:47:07+00:00","author":"Telinha","twitter_card":"summary_large_image","twitter_misc":{"Escrito por":"Telinha","Tempo estimado de leitura":"1 minuto"},"schema":{"@context":"https:\/\/schema.org","@graph":[{"@type":"Article","@id":"https:\/\/portaltela.pt\/noticias\/2026\/03\/31\/ministra-da-justica-celebra-cabreiro-na-pj-como-o-homem-certo\/#article","isPartOf":{"@id":"https:\/\/portaltela.pt\/noticias\/2026\/03\/31\/ministra-da-justica-celebra-cabreiro-na-pj-como-o-homem-certo\/"},"author":{"name":"Telinha","@id":"https:\/\/portaltela.pt\/#\/schema\/person\/c4278d4a6028830caff9ee44b42d32ed"},"headline":"Ministra da Justi\u00e7a celebra Cabreiro na PJ como o homem certo","datePublished":"2026-03-31T15:47:07+00:00","mainEntityOfPage":{"@id":"https:\/\/portaltela.pt\/noticias\/2026\/03\/31\/ministra-da-justica-celebra-cabreiro-na-pj-como-o-homem-certo\/"},"wordCount":138,"image":{"@id":"https:\/\/portaltela.pt\/noticias\/2026\/03\/31\/ministra-da-justica-celebra-cabreiro-na-pj-como-o-homem-certo\/#primaryimage"},"thumbnailUrl":"https:\/\/portaltela.pt\/s.01k8rhncp4jt1\/2026\/03\/img_1280x721uu2024-09-27-14-52-33-1757124.jpg","keywords":["cibercrime","crime","justi\u00e7a","Pol\u00edcia Judici\u00e1ria","seguran\u00e7a p\u00fablica"],"articleSection":["Justi\u00e7a","Not\u00edcias"],"inLanguage":"pt-PT"},{"@type":"WebPage","@id":"https:\/\/portaltela.pt\/noticias\/2026\/03\/31\/ministra-da-justica-celebra-cabreiro-na-pj-como-o-homem-certo\/","url":"https:\/\/portaltela.pt\/noticias\/2026\/03\/31\/ministra-da-justica-celebra-cabreiro-na-pj-como-o-homem-certo\/","name":"Ministra da Justi\u00e7a celebra Cabreiro na PJ como o homem certo - Portal Tela Portugal","isPartOf":{"@id":"https:\/\/portaltela.pt\/#website"},"primaryImageOfPage":{"@id":"https:\/\/portaltela.pt\/noticias\/2026\/03\/31\/ministra-da-justica-celebra-cabreiro-na-pj-como-o-homem-certo\/#primaryimage"},"image":{"@id":"https:\/\/portaltela.pt\/noticias\/2026\/03\/31\/ministra-da-justica-celebra-cabreiro-na-pj-como-o-homem-certo\/#primaryimage"},"thumbnailUrl":"https:\/\/portaltela.pt\/s.01k8rhncp4jt1\/2026\/03\/img_1280x721uu2024-09-27-14-52-33-1757124.jpg","datePublished":"2026-03-31T15:47:07+00:00","author":{"@id":"https:\/\/portaltela.pt\/#\/schema\/person\/c4278d4a6028830caff9ee44b42d32ed"},"breadcrumb":{"@id":"https:\/\/portaltela.pt\/noticias\/2026\/03\/31\/ministra-da-justica-celebra-cabreiro-na-pj-como-o-homem-certo\/#breadcrumb"},"inLanguage":"pt-PT","potentialAction":[{"@type":"ReadAction","target":["https:\/\/portaltela.pt\/noticias\/2026\/03\/31\/ministra-da-justica-celebra-cabreiro-na-pj-como-o-homem-certo\/"]}]},{"@type":"ImageObject","inLanguage":"pt-PT","@id":"https:\/\/portaltela.pt\/noticias\/2026\/03\/31\/ministra-da-justica-celebra-cabreiro-na-pj-como-o-homem-certo\/#primaryimage","url":"https:\/\/portaltela.pt\/s.01k8rhncp4jt1\/2026\/03\/img_1280x721uu2024-09-27-14-52-33-1757124.jpg","contentUrl":"https:\/\/portaltela.pt\/s.01k8rhncp4jt1\/2026\/03\/img_1280x721uu2024-09-27-14-52-33-1757124.jpg","width":796,"height":448,"caption":"Rita J\u00fadice, ministra da Justi\u00e7a"},{"@type":"BreadcrumbList","@id":"https:\/\/portaltela.pt\/noticias\/2026\/03\/31\/ministra-da-justica-celebra-cabreiro-na-pj-como-o-homem-certo\/#breadcrumb","itemListElement":[{"@type":"ListItem","position":1,"name":"In\u00edcio","item":"https:\/\/portaltela.pt\/"},{"@type":"ListItem","position":2,"name":"Ministra da Justi\u00e7a celebra Cabreiro na PJ como o homem certo"}]},{"@type":"WebSite","@id":"https:\/\/portaltela.pt\/#website","url":"https:\/\/portaltela.pt\/","name":"Portal Tela Portugal","description":"","potentialAction":[{"@type":"SearchAction","target":{"@type":"EntryPoint","urlTemplate":"https:\/\/portaltela.pt\/?s={search_term_string}"},"query-input":{"@type":"PropertyValueSpecification","valueRequired":true,"valueName":"search_term_string"}}],"inLanguage":"pt-PT"},{"@type":"Person","@id":"https:\/\/portaltela.pt\/#\/schema\/person\/c4278d4a6028830caff9ee44b42d32ed","name":"Telinha","image":{"@type":"ImageObject","inLanguage":"pt-PT","@id":"https:\/\/portaltela.pt\/s.01k8rhncp4jt1\/2025\/11\/talking-bot-125x125.png","url":"https:\/\/portaltela.pt\/s.01k8rhncp4jt1\/2025\/11\/talking-bot-125x125.png","contentUrl":"https:\/\/portaltela.pt\/s.01k8rhncp4jt1\/2025\/11\/talking-bot-125x125.png","caption":"Telinha"},"sameAs":["https:\/\/portaltela.pt\/"],"url":"https:\/\/portaltela.pt\/por\/367410592786\/"}]}},"_links":{"self":[{"href":"https:\/\/portaltela.pt\/api\/wp\/v2\/posts\/427956","targetHints":{"allow":["GET"]}}],"collection":[{"href":"https:\/\/portaltela.pt\/api\/wp\/v2\/posts"}],"about":[{"href":"https:\/\/portaltela.pt\/api\/wp\/v2\/types\/post"}],"author":[{"embeddable":true,"href":"https:\/\/portaltela.pt\/api\/wp\/v2\/users\/2"}],"replies":[{"embeddable":true,"href":"https:\/\/portaltela.pt\/api\/wp\/v2\/comments?post=427956"}],"version-history":[{"count":0,"href":"https:\/\/portaltela.pt\/api\/wp\/v2\/posts\/427956\/revisions"}],"wp:featuredmedia":[{"embeddable":true,"href":"https:\/\/portaltela.pt\/api\/wp\/v2\/media\/427961"}],"wp:attachment":[{"href":"https:\/\/portaltela.pt\/api\/wp\/v2\/media?parent=427956"}],"wp:term":[{"taxonomy":"category","embeddable":true,"href":"https:\/\/portaltela.pt\/api\/wp\/v2\/categories?post=427956"},{"taxonomy":"post_tag","embeddable":true,"href":"https:\/\/portaltela.pt\/api\/wp\/v2\/tags?post=427956"}],"curies":[{"name":"wp","href":"https:\/\/api.w.org\/{rel}","templated":true}]}}