{"id":427934,"date":"2026-03-31T12:32:31","date_gmt":"2026-03-31T15:32:31","guid":{"rendered":"https:\/\/portaltela.pt\/noticias\/2026\/03\/31\/transporte-em-foco-atualizacoes-e-impactos-recentes\/"},"modified":"2026-03-31T12:32:31","modified_gmt":"2026-03-31T15:32:31","slug":"transporte-em-foco-atualizacoes-e-impactos-recentes","status":"publish","type":"post","link":"https:\/\/portaltela.pt\/noticias\/internacional\/2026\/03\/31\/transporte-em-foco-atualizacoes-e-impactos-recentes\/","title":{"rendered":"Transporte em foco: atualiza\u00e7\u00f5es e impactos recentes"},"content":{"rendered":"<p>O setor dos Transportes continua a ser marcado por experimentos, incidentes e planos de futuro em v\u00e1rias regi\u00f5es da Europa. Entre avalanches, ve\u00edculos aut\u00f3nomos e planos de mobilidade, o universo da mobilidade enfrenta ainda atrasos e mudan\u00e7as r\u00e1pidas.<\/p>\n<p>Na Su\u00ed\u00e7a, as autoridades estudam a origem de um descarrilamento de um comboio regional perto de Goppenstein, possivelmente causado por uma avalanche. Cinco pessoas ficaram feridas e os servi\u00e7os ferrovi\u00e1rios foram interrompidos. A investiga\u00e7\u00e3o segue em curso.<\/p>\n<p>Madrid prepara-se para uma revolu\u00e7\u00e3o na mobilidade. Em 2026, a capital espanhola recebe t\u00e1xis sem condutor, atrav\u00e9s de ve\u00edculos aut\u00f3nomos, posicionando-se como uma das primeiras cidades europeias com este servi\u00e7o em opera\u00e7\u00e3o.<\/p>\n<h3>Desafios e ambi\u00e7\u00f5es da UE<\/h3>\n<p>O Eurostar revela planos de crescimento para aumentar o n\u00famero de comboios, com o objetivo de atrair mais passageiros. A gest\u00e3o enfatiza que infraestruturas adequadas s\u00e3o cruciais para expans\u00e3o e competi\u00e7\u00e3o.<\/p>\n<p>No espa\u00e7o europeu, o MiCa, ve\u00edculo aut\u00f3nomo produzido na UE, j\u00e1 circulou em 17 pa\u00edses, apresentando-se como parte de uma estrat\u00e9gia de urbanismo mais eficiente. A ideia \u00e9 reduzir congestionamentos atrav\u00e9s de solu\u00e7\u00f5es de mobilidade integrada.<\/p>\n<p>Um relat\u00f3rio recente aponta que os projetos da rede de transportes da UE n\u00e3o alcan\u00e7ar\u00e3o, em 2030, as metas de estradas, ferrovias, portos e aeroportos, o que pode afetar oportunidades comerciais e a descarboniza\u00e7\u00e3o.<\/p>\n<h3>Condi\u00e7\u00f5es clim\u00e1ticas e mobilidade<\/h3>\n<p>Na Fran\u00e7a, a tempestade Goretti causou fortes ventos e cortes de energia no noroeste. O tr\u00e1fego ferrovi\u00e1rio sofreu perturba\u00e7\u00f5es significativas, com monitoriza\u00e7\u00e3o continua neste in\u00edcio de semana.<\/p>\n<h3>Transforma\u00e7\u00f5es urbanas e pol\u00edticas de mobilidade<\/h3>\n<p>Baku, a Cidade Branca, demonstra como planeamento centrado nas pessoas, sustentabilidade e design pedonal transformam antigas zonas industriais em bairros modernos com mobilidade integrada. A cidade aposta em autocarros el\u00e9tricos e vias priorit\u00e1rias para pe\u00f5es.<\/p>\n<p>Portugal vive uma greve geral de grande envergadura, com interrup\u00e7\u00f5es nos setores dos transportes, sa\u00fade e educa\u00e7\u00e3o, marcada para a quinta-feira. O movimento junta as duas maiores centrais sindicais pela primeira vez em doze anos.<\/p>\n<h3>Descarboniza\u00e7\u00e3o e transportes mar\u00edtimos<\/h3>\n<p>A ONU-IMO adiou para 2026 a decis\u00e3o sobre uma taxa de emiss\u00f5es de carbono no transporte mar\u00edtimo, mantendo a ind\u00fastria em frente a um objetivo de descarboniza\u00e7\u00e3o sem comprometer a economia global.<\/p>\n<p>A UE debate ainda a passagem de tropas em caso de ataque, com regras para agilizar autoriza\u00e7\u00f5es entre Estados-membros, em cen\u00e1rios de refor\u00e7o militar. O tema integra debates de seguran\u00e7a interna.<\/p>\n<h3>Planos de mobilidade europeia<\/h3>\n<p>A Comiss\u00e3o Europeia divulgou planos para ligar Lisboa a Paris em menos tempo, com linhas de TGV previstas para 2030. O projeto visa dinamizar regi\u00f5es remotas e impulsionar a economia, com evolu\u00e7\u00e3o gradual at\u00e9 2040.<\/p>\n","protected":false},"excerpt":{"rendered":"<ul>\n<li>Comboio regional su\u00ed\u00e7o descarrilou perto de Goppenstein, possivelmente devido a uma avalanche; cinco pessoas ficaram feridas e os servi\u00e7os foram interrompidos, com investigadores a apurar as causas.<\/li>\n<li>Em Madrid, a Uber vai lan\u00e7ar t\u00e1xis sem condutor em 2026, tornando a cidade numa das primeiras capitais europeias com ve\u00edculos aut\u00f3nomos em opera\u00e7\u00e3o.<\/li>\n<li>Um relat\u00f3rio recente aponta que os projetos de rede de transportes da Uni\u00e3o Europeia est\u00e3o atrasados face aos objetivos de 2030, afetando mobilidade, com\u00e9rcio e descarboniza\u00e7\u00e3o.<\/li>\n<li>A tempestade Goretti provocou ventos recorde no noroeste de Fran\u00e7a, causando interrup\u00e7\u00f5es no tr\u00e1fego ferrovi\u00e1rio e cortes de eletricidade, com vigil\u00e2ncia a continuar.<\/li>\n<li>A Uni\u00e3o Europeia divulgou planos de ligar mais rapidamente cidades como Lisboa e Paris com novas linhas de TGV, estimando in\u00edcio de opera\u00e7\u00e3o de primeiras linhas em 2030 e expans\u00e3o at\u00e9 2040, num investimento de cerca de 550 milh\u00f5es de euros.<\/li>\n<\/ul>\n","protected":false},"author":2,"featured_media":427937,"comment_status":"closed","ping_status":"closed","sticky":false,"template":"","format":"standard","meta":{"footnotes":""},"categories":[4,1],"tags":[5072,1856,2110,2991,363,2055],"class_list":["post-427934","post","type-post","status-publish","format-standard","has-post-thumbnail","hentry","category-internacional","category-noticias","tag-descarbonizacao","tag-franca","tag-mobilidade","tag-suica","tag-transportes","tag-uniao-europeia"],"yoast_head":"<!-- This site is optimized with the Yoast SEO plugin v27.2 - https:\/\/yoast.com\/product\/yoast-seo-wordpress\/ -->\n<title>Transporte em foco: atualiza\u00e7\u00f5es e impactos recentes - Portal Tela Portugal<\/title>\n<meta name=\"robots\" content=\"index, follow, max-snippet:-1, max-image-preview:large, max-video-preview:-1\" \/>\n<meta property=\"og:locale\" content=\"pt_PT\" \/>\n<meta property=\"og:type\" content=\"article\" \/>\n<meta property=\"og:title\" content=\"Transporte em foco: atualiza\u00e7\u00f5es e impactos recentes - Portal Tela Portugal\" \/>\n<meta property=\"og:description\" content=\"Comboio regional su\u00ed\u00e7o descarrilou perto de Goppenstein, possivelmente devido a uma avalanche; cinco pessoas ficaram feridas e os servi\u00e7os foram interrompidos, com investigadores a apurar as causas. Em Madrid, a Uber vai lan\u00e7ar t\u00e1xis sem condutor em 2026, tornando a cidade numa das primeiras capitais europeias com ve\u00edculos aut\u00f3nomos em opera\u00e7\u00e3o. Um relat\u00f3rio recente aponta que os projetos de rede de transportes da Uni\u00e3o Europeia est\u00e3o atrasados face aos objetivos de 2030, afetando mobilidade, com\u00e9rcio e descarboniza\u00e7\u00e3o. A tempestade Goretti provocou ventos recorde no noroeste de Fran\u00e7a, causando interrup\u00e7\u00f5es no tr\u00e1fego ferrovi\u00e1rio e cortes de eletricidade, com vigil\u00e2ncia a continuar. A Uni\u00e3o Europeia divulgou planos de ligar mais rapidamente cidades como Lisboa e Paris com novas linhas de TGV, estimando in\u00edcio de opera\u00e7\u00e3o de primeiras linhas em 2030 e expans\u00e3o at\u00e9 2040, num investimento de cerca de 550 milh\u00f5es de euros.\" \/>\n<meta property=\"og:url\" content=\"https:\/\/portaltela.pt\/noticias\/2026\/03\/31\/transporte-em-foco-atualizacoes-e-impactos-recentes\/\" \/>\n<meta property=\"og:site_name\" content=\"Portal Tela Portugal\" \/>\n<meta property=\"article:published_time\" content=\"2026-03-31T15:32:31+00:00\" \/>\n<meta name=\"author\" content=\"Telinha\" \/>\n<meta name=\"twitter:card\" content=\"summary_large_image\" \/>\n<meta name=\"twitter:label1\" content=\"Escrito por\" \/>\n\t<meta name=\"twitter:data1\" content=\"Telinha\" \/>\n\t<meta name=\"twitter:label2\" content=\"Tempo estimado de leitura\" \/>\n\t<meta name=\"twitter:data2\" content=\"2 minutos\" \/>\n<script type=\"application\/ld+json\" class=\"yoast-schema-graph\">{\"@context\":\"https:\/\/schema.org\",\"@graph\":[{\"@type\":\"Article\",\"@id\":\"https:\/\/portaltela.pt\/noticias\/2026\/03\/31\/transporte-em-foco-atualizacoes-e-impactos-recentes\/#article\",\"isPartOf\":{\"@id\":\"https:\/\/portaltela.pt\/noticias\/2026\/03\/31\/transporte-em-foco-atualizacoes-e-impactos-recentes\/\"},\"author\":{\"name\":\"Telinha\",\"@id\":\"https:\/\/portaltela.pt\/#\/schema\/person\/c4278d4a6028830caff9ee44b42d32ed\"},\"headline\":\"Transporte em foco: atualiza\u00e7\u00f5es e impactos recentes\",\"datePublished\":\"2026-03-31T15:32:31+00:00\",\"mainEntityOfPage\":{\"@id\":\"https:\/\/portaltela.pt\/noticias\/2026\/03\/31\/transporte-em-foco-atualizacoes-e-impactos-recentes\/\"},\"wordCount\":492,\"image\":{\"@id\":\"https:\/\/portaltela.pt\/noticias\/2026\/03\/31\/transporte-em-foco-atualizacoes-e-impactos-recentes\/#primaryimage\"},\"thumbnailUrl\":\"https:\/\/portaltela.pt\/s.01k8rhncp4jt1\/2026\/03\/320x180_cmsv2_aab6cf22-9c0a-5843-a1a6-0d74ea601c19-9665315.jpg\",\"keywords\":[\"descarboniza\u00e7\u00e3o\",\"Fran\u00e7a\",\"mobilidade\",\"Su\u00ed\u00e7a\",\"transportes\",\"Uni\u00e3o Europeia\"],\"articleSection\":[\"Internacional\",\"Not\u00edcias\"],\"inLanguage\":\"pt-PT\"},{\"@type\":\"WebPage\",\"@id\":\"https:\/\/portaltela.pt\/noticias\/2026\/03\/31\/transporte-em-foco-atualizacoes-e-impactos-recentes\/\",\"url\":\"https:\/\/portaltela.pt\/noticias\/2026\/03\/31\/transporte-em-foco-atualizacoes-e-impactos-recentes\/\",\"name\":\"Transporte em foco: atualiza\u00e7\u00f5es e impactos recentes - Portal Tela Portugal\",\"isPartOf\":{\"@id\":\"https:\/\/portaltela.pt\/#website\"},\"primaryImageOfPage\":{\"@id\":\"https:\/\/portaltela.pt\/noticias\/2026\/03\/31\/transporte-em-foco-atualizacoes-e-impactos-recentes\/#primaryimage\"},\"image\":{\"@id\":\"https:\/\/portaltela.pt\/noticias\/2026\/03\/31\/transporte-em-foco-atualizacoes-e-impactos-recentes\/#primaryimage\"},\"thumbnailUrl\":\"https:\/\/portaltela.pt\/s.01k8rhncp4jt1\/2026\/03\/320x180_cmsv2_aab6cf22-9c0a-5843-a1a6-0d74ea601c19-9665315.jpg\",\"datePublished\":\"2026-03-31T15:32:31+00:00\",\"author\":{\"@id\":\"https:\/\/portaltela.pt\/#\/schema\/person\/c4278d4a6028830caff9ee44b42d32ed\"},\"breadcrumb\":{\"@id\":\"https:\/\/portaltela.pt\/noticias\/2026\/03\/31\/transporte-em-foco-atualizacoes-e-impactos-recentes\/#breadcrumb\"},\"inLanguage\":\"pt-PT\",\"potentialAction\":[{\"@type\":\"ReadAction\",\"target\":[\"https:\/\/portaltela.pt\/noticias\/2026\/03\/31\/transporte-em-foco-atualizacoes-e-impactos-recentes\/\"]}]},{\"@type\":\"ImageObject\",\"inLanguage\":\"pt-PT\",\"@id\":\"https:\/\/portaltela.pt\/noticias\/2026\/03\/31\/transporte-em-foco-atualizacoes-e-impactos-recentes\/#primaryimage\",\"url\":\"https:\/\/portaltela.pt\/s.01k8rhncp4jt1\/2026\/03\/320x180_cmsv2_aab6cf22-9c0a-5843-a1a6-0d74ea601c19-9665315.jpg\",\"contentUrl\":\"https:\/\/portaltela.pt\/s.01k8rhncp4jt1\/2026\/03\/320x180_cmsv2_aab6cf22-9c0a-5843-a1a6-0d74ea601c19-9665315.jpg\",\"width\":796,\"height\":448,\"caption\":\"Como o investimento na mobilidade ecol\u00f3gica est\u00e1 a reinventar os transportes urbanos\"},{\"@type\":\"BreadcrumbList\",\"@id\":\"https:\/\/portaltela.pt\/noticias\/2026\/03\/31\/transporte-em-foco-atualizacoes-e-impactos-recentes\/#breadcrumb\",\"itemListElement\":[{\"@type\":\"ListItem\",\"position\":1,\"name\":\"In\u00edcio\",\"item\":\"https:\/\/portaltela.pt\/\"},{\"@type\":\"ListItem\",\"position\":2,\"name\":\"Transporte em foco: atualiza\u00e7\u00f5es e impactos recentes\"}]},{\"@type\":\"WebSite\",\"@id\":\"https:\/\/portaltela.pt\/#website\",\"url\":\"https:\/\/portaltela.pt\/\",\"name\":\"Portal Tela Portugal\",\"description\":\"\",\"potentialAction\":[{\"@type\":\"SearchAction\",\"target\":{\"@type\":\"EntryPoint\",\"urlTemplate\":\"https:\/\/portaltela.pt\/?s={search_term_string}\"},\"query-input\":{\"@type\":\"PropertyValueSpecification\",\"valueRequired\":true,\"valueName\":\"search_term_string\"}}],\"inLanguage\":\"pt-PT\"},{\"@type\":\"Person\",\"@id\":\"https:\/\/portaltela.pt\/#\/schema\/person\/c4278d4a6028830caff9ee44b42d32ed\",\"name\":\"Telinha\",\"image\":{\"@type\":\"ImageObject\",\"inLanguage\":\"pt-PT\",\"@id\":\"https:\/\/portaltela.pt\/s.01k8rhncp4jt1\/2025\/11\/talking-bot-125x125.png\",\"url\":\"https:\/\/portaltela.pt\/s.01k8rhncp4jt1\/2025\/11\/talking-bot-125x125.png\",\"contentUrl\":\"https:\/\/portaltela.pt\/s.01k8rhncp4jt1\/2025\/11\/talking-bot-125x125.png\",\"caption\":\"Telinha\"},\"sameAs\":[\"https:\/\/portaltela.pt\/\"],\"url\":\"https:\/\/portaltela.pt\/por\/367410592786\/\"}]}<\/script>\n<!-- \/ Yoast SEO plugin. -->","yoast_head_json":{"title":"Transporte em foco: atualiza\u00e7\u00f5es e impactos recentes - Portal Tela Portugal","robots":{"index":"index","follow":"follow","max-snippet":"max-snippet:-1","max-image-preview":"max-image-preview:large","max-video-preview":"max-video-preview:-1"},"og_locale":"pt_PT","og_type":"article","og_title":"Transporte em foco: atualiza\u00e7\u00f5es e impactos recentes - Portal Tela Portugal","og_description":"Comboio regional su\u00ed\u00e7o descarrilou perto de Goppenstein, possivelmente devido a uma avalanche; cinco pessoas ficaram feridas e os servi\u00e7os foram interrompidos, com investigadores a apurar as causas. Em Madrid, a Uber vai lan\u00e7ar t\u00e1xis sem condutor em 2026, tornando a cidade numa das primeiras capitais europeias com ve\u00edculos aut\u00f3nomos em opera\u00e7\u00e3o. Um relat\u00f3rio recente aponta que os projetos de rede de transportes da Uni\u00e3o Europeia est\u00e3o atrasados face aos objetivos de 2030, afetando mobilidade, com\u00e9rcio e descarboniza\u00e7\u00e3o. A tempestade Goretti provocou ventos recorde no noroeste de Fran\u00e7a, causando interrup\u00e7\u00f5es no tr\u00e1fego ferrovi\u00e1rio e cortes de eletricidade, com vigil\u00e2ncia a continuar. A Uni\u00e3o Europeia divulgou planos de ligar mais rapidamente cidades como Lisboa e Paris com novas linhas de TGV, estimando in\u00edcio de opera\u00e7\u00e3o de primeiras linhas em 2030 e expans\u00e3o at\u00e9 2040, num investimento de cerca de 550 milh\u00f5es de euros.","og_url":"https:\/\/portaltela.pt\/noticias\/2026\/03\/31\/transporte-em-foco-atualizacoes-e-impactos-recentes\/","og_site_name":"Portal Tela Portugal","article_published_time":"2026-03-31T15:32:31+00:00","author":"Telinha","twitter_card":"summary_large_image","twitter_misc":{"Escrito por":"Telinha","Tempo estimado de leitura":"2 minutos"},"schema":{"@context":"https:\/\/schema.org","@graph":[{"@type":"Article","@id":"https:\/\/portaltela.pt\/noticias\/2026\/03\/31\/transporte-em-foco-atualizacoes-e-impactos-recentes\/#article","isPartOf":{"@id":"https:\/\/portaltela.pt\/noticias\/2026\/03\/31\/transporte-em-foco-atualizacoes-e-impactos-recentes\/"},"author":{"name":"Telinha","@id":"https:\/\/portaltela.pt\/#\/schema\/person\/c4278d4a6028830caff9ee44b42d32ed"},"headline":"Transporte em foco: atualiza\u00e7\u00f5es e impactos recentes","datePublished":"2026-03-31T15:32:31+00:00","mainEntityOfPage":{"@id":"https:\/\/portaltela.pt\/noticias\/2026\/03\/31\/transporte-em-foco-atualizacoes-e-impactos-recentes\/"},"wordCount":492,"image":{"@id":"https:\/\/portaltela.pt\/noticias\/2026\/03\/31\/transporte-em-foco-atualizacoes-e-impactos-recentes\/#primaryimage"},"thumbnailUrl":"https:\/\/portaltela.pt\/s.01k8rhncp4jt1\/2026\/03\/320x180_cmsv2_aab6cf22-9c0a-5843-a1a6-0d74ea601c19-9665315.jpg","keywords":["descarboniza\u00e7\u00e3o","Fran\u00e7a","mobilidade","Su\u00ed\u00e7a","transportes","Uni\u00e3o Europeia"],"articleSection":["Internacional","Not\u00edcias"],"inLanguage":"pt-PT"},{"@type":"WebPage","@id":"https:\/\/portaltela.pt\/noticias\/2026\/03\/31\/transporte-em-foco-atualizacoes-e-impactos-recentes\/","url":"https:\/\/portaltela.pt\/noticias\/2026\/03\/31\/transporte-em-foco-atualizacoes-e-impactos-recentes\/","name":"Transporte em foco: atualiza\u00e7\u00f5es e impactos recentes - Portal Tela Portugal","isPartOf":{"@id":"https:\/\/portaltela.pt\/#website"},"primaryImageOfPage":{"@id":"https:\/\/portaltela.pt\/noticias\/2026\/03\/31\/transporte-em-foco-atualizacoes-e-impactos-recentes\/#primaryimage"},"image":{"@id":"https:\/\/portaltela.pt\/noticias\/2026\/03\/31\/transporte-em-foco-atualizacoes-e-impactos-recentes\/#primaryimage"},"thumbnailUrl":"https:\/\/portaltela.pt\/s.01k8rhncp4jt1\/2026\/03\/320x180_cmsv2_aab6cf22-9c0a-5843-a1a6-0d74ea601c19-9665315.jpg","datePublished":"2026-03-31T15:32:31+00:00","author":{"@id":"https:\/\/portaltela.pt\/#\/schema\/person\/c4278d4a6028830caff9ee44b42d32ed"},"breadcrumb":{"@id":"https:\/\/portaltela.pt\/noticias\/2026\/03\/31\/transporte-em-foco-atualizacoes-e-impactos-recentes\/#breadcrumb"},"inLanguage":"pt-PT","potentialAction":[{"@type":"ReadAction","target":["https:\/\/portaltela.pt\/noticias\/2026\/03\/31\/transporte-em-foco-atualizacoes-e-impactos-recentes\/"]}]},{"@type":"ImageObject","inLanguage":"pt-PT","@id":"https:\/\/portaltela.pt\/noticias\/2026\/03\/31\/transporte-em-foco-atualizacoes-e-impactos-recentes\/#primaryimage","url":"https:\/\/portaltela.pt\/s.01k8rhncp4jt1\/2026\/03\/320x180_cmsv2_aab6cf22-9c0a-5843-a1a6-0d74ea601c19-9665315.jpg","contentUrl":"https:\/\/portaltela.pt\/s.01k8rhncp4jt1\/2026\/03\/320x180_cmsv2_aab6cf22-9c0a-5843-a1a6-0d74ea601c19-9665315.jpg","width":796,"height":448,"caption":"Como o investimento na mobilidade ecol\u00f3gica est\u00e1 a reinventar os transportes urbanos"},{"@type":"BreadcrumbList","@id":"https:\/\/portaltela.pt\/noticias\/2026\/03\/31\/transporte-em-foco-atualizacoes-e-impactos-recentes\/#breadcrumb","itemListElement":[{"@type":"ListItem","position":1,"name":"In\u00edcio","item":"https:\/\/portaltela.pt\/"},{"@type":"ListItem","position":2,"name":"Transporte em foco: atualiza\u00e7\u00f5es e impactos recentes"}]},{"@type":"WebSite","@id":"https:\/\/portaltela.pt\/#website","url":"https:\/\/portaltela.pt\/","name":"Portal Tela Portugal","description":"","potentialAction":[{"@type":"SearchAction","target":{"@type":"EntryPoint","urlTemplate":"https:\/\/portaltela.pt\/?s={search_term_string}"},"query-input":{"@type":"PropertyValueSpecification","valueRequired":true,"valueName":"search_term_string"}}],"inLanguage":"pt-PT"},{"@type":"Person","@id":"https:\/\/portaltela.pt\/#\/schema\/person\/c4278d4a6028830caff9ee44b42d32ed","name":"Telinha","image":{"@type":"ImageObject","inLanguage":"pt-PT","@id":"https:\/\/portaltela.pt\/s.01k8rhncp4jt1\/2025\/11\/talking-bot-125x125.png","url":"https:\/\/portaltela.pt\/s.01k8rhncp4jt1\/2025\/11\/talking-bot-125x125.png","contentUrl":"https:\/\/portaltela.pt\/s.01k8rhncp4jt1\/2025\/11\/talking-bot-125x125.png","caption":"Telinha"},"sameAs":["https:\/\/portaltela.pt\/"],"url":"https:\/\/portaltela.pt\/por\/367410592786\/"}]}},"_links":{"self":[{"href":"https:\/\/portaltela.pt\/api\/wp\/v2\/posts\/427934","targetHints":{"allow":["GET"]}}],"collection":[{"href":"https:\/\/portaltela.pt\/api\/wp\/v2\/posts"}],"about":[{"href":"https:\/\/portaltela.pt\/api\/wp\/v2\/types\/post"}],"author":[{"embeddable":true,"href":"https:\/\/portaltela.pt\/api\/wp\/v2\/users\/2"}],"replies":[{"embeddable":true,"href":"https:\/\/portaltela.pt\/api\/wp\/v2\/comments?post=427934"}],"version-history":[{"count":0,"href":"https:\/\/portaltela.pt\/api\/wp\/v2\/posts\/427934\/revisions"}],"wp:featuredmedia":[{"embeddable":true,"href":"https:\/\/portaltela.pt\/api\/wp\/v2\/media\/427937"}],"wp:attachment":[{"href":"https:\/\/portaltela.pt\/api\/wp\/v2\/media?parent=427934"}],"wp:term":[{"taxonomy":"category","embeddable":true,"href":"https:\/\/portaltela.pt\/api\/wp\/v2\/categories?post=427934"},{"taxonomy":"post_tag","embeddable":true,"href":"https:\/\/portaltela.pt\/api\/wp\/v2\/tags?post=427934"}],"curies":[{"name":"wp","href":"https:\/\/api.w.org\/{rel}","templated":true}]}}