{"id":427933,"date":"2026-03-31T12:32:30","date_gmt":"2026-03-31T15:32:30","guid":{"rendered":"https:\/\/portaltela.pt\/noticias\/2026\/03\/31\/paises-baixos-empresa-revela-um-dos-maiores-centros-de-dados-de-ia-na-europa\/"},"modified":"2026-03-31T12:32:30","modified_gmt":"2026-03-31T15:32:30","slug":"paises-baixos-empresa-revela-um-dos-maiores-centros-de-dados-de-ia-na-europa","status":"publish","type":"post","link":"https:\/\/portaltela.pt\/tecnologia\/2026\/03\/31\/paises-baixos-empresa-revela-um-dos-maiores-centros-de-dados-de-ia-na-europa\/","title":{"rendered":"Pa\u00edses Baixos: empresa revela um dos maiores centros de dados de IA na Europa"},"content":{"rendered":"<p>O Nebius, empresa holandesa de servi\u00e7os em nuvem, anunciou a constru\u00e7\u00e3o de uma das maiores f\u00e1bricas de IA da Europa, localizada em Lappeenranta, Finl\u00e2ndia. A instala\u00e7\u00e3o poder\u00e1 atingir at\u00e9 310 MW de pot\u00eancia, equivalente a tr\u00eas centros de dados de hiperescaladores.<\/p>\n<p>Segundo a Nebius, o projeto prev\u00ea arrefecimento l\u00edquido em circuito fechado para reduzir o consumo de \u00e1gua. O calor gerado pelos servidores ser\u00e1 aproveitado numa rede local de aquecimento urbano.<\/p>\n<p>A f\u00e1brica est\u00e1 prevista para ficar pronta em 2027 e dever\u00e1 criar at\u00e9 700 empregos durante a fase de constru\u00e7\u00e3o e cerca de 100 postos permanentes. A ambi\u00e7\u00e3o educativa passa pela disponibiliza\u00e7\u00e3o de pot\u00eancia adicional at\u00e9 2026.<\/p>\n<p>A Nebius pretende alcan\u00e7ar pelo menos 2,5 GW de pot\u00eancia at\u00e9 ao final de 2026, com 3,3 GW at\u00e9 2030, visando uma das maiores capacidades de computa\u00e7\u00e3o de IA constru\u00eddas de raiz. Paralelamente, h\u00e1 um projeto pr\u00f3ximo de Lille, Fran\u00e7a, com 240 MW.<\/p>\n<p>Contexto europeu e planos paralelos<\/p>\n<p>Em 2025, a Europa somava cerca de 14,8 GW em pot\u00eancia de centros de dados, contra 10,5 GW em 2023, segundo a European Data Centre Association. projetos relevantes incluem Str\u00e4ngn\u00e4s, Su\u00e9cia, com 350 a 750 MW, conforme a Brookfield.<\/p>\n<p>Portugal destaca-se pela constru\u00e7\u00e3o de um polo de dados em Sines pela Start Campus, com 1,2 GW de capacidade, previsto para funcionar at\u00e9 2030, segundo an\u00fancio de 2024.<\/p>\n","protected":false},"excerpt":{"rendered":"<ul>\n<li>A Nebius, empresa holandesa de servi\u00e7os em nuvem, afirma estar a construir uma das maiores f\u00e1bricas de IA da Europa, em Lappeenranta, Finl\u00e2ndia, com at\u00e9 310 MW de pot\u00eancia.<\/li>\n<li>O centro ter\u00e1 arrefecimento l\u00edquido em circuito fechado e aproveitar\u00e1 o calor gerado para aquecimento urbano, reduzindo o consumo de \u00e1gua.<\/li>\n<li>A constru\u00e7\u00e3o pode criar at\u00e9 700 empregos durante a obra e 100 empregos permanentes quando o centro estiver operativo, com conclus\u00e3o prevista para 2027.<\/li>\n<li>A Nebius projeta disponibilizar pelo menos 2,5 GW de pot\u00eancia at\u00e9 ao final de 2026, visando 3,3 GW at\u00e9 2030, incluindo um projeto pr\u00f3ximo de Lille, Fran\u00e7a, com 240 MW.<\/li>\n<li>Em 2025, a Europa j\u00e1 contava com cerca de 14,784 MW em centros de dados; projetos maiores incluem Str\u00e4ngn\u00e4s, Su\u00e9cia (350 a 750 MW) e Sines, Portugal (1,2 GW) at\u00e9 2030.<\/li>\n<\/ul>\n","protected":false},"author":2,"featured_media":427936,"comment_status":"closed","ping_status":"closed","sticky":false,"template":"","format":"standard","meta":{"footnotes":""},"categories":[1,6716],"tags":[2085,1006,174,2487,1856,51],"class_list":["post-427933","post","type-post","status-publish","format-standard","has-post-thumbnail","hentry","category-noticias","category-tecnologia","tag-computacao-em-nuvem","tag-emprego","tag-energia","tag-europa","tag-franca","tag-inteligencia-artificial"],"yoast_head":"<!-- This site is optimized with the Yoast SEO plugin v27.2 - https:\/\/yoast.com\/product\/yoast-seo-wordpress\/ -->\n<title>Pa\u00edses Baixos: empresa revela um dos maiores centros de dados de IA na Europa - Portal Tela Portugal<\/title>\n<meta name=\"robots\" content=\"index, follow, max-snippet:-1, max-image-preview:large, max-video-preview:-1\" \/>\n<meta property=\"og:locale\" content=\"pt_PT\" \/>\n<meta property=\"og:type\" content=\"article\" \/>\n<meta property=\"og:title\" content=\"Pa\u00edses Baixos: empresa revela um dos maiores centros de dados de IA na Europa - Portal Tela Portugal\" \/>\n<meta property=\"og:description\" content=\"A Nebius, empresa holandesa de servi\u00e7os em nuvem, afirma estar a construir uma das maiores f\u00e1bricas de IA da Europa, em Lappeenranta, Finl\u00e2ndia, com at\u00e9 310 MW de pot\u00eancia. O centro ter\u00e1 arrefecimento l\u00edquido em circuito fechado e aproveitar\u00e1 o calor gerado para aquecimento urbano, reduzindo o consumo de \u00e1gua. A constru\u00e7\u00e3o pode criar at\u00e9 700 empregos durante a obra e 100 empregos permanentes quando o centro estiver operativo, com conclus\u00e3o prevista para 2027. A Nebius projeta disponibilizar pelo menos 2,5 GW de pot\u00eancia at\u00e9 ao final de 2026, visando 3,3 GW at\u00e9 2030, incluindo um projeto pr\u00f3ximo de Lille, Fran\u00e7a, com 240 MW. Em 2025, a Europa j\u00e1 contava com cerca de 14,784 MW em centros de dados; projetos maiores incluem Str\u00e4ngn\u00e4s, Su\u00e9cia (350 a 750 MW) e Sines, Portugal (1,2 GW) at\u00e9 2030.\" \/>\n<meta property=\"og:url\" content=\"https:\/\/portaltela.pt\/noticias\/2026\/03\/31\/paises-baixos-empresa-revela-um-dos-maiores-centros-de-dados-de-ia-na-europa\/\" \/>\n<meta property=\"og:site_name\" content=\"Portal Tela Portugal\" \/>\n<meta property=\"article:published_time\" content=\"2026-03-31T15:32:30+00:00\" \/>\n<meta name=\"author\" content=\"Telinha\" \/>\n<meta name=\"twitter:card\" content=\"summary_large_image\" \/>\n<meta name=\"twitter:label1\" content=\"Escrito por\" \/>\n\t<meta name=\"twitter:data1\" content=\"Telinha\" \/>\n\t<meta name=\"twitter:label2\" content=\"Tempo estimado de leitura\" \/>\n\t<meta name=\"twitter:data2\" content=\"1 minuto\" \/>\n<script type=\"application\/ld+json\" class=\"yoast-schema-graph\">{\"@context\":\"https:\/\/schema.org\",\"@graph\":[{\"@type\":\"Article\",\"@id\":\"https:\/\/portaltela.pt\/noticias\/2026\/03\/31\/paises-baixos-empresa-revela-um-dos-maiores-centros-de-dados-de-ia-na-europa\/#article\",\"isPartOf\":{\"@id\":\"https:\/\/portaltela.pt\/noticias\/2026\/03\/31\/paises-baixos-empresa-revela-um-dos-maiores-centros-de-dados-de-ia-na-europa\/\"},\"author\":{\"name\":\"Telinha\",\"@id\":\"https:\/\/portaltela.pt\/#\/schema\/person\/c4278d4a6028830caff9ee44b42d32ed\"},\"headline\":\"Pa\u00edses Baixos: empresa revela um dos maiores centros de dados de IA na Europa\",\"datePublished\":\"2026-03-31T15:32:30+00:00\",\"mainEntityOfPage\":{\"@id\":\"https:\/\/portaltela.pt\/noticias\/2026\/03\/31\/paises-baixos-empresa-revela-um-dos-maiores-centros-de-dados-de-ia-na-europa\/\"},\"wordCount\":244,\"image\":{\"@id\":\"https:\/\/portaltela.pt\/noticias\/2026\/03\/31\/paises-baixos-empresa-revela-um-dos-maiores-centros-de-dados-de-ia-na-europa\/#primaryimage\"},\"thumbnailUrl\":\"https:\/\/portaltela.pt\/s.01k8rhncp4jt1\/2026\/03\/1536x864_cmsv2_8929c7bd-7b7e-5cf3-bd2f-68f6c3c530eb-9705531.jpg\",\"keywords\":[\"computa\u00e7\u00e3o em nuvem\",\"emprego\",\"energia\",\"Europa\",\"Fran\u00e7a\",\"intelig\u00eancia artificial\"],\"articleSection\":[\"Not\u00edcias\",\"Tecnologia\"],\"inLanguage\":\"pt-PT\"},{\"@type\":\"WebPage\",\"@id\":\"https:\/\/portaltela.pt\/noticias\/2026\/03\/31\/paises-baixos-empresa-revela-um-dos-maiores-centros-de-dados-de-ia-na-europa\/\",\"url\":\"https:\/\/portaltela.pt\/noticias\/2026\/03\/31\/paises-baixos-empresa-revela-um-dos-maiores-centros-de-dados-de-ia-na-europa\/\",\"name\":\"Pa\u00edses Baixos: empresa revela um dos maiores centros de dados de IA na Europa - Portal Tela Portugal\",\"isPartOf\":{\"@id\":\"https:\/\/portaltela.pt\/#website\"},\"primaryImageOfPage\":{\"@id\":\"https:\/\/portaltela.pt\/noticias\/2026\/03\/31\/paises-baixos-empresa-revela-um-dos-maiores-centros-de-dados-de-ia-na-europa\/#primaryimage\"},\"image\":{\"@id\":\"https:\/\/portaltela.pt\/noticias\/2026\/03\/31\/paises-baixos-empresa-revela-um-dos-maiores-centros-de-dados-de-ia-na-europa\/#primaryimage\"},\"thumbnailUrl\":\"https:\/\/portaltela.pt\/s.01k8rhncp4jt1\/2026\/03\/1536x864_cmsv2_8929c7bd-7b7e-5cf3-bd2f-68f6c3c530eb-9705531.jpg\",\"datePublished\":\"2026-03-31T15:32:30+00:00\",\"author\":{\"@id\":\"https:\/\/portaltela.pt\/#\/schema\/person\/c4278d4a6028830caff9ee44b42d32ed\"},\"breadcrumb\":{\"@id\":\"https:\/\/portaltela.pt\/noticias\/2026\/03\/31\/paises-baixos-empresa-revela-um-dos-maiores-centros-de-dados-de-ia-na-europa\/#breadcrumb\"},\"inLanguage\":\"pt-PT\",\"potentialAction\":[{\"@type\":\"ReadAction\",\"target\":[\"https:\/\/portaltela.pt\/noticias\/2026\/03\/31\/paises-baixos-empresa-revela-um-dos-maiores-centros-de-dados-de-ia-na-europa\/\"]}]},{\"@type\":\"ImageObject\",\"inLanguage\":\"pt-PT\",\"@id\":\"https:\/\/portaltela.pt\/noticias\/2026\/03\/31\/paises-baixos-empresa-revela-um-dos-maiores-centros-de-dados-de-ia-na-europa\/#primaryimage\",\"url\":\"https:\/\/portaltela.pt\/s.01k8rhncp4jt1\/2026\/03\/1536x864_cmsv2_8929c7bd-7b7e-5cf3-bd2f-68f6c3c530eb-9705531.jpg\",\"contentUrl\":\"https:\/\/portaltela.pt\/s.01k8rhncp4jt1\/2026\/03\/1536x864_cmsv2_8929c7bd-7b7e-5cf3-bd2f-68f6c3c530eb-9705531.jpg\",\"width\":796,\"height\":448,\"caption\":\"Nebius, empresa neerlandesa de servi\u00e7os de cloud, anunciou um novo centro de dados na Finl\u00e2ndia que ir\u00e1 disponibilizar 310 megawatts de pot\u00eancia.\"},{\"@type\":\"BreadcrumbList\",\"@id\":\"https:\/\/portaltela.pt\/noticias\/2026\/03\/31\/paises-baixos-empresa-revela-um-dos-maiores-centros-de-dados-de-ia-na-europa\/#breadcrumb\",\"itemListElement\":[{\"@type\":\"ListItem\",\"position\":1,\"name\":\"In\u00edcio\",\"item\":\"https:\/\/portaltela.pt\/\"},{\"@type\":\"ListItem\",\"position\":2,\"name\":\"Pa\u00edses Baixos: empresa revela um dos maiores centros de dados de IA na Europa\"}]},{\"@type\":\"WebSite\",\"@id\":\"https:\/\/portaltela.pt\/#website\",\"url\":\"https:\/\/portaltela.pt\/\",\"name\":\"Portal Tela Portugal\",\"description\":\"\",\"potentialAction\":[{\"@type\":\"SearchAction\",\"target\":{\"@type\":\"EntryPoint\",\"urlTemplate\":\"https:\/\/portaltela.pt\/?s={search_term_string}\"},\"query-input\":{\"@type\":\"PropertyValueSpecification\",\"valueRequired\":true,\"valueName\":\"search_term_string\"}}],\"inLanguage\":\"pt-PT\"},{\"@type\":\"Person\",\"@id\":\"https:\/\/portaltela.pt\/#\/schema\/person\/c4278d4a6028830caff9ee44b42d32ed\",\"name\":\"Telinha\",\"image\":{\"@type\":\"ImageObject\",\"inLanguage\":\"pt-PT\",\"@id\":\"https:\/\/portaltela.pt\/s.01k8rhncp4jt1\/2025\/11\/talking-bot-125x125.png\",\"url\":\"https:\/\/portaltela.pt\/s.01k8rhncp4jt1\/2025\/11\/talking-bot-125x125.png\",\"contentUrl\":\"https:\/\/portaltela.pt\/s.01k8rhncp4jt1\/2025\/11\/talking-bot-125x125.png\",\"caption\":\"Telinha\"},\"sameAs\":[\"https:\/\/portaltela.pt\/\"],\"url\":\"https:\/\/portaltela.pt\/por\/367410592786\/\"}]}<\/script>\n<!-- \/ Yoast SEO plugin. -->","yoast_head_json":{"title":"Pa\u00edses Baixos: empresa revela um dos maiores centros de dados de IA na Europa - Portal Tela Portugal","robots":{"index":"index","follow":"follow","max-snippet":"max-snippet:-1","max-image-preview":"max-image-preview:large","max-video-preview":"max-video-preview:-1"},"og_locale":"pt_PT","og_type":"article","og_title":"Pa\u00edses Baixos: empresa revela um dos maiores centros de dados de IA na Europa - Portal Tela Portugal","og_description":"A Nebius, empresa holandesa de servi\u00e7os em nuvem, afirma estar a construir uma das maiores f\u00e1bricas de IA da Europa, em Lappeenranta, Finl\u00e2ndia, com at\u00e9 310 MW de pot\u00eancia. O centro ter\u00e1 arrefecimento l\u00edquido em circuito fechado e aproveitar\u00e1 o calor gerado para aquecimento urbano, reduzindo o consumo de \u00e1gua. A constru\u00e7\u00e3o pode criar at\u00e9 700 empregos durante a obra e 100 empregos permanentes quando o centro estiver operativo, com conclus\u00e3o prevista para 2027. A Nebius projeta disponibilizar pelo menos 2,5 GW de pot\u00eancia at\u00e9 ao final de 2026, visando 3,3 GW at\u00e9 2030, incluindo um projeto pr\u00f3ximo de Lille, Fran\u00e7a, com 240 MW. Em 2025, a Europa j\u00e1 contava com cerca de 14,784 MW em centros de dados; projetos maiores incluem Str\u00e4ngn\u00e4s, Su\u00e9cia (350 a 750 MW) e Sines, Portugal (1,2 GW) at\u00e9 2030.","og_url":"https:\/\/portaltela.pt\/noticias\/2026\/03\/31\/paises-baixos-empresa-revela-um-dos-maiores-centros-de-dados-de-ia-na-europa\/","og_site_name":"Portal Tela Portugal","article_published_time":"2026-03-31T15:32:30+00:00","author":"Telinha","twitter_card":"summary_large_image","twitter_misc":{"Escrito por":"Telinha","Tempo estimado de leitura":"1 minuto"},"schema":{"@context":"https:\/\/schema.org","@graph":[{"@type":"Article","@id":"https:\/\/portaltela.pt\/noticias\/2026\/03\/31\/paises-baixos-empresa-revela-um-dos-maiores-centros-de-dados-de-ia-na-europa\/#article","isPartOf":{"@id":"https:\/\/portaltela.pt\/noticias\/2026\/03\/31\/paises-baixos-empresa-revela-um-dos-maiores-centros-de-dados-de-ia-na-europa\/"},"author":{"name":"Telinha","@id":"https:\/\/portaltela.pt\/#\/schema\/person\/c4278d4a6028830caff9ee44b42d32ed"},"headline":"Pa\u00edses Baixos: empresa revela um dos maiores centros de dados de IA na Europa","datePublished":"2026-03-31T15:32:30+00:00","mainEntityOfPage":{"@id":"https:\/\/portaltela.pt\/noticias\/2026\/03\/31\/paises-baixos-empresa-revela-um-dos-maiores-centros-de-dados-de-ia-na-europa\/"},"wordCount":244,"image":{"@id":"https:\/\/portaltela.pt\/noticias\/2026\/03\/31\/paises-baixos-empresa-revela-um-dos-maiores-centros-de-dados-de-ia-na-europa\/#primaryimage"},"thumbnailUrl":"https:\/\/portaltela.pt\/s.01k8rhncp4jt1\/2026\/03\/1536x864_cmsv2_8929c7bd-7b7e-5cf3-bd2f-68f6c3c530eb-9705531.jpg","keywords":["computa\u00e7\u00e3o em nuvem","emprego","energia","Europa","Fran\u00e7a","intelig\u00eancia artificial"],"articleSection":["Not\u00edcias","Tecnologia"],"inLanguage":"pt-PT"},{"@type":"WebPage","@id":"https:\/\/portaltela.pt\/noticias\/2026\/03\/31\/paises-baixos-empresa-revela-um-dos-maiores-centros-de-dados-de-ia-na-europa\/","url":"https:\/\/portaltela.pt\/noticias\/2026\/03\/31\/paises-baixos-empresa-revela-um-dos-maiores-centros-de-dados-de-ia-na-europa\/","name":"Pa\u00edses Baixos: empresa revela um dos maiores centros de dados de IA na Europa - Portal Tela Portugal","isPartOf":{"@id":"https:\/\/portaltela.pt\/#website"},"primaryImageOfPage":{"@id":"https:\/\/portaltela.pt\/noticias\/2026\/03\/31\/paises-baixos-empresa-revela-um-dos-maiores-centros-de-dados-de-ia-na-europa\/#primaryimage"},"image":{"@id":"https:\/\/portaltela.pt\/noticias\/2026\/03\/31\/paises-baixos-empresa-revela-um-dos-maiores-centros-de-dados-de-ia-na-europa\/#primaryimage"},"thumbnailUrl":"https:\/\/portaltela.pt\/s.01k8rhncp4jt1\/2026\/03\/1536x864_cmsv2_8929c7bd-7b7e-5cf3-bd2f-68f6c3c530eb-9705531.jpg","datePublished":"2026-03-31T15:32:30+00:00","author":{"@id":"https:\/\/portaltela.pt\/#\/schema\/person\/c4278d4a6028830caff9ee44b42d32ed"},"breadcrumb":{"@id":"https:\/\/portaltela.pt\/noticias\/2026\/03\/31\/paises-baixos-empresa-revela-um-dos-maiores-centros-de-dados-de-ia-na-europa\/#breadcrumb"},"inLanguage":"pt-PT","potentialAction":[{"@type":"ReadAction","target":["https:\/\/portaltela.pt\/noticias\/2026\/03\/31\/paises-baixos-empresa-revela-um-dos-maiores-centros-de-dados-de-ia-na-europa\/"]}]},{"@type":"ImageObject","inLanguage":"pt-PT","@id":"https:\/\/portaltela.pt\/noticias\/2026\/03\/31\/paises-baixos-empresa-revela-um-dos-maiores-centros-de-dados-de-ia-na-europa\/#primaryimage","url":"https:\/\/portaltela.pt\/s.01k8rhncp4jt1\/2026\/03\/1536x864_cmsv2_8929c7bd-7b7e-5cf3-bd2f-68f6c3c530eb-9705531.jpg","contentUrl":"https:\/\/portaltela.pt\/s.01k8rhncp4jt1\/2026\/03\/1536x864_cmsv2_8929c7bd-7b7e-5cf3-bd2f-68f6c3c530eb-9705531.jpg","width":796,"height":448,"caption":"Nebius, empresa neerlandesa de servi\u00e7os de cloud, anunciou um novo centro de dados na Finl\u00e2ndia que ir\u00e1 disponibilizar 310 megawatts de pot\u00eancia."},{"@type":"BreadcrumbList","@id":"https:\/\/portaltela.pt\/noticias\/2026\/03\/31\/paises-baixos-empresa-revela-um-dos-maiores-centros-de-dados-de-ia-na-europa\/#breadcrumb","itemListElement":[{"@type":"ListItem","position":1,"name":"In\u00edcio","item":"https:\/\/portaltela.pt\/"},{"@type":"ListItem","position":2,"name":"Pa\u00edses Baixos: empresa revela um dos maiores centros de dados de IA na Europa"}]},{"@type":"WebSite","@id":"https:\/\/portaltela.pt\/#website","url":"https:\/\/portaltela.pt\/","name":"Portal Tela Portugal","description":"","potentialAction":[{"@type":"SearchAction","target":{"@type":"EntryPoint","urlTemplate":"https:\/\/portaltela.pt\/?s={search_term_string}"},"query-input":{"@type":"PropertyValueSpecification","valueRequired":true,"valueName":"search_term_string"}}],"inLanguage":"pt-PT"},{"@type":"Person","@id":"https:\/\/portaltela.pt\/#\/schema\/person\/c4278d4a6028830caff9ee44b42d32ed","name":"Telinha","image":{"@type":"ImageObject","inLanguage":"pt-PT","@id":"https:\/\/portaltela.pt\/s.01k8rhncp4jt1\/2025\/11\/talking-bot-125x125.png","url":"https:\/\/portaltela.pt\/s.01k8rhncp4jt1\/2025\/11\/talking-bot-125x125.png","contentUrl":"https:\/\/portaltela.pt\/s.01k8rhncp4jt1\/2025\/11\/talking-bot-125x125.png","caption":"Telinha"},"sameAs":["https:\/\/portaltela.pt\/"],"url":"https:\/\/portaltela.pt\/por\/367410592786\/"}]}},"_links":{"self":[{"href":"https:\/\/portaltela.pt\/api\/wp\/v2\/posts\/427933","targetHints":{"allow":["GET"]}}],"collection":[{"href":"https:\/\/portaltela.pt\/api\/wp\/v2\/posts"}],"about":[{"href":"https:\/\/portaltela.pt\/api\/wp\/v2\/types\/post"}],"author":[{"embeddable":true,"href":"https:\/\/portaltela.pt\/api\/wp\/v2\/users\/2"}],"replies":[{"embeddable":true,"href":"https:\/\/portaltela.pt\/api\/wp\/v2\/comments?post=427933"}],"version-history":[{"count":0,"href":"https:\/\/portaltela.pt\/api\/wp\/v2\/posts\/427933\/revisions"}],"wp:featuredmedia":[{"embeddable":true,"href":"https:\/\/portaltela.pt\/api\/wp\/v2\/media\/427936"}],"wp:attachment":[{"href":"https:\/\/portaltela.pt\/api\/wp\/v2\/media?parent=427933"}],"wp:term":[{"taxonomy":"category","embeddable":true,"href":"https:\/\/portaltela.pt\/api\/wp\/v2\/categories?post=427933"},{"taxonomy":"post_tag","embeddable":true,"href":"https:\/\/portaltela.pt\/api\/wp\/v2\/tags?post=427933"}],"curies":[{"name":"wp","href":"https:\/\/api.w.org\/{rel}","templated":true}]}}