{"id":427922,"date":"2026-03-31T12:32:12","date_gmt":"2026-03-31T15:32:12","guid":{"rendered":"https:\/\/portaltela.pt\/noticias\/2026\/03\/31\/morreu-o-pintor-armando-alves-dos-os-quatro-vintes-aos-90-anos\/"},"modified":"2026-03-31T12:32:12","modified_gmt":"2026-03-31T15:32:12","slug":"morreu-o-pintor-armando-alves-dos-os-quatro-vintes-aos-90-anos","status":"publish","type":"post","link":"https:\/\/portaltela.pt\/noticias\/2026\/03\/31\/morreu-o-pintor-armando-alves-dos-os-quatro-vintes-aos-90-anos\/","title":{"rendered":"Morreu o pintor Armando Alves, dos Os Quatro Vintes, aos 90 anos"},"content":{"rendered":"<p>Armando Alves, pintor e membro do grupo Os Quatro Vintes, morreu aos 90 anos, anunciou hoje a Faculdade de Belas Artes da Universidade do Porto (FBAUP). O artista nasceu em Estremoz em 1935 e formou-se em Pintura com 20 valores.<\/p>\n<p>Junto de \u00c2ngelo de Sousa, Jos\u00e9 Rodrigues e Jorge Pinheiro, criou o grupo Os Quatro Vintes, que exp\u00f4s nacional e internacionalmente no fim dos anos 1960 e in\u00edcio dos 1970. O grupo nasceu da nota de sa\u00edda do curso de Belas Artes, na escola que depois viria a ser a FBAUP.<\/p>\n<p>Armando Alves foi um dos pioneiros da forma\u00e7\u00e3o em Artes Gr\u00e1ficas na cidade do Porto, onde lecionou na Escola de Belas Artes, hoje FBAUP. Abrangendo depois o design profissional, destacou-se no design editorial e na cartazistica.<\/p>\n<h3>Legado<\/h3>\n<p>A  hist\u00f3ria de Alves inclui reconhecimentos como Grande-Oficial da Ordem do M\u00e9rito (2006) e o Pr\u00e9mio de Artes Casino da P\u00f3voa (2009). Para al\u00e9m da pr\u00e1tica pict\u00f3rica, manteve uma mem\u00f3ria gr\u00e1fica da vida cultural portuense ao longo de d\u00e9cadas.<\/p>\n<p>Do grupo Os Quatro Vintes, apenas Jorge Pinheiro permanece vivo, j\u00e1 que \u00c2ngelo de Sousa faleceu em 2011 e Jos\u00e9 Rodrigues em 2016. Em 2025, a Cooperativa \u00c1rvore realizou uma exposi\u00e7\u00e3o dedicada ao artista no Porto, celebrando 90 anos desde o nascimento.<\/p>\n","protected":false},"excerpt":{"rendered":"<ul>\n<li>O pintor Armando Alves morreu aos 90 anos, anunciou a Faculdade de Belas Artes da Universidade do Porto (FBAUP).<\/li>\n<li>Integrau o grupo Os Quatro Vintes, com \u00c2ngelo de Sousa, Jos\u00e9 Rodrigues e Jorge Pinheiro, e nasceu em Estremoz em 1935.<\/li>\n<li>Formou\u2011se em Pintura com 20 valores e foi estudante e docente na Escola de Belas Artes do Porto, que mais tarde passou a designar\u2011se FBAUP.<\/li>\n<li>Entre as suas linhas de atua\u00e7\u00e3o destacou\u2011se o design editorial e cartaz, tendo contribu\u00eddo para a forma\u00e7\u00e3o em Artes Gr\u00e1ficas e para o surgimento do Design de Comunica\u00e7\u00e3o na cidade.<\/li>\n<li>Foi agraciado com Grande\u2011Oficial da Ordem do M\u00e9rito em 2006 e ganhou o Pr\u00e9mio de Artes Casino da P\u00f3voa em 2009; Jorge Pinheiro \u00e9 o \u00fanico dos Quatro Vintes ainda vivo. A 7 de novembro de 2025 houve uma exposi\u00e7\u00e3o na Cooperativa \u00c1rvore no Porto em sua honra.<\/li>\n<\/ul>\n","protected":false},"author":2,"featured_media":427926,"comment_status":"closed","ping_status":"closed","sticky":false,"template":"","format":"standard","meta":{"footnotes":""},"categories":[7375,1],"tags":[7660,70,145,1098,248,982],"class_list":["post-427922","post","type-post","status-publish","format-standard","has-post-thumbnail","hentry","category-cultura","category-noticias","tag-armando-alves","tag-arte","tag-cultura","tag-estremoz","tag-pintura","tag-porto"],"yoast_head":"<!-- This site is optimized with the Yoast SEO plugin v27.2 - https:\/\/yoast.com\/product\/yoast-seo-wordpress\/ -->\n<title>Morreu o pintor Armando Alves, dos Os Quatro Vintes, aos 90 anos - Portal Tela Portugal<\/title>\n<meta name=\"robots\" content=\"index, follow, max-snippet:-1, max-image-preview:large, max-video-preview:-1\" \/>\n<meta property=\"og:locale\" content=\"pt_PT\" \/>\n<meta property=\"og:type\" content=\"article\" \/>\n<meta property=\"og:title\" content=\"Morreu o pintor Armando Alves, dos Os Quatro Vintes, aos 90 anos - Portal Tela Portugal\" \/>\n<meta property=\"og:description\" content=\"O pintor Armando Alves morreu aos 90 anos, anunciou a Faculdade de Belas Artes da Universidade do Porto (FBAUP). Integrau o grupo Os Quatro Vintes, com \u00c2ngelo de Sousa, Jos\u00e9 Rodrigues e Jorge Pinheiro, e nasceu em Estremoz em 1935. Formou\u2011se em Pintura com 20 valores e foi estudante e docente na Escola de Belas Artes do Porto, que mais tarde passou a designar\u2011se FBAUP. Entre as suas linhas de atua\u00e7\u00e3o destacou\u2011se o design editorial e cartaz, tendo contribu\u00eddo para a forma\u00e7\u00e3o em Artes Gr\u00e1ficas e para o surgimento do Design de Comunica\u00e7\u00e3o na cidade. Foi agraciado com Grande\u2011Oficial da Ordem do M\u00e9rito em 2006 e ganhou o Pr\u00e9mio de Artes Casino da P\u00f3voa em 2009; Jorge Pinheiro \u00e9 o \u00fanico dos Quatro Vintes ainda vivo. A 7 de novembro de 2025 houve uma exposi\u00e7\u00e3o na Cooperativa \u00c1rvore no Porto em sua honra.\" \/>\n<meta property=\"og:url\" content=\"https:\/\/portaltela.pt\/noticias\/2026\/03\/31\/morreu-o-pintor-armando-alves-dos-os-quatro-vintes-aos-90-anos\/\" \/>\n<meta property=\"og:site_name\" content=\"Portal Tela Portugal\" \/>\n<meta property=\"article:published_time\" content=\"2026-03-31T15:32:12+00:00\" \/>\n<meta name=\"author\" content=\"Telinha\" \/>\n<meta name=\"twitter:card\" content=\"summary_large_image\" \/>\n<meta name=\"twitter:label1\" content=\"Escrito por\" \/>\n\t<meta name=\"twitter:data1\" content=\"Telinha\" \/>\n\t<meta name=\"twitter:label2\" content=\"Tempo estimado de leitura\" \/>\n\t<meta name=\"twitter:data2\" content=\"1 minuto\" \/>\n<script type=\"application\/ld+json\" class=\"yoast-schema-graph\">{\"@context\":\"https:\/\/schema.org\",\"@graph\":[{\"@type\":\"Article\",\"@id\":\"https:\/\/portaltela.pt\/noticias\/2026\/03\/31\/morreu-o-pintor-armando-alves-dos-os-quatro-vintes-aos-90-anos\/#article\",\"isPartOf\":{\"@id\":\"https:\/\/portaltela.pt\/noticias\/2026\/03\/31\/morreu-o-pintor-armando-alves-dos-os-quatro-vintes-aos-90-anos\/\"},\"author\":{\"name\":\"Telinha\",\"@id\":\"https:\/\/portaltela.pt\/#\/schema\/person\/c4278d4a6028830caff9ee44b42d32ed\"},\"headline\":\"Morreu o pintor Armando Alves, dos Os Quatro Vintes, aos 90 anos\",\"datePublished\":\"2026-03-31T15:32:12+00:00\",\"mainEntityOfPage\":{\"@id\":\"https:\/\/portaltela.pt\/noticias\/2026\/03\/31\/morreu-o-pintor-armando-alves-dos-os-quatro-vintes-aos-90-anos\/\"},\"wordCount\":225,\"image\":{\"@id\":\"https:\/\/portaltela.pt\/noticias\/2026\/03\/31\/morreu-o-pintor-armando-alves-dos-os-quatro-vintes-aos-90-anos\/#primaryimage\"},\"thumbnailUrl\":\"https:\/\/portaltela.pt\/s.01k8rhncp4jt1\/2026\/03\/image-1873.jpg\",\"keywords\":[\"Armando Alves\",\"arte\",\"cultura\",\"Estremoz\",\"pintura\",\"Porto\"],\"articleSection\":[\"Cultura\",\"Not\u00edcias\"],\"inLanguage\":\"pt-PT\"},{\"@type\":\"WebPage\",\"@id\":\"https:\/\/portaltela.pt\/noticias\/2026\/03\/31\/morreu-o-pintor-armando-alves-dos-os-quatro-vintes-aos-90-anos\/\",\"url\":\"https:\/\/portaltela.pt\/noticias\/2026\/03\/31\/morreu-o-pintor-armando-alves-dos-os-quatro-vintes-aos-90-anos\/\",\"name\":\"Morreu o pintor Armando Alves, dos Os Quatro Vintes, aos 90 anos - Portal Tela Portugal\",\"isPartOf\":{\"@id\":\"https:\/\/portaltela.pt\/#website\"},\"primaryImageOfPage\":{\"@id\":\"https:\/\/portaltela.pt\/noticias\/2026\/03\/31\/morreu-o-pintor-armando-alves-dos-os-quatro-vintes-aos-90-anos\/#primaryimage\"},\"image\":{\"@id\":\"https:\/\/portaltela.pt\/noticias\/2026\/03\/31\/morreu-o-pintor-armando-alves-dos-os-quatro-vintes-aos-90-anos\/#primaryimage\"},\"thumbnailUrl\":\"https:\/\/portaltela.pt\/s.01k8rhncp4jt1\/2026\/03\/image-1873.jpg\",\"datePublished\":\"2026-03-31T15:32:12+00:00\",\"author\":{\"@id\":\"https:\/\/portaltela.pt\/#\/schema\/person\/c4278d4a6028830caff9ee44b42d32ed\"},\"breadcrumb\":{\"@id\":\"https:\/\/portaltela.pt\/noticias\/2026\/03\/31\/morreu-o-pintor-armando-alves-dos-os-quatro-vintes-aos-90-anos\/#breadcrumb\"},\"inLanguage\":\"pt-PT\",\"potentialAction\":[{\"@type\":\"ReadAction\",\"target\":[\"https:\/\/portaltela.pt\/noticias\/2026\/03\/31\/morreu-o-pintor-armando-alves-dos-os-quatro-vintes-aos-90-anos\/\"]}]},{\"@type\":\"ImageObject\",\"inLanguage\":\"pt-PT\",\"@id\":\"https:\/\/portaltela.pt\/noticias\/2026\/03\/31\/morreu-o-pintor-armando-alves-dos-os-quatro-vintes-aos-90-anos\/#primaryimage\",\"url\":\"https:\/\/portaltela.pt\/s.01k8rhncp4jt1\/2026\/03\/image-1873.jpg\",\"contentUrl\":\"https:\/\/portaltela.pt\/s.01k8rhncp4jt1\/2026\/03\/image-1873.jpg\",\"width\":796,\"height\":448,\"caption\":\"Armando Alves foi estudante e docente na Escola de Belas Artes\"},{\"@type\":\"BreadcrumbList\",\"@id\":\"https:\/\/portaltela.pt\/noticias\/2026\/03\/31\/morreu-o-pintor-armando-alves-dos-os-quatro-vintes-aos-90-anos\/#breadcrumb\",\"itemListElement\":[{\"@type\":\"ListItem\",\"position\":1,\"name\":\"In\u00edcio\",\"item\":\"https:\/\/portaltela.pt\/\"},{\"@type\":\"ListItem\",\"position\":2,\"name\":\"Morreu o pintor Armando Alves, dos Os Quatro Vintes, aos 90 anos\"}]},{\"@type\":\"WebSite\",\"@id\":\"https:\/\/portaltela.pt\/#website\",\"url\":\"https:\/\/portaltela.pt\/\",\"name\":\"Portal Tela Portugal\",\"description\":\"\",\"potentialAction\":[{\"@type\":\"SearchAction\",\"target\":{\"@type\":\"EntryPoint\",\"urlTemplate\":\"https:\/\/portaltela.pt\/?s={search_term_string}\"},\"query-input\":{\"@type\":\"PropertyValueSpecification\",\"valueRequired\":true,\"valueName\":\"search_term_string\"}}],\"inLanguage\":\"pt-PT\"},{\"@type\":\"Person\",\"@id\":\"https:\/\/portaltela.pt\/#\/schema\/person\/c4278d4a6028830caff9ee44b42d32ed\",\"name\":\"Telinha\",\"image\":{\"@type\":\"ImageObject\",\"inLanguage\":\"pt-PT\",\"@id\":\"https:\/\/portaltela.pt\/s.01k8rhncp4jt1\/2025\/11\/talking-bot-125x125.png\",\"url\":\"https:\/\/portaltela.pt\/s.01k8rhncp4jt1\/2025\/11\/talking-bot-125x125.png\",\"contentUrl\":\"https:\/\/portaltela.pt\/s.01k8rhncp4jt1\/2025\/11\/talking-bot-125x125.png\",\"caption\":\"Telinha\"},\"sameAs\":[\"https:\/\/portaltela.pt\/\"],\"url\":\"https:\/\/portaltela.pt\/por\/367410592786\/\"}]}<\/script>\n<!-- \/ Yoast SEO plugin. -->","yoast_head_json":{"title":"Morreu o pintor Armando Alves, dos Os Quatro Vintes, aos 90 anos - Portal Tela Portugal","robots":{"index":"index","follow":"follow","max-snippet":"max-snippet:-1","max-image-preview":"max-image-preview:large","max-video-preview":"max-video-preview:-1"},"og_locale":"pt_PT","og_type":"article","og_title":"Morreu o pintor Armando Alves, dos Os Quatro Vintes, aos 90 anos - Portal Tela Portugal","og_description":"O pintor Armando Alves morreu aos 90 anos, anunciou a Faculdade de Belas Artes da Universidade do Porto (FBAUP). Integrau o grupo Os Quatro Vintes, com \u00c2ngelo de Sousa, Jos\u00e9 Rodrigues e Jorge Pinheiro, e nasceu em Estremoz em 1935. Formou\u2011se em Pintura com 20 valores e foi estudante e docente na Escola de Belas Artes do Porto, que mais tarde passou a designar\u2011se FBAUP. Entre as suas linhas de atua\u00e7\u00e3o destacou\u2011se o design editorial e cartaz, tendo contribu\u00eddo para a forma\u00e7\u00e3o em Artes Gr\u00e1ficas e para o surgimento do Design de Comunica\u00e7\u00e3o na cidade. Foi agraciado com Grande\u2011Oficial da Ordem do M\u00e9rito em 2006 e ganhou o Pr\u00e9mio de Artes Casino da P\u00f3voa em 2009; Jorge Pinheiro \u00e9 o \u00fanico dos Quatro Vintes ainda vivo. A 7 de novembro de 2025 houve uma exposi\u00e7\u00e3o na Cooperativa \u00c1rvore no Porto em sua honra.","og_url":"https:\/\/portaltela.pt\/noticias\/2026\/03\/31\/morreu-o-pintor-armando-alves-dos-os-quatro-vintes-aos-90-anos\/","og_site_name":"Portal Tela Portugal","article_published_time":"2026-03-31T15:32:12+00:00","author":"Telinha","twitter_card":"summary_large_image","twitter_misc":{"Escrito por":"Telinha","Tempo estimado de leitura":"1 minuto"},"schema":{"@context":"https:\/\/schema.org","@graph":[{"@type":"Article","@id":"https:\/\/portaltela.pt\/noticias\/2026\/03\/31\/morreu-o-pintor-armando-alves-dos-os-quatro-vintes-aos-90-anos\/#article","isPartOf":{"@id":"https:\/\/portaltela.pt\/noticias\/2026\/03\/31\/morreu-o-pintor-armando-alves-dos-os-quatro-vintes-aos-90-anos\/"},"author":{"name":"Telinha","@id":"https:\/\/portaltela.pt\/#\/schema\/person\/c4278d4a6028830caff9ee44b42d32ed"},"headline":"Morreu o pintor Armando Alves, dos Os Quatro Vintes, aos 90 anos","datePublished":"2026-03-31T15:32:12+00:00","mainEntityOfPage":{"@id":"https:\/\/portaltela.pt\/noticias\/2026\/03\/31\/morreu-o-pintor-armando-alves-dos-os-quatro-vintes-aos-90-anos\/"},"wordCount":225,"image":{"@id":"https:\/\/portaltela.pt\/noticias\/2026\/03\/31\/morreu-o-pintor-armando-alves-dos-os-quatro-vintes-aos-90-anos\/#primaryimage"},"thumbnailUrl":"https:\/\/portaltela.pt\/s.01k8rhncp4jt1\/2026\/03\/image-1873.jpg","keywords":["Armando Alves","arte","cultura","Estremoz","pintura","Porto"],"articleSection":["Cultura","Not\u00edcias"],"inLanguage":"pt-PT"},{"@type":"WebPage","@id":"https:\/\/portaltela.pt\/noticias\/2026\/03\/31\/morreu-o-pintor-armando-alves-dos-os-quatro-vintes-aos-90-anos\/","url":"https:\/\/portaltela.pt\/noticias\/2026\/03\/31\/morreu-o-pintor-armando-alves-dos-os-quatro-vintes-aos-90-anos\/","name":"Morreu o pintor Armando Alves, dos Os Quatro Vintes, aos 90 anos - Portal Tela Portugal","isPartOf":{"@id":"https:\/\/portaltela.pt\/#website"},"primaryImageOfPage":{"@id":"https:\/\/portaltela.pt\/noticias\/2026\/03\/31\/morreu-o-pintor-armando-alves-dos-os-quatro-vintes-aos-90-anos\/#primaryimage"},"image":{"@id":"https:\/\/portaltela.pt\/noticias\/2026\/03\/31\/morreu-o-pintor-armando-alves-dos-os-quatro-vintes-aos-90-anos\/#primaryimage"},"thumbnailUrl":"https:\/\/portaltela.pt\/s.01k8rhncp4jt1\/2026\/03\/image-1873.jpg","datePublished":"2026-03-31T15:32:12+00:00","author":{"@id":"https:\/\/portaltela.pt\/#\/schema\/person\/c4278d4a6028830caff9ee44b42d32ed"},"breadcrumb":{"@id":"https:\/\/portaltela.pt\/noticias\/2026\/03\/31\/morreu-o-pintor-armando-alves-dos-os-quatro-vintes-aos-90-anos\/#breadcrumb"},"inLanguage":"pt-PT","potentialAction":[{"@type":"ReadAction","target":["https:\/\/portaltela.pt\/noticias\/2026\/03\/31\/morreu-o-pintor-armando-alves-dos-os-quatro-vintes-aos-90-anos\/"]}]},{"@type":"ImageObject","inLanguage":"pt-PT","@id":"https:\/\/portaltela.pt\/noticias\/2026\/03\/31\/morreu-o-pintor-armando-alves-dos-os-quatro-vintes-aos-90-anos\/#primaryimage","url":"https:\/\/portaltela.pt\/s.01k8rhncp4jt1\/2026\/03\/image-1873.jpg","contentUrl":"https:\/\/portaltela.pt\/s.01k8rhncp4jt1\/2026\/03\/image-1873.jpg","width":796,"height":448,"caption":"Armando Alves foi estudante e docente na Escola de Belas Artes"},{"@type":"BreadcrumbList","@id":"https:\/\/portaltela.pt\/noticias\/2026\/03\/31\/morreu-o-pintor-armando-alves-dos-os-quatro-vintes-aos-90-anos\/#breadcrumb","itemListElement":[{"@type":"ListItem","position":1,"name":"In\u00edcio","item":"https:\/\/portaltela.pt\/"},{"@type":"ListItem","position":2,"name":"Morreu o pintor Armando Alves, dos Os Quatro Vintes, aos 90 anos"}]},{"@type":"WebSite","@id":"https:\/\/portaltela.pt\/#website","url":"https:\/\/portaltela.pt\/","name":"Portal Tela Portugal","description":"","potentialAction":[{"@type":"SearchAction","target":{"@type":"EntryPoint","urlTemplate":"https:\/\/portaltela.pt\/?s={search_term_string}"},"query-input":{"@type":"PropertyValueSpecification","valueRequired":true,"valueName":"search_term_string"}}],"inLanguage":"pt-PT"},{"@type":"Person","@id":"https:\/\/portaltela.pt\/#\/schema\/person\/c4278d4a6028830caff9ee44b42d32ed","name":"Telinha","image":{"@type":"ImageObject","inLanguage":"pt-PT","@id":"https:\/\/portaltela.pt\/s.01k8rhncp4jt1\/2025\/11\/talking-bot-125x125.png","url":"https:\/\/portaltela.pt\/s.01k8rhncp4jt1\/2025\/11\/talking-bot-125x125.png","contentUrl":"https:\/\/portaltela.pt\/s.01k8rhncp4jt1\/2025\/11\/talking-bot-125x125.png","caption":"Telinha"},"sameAs":["https:\/\/portaltela.pt\/"],"url":"https:\/\/portaltela.pt\/por\/367410592786\/"}]}},"_links":{"self":[{"href":"https:\/\/portaltela.pt\/api\/wp\/v2\/posts\/427922","targetHints":{"allow":["GET"]}}],"collection":[{"href":"https:\/\/portaltela.pt\/api\/wp\/v2\/posts"}],"about":[{"href":"https:\/\/portaltela.pt\/api\/wp\/v2\/types\/post"}],"author":[{"embeddable":true,"href":"https:\/\/portaltela.pt\/api\/wp\/v2\/users\/2"}],"replies":[{"embeddable":true,"href":"https:\/\/portaltela.pt\/api\/wp\/v2\/comments?post=427922"}],"version-history":[{"count":0,"href":"https:\/\/portaltela.pt\/api\/wp\/v2\/posts\/427922\/revisions"}],"wp:featuredmedia":[{"embeddable":true,"href":"https:\/\/portaltela.pt\/api\/wp\/v2\/media\/427926"}],"wp:attachment":[{"href":"https:\/\/portaltela.pt\/api\/wp\/v2\/media?parent=427922"}],"wp:term":[{"taxonomy":"category","embeddable":true,"href":"https:\/\/portaltela.pt\/api\/wp\/v2\/categories?post=427922"},{"taxonomy":"post_tag","embeddable":true,"href":"https:\/\/portaltela.pt\/api\/wp\/v2\/tags?post=427922"}],"curies":[{"name":"wp","href":"https:\/\/api.w.org\/{rel}","templated":true}]}}