{"id":427861,"date":"2026-03-31T11:33:20","date_gmt":"2026-03-31T14:33:20","guid":{"rendered":"https:\/\/portaltela.pt\/noticias\/2026\/03\/31\/criminalidade-violenta-em-portugal-diminuiu-em-2025-crimes-de-violacao-aumentaram\/"},"modified":"2026-03-31T11:33:20","modified_gmt":"2026-03-31T14:33:20","slug":"criminalidade-violenta-em-portugal-diminuiu-em-2025-crimes-de-violacao-aumentaram","status":"publish","type":"post","link":"https:\/\/portaltela.pt\/criminalidade\/2026\/03\/31\/criminalidade-violenta-em-portugal-diminuiu-em-2025-crimes-de-violacao-aumentaram\/","title":{"rendered":"Criminalidade violenta em Portugal diminuiu em 2025 crimes de viola\u00e7\u00e3o aumentaram"},"content":{"rendered":"<p>O Relat\u00f3rio Anual de Seguran\u00e7a Interna (RASI) de 2025 foi apresentado hoje, no Conselho Superior de Seguran\u00e7a Interna. Indica uma redu\u00e7\u00e3o de 1,6% na criminalidade violenta e grave denunciada, e um aumento de 3,1% na criminalidade geral reportada. O documento destaca melhorias na fiscaliza\u00e7\u00e3o e na proatividade policial.<\/p>\n<p>Segundo o RASI, o crescimento da criminalidade geral resulta de \u00e1reas onde houve maior atua\u00e7\u00e3o das autoridades, incluindo fiscaliza\u00e7\u00e3o rodovi\u00e1ria, deten\u00e7\u00e3o de armas proibidas e desobedi\u00eancia. O relat\u00f3rio aponta que estes dados refletem, em parte, uma resposta policial mais assertiva.<\/p>\n<h3>Agress\u00f5es e viol\u00eancia dom\u00e9stica<\/h3>\n<p>O primeiro-ministro Lu\u00eds Montenegro presidiu o Conselho e, em entrevista, referiu estabiliza\u00e7\u00e3o geral dos n\u00fameros e sinais de preocupa\u00e7\u00e3o. A viol\u00eancia dom\u00e9stica continua entre os indicadores problem\u00e1ticos, ainda que tenha registado uma descida de 1,9%.<\/p>\n<p>No total, 27 pessoas foram mortality, das quais 21 mulheres, 4 homens e 2 crian\u00e7as. O RASI aponta milhares de participa\u00e7\u00f5es num crime de terror, sem qualquer conclus\u00e3o apod\u00edctica.<\/p>\n<h3>Distribui\u00e7\u00e3o geogr\u00e1fica e tipologias<\/h3>\n<p>A viol\u00eancia dom\u00e9stica manteve-se mais incidente nos distritos de Lisboa, Porto e Set\u00fabal. O relat\u00f3rio evidencia tamb\u00e9m um aumento relevante nos crimes de viola\u00e7\u00e3o, com o valor mais alto da \u00faltima d\u00e9cada, e um crescimento no crime de aux\u00edlio \u00e0 imigra\u00e7\u00e3o ilegal, com mais participa\u00e7\u00f5es, arguidos e deten\u00e7\u00f5es.<\/p>\n<h3>Drogas e tr\u00e1fico<\/h3>\n<p>O tr\u00e1fico de estupefacientes aparece entre os indicadores que registaram aumentos, com mais participa\u00e7\u00f5es, deten\u00e7\u00f5es e apreens\u00f5es. Houve um incremento das quantidades apreendidas, destacando-se +102,6% de haxixe, em contraste com a queda de hero\u00edna (-33,7%). O Minist\u00e9rio afirma que o fen\u00f3meno envolve m\u00faltiplos outros crimes.<\/p>\n<h3>Contexto e perspetivas<\/h3>\n<p>O primeiro-ministro enfatizou que o que ocorreu em 2025 reflete uma estrat\u00e9gia com maior capacidade de deten\u00e7\u00e3o e apreens\u00e3o. O RASI adianta que o pa\u00eds permanece globalmente seguro, embora com indicadores que merecem aten\u00e7\u00e3o constante.<\/p>\n<p>O relat\u00f3rio completo deve ser divulgado at\u00e9 ao final do dia, com dados adicionais para sustentar as tend\u00eancias apresentadas.<\/p>\n","protected":false},"excerpt":{"rendered":"<ul>\n<li>O Relat\u00f3rio Anual de Seguran\u00e7a Interna (RASI) de 2025 indica queda de 1,6% na criminalidade violenta e grave denunciada, enquanto a criminalidade geral aumentou 3,1%.<\/li>\n<li>A viol\u00eancia dom\u00e9stica caiu 1,9%, mas houve 27 mortes associadas a este crime (21 mulheres, 4 homens e 2 crian\u00e7as); as ocorr\u00eancias intensificaram-se nos distritos de Lisboa, Porto e Set\u00fabal.<\/li>\n<li>Registou-se o aumento dos crimes de viola\u00e7\u00e3o, atingindo o valor mais elevado da \u00faltima d\u00e9cada.<\/li>\n<li>O relat\u00f3rio destaca tamb\u00e9m aumento de crimes de aux\u00edlio \u00e0 imigra\u00e7\u00e3o ilegal, com mais participa\u00e7\u00f5es, arguidos constitu\u00eddos e deten\u00e7\u00f5es, e refor\u00e7os para desmantelar redes de tr\u00e1fico de pessoas.<\/li>\n<li>O tr\u00e1fico de estupefacientes tamb\u00e9m subiu em participa\u00e7\u00f5es, deten\u00e7\u00f5es e apreens\u00f5es (haxixe com +102,6%; hero\u00edna caiu 33,7%), refletindo uma estrat\u00e9gia de atua\u00e7\u00e3o mais eficaz policialmente.<\/li>\n<\/ul>\n","protected":false},"author":2,"featured_media":427863,"comment_status":"closed","ping_status":"closed","sticky":false,"template":"","format":"standard","meta":{"footnotes":""},"categories":[7374],"tags":[1014,250,2349,1825,939,214],"class_list":["post-427861","post","type-post","status-publish","format-standard","has-post-thumbnail","hentry","category-criminalidade","tag-portugal","tag-seguranca-publica","tag-trafico-de-drogas","tag-violacao","tag-violencia","tag-violencia-domestica"],"yoast_head":"<!-- This site is optimized with the Yoast SEO plugin v27.2 - https:\/\/yoast.com\/product\/yoast-seo-wordpress\/ -->\n<title>Criminalidade violenta em Portugal diminuiu em 2025 crimes de viola\u00e7\u00e3o aumentaram - Portal Tela Portugal<\/title>\n<meta name=\"robots\" content=\"index, follow, max-snippet:-1, max-image-preview:large, max-video-preview:-1\" \/>\n<meta property=\"og:locale\" content=\"pt_PT\" \/>\n<meta property=\"og:type\" content=\"article\" \/>\n<meta property=\"og:title\" content=\"Criminalidade violenta em Portugal diminuiu em 2025 crimes de viola\u00e7\u00e3o aumentaram - Portal Tela Portugal\" \/>\n<meta property=\"og:description\" content=\"O Relat\u00f3rio Anual de Seguran\u00e7a Interna (RASI) de 2025 indica queda de 1,6% na criminalidade violenta e grave denunciada, enquanto a criminalidade geral aumentou 3,1%. A viol\u00eancia dom\u00e9stica caiu 1,9%, mas houve 27 mortes associadas a este crime (21 mulheres, 4 homens e 2 crian\u00e7as); as ocorr\u00eancias intensificaram-se nos distritos de Lisboa, Porto e Set\u00fabal. Registou-se o aumento dos crimes de viola\u00e7\u00e3o, atingindo o valor mais elevado da \u00faltima d\u00e9cada. O relat\u00f3rio destaca tamb\u00e9m aumento de crimes de aux\u00edlio \u00e0 imigra\u00e7\u00e3o ilegal, com mais participa\u00e7\u00f5es, arguidos constitu\u00eddos e deten\u00e7\u00f5es, e refor\u00e7os para desmantelar redes de tr\u00e1fico de pessoas. O tr\u00e1fico de estupefacientes tamb\u00e9m subiu em participa\u00e7\u00f5es, deten\u00e7\u00f5es e apreens\u00f5es (haxixe com +102,6%; hero\u00edna caiu 33,7%), refletindo uma estrat\u00e9gia de atua\u00e7\u00e3o mais eficaz policialmente.\" \/>\n<meta property=\"og:url\" content=\"https:\/\/portaltela.pt\/noticias\/2026\/03\/31\/criminalidade-violenta-em-portugal-diminuiu-em-2025-crimes-de-violacao-aumentaram\/\" \/>\n<meta property=\"og:site_name\" content=\"Portal Tela Portugal\" \/>\n<meta property=\"article:published_time\" content=\"2026-03-31T14:33:20+00:00\" \/>\n<meta name=\"author\" content=\"Telinha\" \/>\n<meta name=\"twitter:card\" content=\"summary_large_image\" \/>\n<meta name=\"twitter:label1\" content=\"Escrito por\" \/>\n\t<meta name=\"twitter:data1\" content=\"Telinha\" \/>\n\t<meta name=\"twitter:label2\" content=\"Tempo estimado de leitura\" \/>\n\t<meta name=\"twitter:data2\" content=\"2 minutos\" \/>\n<script type=\"application\/ld+json\" class=\"yoast-schema-graph\">{\"@context\":\"https:\/\/schema.org\",\"@graph\":[{\"@type\":\"Article\",\"@id\":\"https:\/\/portaltela.pt\/noticias\/2026\/03\/31\/criminalidade-violenta-em-portugal-diminuiu-em-2025-crimes-de-violacao-aumentaram\/#article\",\"isPartOf\":{\"@id\":\"https:\/\/portaltela.pt\/noticias\/2026\/03\/31\/criminalidade-violenta-em-portugal-diminuiu-em-2025-crimes-de-violacao-aumentaram\/\"},\"author\":{\"name\":\"Telinha\",\"@id\":\"https:\/\/portaltela.pt\/#\/schema\/person\/c4278d4a6028830caff9ee44b42d32ed\"},\"headline\":\"Criminalidade violenta em Portugal diminuiu em 2025 crimes de viola\u00e7\u00e3o aumentaram\",\"datePublished\":\"2026-03-31T14:33:20+00:00\",\"mainEntityOfPage\":{\"@id\":\"https:\/\/portaltela.pt\/noticias\/2026\/03\/31\/criminalidade-violenta-em-portugal-diminuiu-em-2025-crimes-de-violacao-aumentaram\/\"},\"wordCount\":367,\"image\":{\"@id\":\"https:\/\/portaltela.pt\/noticias\/2026\/03\/31\/criminalidade-violenta-em-portugal-diminuiu-em-2025-crimes-de-violacao-aumentaram\/#primaryimage\"},\"thumbnailUrl\":\"https:\/\/portaltela.pt\/s.01k8rhncp4jt1\/2026\/03\/1536x864_cmsv2_a22a5591-50a4-57da-a877-226c80f6a48a-9705476.jpg\",\"keywords\":[\"Portugal\",\"seguran\u00e7a p\u00fablica\",\"tr\u00e1fico de drogas\",\"viola\u00e7\u00e3o\",\"viol\u00eancia\",\"viol\u00eancia dom\u00e9stica\"],\"articleSection\":[\"Criminalidade\"],\"inLanguage\":\"pt-PT\"},{\"@type\":\"WebPage\",\"@id\":\"https:\/\/portaltela.pt\/noticias\/2026\/03\/31\/criminalidade-violenta-em-portugal-diminuiu-em-2025-crimes-de-violacao-aumentaram\/\",\"url\":\"https:\/\/portaltela.pt\/noticias\/2026\/03\/31\/criminalidade-violenta-em-portugal-diminuiu-em-2025-crimes-de-violacao-aumentaram\/\",\"name\":\"Criminalidade violenta em Portugal diminuiu em 2025 crimes de viola\u00e7\u00e3o aumentaram - Portal Tela Portugal\",\"isPartOf\":{\"@id\":\"https:\/\/portaltela.pt\/#website\"},\"primaryImageOfPage\":{\"@id\":\"https:\/\/portaltela.pt\/noticias\/2026\/03\/31\/criminalidade-violenta-em-portugal-diminuiu-em-2025-crimes-de-violacao-aumentaram\/#primaryimage\"},\"image\":{\"@id\":\"https:\/\/portaltela.pt\/noticias\/2026\/03\/31\/criminalidade-violenta-em-portugal-diminuiu-em-2025-crimes-de-violacao-aumentaram\/#primaryimage\"},\"thumbnailUrl\":\"https:\/\/portaltela.pt\/s.01k8rhncp4jt1\/2026\/03\/1536x864_cmsv2_a22a5591-50a4-57da-a877-226c80f6a48a-9705476.jpg\",\"datePublished\":\"2026-03-31T14:33:20+00:00\",\"author\":{\"@id\":\"https:\/\/portaltela.pt\/#\/schema\/person\/c4278d4a6028830caff9ee44b42d32ed\"},\"breadcrumb\":{\"@id\":\"https:\/\/portaltela.pt\/noticias\/2026\/03\/31\/criminalidade-violenta-em-portugal-diminuiu-em-2025-crimes-de-violacao-aumentaram\/#breadcrumb\"},\"inLanguage\":\"pt-PT\",\"potentialAction\":[{\"@type\":\"ReadAction\",\"target\":[\"https:\/\/portaltela.pt\/noticias\/2026\/03\/31\/criminalidade-violenta-em-portugal-diminuiu-em-2025-crimes-de-violacao-aumentaram\/\"]}]},{\"@type\":\"ImageObject\",\"inLanguage\":\"pt-PT\",\"@id\":\"https:\/\/portaltela.pt\/noticias\/2026\/03\/31\/criminalidade-violenta-em-portugal-diminuiu-em-2025-crimes-de-violacao-aumentaram\/#primaryimage\",\"url\":\"https:\/\/portaltela.pt\/s.01k8rhncp4jt1\/2026\/03\/1536x864_cmsv2_a22a5591-50a4-57da-a877-226c80f6a48a-9705476.jpg\",\"contentUrl\":\"https:\/\/portaltela.pt\/s.01k8rhncp4jt1\/2026\/03\/1536x864_cmsv2_a22a5591-50a4-57da-a877-226c80f6a48a-9705476.jpg\",\"width\":796,\"height\":448,\"caption\":\"ARQUIVO (01.05.2023). Manifestantes e agentes da pol\u00edcia refletem-se na janela de um hotel durante uma manifesta\u00e7\u00e3o do Dia do Trabalhador em Lisboa, na segunda-feira\"},{\"@type\":\"BreadcrumbList\",\"@id\":\"https:\/\/portaltela.pt\/noticias\/2026\/03\/31\/criminalidade-violenta-em-portugal-diminuiu-em-2025-crimes-de-violacao-aumentaram\/#breadcrumb\",\"itemListElement\":[{\"@type\":\"ListItem\",\"position\":1,\"name\":\"In\u00edcio\",\"item\":\"https:\/\/portaltela.pt\/\"},{\"@type\":\"ListItem\",\"position\":2,\"name\":\"Criminalidade violenta em Portugal diminuiu em 2025 crimes de viola\u00e7\u00e3o aumentaram\"}]},{\"@type\":\"WebSite\",\"@id\":\"https:\/\/portaltela.pt\/#website\",\"url\":\"https:\/\/portaltela.pt\/\",\"name\":\"Portal Tela Portugal\",\"description\":\"\",\"potentialAction\":[{\"@type\":\"SearchAction\",\"target\":{\"@type\":\"EntryPoint\",\"urlTemplate\":\"https:\/\/portaltela.pt\/?s={search_term_string}\"},\"query-input\":{\"@type\":\"PropertyValueSpecification\",\"valueRequired\":true,\"valueName\":\"search_term_string\"}}],\"inLanguage\":\"pt-PT\"},{\"@type\":\"Person\",\"@id\":\"https:\/\/portaltela.pt\/#\/schema\/person\/c4278d4a6028830caff9ee44b42d32ed\",\"name\":\"Telinha\",\"image\":{\"@type\":\"ImageObject\",\"inLanguage\":\"pt-PT\",\"@id\":\"https:\/\/portaltela.pt\/s.01k8rhncp4jt1\/2025\/11\/talking-bot-125x125.png\",\"url\":\"https:\/\/portaltela.pt\/s.01k8rhncp4jt1\/2025\/11\/talking-bot-125x125.png\",\"contentUrl\":\"https:\/\/portaltela.pt\/s.01k8rhncp4jt1\/2025\/11\/talking-bot-125x125.png\",\"caption\":\"Telinha\"},\"sameAs\":[\"https:\/\/portaltela.pt\/\"],\"url\":\"https:\/\/portaltela.pt\/por\/367410592786\/\"}]}<\/script>\n<!-- \/ Yoast SEO plugin. -->","yoast_head_json":{"title":"Criminalidade violenta em Portugal diminuiu em 2025 crimes de viola\u00e7\u00e3o aumentaram - Portal Tela Portugal","robots":{"index":"index","follow":"follow","max-snippet":"max-snippet:-1","max-image-preview":"max-image-preview:large","max-video-preview":"max-video-preview:-1"},"og_locale":"pt_PT","og_type":"article","og_title":"Criminalidade violenta em Portugal diminuiu em 2025 crimes de viola\u00e7\u00e3o aumentaram - Portal Tela Portugal","og_description":"O Relat\u00f3rio Anual de Seguran\u00e7a Interna (RASI) de 2025 indica queda de 1,6% na criminalidade violenta e grave denunciada, enquanto a criminalidade geral aumentou 3,1%. A viol\u00eancia dom\u00e9stica caiu 1,9%, mas houve 27 mortes associadas a este crime (21 mulheres, 4 homens e 2 crian\u00e7as); as ocorr\u00eancias intensificaram-se nos distritos de Lisboa, Porto e Set\u00fabal. Registou-se o aumento dos crimes de viola\u00e7\u00e3o, atingindo o valor mais elevado da \u00faltima d\u00e9cada. O relat\u00f3rio destaca tamb\u00e9m aumento de crimes de aux\u00edlio \u00e0 imigra\u00e7\u00e3o ilegal, com mais participa\u00e7\u00f5es, arguidos constitu\u00eddos e deten\u00e7\u00f5es, e refor\u00e7os para desmantelar redes de tr\u00e1fico de pessoas. O tr\u00e1fico de estupefacientes tamb\u00e9m subiu em participa\u00e7\u00f5es, deten\u00e7\u00f5es e apreens\u00f5es (haxixe com +102,6%; hero\u00edna caiu 33,7%), refletindo uma estrat\u00e9gia de atua\u00e7\u00e3o mais eficaz policialmente.","og_url":"https:\/\/portaltela.pt\/noticias\/2026\/03\/31\/criminalidade-violenta-em-portugal-diminuiu-em-2025-crimes-de-violacao-aumentaram\/","og_site_name":"Portal Tela Portugal","article_published_time":"2026-03-31T14:33:20+00:00","author":"Telinha","twitter_card":"summary_large_image","twitter_misc":{"Escrito por":"Telinha","Tempo estimado de leitura":"2 minutos"},"schema":{"@context":"https:\/\/schema.org","@graph":[{"@type":"Article","@id":"https:\/\/portaltela.pt\/noticias\/2026\/03\/31\/criminalidade-violenta-em-portugal-diminuiu-em-2025-crimes-de-violacao-aumentaram\/#article","isPartOf":{"@id":"https:\/\/portaltela.pt\/noticias\/2026\/03\/31\/criminalidade-violenta-em-portugal-diminuiu-em-2025-crimes-de-violacao-aumentaram\/"},"author":{"name":"Telinha","@id":"https:\/\/portaltela.pt\/#\/schema\/person\/c4278d4a6028830caff9ee44b42d32ed"},"headline":"Criminalidade violenta em Portugal diminuiu em 2025 crimes de viola\u00e7\u00e3o aumentaram","datePublished":"2026-03-31T14:33:20+00:00","mainEntityOfPage":{"@id":"https:\/\/portaltela.pt\/noticias\/2026\/03\/31\/criminalidade-violenta-em-portugal-diminuiu-em-2025-crimes-de-violacao-aumentaram\/"},"wordCount":367,"image":{"@id":"https:\/\/portaltela.pt\/noticias\/2026\/03\/31\/criminalidade-violenta-em-portugal-diminuiu-em-2025-crimes-de-violacao-aumentaram\/#primaryimage"},"thumbnailUrl":"https:\/\/portaltela.pt\/s.01k8rhncp4jt1\/2026\/03\/1536x864_cmsv2_a22a5591-50a4-57da-a877-226c80f6a48a-9705476.jpg","keywords":["Portugal","seguran\u00e7a p\u00fablica","tr\u00e1fico de drogas","viola\u00e7\u00e3o","viol\u00eancia","viol\u00eancia dom\u00e9stica"],"articleSection":["Criminalidade"],"inLanguage":"pt-PT"},{"@type":"WebPage","@id":"https:\/\/portaltela.pt\/noticias\/2026\/03\/31\/criminalidade-violenta-em-portugal-diminuiu-em-2025-crimes-de-violacao-aumentaram\/","url":"https:\/\/portaltela.pt\/noticias\/2026\/03\/31\/criminalidade-violenta-em-portugal-diminuiu-em-2025-crimes-de-violacao-aumentaram\/","name":"Criminalidade violenta em Portugal diminuiu em 2025 crimes de viola\u00e7\u00e3o aumentaram - Portal Tela Portugal","isPartOf":{"@id":"https:\/\/portaltela.pt\/#website"},"primaryImageOfPage":{"@id":"https:\/\/portaltela.pt\/noticias\/2026\/03\/31\/criminalidade-violenta-em-portugal-diminuiu-em-2025-crimes-de-violacao-aumentaram\/#primaryimage"},"image":{"@id":"https:\/\/portaltela.pt\/noticias\/2026\/03\/31\/criminalidade-violenta-em-portugal-diminuiu-em-2025-crimes-de-violacao-aumentaram\/#primaryimage"},"thumbnailUrl":"https:\/\/portaltela.pt\/s.01k8rhncp4jt1\/2026\/03\/1536x864_cmsv2_a22a5591-50a4-57da-a877-226c80f6a48a-9705476.jpg","datePublished":"2026-03-31T14:33:20+00:00","author":{"@id":"https:\/\/portaltela.pt\/#\/schema\/person\/c4278d4a6028830caff9ee44b42d32ed"},"breadcrumb":{"@id":"https:\/\/portaltela.pt\/noticias\/2026\/03\/31\/criminalidade-violenta-em-portugal-diminuiu-em-2025-crimes-de-violacao-aumentaram\/#breadcrumb"},"inLanguage":"pt-PT","potentialAction":[{"@type":"ReadAction","target":["https:\/\/portaltela.pt\/noticias\/2026\/03\/31\/criminalidade-violenta-em-portugal-diminuiu-em-2025-crimes-de-violacao-aumentaram\/"]}]},{"@type":"ImageObject","inLanguage":"pt-PT","@id":"https:\/\/portaltela.pt\/noticias\/2026\/03\/31\/criminalidade-violenta-em-portugal-diminuiu-em-2025-crimes-de-violacao-aumentaram\/#primaryimage","url":"https:\/\/portaltela.pt\/s.01k8rhncp4jt1\/2026\/03\/1536x864_cmsv2_a22a5591-50a4-57da-a877-226c80f6a48a-9705476.jpg","contentUrl":"https:\/\/portaltela.pt\/s.01k8rhncp4jt1\/2026\/03\/1536x864_cmsv2_a22a5591-50a4-57da-a877-226c80f6a48a-9705476.jpg","width":796,"height":448,"caption":"ARQUIVO (01.05.2023). Manifestantes e agentes da pol\u00edcia refletem-se na janela de um hotel durante uma manifesta\u00e7\u00e3o do Dia do Trabalhador em Lisboa, na segunda-feira"},{"@type":"BreadcrumbList","@id":"https:\/\/portaltela.pt\/noticias\/2026\/03\/31\/criminalidade-violenta-em-portugal-diminuiu-em-2025-crimes-de-violacao-aumentaram\/#breadcrumb","itemListElement":[{"@type":"ListItem","position":1,"name":"In\u00edcio","item":"https:\/\/portaltela.pt\/"},{"@type":"ListItem","position":2,"name":"Criminalidade violenta em Portugal diminuiu em 2025 crimes de viola\u00e7\u00e3o aumentaram"}]},{"@type":"WebSite","@id":"https:\/\/portaltela.pt\/#website","url":"https:\/\/portaltela.pt\/","name":"Portal Tela Portugal","description":"","potentialAction":[{"@type":"SearchAction","target":{"@type":"EntryPoint","urlTemplate":"https:\/\/portaltela.pt\/?s={search_term_string}"},"query-input":{"@type":"PropertyValueSpecification","valueRequired":true,"valueName":"search_term_string"}}],"inLanguage":"pt-PT"},{"@type":"Person","@id":"https:\/\/portaltela.pt\/#\/schema\/person\/c4278d4a6028830caff9ee44b42d32ed","name":"Telinha","image":{"@type":"ImageObject","inLanguage":"pt-PT","@id":"https:\/\/portaltela.pt\/s.01k8rhncp4jt1\/2025\/11\/talking-bot-125x125.png","url":"https:\/\/portaltela.pt\/s.01k8rhncp4jt1\/2025\/11\/talking-bot-125x125.png","contentUrl":"https:\/\/portaltela.pt\/s.01k8rhncp4jt1\/2025\/11\/talking-bot-125x125.png","caption":"Telinha"},"sameAs":["https:\/\/portaltela.pt\/"],"url":"https:\/\/portaltela.pt\/por\/367410592786\/"}]}},"_links":{"self":[{"href":"https:\/\/portaltela.pt\/api\/wp\/v2\/posts\/427861","targetHints":{"allow":["GET"]}}],"collection":[{"href":"https:\/\/portaltela.pt\/api\/wp\/v2\/posts"}],"about":[{"href":"https:\/\/portaltela.pt\/api\/wp\/v2\/types\/post"}],"author":[{"embeddable":true,"href":"https:\/\/portaltela.pt\/api\/wp\/v2\/users\/2"}],"replies":[{"embeddable":true,"href":"https:\/\/portaltela.pt\/api\/wp\/v2\/comments?post=427861"}],"version-history":[{"count":0,"href":"https:\/\/portaltela.pt\/api\/wp\/v2\/posts\/427861\/revisions"}],"wp:featuredmedia":[{"embeddable":true,"href":"https:\/\/portaltela.pt\/api\/wp\/v2\/media\/427863"}],"wp:attachment":[{"href":"https:\/\/portaltela.pt\/api\/wp\/v2\/media?parent=427861"}],"wp:term":[{"taxonomy":"category","embeddable":true,"href":"https:\/\/portaltela.pt\/api\/wp\/v2\/categories?post=427861"},{"taxonomy":"post_tag","embeddable":true,"href":"https:\/\/portaltela.pt\/api\/wp\/v2\/tags?post=427861"}],"curies":[{"name":"wp","href":"https:\/\/api.w.org\/{rel}","templated":true}]}}