{"id":427837,"date":"2026-03-31T11:17:09","date_gmt":"2026-03-31T14:17:09","guid":{"rendered":"https:\/\/portaltela.pt\/noticias\/2026\/03\/31\/museu-da-national-geographic-sobre-infancia-e-fotografia-abre-em-washington\/"},"modified":"2026-03-31T11:17:09","modified_gmt":"2026-03-31T14:17:09","slug":"museu-da-national-geographic-sobre-infancia-e-fotografia-abre-em-washington","status":"publish","type":"post","link":"https:\/\/portaltela.pt\/noticias\/2026\/03\/31\/museu-da-national-geographic-sobre-infancia-e-fotografia-abre-em-washington\/","title":{"rendered":"Museu da National Geographic sobre inf\u00e2ncia e fotografia abre em Washington"},"content":{"rendered":"<p>O National Geographic Museum of Exploration, em Washington D.C., reabre com uma renova\u00e7\u00e3o que coloca o p\u00fablico no centro do trabalho da National Geographic Society. O espa\u00e7o combina hist\u00f3ria da organiza\u00e7\u00e3o com tecnologias imersivas e uma vis\u00e3o para a pr\u00f3xima gera\u00e7\u00e3o.<\/p>\n<p>A inaugura\u00e7\u00e3o est\u00e1 marcada para 26 de junho. O museu integra o campus de quase 130 anos da National Geographic Society e pretende permitir aos visitantes explorar o legado da institui\u00e7\u00e3o e os bastidores da revista National Geographic.<\/p>\n<p>O que mudou e o que esperar<\/p>\n<p>O espa\u00e7o dedica-se a contar a hist\u00f3ria da sociedade, ao mesmo tempo que inspira novas gera\u00e7\u00f5es com ferramentas modernas de explora\u00e7\u00e3o. O objetivo \u00e9 fazer convergir mem\u00f3ria hist\u00f3rica e inova\u00e7\u00e3o tecnol\u00f3gica.<\/p>\n<p>A narrativa \u00e9 fortalecida por instala\u00e7\u00f5es que permitem conhecer o percurso de uma reportagem, desde a miss\u00e3o em campo at\u00e9 o produto final da edi\u00e7\u00e3o impressa. A sala de arquivos exibe milhares de pe\u00e7as hist\u00f3ricas em formatos diversos.<\/p>\n<h3>The Archives<\/h3>\n<p>Mais de 300 fotografias, excertos de filmes e registos sonoros est\u00e3o expostos. O p\u00fablico pode experimentar o processo de revela\u00e7\u00e3o fotogr\u00e1fica num laborat\u00f3rio dedicado aos visitantes.<\/p>\n<p>Quem trabalha este projeto<\/p>\n<p>A diretora-executiva da National Geographic Society, Jill Tiefenthaler, sublinha que o museu funde o legado de storytelling com tecnologias imersivas para mostrar os mundos explorados pela equipa.<\/p>\n<p>Al\u00e9m disso, h\u00e1 uma mostra dedicada aos materiais raros recolhidos em investiga\u00e7\u00f5es continuadas da sociedade, com acesso mediante percurso guiado.<\/p>\n<h3>Magazine Gallery<\/h3>\n<p>A exposi\u00e7\u00e3o The Archives convive com a Magazine Gallery, onde s\u00e3o expostas as capas hist\u00f3ricas da National Geographic desde 1888. A curadoria destaca a evolu\u00e7\u00e3o da identidade visual ao longo do tempo.<\/p>\n<h3>In Focus: Photographs of National Geographic<\/h3>\n<p>A galeria re\u00fane imagens ic\u00f3nicas, incluindo cenas de vida selvagem captadas \u00e0 noite por George Shiras e fotos de Ami Vitale, como o rinoceronte branco Sudan, morto em 2018.<\/p>\n<h3>Photo Ark e Rolex Explorers Landing<\/h3>\n<p>A exposi\u00e7\u00e3o Photo Ark apresenta o trabalho de Joel Sartore, que tem retratado mais de 17 000 esp\u00e9cies. A narrativa \u00e9 apresentada com fundos neutros para valorizar cada esp\u00e9cie. A \u00e1rea Rolex Explorers Landing foca-se no trabalho de investigadores apoiados pela sociedade.<\/p>\n<p>Gastronomia e visitas guiadas<\/p>\n<p>Entre as exposi\u00e7\u00f5es, o espa\u00e7o de restaura\u00e7\u00e3o Explorers Eatery oferece uma pra\u00e7a com v\u00e1rias propostas internacionais, j\u00e1 na fase inicial com cozinha americana, italiana, marroquina, peruana e vietnamita. O museu oferece ainda visitas guiadas para aceder a materiais raros e conte\u00fados exclusivos.<\/p>\n","protected":false},"excerpt":{"rendered":"<ul>\n<li>O National Geographic Museum of Exploration abre em Washington D.C. no dia 26 de junho, integrando o campus da National Geographic Society, fundado em 1888.<\/li>\n<li>O museu renovado usa tecnologias imersivas para contar a hist\u00f3ria da sociedade e inspirar a pr\u00f3xima gera\u00e7\u00e3o.<\/li>\n<li>A exposi\u00e7\u00e3o The Archives mostra o percurso de uma reportagem, com mais de 300 fotografias, trechos de filmes, artefactos e registos sonoros; h\u00e1 laborat\u00f3rio de revela\u00e7\u00e3o para experimentar o processo fotogr\u00e1fico.<\/li>\n<li>Outras \u00e1reas incluem a Magazine Gallery com todas as capas da National Geographic e In Focus: Photographs of National Geographic, incluindo imagens de George Shiras e Ami Vitale; a exposi\u00e7\u00e3o Photo Ark: Animals of Earth \u00e9 de Joel Sartore.<\/li>\n<li>O espa\u00e7o Rolex Explorers Landing foca o trabalho de investigadores apoiados pela sociedade; h\u00e1 tamb\u00e9m o Explorers Eatery, com cinco bancas rotativas de cozinha internacional.<\/li>\n<\/ul>\n","protected":false},"author":2,"featured_media":427842,"comment_status":"closed","ping_status":"closed","sticky":false,"template":"","format":"standard","meta":{"footnotes":""},"categories":[7375,1],"tags":[145,6708,247,299,1759,5751],"class_list":["post-427837","post","type-post","status-publish","format-standard","has-post-thumbnail","hentry","category-cultura","category-noticias","tag-cultura","tag-exposicao","tag-fotografia","tag-historia","tag-infancia","tag-museus-e-arquivos"],"yoast_head":"<!-- This site is optimized with the Yoast SEO plugin v27.2 - https:\/\/yoast.com\/product\/yoast-seo-wordpress\/ -->\n<title>Museu da National Geographic sobre inf\u00e2ncia e fotografia abre em Washington - Portal Tela Portugal<\/title>\n<meta name=\"robots\" content=\"index, follow, max-snippet:-1, max-image-preview:large, max-video-preview:-1\" \/>\n<meta property=\"og:locale\" content=\"pt_PT\" \/>\n<meta property=\"og:type\" content=\"article\" \/>\n<meta property=\"og:title\" content=\"Museu da National Geographic sobre inf\u00e2ncia e fotografia abre em Washington - Portal Tela Portugal\" \/>\n<meta property=\"og:description\" content=\"O National Geographic Museum of Exploration abre em Washington D.C. no dia 26 de junho, integrando o campus da National Geographic Society, fundado em 1888. O museu renovado usa tecnologias imersivas para contar a hist\u00f3ria da sociedade e inspirar a pr\u00f3xima gera\u00e7\u00e3o. A exposi\u00e7\u00e3o The Archives mostra o percurso de uma reportagem, com mais de 300 fotografias, trechos de filmes, artefactos e registos sonoros; h\u00e1 laborat\u00f3rio de revela\u00e7\u00e3o para experimentar o processo fotogr\u00e1fico. Outras \u00e1reas incluem a Magazine Gallery com todas as capas da National Geographic e In Focus: Photographs of National Geographic, incluindo imagens de George Shiras e Ami Vitale; a exposi\u00e7\u00e3o Photo Ark: Animals of Earth \u00e9 de Joel Sartore. O espa\u00e7o Rolex Explorers Landing foca o trabalho de investigadores apoiados pela sociedade; h\u00e1 tamb\u00e9m o Explorers Eatery, com cinco bancas rotativas de cozinha internacional.\" \/>\n<meta property=\"og:url\" content=\"https:\/\/portaltela.pt\/noticias\/2026\/03\/31\/museu-da-national-geographic-sobre-infancia-e-fotografia-abre-em-washington\/\" \/>\n<meta property=\"og:site_name\" content=\"Portal Tela Portugal\" \/>\n<meta property=\"article:published_time\" content=\"2026-03-31T14:17:09+00:00\" \/>\n<meta name=\"author\" content=\"Telinha\" \/>\n<meta name=\"twitter:card\" content=\"summary_large_image\" \/>\n<meta name=\"twitter:label1\" content=\"Escrito por\" \/>\n\t<meta name=\"twitter:data1\" content=\"Telinha\" \/>\n\t<meta name=\"twitter:label2\" content=\"Tempo estimado de leitura\" \/>\n\t<meta name=\"twitter:data2\" content=\"2 minutos\" \/>\n<script type=\"application\/ld+json\" class=\"yoast-schema-graph\">{\"@context\":\"https:\/\/schema.org\",\"@graph\":[{\"@type\":\"Article\",\"@id\":\"https:\/\/portaltela.pt\/noticias\/2026\/03\/31\/museu-da-national-geographic-sobre-infancia-e-fotografia-abre-em-washington\/#article\",\"isPartOf\":{\"@id\":\"https:\/\/portaltela.pt\/noticias\/2026\/03\/31\/museu-da-national-geographic-sobre-infancia-e-fotografia-abre-em-washington\/\"},\"author\":{\"name\":\"Telinha\",\"@id\":\"https:\/\/portaltela.pt\/#\/schema\/person\/c4278d4a6028830caff9ee44b42d32ed\"},\"headline\":\"Museu da National Geographic sobre inf\u00e2ncia e fotografia abre em Washington\",\"datePublished\":\"2026-03-31T14:17:09+00:00\",\"mainEntityOfPage\":{\"@id\":\"https:\/\/portaltela.pt\/noticias\/2026\/03\/31\/museu-da-national-geographic-sobre-infancia-e-fotografia-abre-em-washington\/\"},\"wordCount\":444,\"image\":{\"@id\":\"https:\/\/portaltela.pt\/noticias\/2026\/03\/31\/museu-da-national-geographic-sobre-infancia-e-fotografia-abre-em-washington\/#primaryimage\"},\"thumbnailUrl\":\"https:\/\/portaltela.pt\/s.01k8rhncp4jt1\/2026\/03\/1536x864_cmsv2_31d51b96-30ea-519c-894e-dde217f51140-9705510.jpg\",\"keywords\":[\"cultura\",\"exposi\u00e7\u00e3o\",\"fotografia\",\"hist\u00f3ria\",\"inf\u00e2ncia\",\"museus e arquivos\"],\"articleSection\":[\"Cultura\",\"Not\u00edcias\"],\"inLanguage\":\"pt-PT\"},{\"@type\":\"WebPage\",\"@id\":\"https:\/\/portaltela.pt\/noticias\/2026\/03\/31\/museu-da-national-geographic-sobre-infancia-e-fotografia-abre-em-washington\/\",\"url\":\"https:\/\/portaltela.pt\/noticias\/2026\/03\/31\/museu-da-national-geographic-sobre-infancia-e-fotografia-abre-em-washington\/\",\"name\":\"Museu da National Geographic sobre inf\u00e2ncia e fotografia abre em Washington - Portal Tela Portugal\",\"isPartOf\":{\"@id\":\"https:\/\/portaltela.pt\/#website\"},\"primaryImageOfPage\":{\"@id\":\"https:\/\/portaltela.pt\/noticias\/2026\/03\/31\/museu-da-national-geographic-sobre-infancia-e-fotografia-abre-em-washington\/#primaryimage\"},\"image\":{\"@id\":\"https:\/\/portaltela.pt\/noticias\/2026\/03\/31\/museu-da-national-geographic-sobre-infancia-e-fotografia-abre-em-washington\/#primaryimage\"},\"thumbnailUrl\":\"https:\/\/portaltela.pt\/s.01k8rhncp4jt1\/2026\/03\/1536x864_cmsv2_31d51b96-30ea-519c-894e-dde217f51140-9705510.jpg\",\"datePublished\":\"2026-03-31T14:17:09+00:00\",\"author\":{\"@id\":\"https:\/\/portaltela.pt\/#\/schema\/person\/c4278d4a6028830caff9ee44b42d32ed\"},\"breadcrumb\":{\"@id\":\"https:\/\/portaltela.pt\/noticias\/2026\/03\/31\/museu-da-national-geographic-sobre-infancia-e-fotografia-abre-em-washington\/#breadcrumb\"},\"inLanguage\":\"pt-PT\",\"potentialAction\":[{\"@type\":\"ReadAction\",\"target\":[\"https:\/\/portaltela.pt\/noticias\/2026\/03\/31\/museu-da-national-geographic-sobre-infancia-e-fotografia-abre-em-washington\/\"]}]},{\"@type\":\"ImageObject\",\"inLanguage\":\"pt-PT\",\"@id\":\"https:\/\/portaltela.pt\/noticias\/2026\/03\/31\/museu-da-national-geographic-sobre-infancia-e-fotografia-abre-em-washington\/#primaryimage\",\"url\":\"https:\/\/portaltela.pt\/s.01k8rhncp4jt1\/2026\/03\/1536x864_cmsv2_31d51b96-30ea-519c-894e-dde217f51140-9705510.jpg\",\"contentUrl\":\"https:\/\/portaltela.pt\/s.01k8rhncp4jt1\/2026\/03\/1536x864_cmsv2_31d51b96-30ea-519c-894e-dde217f51140-9705510.jpg\",\"width\":796,\"height\":448,\"caption\":\"P\u00e1tio do Museu da Explora\u00e7\u00e3o ilumina-se \u00e0 noite\"},{\"@type\":\"BreadcrumbList\",\"@id\":\"https:\/\/portaltela.pt\/noticias\/2026\/03\/31\/museu-da-national-geographic-sobre-infancia-e-fotografia-abre-em-washington\/#breadcrumb\",\"itemListElement\":[{\"@type\":\"ListItem\",\"position\":1,\"name\":\"In\u00edcio\",\"item\":\"https:\/\/portaltela.pt\/\"},{\"@type\":\"ListItem\",\"position\":2,\"name\":\"Museu da National Geographic sobre inf\u00e2ncia e fotografia abre em Washington\"}]},{\"@type\":\"WebSite\",\"@id\":\"https:\/\/portaltela.pt\/#website\",\"url\":\"https:\/\/portaltela.pt\/\",\"name\":\"Portal Tela Portugal\",\"description\":\"\",\"potentialAction\":[{\"@type\":\"SearchAction\",\"target\":{\"@type\":\"EntryPoint\",\"urlTemplate\":\"https:\/\/portaltela.pt\/?s={search_term_string}\"},\"query-input\":{\"@type\":\"PropertyValueSpecification\",\"valueRequired\":true,\"valueName\":\"search_term_string\"}}],\"inLanguage\":\"pt-PT\"},{\"@type\":\"Person\",\"@id\":\"https:\/\/portaltela.pt\/#\/schema\/person\/c4278d4a6028830caff9ee44b42d32ed\",\"name\":\"Telinha\",\"image\":{\"@type\":\"ImageObject\",\"inLanguage\":\"pt-PT\",\"@id\":\"https:\/\/portaltela.pt\/s.01k8rhncp4jt1\/2025\/11\/talking-bot-125x125.png\",\"url\":\"https:\/\/portaltela.pt\/s.01k8rhncp4jt1\/2025\/11\/talking-bot-125x125.png\",\"contentUrl\":\"https:\/\/portaltela.pt\/s.01k8rhncp4jt1\/2025\/11\/talking-bot-125x125.png\",\"caption\":\"Telinha\"},\"sameAs\":[\"https:\/\/portaltela.pt\/\"],\"url\":\"https:\/\/portaltela.pt\/por\/367410592786\/\"}]}<\/script>\n<!-- \/ Yoast SEO plugin. -->","yoast_head_json":{"title":"Museu da National Geographic sobre inf\u00e2ncia e fotografia abre em Washington - Portal Tela Portugal","robots":{"index":"index","follow":"follow","max-snippet":"max-snippet:-1","max-image-preview":"max-image-preview:large","max-video-preview":"max-video-preview:-1"},"og_locale":"pt_PT","og_type":"article","og_title":"Museu da National Geographic sobre inf\u00e2ncia e fotografia abre em Washington - Portal Tela Portugal","og_description":"O National Geographic Museum of Exploration abre em Washington D.C. no dia 26 de junho, integrando o campus da National Geographic Society, fundado em 1888. O museu renovado usa tecnologias imersivas para contar a hist\u00f3ria da sociedade e inspirar a pr\u00f3xima gera\u00e7\u00e3o. A exposi\u00e7\u00e3o The Archives mostra o percurso de uma reportagem, com mais de 300 fotografias, trechos de filmes, artefactos e registos sonoros; h\u00e1 laborat\u00f3rio de revela\u00e7\u00e3o para experimentar o processo fotogr\u00e1fico. Outras \u00e1reas incluem a Magazine Gallery com todas as capas da National Geographic e In Focus: Photographs of National Geographic, incluindo imagens de George Shiras e Ami Vitale; a exposi\u00e7\u00e3o Photo Ark: Animals of Earth \u00e9 de Joel Sartore. O espa\u00e7o Rolex Explorers Landing foca o trabalho de investigadores apoiados pela sociedade; h\u00e1 tamb\u00e9m o Explorers Eatery, com cinco bancas rotativas de cozinha internacional.","og_url":"https:\/\/portaltela.pt\/noticias\/2026\/03\/31\/museu-da-national-geographic-sobre-infancia-e-fotografia-abre-em-washington\/","og_site_name":"Portal Tela Portugal","article_published_time":"2026-03-31T14:17:09+00:00","author":"Telinha","twitter_card":"summary_large_image","twitter_misc":{"Escrito por":"Telinha","Tempo estimado de leitura":"2 minutos"},"schema":{"@context":"https:\/\/schema.org","@graph":[{"@type":"Article","@id":"https:\/\/portaltela.pt\/noticias\/2026\/03\/31\/museu-da-national-geographic-sobre-infancia-e-fotografia-abre-em-washington\/#article","isPartOf":{"@id":"https:\/\/portaltela.pt\/noticias\/2026\/03\/31\/museu-da-national-geographic-sobre-infancia-e-fotografia-abre-em-washington\/"},"author":{"name":"Telinha","@id":"https:\/\/portaltela.pt\/#\/schema\/person\/c4278d4a6028830caff9ee44b42d32ed"},"headline":"Museu da National Geographic sobre inf\u00e2ncia e fotografia abre em Washington","datePublished":"2026-03-31T14:17:09+00:00","mainEntityOfPage":{"@id":"https:\/\/portaltela.pt\/noticias\/2026\/03\/31\/museu-da-national-geographic-sobre-infancia-e-fotografia-abre-em-washington\/"},"wordCount":444,"image":{"@id":"https:\/\/portaltela.pt\/noticias\/2026\/03\/31\/museu-da-national-geographic-sobre-infancia-e-fotografia-abre-em-washington\/#primaryimage"},"thumbnailUrl":"https:\/\/portaltela.pt\/s.01k8rhncp4jt1\/2026\/03\/1536x864_cmsv2_31d51b96-30ea-519c-894e-dde217f51140-9705510.jpg","keywords":["cultura","exposi\u00e7\u00e3o","fotografia","hist\u00f3ria","inf\u00e2ncia","museus e arquivos"],"articleSection":["Cultura","Not\u00edcias"],"inLanguage":"pt-PT"},{"@type":"WebPage","@id":"https:\/\/portaltela.pt\/noticias\/2026\/03\/31\/museu-da-national-geographic-sobre-infancia-e-fotografia-abre-em-washington\/","url":"https:\/\/portaltela.pt\/noticias\/2026\/03\/31\/museu-da-national-geographic-sobre-infancia-e-fotografia-abre-em-washington\/","name":"Museu da National Geographic sobre inf\u00e2ncia e fotografia abre em Washington - Portal Tela Portugal","isPartOf":{"@id":"https:\/\/portaltela.pt\/#website"},"primaryImageOfPage":{"@id":"https:\/\/portaltela.pt\/noticias\/2026\/03\/31\/museu-da-national-geographic-sobre-infancia-e-fotografia-abre-em-washington\/#primaryimage"},"image":{"@id":"https:\/\/portaltela.pt\/noticias\/2026\/03\/31\/museu-da-national-geographic-sobre-infancia-e-fotografia-abre-em-washington\/#primaryimage"},"thumbnailUrl":"https:\/\/portaltela.pt\/s.01k8rhncp4jt1\/2026\/03\/1536x864_cmsv2_31d51b96-30ea-519c-894e-dde217f51140-9705510.jpg","datePublished":"2026-03-31T14:17:09+00:00","author":{"@id":"https:\/\/portaltela.pt\/#\/schema\/person\/c4278d4a6028830caff9ee44b42d32ed"},"breadcrumb":{"@id":"https:\/\/portaltela.pt\/noticias\/2026\/03\/31\/museu-da-national-geographic-sobre-infancia-e-fotografia-abre-em-washington\/#breadcrumb"},"inLanguage":"pt-PT","potentialAction":[{"@type":"ReadAction","target":["https:\/\/portaltela.pt\/noticias\/2026\/03\/31\/museu-da-national-geographic-sobre-infancia-e-fotografia-abre-em-washington\/"]}]},{"@type":"ImageObject","inLanguage":"pt-PT","@id":"https:\/\/portaltela.pt\/noticias\/2026\/03\/31\/museu-da-national-geographic-sobre-infancia-e-fotografia-abre-em-washington\/#primaryimage","url":"https:\/\/portaltela.pt\/s.01k8rhncp4jt1\/2026\/03\/1536x864_cmsv2_31d51b96-30ea-519c-894e-dde217f51140-9705510.jpg","contentUrl":"https:\/\/portaltela.pt\/s.01k8rhncp4jt1\/2026\/03\/1536x864_cmsv2_31d51b96-30ea-519c-894e-dde217f51140-9705510.jpg","width":796,"height":448,"caption":"P\u00e1tio do Museu da Explora\u00e7\u00e3o ilumina-se \u00e0 noite"},{"@type":"BreadcrumbList","@id":"https:\/\/portaltela.pt\/noticias\/2026\/03\/31\/museu-da-national-geographic-sobre-infancia-e-fotografia-abre-em-washington\/#breadcrumb","itemListElement":[{"@type":"ListItem","position":1,"name":"In\u00edcio","item":"https:\/\/portaltela.pt\/"},{"@type":"ListItem","position":2,"name":"Museu da National Geographic sobre inf\u00e2ncia e fotografia abre em Washington"}]},{"@type":"WebSite","@id":"https:\/\/portaltela.pt\/#website","url":"https:\/\/portaltela.pt\/","name":"Portal Tela Portugal","description":"","potentialAction":[{"@type":"SearchAction","target":{"@type":"EntryPoint","urlTemplate":"https:\/\/portaltela.pt\/?s={search_term_string}"},"query-input":{"@type":"PropertyValueSpecification","valueRequired":true,"valueName":"search_term_string"}}],"inLanguage":"pt-PT"},{"@type":"Person","@id":"https:\/\/portaltela.pt\/#\/schema\/person\/c4278d4a6028830caff9ee44b42d32ed","name":"Telinha","image":{"@type":"ImageObject","inLanguage":"pt-PT","@id":"https:\/\/portaltela.pt\/s.01k8rhncp4jt1\/2025\/11\/talking-bot-125x125.png","url":"https:\/\/portaltela.pt\/s.01k8rhncp4jt1\/2025\/11\/talking-bot-125x125.png","contentUrl":"https:\/\/portaltela.pt\/s.01k8rhncp4jt1\/2025\/11\/talking-bot-125x125.png","caption":"Telinha"},"sameAs":["https:\/\/portaltela.pt\/"],"url":"https:\/\/portaltela.pt\/por\/367410592786\/"}]}},"_links":{"self":[{"href":"https:\/\/portaltela.pt\/api\/wp\/v2\/posts\/427837","targetHints":{"allow":["GET"]}}],"collection":[{"href":"https:\/\/portaltela.pt\/api\/wp\/v2\/posts"}],"about":[{"href":"https:\/\/portaltela.pt\/api\/wp\/v2\/types\/post"}],"author":[{"embeddable":true,"href":"https:\/\/portaltela.pt\/api\/wp\/v2\/users\/2"}],"replies":[{"embeddable":true,"href":"https:\/\/portaltela.pt\/api\/wp\/v2\/comments?post=427837"}],"version-history":[{"count":0,"href":"https:\/\/portaltela.pt\/api\/wp\/v2\/posts\/427837\/revisions"}],"wp:featuredmedia":[{"embeddable":true,"href":"https:\/\/portaltela.pt\/api\/wp\/v2\/media\/427842"}],"wp:attachment":[{"href":"https:\/\/portaltela.pt\/api\/wp\/v2\/media?parent=427837"}],"wp:term":[{"taxonomy":"category","embeddable":true,"href":"https:\/\/portaltela.pt\/api\/wp\/v2\/categories?post=427837"},{"taxonomy":"post_tag","embeddable":true,"href":"https:\/\/portaltela.pt\/api\/wp\/v2\/tags?post=427837"}],"curies":[{"name":"wp","href":"https:\/\/api.w.org\/{rel}","templated":true}]}}