{"id":427835,"date":"2026-03-31T11:17:07","date_gmt":"2026-03-31T14:17:07","guid":{"rendered":"https:\/\/portaltela.pt\/noticias\/2026\/03\/31\/ministerio-do-ambiente-anuncia-50-milhoes-para-obras-urgentes-apos-mau-tempo\/"},"modified":"2026-03-31T11:17:07","modified_gmt":"2026-03-31T14:17:07","slug":"ministerio-do-ambiente-anuncia-50-milhoes-para-obras-urgentes-apos-mau-tempo","status":"publish","type":"post","link":"https:\/\/portaltela.pt\/noticias\/2026\/03\/31\/ministerio-do-ambiente-anuncia-50-milhoes-para-obras-urgentes-apos-mau-tempo\/","title":{"rendered":"Minist\u00e9rio do Ambiente anuncia 50 milh\u00f5es para obras urgentes ap\u00f3s mau tempo"},"content":{"rendered":"<p>O Governo vai disponibilizar 50 milh\u00f5es de euros atrav\u00e9s do Fundo Ambiental para obras urgentes em cerca de 40 munic\u00edpios afetados pelo mau tempo, incluindo Alc\u00e1cer do Sal e M\u00e9rtola. Os contratos-programa foram assinados esta ter\u00e7a-feira entre os munic\u00edpios alentejanos, a Ag\u00eancia Portuguesa do Ambiente e a Ag\u00eancia para o Clima.<\/p>\n<p>A ministra do Ambiente e da Energia, Maria da Gra\u00e7a Carvalho, explicou que o levantamento de danos, especialmente em zonas ribeirinhas, abrange diques, margens, cais, a\u00e7udes e pontes pequenas, com um total superior a 200 milh\u00f5es de euros a financiar tamb\u00e9m pelo PTRR.<\/p>\n<p>Para Alc\u00e1cer do Sal, o apoio ascende a 2,1 milh\u00f5es de euros. M\u00e9rtola recebe 2,8 milh\u00f5es. As obras destinam-se a obras urgentes na zona ribeirinha, recupera\u00e7\u00e3o de margens, pavimento e desobstru\u00e7\u00e3o de cursos de \u00e1gua, incluindo a ponte de S\u00e3o Rom\u00e3o, submersa pelas cheias e encerrada desde fevereiro.<\/p>\n<p>Em Alc\u00e1cer do Sal, as interven\u00e7\u00f5es visam ainda melhorar o acesso sul \u00e0 cidade e os bairros perif\u00e9ricos da margem sul, bem como a limpeza de linhas de \u00e1gua. Em M\u00e9rtola, o foco \u00e9 a navegabilidade do rio Guadiana, com desassoreamento e interven\u00e7\u00e3o no cais e margens.<\/p>\n<p>A presidente da C\u00e2mara de Alc\u00e1cer do Sal destacou que este \u00e9 o primeiro apoio do Governo para enfrentar os estragos nas cheias e refor\u00e7ou a necessidade de apoio adicional a comerciantes e empres\u00e1rios locais. O autarca de M\u00e9rtola refor\u00e7ou a import\u00e2ncia do desassoreamento para recuperar a navegabilidade do Guadiana.<\/p>\n<p>Seguir-se-\u00e3o, na quarta-feira, assinaturas de contratos-programa com munic\u00edpios afetados no Mondego e Lis, e no Vale do Tejo, agendadas para 9 de abril. Os munic\u00edpios ficam respons\u00e1veis pela execu\u00e7\u00e3o das obras financiadas.<\/p>\n","protected":false},"excerpt":{"rendered":"<ul>\n<li>O Governo disponibiliza 50 milh\u00f5es de euros, atrav\u00e9s do Fundo Ambiental, para obras urgentes em cerca de 40 munic\u00edpios afetados pelo mau tempo, incluindo Alc\u00e1cer do Sal e M\u00e9rtola.<\/li>\n<li>Os primeiros contratos-programa foram assinados entre Alc\u00e1cer do Sal, M\u00e9rtola, a Ag\u00eancia Portuguesa do Ambiente e a Ag\u00eancia para o Clima, para recuperar infraestruturas e patrim\u00f3nio ambiental afetados por intemp\u00e9ries.<\/li>\n<li>O montante total de danos j\u00e1 mapeados supera os 200 milh\u00f5es de euros, com parte da ajuda a ser financiada pelo PTRR (Portugal Transforma\u00e7\u00e3o, Recupera\u00e7\u00e3o e Resili\u00eancia).<\/li>\n<li>Alc\u00e1cer do Sal vai receber 2,1 milh\u00f5es de euros e M\u00e9rtola 2,8 milh\u00f5es de euros para interven\u00e7\u00f5es urgentes, como a ponte de S\u00e3o Rom\u00e3o, acessos, margens e desobstru\u00e7\u00e3o de linhas de \u00e1gua no rio Sado.<\/li>\n<li>Em M\u00e9rtola, o foco \u00e9 melhorar a navegabilidade do rio Guadiana atrav\u00e9s de desassoreamento, incluindo o cais e margens afetados pelas cheias; novas assinaturas de contratos-programa est\u00e3o previstas para outras regi\u00f5es nos pr\u00f3ximos dias.<\/li>\n<\/ul>\n","protected":false},"author":2,"featured_media":427843,"comment_status":"closed","ping_status":"closed","sticky":false,"template":"","format":"standard","meta":{"footnotes":""},"categories":[6725,1],"tags":[1998,883,3701,3985,45,7655],"class_list":["post-427835","post","type-post","status-publish","format-standard","has-post-thumbnail","hentry","category-meio-ambiente","category-noticias","tag-alcacer-do-sal","tag-alentejo","tag-cheias","tag-fundo-ambiental","tag-meio-ambiente","tag-mertola"],"yoast_head":"<!-- This site is optimized with the Yoast SEO plugin v27.2 - https:\/\/yoast.com\/product\/yoast-seo-wordpress\/ -->\n<title>Minist\u00e9rio do Ambiente anuncia 50 milh\u00f5es para obras urgentes ap\u00f3s mau tempo - Portal Tela Portugal<\/title>\n<meta name=\"robots\" content=\"index, follow, max-snippet:-1, max-image-preview:large, max-video-preview:-1\" \/>\n<meta property=\"og:locale\" content=\"pt_PT\" \/>\n<meta property=\"og:type\" content=\"article\" \/>\n<meta property=\"og:title\" content=\"Minist\u00e9rio do Ambiente anuncia 50 milh\u00f5es para obras urgentes ap\u00f3s mau tempo - Portal Tela Portugal\" \/>\n<meta property=\"og:description\" content=\"O Governo disponibiliza 50 milh\u00f5es de euros, atrav\u00e9s do Fundo Ambiental, para obras urgentes em cerca de 40 munic\u00edpios afetados pelo mau tempo, incluindo Alc\u00e1cer do Sal e M\u00e9rtola. Os primeiros contratos-programa foram assinados entre Alc\u00e1cer do Sal, M\u00e9rtola, a Ag\u00eancia Portuguesa do Ambiente e a Ag\u00eancia para o Clima, para recuperar infraestruturas e patrim\u00f3nio ambiental afetados por intemp\u00e9ries. O montante total de danos j\u00e1 mapeados supera os 200 milh\u00f5es de euros, com parte da ajuda a ser financiada pelo PTRR (Portugal Transforma\u00e7\u00e3o, Recupera\u00e7\u00e3o e Resili\u00eancia). Alc\u00e1cer do Sal vai receber 2,1 milh\u00f5es de euros e M\u00e9rtola 2,8 milh\u00f5es de euros para interven\u00e7\u00f5es urgentes, como a ponte de S\u00e3o Rom\u00e3o, acessos, margens e desobstru\u00e7\u00e3o de linhas de \u00e1gua no rio Sado. Em M\u00e9rtola, o foco \u00e9 melhorar a navegabilidade do rio Guadiana atrav\u00e9s de desassoreamento, incluindo o cais e margens afetados pelas cheias; novas assinaturas de contratos-programa est\u00e3o previstas para outras regi\u00f5es nos pr\u00f3ximos dias.\" \/>\n<meta property=\"og:url\" content=\"https:\/\/portaltela.pt\/noticias\/2026\/03\/31\/ministerio-do-ambiente-anuncia-50-milhoes-para-obras-urgentes-apos-mau-tempo\/\" \/>\n<meta property=\"og:site_name\" content=\"Portal Tela Portugal\" \/>\n<meta property=\"article:published_time\" content=\"2026-03-31T14:17:07+00:00\" \/>\n<meta name=\"author\" content=\"Telinha\" \/>\n<meta name=\"twitter:card\" content=\"summary_large_image\" \/>\n<meta name=\"twitter:label1\" content=\"Escrito por\" \/>\n\t<meta name=\"twitter:data1\" content=\"Telinha\" \/>\n\t<meta name=\"twitter:label2\" content=\"Tempo estimado de leitura\" \/>\n\t<meta name=\"twitter:data2\" content=\"2 minutos\" \/>\n<script type=\"application\/ld+json\" class=\"yoast-schema-graph\">{\"@context\":\"https:\/\/schema.org\",\"@graph\":[{\"@type\":\"Article\",\"@id\":\"https:\/\/portaltela.pt\/noticias\/2026\/03\/31\/ministerio-do-ambiente-anuncia-50-milhoes-para-obras-urgentes-apos-mau-tempo\/#article\",\"isPartOf\":{\"@id\":\"https:\/\/portaltela.pt\/noticias\/2026\/03\/31\/ministerio-do-ambiente-anuncia-50-milhoes-para-obras-urgentes-apos-mau-tempo\/\"},\"author\":{\"name\":\"Telinha\",\"@id\":\"https:\/\/portaltela.pt\/#\/schema\/person\/c4278d4a6028830caff9ee44b42d32ed\"},\"headline\":\"Minist\u00e9rio do Ambiente anuncia 50 milh\u00f5es para obras urgentes ap\u00f3s mau tempo\",\"datePublished\":\"2026-03-31T14:17:07+00:00\",\"mainEntityOfPage\":{\"@id\":\"https:\/\/portaltela.pt\/noticias\/2026\/03\/31\/ministerio-do-ambiente-anuncia-50-milhoes-para-obras-urgentes-apos-mau-tempo\/\"},\"wordCount\":314,\"image\":{\"@id\":\"https:\/\/portaltela.pt\/noticias\/2026\/03\/31\/ministerio-do-ambiente-anuncia-50-milhoes-para-obras-urgentes-apos-mau-tempo\/#primaryimage\"},\"thumbnailUrl\":\"https:\/\/portaltela.pt\/s.01k8rhncp4jt1\/2026\/03\/img_1500x1000uu2026-02-06-12-10-30-2265219.jpg\",\"keywords\":[\"Alc\u00e1cer do Sal\",\"Alentejo\",\"cheias\",\"Fundo Ambiental\",\"meio-ambiente\",\"M\u00e9rtola\"],\"articleSection\":[\"Meio Ambiente\",\"Not\u00edcias\"],\"inLanguage\":\"pt-PT\"},{\"@type\":\"WebPage\",\"@id\":\"https:\/\/portaltela.pt\/noticias\/2026\/03\/31\/ministerio-do-ambiente-anuncia-50-milhoes-para-obras-urgentes-apos-mau-tempo\/\",\"url\":\"https:\/\/portaltela.pt\/noticias\/2026\/03\/31\/ministerio-do-ambiente-anuncia-50-milhoes-para-obras-urgentes-apos-mau-tempo\/\",\"name\":\"Minist\u00e9rio do Ambiente anuncia 50 milh\u00f5es para obras urgentes ap\u00f3s mau tempo - Portal Tela Portugal\",\"isPartOf\":{\"@id\":\"https:\/\/portaltela.pt\/#website\"},\"primaryImageOfPage\":{\"@id\":\"https:\/\/portaltela.pt\/noticias\/2026\/03\/31\/ministerio-do-ambiente-anuncia-50-milhoes-para-obras-urgentes-apos-mau-tempo\/#primaryimage\"},\"image\":{\"@id\":\"https:\/\/portaltela.pt\/noticias\/2026\/03\/31\/ministerio-do-ambiente-anuncia-50-milhoes-para-obras-urgentes-apos-mau-tempo\/#primaryimage\"},\"thumbnailUrl\":\"https:\/\/portaltela.pt\/s.01k8rhncp4jt1\/2026\/03\/img_1500x1000uu2026-02-06-12-10-30-2265219.jpg\",\"datePublished\":\"2026-03-31T14:17:07+00:00\",\"author\":{\"@id\":\"https:\/\/portaltela.pt\/#\/schema\/person\/c4278d4a6028830caff9ee44b42d32ed\"},\"breadcrumb\":{\"@id\":\"https:\/\/portaltela.pt\/noticias\/2026\/03\/31\/ministerio-do-ambiente-anuncia-50-milhoes-para-obras-urgentes-apos-mau-tempo\/#breadcrumb\"},\"inLanguage\":\"pt-PT\",\"potentialAction\":[{\"@type\":\"ReadAction\",\"target\":[\"https:\/\/portaltela.pt\/noticias\/2026\/03\/31\/ministerio-do-ambiente-anuncia-50-milhoes-para-obras-urgentes-apos-mau-tempo\/\"]}]},{\"@type\":\"ImageObject\",\"inLanguage\":\"pt-PT\",\"@id\":\"https:\/\/portaltela.pt\/noticias\/2026\/03\/31\/ministerio-do-ambiente-anuncia-50-milhoes-para-obras-urgentes-apos-mau-tempo\/#primaryimage\",\"url\":\"https:\/\/portaltela.pt\/s.01k8rhncp4jt1\/2026\/03\/img_1500x1000uu2026-02-06-12-10-30-2265219.jpg\",\"contentUrl\":\"https:\/\/portaltela.pt\/s.01k8rhncp4jt1\/2026\/03\/img_1500x1000uu2026-02-06-12-10-30-2265219.jpg\",\"width\":796,\"height\":448,\"caption\":\"Rio Sado inundou a zona ribeirinha de Alc\u00e1cer do Sal\"},{\"@type\":\"BreadcrumbList\",\"@id\":\"https:\/\/portaltela.pt\/noticias\/2026\/03\/31\/ministerio-do-ambiente-anuncia-50-milhoes-para-obras-urgentes-apos-mau-tempo\/#breadcrumb\",\"itemListElement\":[{\"@type\":\"ListItem\",\"position\":1,\"name\":\"In\u00edcio\",\"item\":\"https:\/\/portaltela.pt\/\"},{\"@type\":\"ListItem\",\"position\":2,\"name\":\"Minist\u00e9rio do Ambiente anuncia 50 milh\u00f5es para obras urgentes ap\u00f3s mau tempo\"}]},{\"@type\":\"WebSite\",\"@id\":\"https:\/\/portaltela.pt\/#website\",\"url\":\"https:\/\/portaltela.pt\/\",\"name\":\"Portal Tela Portugal\",\"description\":\"\",\"potentialAction\":[{\"@type\":\"SearchAction\",\"target\":{\"@type\":\"EntryPoint\",\"urlTemplate\":\"https:\/\/portaltela.pt\/?s={search_term_string}\"},\"query-input\":{\"@type\":\"PropertyValueSpecification\",\"valueRequired\":true,\"valueName\":\"search_term_string\"}}],\"inLanguage\":\"pt-PT\"},{\"@type\":\"Person\",\"@id\":\"https:\/\/portaltela.pt\/#\/schema\/person\/c4278d4a6028830caff9ee44b42d32ed\",\"name\":\"Telinha\",\"image\":{\"@type\":\"ImageObject\",\"inLanguage\":\"pt-PT\",\"@id\":\"https:\/\/portaltela.pt\/s.01k8rhncp4jt1\/2025\/11\/talking-bot-125x125.png\",\"url\":\"https:\/\/portaltela.pt\/s.01k8rhncp4jt1\/2025\/11\/talking-bot-125x125.png\",\"contentUrl\":\"https:\/\/portaltela.pt\/s.01k8rhncp4jt1\/2025\/11\/talking-bot-125x125.png\",\"caption\":\"Telinha\"},\"sameAs\":[\"https:\/\/portaltela.pt\/\"],\"url\":\"https:\/\/portaltela.pt\/por\/367410592786\/\"}]}<\/script>\n<!-- \/ Yoast SEO plugin. -->","yoast_head_json":{"title":"Minist\u00e9rio do Ambiente anuncia 50 milh\u00f5es para obras urgentes ap\u00f3s mau tempo - Portal Tela Portugal","robots":{"index":"index","follow":"follow","max-snippet":"max-snippet:-1","max-image-preview":"max-image-preview:large","max-video-preview":"max-video-preview:-1"},"og_locale":"pt_PT","og_type":"article","og_title":"Minist\u00e9rio do Ambiente anuncia 50 milh\u00f5es para obras urgentes ap\u00f3s mau tempo - Portal Tela Portugal","og_description":"O Governo disponibiliza 50 milh\u00f5es de euros, atrav\u00e9s do Fundo Ambiental, para obras urgentes em cerca de 40 munic\u00edpios afetados pelo mau tempo, incluindo Alc\u00e1cer do Sal e M\u00e9rtola. Os primeiros contratos-programa foram assinados entre Alc\u00e1cer do Sal, M\u00e9rtola, a Ag\u00eancia Portuguesa do Ambiente e a Ag\u00eancia para o Clima, para recuperar infraestruturas e patrim\u00f3nio ambiental afetados por intemp\u00e9ries. O montante total de danos j\u00e1 mapeados supera os 200 milh\u00f5es de euros, com parte da ajuda a ser financiada pelo PTRR (Portugal Transforma\u00e7\u00e3o, Recupera\u00e7\u00e3o e Resili\u00eancia). Alc\u00e1cer do Sal vai receber 2,1 milh\u00f5es de euros e M\u00e9rtola 2,8 milh\u00f5es de euros para interven\u00e7\u00f5es urgentes, como a ponte de S\u00e3o Rom\u00e3o, acessos, margens e desobstru\u00e7\u00e3o de linhas de \u00e1gua no rio Sado. Em M\u00e9rtola, o foco \u00e9 melhorar a navegabilidade do rio Guadiana atrav\u00e9s de desassoreamento, incluindo o cais e margens afetados pelas cheias; novas assinaturas de contratos-programa est\u00e3o previstas para outras regi\u00f5es nos pr\u00f3ximos dias.","og_url":"https:\/\/portaltela.pt\/noticias\/2026\/03\/31\/ministerio-do-ambiente-anuncia-50-milhoes-para-obras-urgentes-apos-mau-tempo\/","og_site_name":"Portal Tela Portugal","article_published_time":"2026-03-31T14:17:07+00:00","author":"Telinha","twitter_card":"summary_large_image","twitter_misc":{"Escrito por":"Telinha","Tempo estimado de leitura":"2 minutos"},"schema":{"@context":"https:\/\/schema.org","@graph":[{"@type":"Article","@id":"https:\/\/portaltela.pt\/noticias\/2026\/03\/31\/ministerio-do-ambiente-anuncia-50-milhoes-para-obras-urgentes-apos-mau-tempo\/#article","isPartOf":{"@id":"https:\/\/portaltela.pt\/noticias\/2026\/03\/31\/ministerio-do-ambiente-anuncia-50-milhoes-para-obras-urgentes-apos-mau-tempo\/"},"author":{"name":"Telinha","@id":"https:\/\/portaltela.pt\/#\/schema\/person\/c4278d4a6028830caff9ee44b42d32ed"},"headline":"Minist\u00e9rio do Ambiente anuncia 50 milh\u00f5es para obras urgentes ap\u00f3s mau tempo","datePublished":"2026-03-31T14:17:07+00:00","mainEntityOfPage":{"@id":"https:\/\/portaltela.pt\/noticias\/2026\/03\/31\/ministerio-do-ambiente-anuncia-50-milhoes-para-obras-urgentes-apos-mau-tempo\/"},"wordCount":314,"image":{"@id":"https:\/\/portaltela.pt\/noticias\/2026\/03\/31\/ministerio-do-ambiente-anuncia-50-milhoes-para-obras-urgentes-apos-mau-tempo\/#primaryimage"},"thumbnailUrl":"https:\/\/portaltela.pt\/s.01k8rhncp4jt1\/2026\/03\/img_1500x1000uu2026-02-06-12-10-30-2265219.jpg","keywords":["Alc\u00e1cer do Sal","Alentejo","cheias","Fundo Ambiental","meio-ambiente","M\u00e9rtola"],"articleSection":["Meio Ambiente","Not\u00edcias"],"inLanguage":"pt-PT"},{"@type":"WebPage","@id":"https:\/\/portaltela.pt\/noticias\/2026\/03\/31\/ministerio-do-ambiente-anuncia-50-milhoes-para-obras-urgentes-apos-mau-tempo\/","url":"https:\/\/portaltela.pt\/noticias\/2026\/03\/31\/ministerio-do-ambiente-anuncia-50-milhoes-para-obras-urgentes-apos-mau-tempo\/","name":"Minist\u00e9rio do Ambiente anuncia 50 milh\u00f5es para obras urgentes ap\u00f3s mau tempo - Portal Tela Portugal","isPartOf":{"@id":"https:\/\/portaltela.pt\/#website"},"primaryImageOfPage":{"@id":"https:\/\/portaltela.pt\/noticias\/2026\/03\/31\/ministerio-do-ambiente-anuncia-50-milhoes-para-obras-urgentes-apos-mau-tempo\/#primaryimage"},"image":{"@id":"https:\/\/portaltela.pt\/noticias\/2026\/03\/31\/ministerio-do-ambiente-anuncia-50-milhoes-para-obras-urgentes-apos-mau-tempo\/#primaryimage"},"thumbnailUrl":"https:\/\/portaltela.pt\/s.01k8rhncp4jt1\/2026\/03\/img_1500x1000uu2026-02-06-12-10-30-2265219.jpg","datePublished":"2026-03-31T14:17:07+00:00","author":{"@id":"https:\/\/portaltela.pt\/#\/schema\/person\/c4278d4a6028830caff9ee44b42d32ed"},"breadcrumb":{"@id":"https:\/\/portaltela.pt\/noticias\/2026\/03\/31\/ministerio-do-ambiente-anuncia-50-milhoes-para-obras-urgentes-apos-mau-tempo\/#breadcrumb"},"inLanguage":"pt-PT","potentialAction":[{"@type":"ReadAction","target":["https:\/\/portaltela.pt\/noticias\/2026\/03\/31\/ministerio-do-ambiente-anuncia-50-milhoes-para-obras-urgentes-apos-mau-tempo\/"]}]},{"@type":"ImageObject","inLanguage":"pt-PT","@id":"https:\/\/portaltela.pt\/noticias\/2026\/03\/31\/ministerio-do-ambiente-anuncia-50-milhoes-para-obras-urgentes-apos-mau-tempo\/#primaryimage","url":"https:\/\/portaltela.pt\/s.01k8rhncp4jt1\/2026\/03\/img_1500x1000uu2026-02-06-12-10-30-2265219.jpg","contentUrl":"https:\/\/portaltela.pt\/s.01k8rhncp4jt1\/2026\/03\/img_1500x1000uu2026-02-06-12-10-30-2265219.jpg","width":796,"height":448,"caption":"Rio Sado inundou a zona ribeirinha de Alc\u00e1cer do Sal"},{"@type":"BreadcrumbList","@id":"https:\/\/portaltela.pt\/noticias\/2026\/03\/31\/ministerio-do-ambiente-anuncia-50-milhoes-para-obras-urgentes-apos-mau-tempo\/#breadcrumb","itemListElement":[{"@type":"ListItem","position":1,"name":"In\u00edcio","item":"https:\/\/portaltela.pt\/"},{"@type":"ListItem","position":2,"name":"Minist\u00e9rio do Ambiente anuncia 50 milh\u00f5es para obras urgentes ap\u00f3s mau tempo"}]},{"@type":"WebSite","@id":"https:\/\/portaltela.pt\/#website","url":"https:\/\/portaltela.pt\/","name":"Portal Tela Portugal","description":"","potentialAction":[{"@type":"SearchAction","target":{"@type":"EntryPoint","urlTemplate":"https:\/\/portaltela.pt\/?s={search_term_string}"},"query-input":{"@type":"PropertyValueSpecification","valueRequired":true,"valueName":"search_term_string"}}],"inLanguage":"pt-PT"},{"@type":"Person","@id":"https:\/\/portaltela.pt\/#\/schema\/person\/c4278d4a6028830caff9ee44b42d32ed","name":"Telinha","image":{"@type":"ImageObject","inLanguage":"pt-PT","@id":"https:\/\/portaltela.pt\/s.01k8rhncp4jt1\/2025\/11\/talking-bot-125x125.png","url":"https:\/\/portaltela.pt\/s.01k8rhncp4jt1\/2025\/11\/talking-bot-125x125.png","contentUrl":"https:\/\/portaltela.pt\/s.01k8rhncp4jt1\/2025\/11\/talking-bot-125x125.png","caption":"Telinha"},"sameAs":["https:\/\/portaltela.pt\/"],"url":"https:\/\/portaltela.pt\/por\/367410592786\/"}]}},"_links":{"self":[{"href":"https:\/\/portaltela.pt\/api\/wp\/v2\/posts\/427835","targetHints":{"allow":["GET"]}}],"collection":[{"href":"https:\/\/portaltela.pt\/api\/wp\/v2\/posts"}],"about":[{"href":"https:\/\/portaltela.pt\/api\/wp\/v2\/types\/post"}],"author":[{"embeddable":true,"href":"https:\/\/portaltela.pt\/api\/wp\/v2\/users\/2"}],"replies":[{"embeddable":true,"href":"https:\/\/portaltela.pt\/api\/wp\/v2\/comments?post=427835"}],"version-history":[{"count":0,"href":"https:\/\/portaltela.pt\/api\/wp\/v2\/posts\/427835\/revisions"}],"wp:featuredmedia":[{"embeddable":true,"href":"https:\/\/portaltela.pt\/api\/wp\/v2\/media\/427843"}],"wp:attachment":[{"href":"https:\/\/portaltela.pt\/api\/wp\/v2\/media?parent=427835"}],"wp:term":[{"taxonomy":"category","embeddable":true,"href":"https:\/\/portaltela.pt\/api\/wp\/v2\/categories?post=427835"},{"taxonomy":"post_tag","embeddable":true,"href":"https:\/\/portaltela.pt\/api\/wp\/v2\/tags?post=427835"}],"curies":[{"name":"wp","href":"https:\/\/api.w.org\/{rel}","templated":true}]}}