{"id":427832,"date":"2026-03-31T11:16:59","date_gmt":"2026-03-31T14:16:59","guid":{"rendered":"https:\/\/portaltela.pt\/noticias\/2026\/03\/31\/video-mostra-infancia-em-gaza-com-criancas-a-imitar-funeral\/"},"modified":"2026-03-31T11:16:59","modified_gmt":"2026-03-31T14:16:59","slug":"video-mostra-infancia-em-gaza-com-criancas-a-imitar-funeral","status":"publish","type":"post","link":"https:\/\/portaltela.pt\/guerra\/2026\/03\/31\/video-mostra-infancia-em-gaza-com-criancas-a-imitar-funeral\/","title":{"rendered":"V\u00eddeo mostra inf\u00e2ncia em Gaza com crian\u00e7as a imitar funeral"},"content":{"rendered":"<p>Uma imagem partilhada online mostra crian\u00e7as em Gaza a pegar num boneco e a coloc\u00e1-lo nos ombros, gesto comum nos funerais. O v\u00eddeo tem sido difundido nas redes sociais pela sua leitura simb\u00f3lica da viol\u00eancia no territ\u00f3rio.<\/p>\n<p>Segundo o material partilhado, as imagens mostram pequenos a imitarem o ritual f\u00fanebre, com express\u00e3o s\u00e9ria e comportamento que sugere uma tentativa de compreender o que vivem.<\/p>\n<p>N\u00e3o h\u00e1 confirma\u00e7\u00e3o oficiais sobre a origem exacta do footage nem sobre a data de grava\u00e7\u00e3o, mas o conte\u00fado tem gerado reac\u00e7\u00f5es internacionais devido ao contexto de conflito na regi\u00e3o.<\/p>\n<p>Especialistas sugerem que o v\u00eddeo ilustra o impacto prolongado do conflito em crian\u00e7as, destacando a necessidade de prote\u00e7\u00e3o e apoio emocional para jovens expostos a situa\u00e7\u00f5es de viol\u00eancia.<\/p>\n<p>O material n\u00e3o fornece contexto adicional sobre quem gravou as imagens nem sobre as circunst\u00e2ncias espec\u00edficas em que foram realizadas.<\/p>\n","protected":false},"excerpt":{"rendered":"<ul>\n<li>Imagens divulgadas nas redes sociais mostram crian\u00e7as em Gaza a pegar num boneco e a coloc\u00e1-lo nos ombros, simulando um funeral.<\/li>\n<li>O v\u00eddeo \u00e9 apresentado como uma representa\u00e7\u00e3o de funerais, com as crian\u00e7as a imitarem a postura de quem carrega algu\u00e9m em riste.<\/li>\n<li>As imagens foram partilhadas online, gerando notifica\u00e7\u00f5es sobre o conte\u00fado sens\u00edvel relacionado com conflitos na regi\u00e3o.<\/li>\n<li>N\u00e3o s\u00e3o dadas informa\u00e7\u00f5es adicionais sobre a origem ou o contexto espec\u00edfico das imagens, nem sobre a idade das crian\u00e7as.<\/li>\n<\/ul>\n","protected":false},"author":2,"featured_media":427840,"comment_status":"closed","ping_status":"closed","sticky":false,"template":"","format":"standard","meta":{"footnotes":""},"categories":[6790,6804],"tags":[2198,3953,2633,6890,2030,939],"class_list":["post-427832","post","type-post","status-publish","format-standard","has-post-thumbnail","hentry","category-conflitos","category-guerra","tag-conflitos-internacionais","tag-criancas","tag-direitos-humanos","tag-educacao-emocional","tag-palestina","tag-violencia"],"yoast_head":"<!-- This site is optimized with the Yoast SEO plugin v27.2 - https:\/\/yoast.com\/product\/yoast-seo-wordpress\/ -->\n<title>V\u00eddeo mostra inf\u00e2ncia em Gaza com crian\u00e7as a imitar funeral - Portal Tela Portugal<\/title>\n<meta name=\"robots\" content=\"index, follow, max-snippet:-1, max-image-preview:large, max-video-preview:-1\" \/>\n<meta property=\"og:locale\" content=\"pt_PT\" \/>\n<meta property=\"og:type\" content=\"article\" \/>\n<meta property=\"og:title\" content=\"V\u00eddeo mostra inf\u00e2ncia em Gaza com crian\u00e7as a imitar funeral - Portal Tela Portugal\" \/>\n<meta property=\"og:description\" content=\"Imagens divulgadas nas redes sociais mostram crian\u00e7as em Gaza a pegar num boneco e a coloc\u00e1-lo nos ombros, simulando um funeral. O v\u00eddeo \u00e9 apresentado como uma representa\u00e7\u00e3o de funerais, com as crian\u00e7as a imitarem a postura de quem carrega algu\u00e9m em riste. As imagens foram partilhadas online, gerando notifica\u00e7\u00f5es sobre o conte\u00fado sens\u00edvel relacionado com conflitos na regi\u00e3o. N\u00e3o s\u00e3o dadas informa\u00e7\u00f5es adicionais sobre a origem ou o contexto espec\u00edfico das imagens, nem sobre a idade das crian\u00e7as.\" \/>\n<meta property=\"og:url\" content=\"https:\/\/portaltela.pt\/noticias\/2026\/03\/31\/video-mostra-infancia-em-gaza-com-criancas-a-imitar-funeral\/\" \/>\n<meta property=\"og:site_name\" content=\"Portal Tela Portugal\" \/>\n<meta property=\"article:published_time\" content=\"2026-03-31T14:16:59+00:00\" \/>\n<meta name=\"author\" content=\"Telinha\" \/>\n<meta name=\"twitter:card\" content=\"summary_large_image\" \/>\n<meta name=\"twitter:label1\" content=\"Escrito por\" \/>\n\t<meta name=\"twitter:data1\" content=\"Telinha\" \/>\n\t<meta name=\"twitter:label2\" content=\"Tempo estimado de leitura\" \/>\n\t<meta name=\"twitter:data2\" content=\"1 minuto\" \/>\n<script type=\"application\/ld+json\" class=\"yoast-schema-graph\">{\"@context\":\"https:\/\/schema.org\",\"@graph\":[{\"@type\":\"Article\",\"@id\":\"https:\/\/portaltela.pt\/noticias\/2026\/03\/31\/video-mostra-infancia-em-gaza-com-criancas-a-imitar-funeral\/#article\",\"isPartOf\":{\"@id\":\"https:\/\/portaltela.pt\/noticias\/2026\/03\/31\/video-mostra-infancia-em-gaza-com-criancas-a-imitar-funeral\/\"},\"author\":{\"name\":\"Telinha\",\"@id\":\"https:\/\/portaltela.pt\/#\/schema\/person\/c4278d4a6028830caff9ee44b42d32ed\"},\"headline\":\"V\u00eddeo mostra inf\u00e2ncia em Gaza com crian\u00e7as a imitar funeral\",\"datePublished\":\"2026-03-31T14:16:59+00:00\",\"mainEntityOfPage\":{\"@id\":\"https:\/\/portaltela.pt\/noticias\/2026\/03\/31\/video-mostra-infancia-em-gaza-com-criancas-a-imitar-funeral\/\"},\"wordCount\":178,\"image\":{\"@id\":\"https:\/\/portaltela.pt\/noticias\/2026\/03\/31\/video-mostra-infancia-em-gaza-com-criancas-a-imitar-funeral\/#primaryimage\"},\"thumbnailUrl\":\"https:\/\/portaltela.pt\/s.01k8rhncp4jt1\/2026\/03\/img_1280x722uu2026-03-31-14-55-29-2275757.jpg\",\"keywords\":[\"conflitos internacionais\",\"crian\u00e7as\",\"direitos humanos\",\"educa\u00e7\u00e3o emocional\",\"Palestina\",\"viol\u00eancia\"],\"articleSection\":[\"Conflitos\",\"Guerra\"],\"inLanguage\":\"pt-PT\"},{\"@type\":\"WebPage\",\"@id\":\"https:\/\/portaltela.pt\/noticias\/2026\/03\/31\/video-mostra-infancia-em-gaza-com-criancas-a-imitar-funeral\/\",\"url\":\"https:\/\/portaltela.pt\/noticias\/2026\/03\/31\/video-mostra-infancia-em-gaza-com-criancas-a-imitar-funeral\/\",\"name\":\"V\u00eddeo mostra inf\u00e2ncia em Gaza com crian\u00e7as a imitar funeral - Portal Tela Portugal\",\"isPartOf\":{\"@id\":\"https:\/\/portaltela.pt\/#website\"},\"primaryImageOfPage\":{\"@id\":\"https:\/\/portaltela.pt\/noticias\/2026\/03\/31\/video-mostra-infancia-em-gaza-com-criancas-a-imitar-funeral\/#primaryimage\"},\"image\":{\"@id\":\"https:\/\/portaltela.pt\/noticias\/2026\/03\/31\/video-mostra-infancia-em-gaza-com-criancas-a-imitar-funeral\/#primaryimage\"},\"thumbnailUrl\":\"https:\/\/portaltela.pt\/s.01k8rhncp4jt1\/2026\/03\/img_1280x722uu2026-03-31-14-55-29-2275757.jpg\",\"datePublished\":\"2026-03-31T14:16:59+00:00\",\"author\":{\"@id\":\"https:\/\/portaltela.pt\/#\/schema\/person\/c4278d4a6028830caff9ee44b42d32ed\"},\"breadcrumb\":{\"@id\":\"https:\/\/portaltela.pt\/noticias\/2026\/03\/31\/video-mostra-infancia-em-gaza-com-criancas-a-imitar-funeral\/#breadcrumb\"},\"inLanguage\":\"pt-PT\",\"potentialAction\":[{\"@type\":\"ReadAction\",\"target\":[\"https:\/\/portaltela.pt\/noticias\/2026\/03\/31\/video-mostra-infancia-em-gaza-com-criancas-a-imitar-funeral\/\"]}]},{\"@type\":\"ImageObject\",\"inLanguage\":\"pt-PT\",\"@id\":\"https:\/\/portaltela.pt\/noticias\/2026\/03\/31\/video-mostra-infancia-em-gaza-com-criancas-a-imitar-funeral\/#primaryimage\",\"url\":\"https:\/\/portaltela.pt\/s.01k8rhncp4jt1\/2026\/03\/img_1280x722uu2026-03-31-14-55-29-2275757.jpg\",\"contentUrl\":\"https:\/\/portaltela.pt\/s.01k8rhncp4jt1\/2026\/03\/img_1280x722uu2026-03-31-14-55-29-2275757.jpg\",\"width\":796,\"height\":448,\"caption\":\"Photo\"},{\"@type\":\"BreadcrumbList\",\"@id\":\"https:\/\/portaltela.pt\/noticias\/2026\/03\/31\/video-mostra-infancia-em-gaza-com-criancas-a-imitar-funeral\/#breadcrumb\",\"itemListElement\":[{\"@type\":\"ListItem\",\"position\":1,\"name\":\"In\u00edcio\",\"item\":\"https:\/\/portaltela.pt\/\"},{\"@type\":\"ListItem\",\"position\":2,\"name\":\"V\u00eddeo mostra inf\u00e2ncia em Gaza com crian\u00e7as a imitar funeral\"}]},{\"@type\":\"WebSite\",\"@id\":\"https:\/\/portaltela.pt\/#website\",\"url\":\"https:\/\/portaltela.pt\/\",\"name\":\"Portal Tela Portugal\",\"description\":\"\",\"potentialAction\":[{\"@type\":\"SearchAction\",\"target\":{\"@type\":\"EntryPoint\",\"urlTemplate\":\"https:\/\/portaltela.pt\/?s={search_term_string}\"},\"query-input\":{\"@type\":\"PropertyValueSpecification\",\"valueRequired\":true,\"valueName\":\"search_term_string\"}}],\"inLanguage\":\"pt-PT\"},{\"@type\":\"Person\",\"@id\":\"https:\/\/portaltela.pt\/#\/schema\/person\/c4278d4a6028830caff9ee44b42d32ed\",\"name\":\"Telinha\",\"image\":{\"@type\":\"ImageObject\",\"inLanguage\":\"pt-PT\",\"@id\":\"https:\/\/portaltela.pt\/s.01k8rhncp4jt1\/2025\/11\/talking-bot-125x125.png\",\"url\":\"https:\/\/portaltela.pt\/s.01k8rhncp4jt1\/2025\/11\/talking-bot-125x125.png\",\"contentUrl\":\"https:\/\/portaltela.pt\/s.01k8rhncp4jt1\/2025\/11\/talking-bot-125x125.png\",\"caption\":\"Telinha\"},\"sameAs\":[\"https:\/\/portaltela.pt\/\"],\"url\":\"https:\/\/portaltela.pt\/por\/367410592786\/\"}]}<\/script>\n<!-- \/ Yoast SEO plugin. -->","yoast_head_json":{"title":"V\u00eddeo mostra inf\u00e2ncia em Gaza com crian\u00e7as a imitar funeral - Portal Tela Portugal","robots":{"index":"index","follow":"follow","max-snippet":"max-snippet:-1","max-image-preview":"max-image-preview:large","max-video-preview":"max-video-preview:-1"},"og_locale":"pt_PT","og_type":"article","og_title":"V\u00eddeo mostra inf\u00e2ncia em Gaza com crian\u00e7as a imitar funeral - Portal Tela Portugal","og_description":"Imagens divulgadas nas redes sociais mostram crian\u00e7as em Gaza a pegar num boneco e a coloc\u00e1-lo nos ombros, simulando um funeral. O v\u00eddeo \u00e9 apresentado como uma representa\u00e7\u00e3o de funerais, com as crian\u00e7as a imitarem a postura de quem carrega algu\u00e9m em riste. As imagens foram partilhadas online, gerando notifica\u00e7\u00f5es sobre o conte\u00fado sens\u00edvel relacionado com conflitos na regi\u00e3o. N\u00e3o s\u00e3o dadas informa\u00e7\u00f5es adicionais sobre a origem ou o contexto espec\u00edfico das imagens, nem sobre a idade das crian\u00e7as.","og_url":"https:\/\/portaltela.pt\/noticias\/2026\/03\/31\/video-mostra-infancia-em-gaza-com-criancas-a-imitar-funeral\/","og_site_name":"Portal Tela Portugal","article_published_time":"2026-03-31T14:16:59+00:00","author":"Telinha","twitter_card":"summary_large_image","twitter_misc":{"Escrito por":"Telinha","Tempo estimado de leitura":"1 minuto"},"schema":{"@context":"https:\/\/schema.org","@graph":[{"@type":"Article","@id":"https:\/\/portaltela.pt\/noticias\/2026\/03\/31\/video-mostra-infancia-em-gaza-com-criancas-a-imitar-funeral\/#article","isPartOf":{"@id":"https:\/\/portaltela.pt\/noticias\/2026\/03\/31\/video-mostra-infancia-em-gaza-com-criancas-a-imitar-funeral\/"},"author":{"name":"Telinha","@id":"https:\/\/portaltela.pt\/#\/schema\/person\/c4278d4a6028830caff9ee44b42d32ed"},"headline":"V\u00eddeo mostra inf\u00e2ncia em Gaza com crian\u00e7as a imitar funeral","datePublished":"2026-03-31T14:16:59+00:00","mainEntityOfPage":{"@id":"https:\/\/portaltela.pt\/noticias\/2026\/03\/31\/video-mostra-infancia-em-gaza-com-criancas-a-imitar-funeral\/"},"wordCount":178,"image":{"@id":"https:\/\/portaltela.pt\/noticias\/2026\/03\/31\/video-mostra-infancia-em-gaza-com-criancas-a-imitar-funeral\/#primaryimage"},"thumbnailUrl":"https:\/\/portaltela.pt\/s.01k8rhncp4jt1\/2026\/03\/img_1280x722uu2026-03-31-14-55-29-2275757.jpg","keywords":["conflitos internacionais","crian\u00e7as","direitos humanos","educa\u00e7\u00e3o emocional","Palestina","viol\u00eancia"],"articleSection":["Conflitos","Guerra"],"inLanguage":"pt-PT"},{"@type":"WebPage","@id":"https:\/\/portaltela.pt\/noticias\/2026\/03\/31\/video-mostra-infancia-em-gaza-com-criancas-a-imitar-funeral\/","url":"https:\/\/portaltela.pt\/noticias\/2026\/03\/31\/video-mostra-infancia-em-gaza-com-criancas-a-imitar-funeral\/","name":"V\u00eddeo mostra inf\u00e2ncia em Gaza com crian\u00e7as a imitar funeral - Portal Tela Portugal","isPartOf":{"@id":"https:\/\/portaltela.pt\/#website"},"primaryImageOfPage":{"@id":"https:\/\/portaltela.pt\/noticias\/2026\/03\/31\/video-mostra-infancia-em-gaza-com-criancas-a-imitar-funeral\/#primaryimage"},"image":{"@id":"https:\/\/portaltela.pt\/noticias\/2026\/03\/31\/video-mostra-infancia-em-gaza-com-criancas-a-imitar-funeral\/#primaryimage"},"thumbnailUrl":"https:\/\/portaltela.pt\/s.01k8rhncp4jt1\/2026\/03\/img_1280x722uu2026-03-31-14-55-29-2275757.jpg","datePublished":"2026-03-31T14:16:59+00:00","author":{"@id":"https:\/\/portaltela.pt\/#\/schema\/person\/c4278d4a6028830caff9ee44b42d32ed"},"breadcrumb":{"@id":"https:\/\/portaltela.pt\/noticias\/2026\/03\/31\/video-mostra-infancia-em-gaza-com-criancas-a-imitar-funeral\/#breadcrumb"},"inLanguage":"pt-PT","potentialAction":[{"@type":"ReadAction","target":["https:\/\/portaltela.pt\/noticias\/2026\/03\/31\/video-mostra-infancia-em-gaza-com-criancas-a-imitar-funeral\/"]}]},{"@type":"ImageObject","inLanguage":"pt-PT","@id":"https:\/\/portaltela.pt\/noticias\/2026\/03\/31\/video-mostra-infancia-em-gaza-com-criancas-a-imitar-funeral\/#primaryimage","url":"https:\/\/portaltela.pt\/s.01k8rhncp4jt1\/2026\/03\/img_1280x722uu2026-03-31-14-55-29-2275757.jpg","contentUrl":"https:\/\/portaltela.pt\/s.01k8rhncp4jt1\/2026\/03\/img_1280x722uu2026-03-31-14-55-29-2275757.jpg","width":796,"height":448,"caption":"Photo"},{"@type":"BreadcrumbList","@id":"https:\/\/portaltela.pt\/noticias\/2026\/03\/31\/video-mostra-infancia-em-gaza-com-criancas-a-imitar-funeral\/#breadcrumb","itemListElement":[{"@type":"ListItem","position":1,"name":"In\u00edcio","item":"https:\/\/portaltela.pt\/"},{"@type":"ListItem","position":2,"name":"V\u00eddeo mostra inf\u00e2ncia em Gaza com crian\u00e7as a imitar funeral"}]},{"@type":"WebSite","@id":"https:\/\/portaltela.pt\/#website","url":"https:\/\/portaltela.pt\/","name":"Portal Tela Portugal","description":"","potentialAction":[{"@type":"SearchAction","target":{"@type":"EntryPoint","urlTemplate":"https:\/\/portaltela.pt\/?s={search_term_string}"},"query-input":{"@type":"PropertyValueSpecification","valueRequired":true,"valueName":"search_term_string"}}],"inLanguage":"pt-PT"},{"@type":"Person","@id":"https:\/\/portaltela.pt\/#\/schema\/person\/c4278d4a6028830caff9ee44b42d32ed","name":"Telinha","image":{"@type":"ImageObject","inLanguage":"pt-PT","@id":"https:\/\/portaltela.pt\/s.01k8rhncp4jt1\/2025\/11\/talking-bot-125x125.png","url":"https:\/\/portaltela.pt\/s.01k8rhncp4jt1\/2025\/11\/talking-bot-125x125.png","contentUrl":"https:\/\/portaltela.pt\/s.01k8rhncp4jt1\/2025\/11\/talking-bot-125x125.png","caption":"Telinha"},"sameAs":["https:\/\/portaltela.pt\/"],"url":"https:\/\/portaltela.pt\/por\/367410592786\/"}]}},"_links":{"self":[{"href":"https:\/\/portaltela.pt\/api\/wp\/v2\/posts\/427832","targetHints":{"allow":["GET"]}}],"collection":[{"href":"https:\/\/portaltela.pt\/api\/wp\/v2\/posts"}],"about":[{"href":"https:\/\/portaltela.pt\/api\/wp\/v2\/types\/post"}],"author":[{"embeddable":true,"href":"https:\/\/portaltela.pt\/api\/wp\/v2\/users\/2"}],"replies":[{"embeddable":true,"href":"https:\/\/portaltela.pt\/api\/wp\/v2\/comments?post=427832"}],"version-history":[{"count":0,"href":"https:\/\/portaltela.pt\/api\/wp\/v2\/posts\/427832\/revisions"}],"wp:featuredmedia":[{"embeddable":true,"href":"https:\/\/portaltela.pt\/api\/wp\/v2\/media\/427840"}],"wp:attachment":[{"href":"https:\/\/portaltela.pt\/api\/wp\/v2\/media?parent=427832"}],"wp:term":[{"taxonomy":"category","embeddable":true,"href":"https:\/\/portaltela.pt\/api\/wp\/v2\/categories?post=427832"},{"taxonomy":"post_tag","embeddable":true,"href":"https:\/\/portaltela.pt\/api\/wp\/v2\/tags?post=427832"}],"curies":[{"name":"wp","href":"https:\/\/api.w.org\/{rel}","templated":true}]}}