{"id":427827,"date":"2026-03-31T11:03:07","date_gmt":"2026-03-31T14:03:07","guid":{"rendered":"https:\/\/portaltela.pt\/noticias\/2026\/03\/31\/estudo-revela-que-uma-em-cada-tres-pessoas-trans-tenta-suicidio\/"},"modified":"2026-03-31T11:03:07","modified_gmt":"2026-03-31T14:03:07","slug":"estudo-revela-que-uma-em-cada-tres-pessoas-trans-tenta-suicidio","status":"publish","type":"post","link":"https:\/\/portaltela.pt\/sociedade\/2026\/03\/31\/estudo-revela-que-uma-em-cada-tres-pessoas-trans-tenta-suicidio\/","title":{"rendered":"Estudo revela que uma em cada tr\u00eas pessoas trans tenta suic\u00eddio"},"content":{"rendered":"<p>Uma psic\u00f3loga especialista em quest\u00f5es LGBTI+ alerta para as dificuldades que a comunidade trans enfrenta diariamente, entre preconceito, discrimina\u00e7\u00e3o e obst\u00e1culos no acesso a cuidados de sa\u00fade. O Dia Internacional da Visibilidade Trans \u00e9 hoje celebrado em Portugal.<\/p>\n<p>A coordenadora do corpo cl\u00ednico do Transgender Health Institute aponta que, apesar de progressos em 2018, a situa\u00e7\u00e3o tem piorado nos \u00faltimos anos. Variados epis\u00f3dios de transfobia ganham express\u00e3o no espa\u00e7o p\u00fablico e nas escolas.<\/p>\n<p>Tamb\u00e9m h\u00e1 barreiras relevantes no acesso aos cuidados de sa\u00fade. Encaminhamentos para especialidades demoram, e h\u00e1 poucos profissionais com experi\u00eancia na \u00e1rea da transi\u00e7\u00e3o. A demora agrava a ansiedade entre quem precisa de cirurgia ou tratamentos.<\/p>\n<p>Dados europeus de 2023 mostram dificuldades de acesso a cuidados de sa\u00fade por identidade de g\u00e9nero e uma parte significativa da comunidade recorreu a servi\u00e7os no estrangeiro por falta de resposta adequada no pa\u00eds. Discrimina\u00e7\u00e3o em contextos de sa\u00fade manteve-se acima da m\u00e9dia europeia.<\/p>\n<p>Em novembro de 2025 nasceu o Transgender Health Institute, com especializa\u00e7\u00e3o para pessoas trans. A cl\u00ednica re\u00fane equipas de psicologia, endocrinologia e cirurgia, visando responder a necessidades identificadas pela comunidade.<\/p>\n<p>Al\u00e9m da sa\u00fade, surgem desafios no dia a dia: escolha de instala\u00e7\u00f5es, acesso ao mercado de trabalho e habita\u00e7\u00e3o, bem como resist\u00eancia familiar. O bullying e as microagress\u00f5es persistem, com impacto direto na vida escolar e educativa.<\/p>\n<p>A preval\u00eancia de depress\u00e3o \u00e9 superior entre pessoas trans, em rela\u00e7\u00e3o \u00e0 popula\u00e7\u00e3o cis. A taxa de tentativas de suic\u00eddio situa-se entre as mais altas, com dados que indicam que uma parte consider\u00e1vel da comunidade j\u00e1 enfrentou esse risco em diferentes momentos da vida.<\/p>\n<p>A aprova\u00e7\u00e3o recente de leis sobre identidade de g\u00e9nero \u00e9 vista pela especialista como retrocesso. A professora de sa\u00fade p\u00fablica destaca que tais medidas patologizam a identidade, restringem direitos de menores e reduzem o acesso a tratamentos.<\/p>\n","protected":false},"excerpt":{"rendered":"<ul>\n<li>Uma em cada tr\u00eas pessoas trans tenta o suic\u00eddio, segundo resultados agregados de inqu\u00e9ritos a n\u00edvel internacional, com a meta-an\u00e1lise de 2023 a situar o fen\u00f3meno em 29% a n\u00edvel global.<\/li>\n<li>No quotidiano, as pessoas trans enfrentam bullying, microagress\u00f5es, uso do \u201cnome morto\u201d e dificuldades de acesso \u00e0 sa\u00fade, habita\u00e7\u00e3o e mercado de trabalho, aumentando a sensa\u00e7\u00e3o de inseguran\u00e7a e risco.<\/li>\n<li>Dados da UE, divulgados em 2023, indicam que 8% das pessoas trans em Portugal enfrentaram dificuldades no acesso a cuidados de sa\u00fade por causa da identidade de g\u00e9nero, e 17% sentiram discrimina\u00e7\u00e3o nos cuidados de sa\u00fade.<\/li>\n<li>Em novembro de 2025 abriu o Transgender Health Institute, espa\u00e7o multidisciplinar para pessoas trans, criado para responder \u00e0 necessidade de cuidados afirmativos, com equipas de psicologia, endocrinologia e cirurgia.<\/li>\n<li>A legislatura recente, com projetos aprovados a 20 de mar\u00e7o, \u00e9 apresentada como retrocesso por especialistas: exige relat\u00f3rio cl\u00ednico para a transi\u00e7\u00e3o, restringe o direito de menores de 16 anos a mudar o nome e complica o acesso a bloqueadores hormonais, aumentando a ansiedade na comunidade.<\/li>\n<\/ul>\n","protected":false},"author":2,"featured_media":427828,"comment_status":"closed","ping_status":"closed","sticky":false,"template":"","format":"standard","meta":{"footnotes":""},"categories":[6745,6871],"tags":[2633,1695,6391,6165,55,271],"class_list":["post-427827","post","type-post","status-publish","format-standard","has-post-thumbnail","hentry","category-saude","category-sociedade","tag-direitos-humanos","tag-discriminacao","tag-identidade-de-genero-desafios-na-atualidade","tag-pessoas-lgbt","tag-saude-mental","tag-saude-publica"],"yoast_head":"<!-- This site is optimized with the Yoast SEO plugin v27.2 - https:\/\/yoast.com\/product\/yoast-seo-wordpress\/ -->\n<title>Estudo revela que uma em cada tr\u00eas pessoas trans tenta suic\u00eddio - Portal Tela Portugal<\/title>\n<meta name=\"robots\" content=\"index, follow, max-snippet:-1, max-image-preview:large, max-video-preview:-1\" \/>\n<meta property=\"og:locale\" content=\"pt_PT\" \/>\n<meta property=\"og:type\" content=\"article\" \/>\n<meta property=\"og:title\" content=\"Estudo revela que uma em cada tr\u00eas pessoas trans tenta suic\u00eddio - Portal Tela Portugal\" \/>\n<meta property=\"og:description\" content=\"Uma em cada tr\u00eas pessoas trans tenta o suic\u00eddio, segundo resultados agregados de inqu\u00e9ritos a n\u00edvel internacional, com a meta-an\u00e1lise de 2023 a situar o fen\u00f3meno em 29% a n\u00edvel global. No quotidiano, as pessoas trans enfrentam bullying, microagress\u00f5es, uso do \u201cnome morto\u201d e dificuldades de acesso \u00e0 sa\u00fade, habita\u00e7\u00e3o e mercado de trabalho, aumentando a sensa\u00e7\u00e3o de inseguran\u00e7a e risco. Dados da UE, divulgados em 2023, indicam que 8% das pessoas trans em Portugal enfrentaram dificuldades no acesso a cuidados de sa\u00fade por causa da identidade de g\u00e9nero, e 17% sentiram discrimina\u00e7\u00e3o nos cuidados de sa\u00fade. Em novembro de 2025 abriu o Transgender Health Institute, espa\u00e7o multidisciplinar para pessoas trans, criado para responder \u00e0 necessidade de cuidados afirmativos, com equipas de psicologia, endocrinologia e cirurgia. A legislatura recente, com projetos aprovados a 20 de mar\u00e7o, \u00e9 apresentada como retrocesso por especialistas: exige relat\u00f3rio cl\u00ednico para a transi\u00e7\u00e3o, restringe o direito de menores de 16 anos a mudar o nome e complica o acesso a bloqueadores hormonais, aumentando a ansiedade na comunidade.\" \/>\n<meta property=\"og:url\" content=\"https:\/\/portaltela.pt\/noticias\/2026\/03\/31\/estudo-revela-que-uma-em-cada-tres-pessoas-trans-tenta-suicidio\/\" \/>\n<meta property=\"og:site_name\" content=\"Portal Tela Portugal\" \/>\n<meta property=\"article:published_time\" content=\"2026-03-31T14:03:07+00:00\" \/>\n<meta name=\"author\" content=\"Telinha\" \/>\n<meta name=\"twitter:card\" content=\"summary_large_image\" \/>\n<meta name=\"twitter:label1\" content=\"Escrito por\" \/>\n\t<meta name=\"twitter:data1\" content=\"Telinha\" \/>\n\t<meta name=\"twitter:label2\" content=\"Tempo estimado de leitura\" \/>\n\t<meta name=\"twitter:data2\" content=\"2 minutos\" \/>\n<script type=\"application\/ld+json\" class=\"yoast-schema-graph\">{\"@context\":\"https:\/\/schema.org\",\"@graph\":[{\"@type\":\"Article\",\"@id\":\"https:\/\/portaltela.pt\/noticias\/2026\/03\/31\/estudo-revela-que-uma-em-cada-tres-pessoas-trans-tenta-suicidio\/#article\",\"isPartOf\":{\"@id\":\"https:\/\/portaltela.pt\/noticias\/2026\/03\/31\/estudo-revela-que-uma-em-cada-tres-pessoas-trans-tenta-suicidio\/\"},\"author\":{\"name\":\"Telinha\",\"@id\":\"https:\/\/portaltela.pt\/#\/schema\/person\/c4278d4a6028830caff9ee44b42d32ed\"},\"headline\":\"Estudo revela que uma em cada tr\u00eas pessoas trans tenta suic\u00eddio\",\"datePublished\":\"2026-03-31T14:03:07+00:00\",\"mainEntityOfPage\":{\"@id\":\"https:\/\/portaltela.pt\/noticias\/2026\/03\/31\/estudo-revela-que-uma-em-cada-tres-pessoas-trans-tenta-suicidio\/\"},\"wordCount\":348,\"image\":{\"@id\":\"https:\/\/portaltela.pt\/noticias\/2026\/03\/31\/estudo-revela-que-uma-em-cada-tres-pessoas-trans-tenta-suicidio\/#primaryimage\"},\"thumbnailUrl\":\"https:\/\/portaltela.pt\/s.01k8rhncp4jt1\/2026\/03\/image-1868.jpg\",\"keywords\":[\"direitos humanos\",\"discrimina\u00e7\u00e3o\",\"Identidade de g\u00e9nero \u2013 Desafios na Atualidade\",\"pessoas LGBT\",\"sa\u00fade mental\",\"sa\u00fade p\u00fablica\"],\"articleSection\":[\"Sa\u00fade\",\"Sociedade\"],\"inLanguage\":\"pt-PT\"},{\"@type\":\"WebPage\",\"@id\":\"https:\/\/portaltela.pt\/noticias\/2026\/03\/31\/estudo-revela-que-uma-em-cada-tres-pessoas-trans-tenta-suicidio\/\",\"url\":\"https:\/\/portaltela.pt\/noticias\/2026\/03\/31\/estudo-revela-que-uma-em-cada-tres-pessoas-trans-tenta-suicidio\/\",\"name\":\"Estudo revela que uma em cada tr\u00eas pessoas trans tenta suic\u00eddio - Portal Tela Portugal\",\"isPartOf\":{\"@id\":\"https:\/\/portaltela.pt\/#website\"},\"primaryImageOfPage\":{\"@id\":\"https:\/\/portaltela.pt\/noticias\/2026\/03\/31\/estudo-revela-que-uma-em-cada-tres-pessoas-trans-tenta-suicidio\/#primaryimage\"},\"image\":{\"@id\":\"https:\/\/portaltela.pt\/noticias\/2026\/03\/31\/estudo-revela-que-uma-em-cada-tres-pessoas-trans-tenta-suicidio\/#primaryimage\"},\"thumbnailUrl\":\"https:\/\/portaltela.pt\/s.01k8rhncp4jt1\/2026\/03\/image-1868.jpg\",\"datePublished\":\"2026-03-31T14:03:07+00:00\",\"author\":{\"@id\":\"https:\/\/portaltela.pt\/#\/schema\/person\/c4278d4a6028830caff9ee44b42d32ed\"},\"breadcrumb\":{\"@id\":\"https:\/\/portaltela.pt\/noticias\/2026\/03\/31\/estudo-revela-que-uma-em-cada-tres-pessoas-trans-tenta-suicidio\/#breadcrumb\"},\"inLanguage\":\"pt-PT\",\"potentialAction\":[{\"@type\":\"ReadAction\",\"target\":[\"https:\/\/portaltela.pt\/noticias\/2026\/03\/31\/estudo-revela-que-uma-em-cada-tres-pessoas-trans-tenta-suicidio\/\"]}]},{\"@type\":\"ImageObject\",\"inLanguage\":\"pt-PT\",\"@id\":\"https:\/\/portaltela.pt\/noticias\/2026\/03\/31\/estudo-revela-que-uma-em-cada-tres-pessoas-trans-tenta-suicidio\/#primaryimage\",\"url\":\"https:\/\/portaltela.pt\/s.01k8rhncp4jt1\/2026\/03\/image-1868.jpg\",\"contentUrl\":\"https:\/\/portaltela.pt\/s.01k8rhncp4jt1\/2026\/03\/image-1868.jpg\",\"width\":796,\"height\":448,\"caption\":\"Comunidade trans saiu \u00e0 rua, no Porto, a 29 de mar\u00e7o pelas \\\"v\u00e1rias Gisbertas\\\" escondidas e silenciadas (Foto: Andr\u00e9 Rolo)\"},{\"@type\":\"BreadcrumbList\",\"@id\":\"https:\/\/portaltela.pt\/noticias\/2026\/03\/31\/estudo-revela-que-uma-em-cada-tres-pessoas-trans-tenta-suicidio\/#breadcrumb\",\"itemListElement\":[{\"@type\":\"ListItem\",\"position\":1,\"name\":\"In\u00edcio\",\"item\":\"https:\/\/portaltela.pt\/\"},{\"@type\":\"ListItem\",\"position\":2,\"name\":\"Estudo revela que uma em cada tr\u00eas pessoas trans tenta suic\u00eddio\"}]},{\"@type\":\"WebSite\",\"@id\":\"https:\/\/portaltela.pt\/#website\",\"url\":\"https:\/\/portaltela.pt\/\",\"name\":\"Portal Tela Portugal\",\"description\":\"\",\"potentialAction\":[{\"@type\":\"SearchAction\",\"target\":{\"@type\":\"EntryPoint\",\"urlTemplate\":\"https:\/\/portaltela.pt\/?s={search_term_string}\"},\"query-input\":{\"@type\":\"PropertyValueSpecification\",\"valueRequired\":true,\"valueName\":\"search_term_string\"}}],\"inLanguage\":\"pt-PT\"},{\"@type\":\"Person\",\"@id\":\"https:\/\/portaltela.pt\/#\/schema\/person\/c4278d4a6028830caff9ee44b42d32ed\",\"name\":\"Telinha\",\"image\":{\"@type\":\"ImageObject\",\"inLanguage\":\"pt-PT\",\"@id\":\"https:\/\/portaltela.pt\/s.01k8rhncp4jt1\/2025\/11\/talking-bot-125x125.png\",\"url\":\"https:\/\/portaltela.pt\/s.01k8rhncp4jt1\/2025\/11\/talking-bot-125x125.png\",\"contentUrl\":\"https:\/\/portaltela.pt\/s.01k8rhncp4jt1\/2025\/11\/talking-bot-125x125.png\",\"caption\":\"Telinha\"},\"sameAs\":[\"https:\/\/portaltela.pt\/\"],\"url\":\"https:\/\/portaltela.pt\/por\/367410592786\/\"}]}<\/script>\n<!-- \/ Yoast SEO plugin. -->","yoast_head_json":{"title":"Estudo revela que uma em cada tr\u00eas pessoas trans tenta suic\u00eddio - Portal Tela Portugal","robots":{"index":"index","follow":"follow","max-snippet":"max-snippet:-1","max-image-preview":"max-image-preview:large","max-video-preview":"max-video-preview:-1"},"og_locale":"pt_PT","og_type":"article","og_title":"Estudo revela que uma em cada tr\u00eas pessoas trans tenta suic\u00eddio - Portal Tela Portugal","og_description":"Uma em cada tr\u00eas pessoas trans tenta o suic\u00eddio, segundo resultados agregados de inqu\u00e9ritos a n\u00edvel internacional, com a meta-an\u00e1lise de 2023 a situar o fen\u00f3meno em 29% a n\u00edvel global. No quotidiano, as pessoas trans enfrentam bullying, microagress\u00f5es, uso do \u201cnome morto\u201d e dificuldades de acesso \u00e0 sa\u00fade, habita\u00e7\u00e3o e mercado de trabalho, aumentando a sensa\u00e7\u00e3o de inseguran\u00e7a e risco. Dados da UE, divulgados em 2023, indicam que 8% das pessoas trans em Portugal enfrentaram dificuldades no acesso a cuidados de sa\u00fade por causa da identidade de g\u00e9nero, e 17% sentiram discrimina\u00e7\u00e3o nos cuidados de sa\u00fade. Em novembro de 2025 abriu o Transgender Health Institute, espa\u00e7o multidisciplinar para pessoas trans, criado para responder \u00e0 necessidade de cuidados afirmativos, com equipas de psicologia, endocrinologia e cirurgia. A legislatura recente, com projetos aprovados a 20 de mar\u00e7o, \u00e9 apresentada como retrocesso por especialistas: exige relat\u00f3rio cl\u00ednico para a transi\u00e7\u00e3o, restringe o direito de menores de 16 anos a mudar o nome e complica o acesso a bloqueadores hormonais, aumentando a ansiedade na comunidade.","og_url":"https:\/\/portaltela.pt\/noticias\/2026\/03\/31\/estudo-revela-que-uma-em-cada-tres-pessoas-trans-tenta-suicidio\/","og_site_name":"Portal Tela Portugal","article_published_time":"2026-03-31T14:03:07+00:00","author":"Telinha","twitter_card":"summary_large_image","twitter_misc":{"Escrito por":"Telinha","Tempo estimado de leitura":"2 minutos"},"schema":{"@context":"https:\/\/schema.org","@graph":[{"@type":"Article","@id":"https:\/\/portaltela.pt\/noticias\/2026\/03\/31\/estudo-revela-que-uma-em-cada-tres-pessoas-trans-tenta-suicidio\/#article","isPartOf":{"@id":"https:\/\/portaltela.pt\/noticias\/2026\/03\/31\/estudo-revela-que-uma-em-cada-tres-pessoas-trans-tenta-suicidio\/"},"author":{"name":"Telinha","@id":"https:\/\/portaltela.pt\/#\/schema\/person\/c4278d4a6028830caff9ee44b42d32ed"},"headline":"Estudo revela que uma em cada tr\u00eas pessoas trans tenta suic\u00eddio","datePublished":"2026-03-31T14:03:07+00:00","mainEntityOfPage":{"@id":"https:\/\/portaltela.pt\/noticias\/2026\/03\/31\/estudo-revela-que-uma-em-cada-tres-pessoas-trans-tenta-suicidio\/"},"wordCount":348,"image":{"@id":"https:\/\/portaltela.pt\/noticias\/2026\/03\/31\/estudo-revela-que-uma-em-cada-tres-pessoas-trans-tenta-suicidio\/#primaryimage"},"thumbnailUrl":"https:\/\/portaltela.pt\/s.01k8rhncp4jt1\/2026\/03\/image-1868.jpg","keywords":["direitos humanos","discrimina\u00e7\u00e3o","Identidade de g\u00e9nero \u2013 Desafios na Atualidade","pessoas LGBT","sa\u00fade mental","sa\u00fade p\u00fablica"],"articleSection":["Sa\u00fade","Sociedade"],"inLanguage":"pt-PT"},{"@type":"WebPage","@id":"https:\/\/portaltela.pt\/noticias\/2026\/03\/31\/estudo-revela-que-uma-em-cada-tres-pessoas-trans-tenta-suicidio\/","url":"https:\/\/portaltela.pt\/noticias\/2026\/03\/31\/estudo-revela-que-uma-em-cada-tres-pessoas-trans-tenta-suicidio\/","name":"Estudo revela que uma em cada tr\u00eas pessoas trans tenta suic\u00eddio - Portal Tela Portugal","isPartOf":{"@id":"https:\/\/portaltela.pt\/#website"},"primaryImageOfPage":{"@id":"https:\/\/portaltela.pt\/noticias\/2026\/03\/31\/estudo-revela-que-uma-em-cada-tres-pessoas-trans-tenta-suicidio\/#primaryimage"},"image":{"@id":"https:\/\/portaltela.pt\/noticias\/2026\/03\/31\/estudo-revela-que-uma-em-cada-tres-pessoas-trans-tenta-suicidio\/#primaryimage"},"thumbnailUrl":"https:\/\/portaltela.pt\/s.01k8rhncp4jt1\/2026\/03\/image-1868.jpg","datePublished":"2026-03-31T14:03:07+00:00","author":{"@id":"https:\/\/portaltela.pt\/#\/schema\/person\/c4278d4a6028830caff9ee44b42d32ed"},"breadcrumb":{"@id":"https:\/\/portaltela.pt\/noticias\/2026\/03\/31\/estudo-revela-que-uma-em-cada-tres-pessoas-trans-tenta-suicidio\/#breadcrumb"},"inLanguage":"pt-PT","potentialAction":[{"@type":"ReadAction","target":["https:\/\/portaltela.pt\/noticias\/2026\/03\/31\/estudo-revela-que-uma-em-cada-tres-pessoas-trans-tenta-suicidio\/"]}]},{"@type":"ImageObject","inLanguage":"pt-PT","@id":"https:\/\/portaltela.pt\/noticias\/2026\/03\/31\/estudo-revela-que-uma-em-cada-tres-pessoas-trans-tenta-suicidio\/#primaryimage","url":"https:\/\/portaltela.pt\/s.01k8rhncp4jt1\/2026\/03\/image-1868.jpg","contentUrl":"https:\/\/portaltela.pt\/s.01k8rhncp4jt1\/2026\/03\/image-1868.jpg","width":796,"height":448,"caption":"Comunidade trans saiu \u00e0 rua, no Porto, a 29 de mar\u00e7o pelas \"v\u00e1rias Gisbertas\" escondidas e silenciadas (Foto: Andr\u00e9 Rolo)"},{"@type":"BreadcrumbList","@id":"https:\/\/portaltela.pt\/noticias\/2026\/03\/31\/estudo-revela-que-uma-em-cada-tres-pessoas-trans-tenta-suicidio\/#breadcrumb","itemListElement":[{"@type":"ListItem","position":1,"name":"In\u00edcio","item":"https:\/\/portaltela.pt\/"},{"@type":"ListItem","position":2,"name":"Estudo revela que uma em cada tr\u00eas pessoas trans tenta suic\u00eddio"}]},{"@type":"WebSite","@id":"https:\/\/portaltela.pt\/#website","url":"https:\/\/portaltela.pt\/","name":"Portal Tela Portugal","description":"","potentialAction":[{"@type":"SearchAction","target":{"@type":"EntryPoint","urlTemplate":"https:\/\/portaltela.pt\/?s={search_term_string}"},"query-input":{"@type":"PropertyValueSpecification","valueRequired":true,"valueName":"search_term_string"}}],"inLanguage":"pt-PT"},{"@type":"Person","@id":"https:\/\/portaltela.pt\/#\/schema\/person\/c4278d4a6028830caff9ee44b42d32ed","name":"Telinha","image":{"@type":"ImageObject","inLanguage":"pt-PT","@id":"https:\/\/portaltela.pt\/s.01k8rhncp4jt1\/2025\/11\/talking-bot-125x125.png","url":"https:\/\/portaltela.pt\/s.01k8rhncp4jt1\/2025\/11\/talking-bot-125x125.png","contentUrl":"https:\/\/portaltela.pt\/s.01k8rhncp4jt1\/2025\/11\/talking-bot-125x125.png","caption":"Telinha"},"sameAs":["https:\/\/portaltela.pt\/"],"url":"https:\/\/portaltela.pt\/por\/367410592786\/"}]}},"_links":{"self":[{"href":"https:\/\/portaltela.pt\/api\/wp\/v2\/posts\/427827","targetHints":{"allow":["GET"]}}],"collection":[{"href":"https:\/\/portaltela.pt\/api\/wp\/v2\/posts"}],"about":[{"href":"https:\/\/portaltela.pt\/api\/wp\/v2\/types\/post"}],"author":[{"embeddable":true,"href":"https:\/\/portaltela.pt\/api\/wp\/v2\/users\/2"}],"replies":[{"embeddable":true,"href":"https:\/\/portaltela.pt\/api\/wp\/v2\/comments?post=427827"}],"version-history":[{"count":0,"href":"https:\/\/portaltela.pt\/api\/wp\/v2\/posts\/427827\/revisions"}],"wp:featuredmedia":[{"embeddable":true,"href":"https:\/\/portaltela.pt\/api\/wp\/v2\/media\/427828"}],"wp:attachment":[{"href":"https:\/\/portaltela.pt\/api\/wp\/v2\/media?parent=427827"}],"wp:term":[{"taxonomy":"category","embeddable":true,"href":"https:\/\/portaltela.pt\/api\/wp\/v2\/categories?post=427827"},{"taxonomy":"post_tag","embeddable":true,"href":"https:\/\/portaltela.pt\/api\/wp\/v2\/tags?post=427827"}],"curies":[{"name":"wp","href":"https:\/\/api.w.org\/{rel}","templated":true}]}}