{"id":427825,"date":"2026-03-31T11:03:03","date_gmt":"2026-03-31T14:03:03","guid":{"rendered":"https:\/\/portaltela.pt\/noticias\/2026\/03\/31\/fundacao-f-c-porto-recebe-premio-de-responsabilidade-social\/"},"modified":"2026-03-31T11:03:03","modified_gmt":"2026-03-31T14:03:03","slug":"fundacao-f-c-porto-recebe-premio-de-responsabilidade-social","status":"publish","type":"post","link":"https:\/\/portaltela.pt\/sociedade\/2026\/03\/31\/fundacao-f-c-porto-recebe-premio-de-responsabilidade-social\/","title":{"rendered":"Funda\u00e7\u00e3o F. C. Porto recebe pr\u00e9mio de Responsabilidade Social"},"content":{"rendered":"<p>A Liga Portugal premiou a Funda\u00e7\u00e3o F. C. Porto com o pr\u00e9mio de Responsabilidade Social relativo a janeiro, pela iniciativa junto da jovem Lu\u00edsa, que subiu ao relvado do Drag\u00e3o para receber o galard\u00e3o. A homenagem ressalta o apoio a a\u00e7\u00f5es sociais promovidas pelo clube junto de crian\u00e7as.<\/p>\n<p>A a\u00e7\u00e3o insere-se numa s\u00e9rie de visitas a crian\u00e7as internadas na ala pedi\u00e1trica do Hospital de S\u00e3o Jo\u00e3o. Numa dessas visitas, figuras p\u00fablicas conheceram Lu\u00edsa, adepta portista, que acabou por ser convidada por Francesco Farioli para um treino, onde partilhou uma mensagem de resili\u00eancia.<\/p>\n<p>No momento da entrega, Lu\u00edsa compareceu com os pais, reencontrou Cl\u00e1udio Ramos e recebeu uma camisola dos azuis e brancos. A fam\u00edlia valorizou o gesto do clube, real\u00e7ando a liga\u00e7\u00e3o entre a humildade da crian\u00e7a e o apoio institucional.<\/p>\n<h3>Reconhecimento e impacto<\/h3>\n<p>O pai de Lu\u00edsa destacou que a filha escreveu a frase associada ao festejo, lembrando que a iniciativa do F. C. Porto visa promover alegria \u00e0s crian\u00e7as, n\u00e3o competir apenas por pr\u00e9mios. O diretor de Marketing do clube sublinhou que a satisfa\u00e7\u00e3o maior \u00e9 ver a alegria das crian\u00e7as e o envolvimento dos adeptos.<\/p>\n<p>Tiago Gouveia frisou que as a\u00e7\u00f5es geram motiva\u00e7\u00e3o para as fam\u00edlias e para as equipas, refor\u00e7ando o impacto social da parceria com Lu\u00edsa. As distin\u00e7\u00f5es, disse, representam reconhecimento ao trabalho desenvolvido por equipas do clube.<\/p>\n<h3>Ponto de entrega<\/h3>\n<p>Paulo de Mariz Rozeira, Diretor Executivo da Liga Portugal, afirmou que a parceria com o F. C. Porto \u00e9 longa e consolidada, com este sendo j\u00e1 o segundo pr\u00e9mio de Responsabilidade Social atribu\u00eddo pela Liga. O respons\u00e1vel destacou a alegria de Lu\u00edsa como elemento-chave da cerim\u00f3nia.<\/p>\n","protected":false},"excerpt":{"rendered":"<ul>\n<li>A Liga Portugal premiou a Funda\u00e7\u00e3o F. C. Porto com o pr\u00e9mio Responsabilidade Social de janeiro, pela iniciativa junto da jovem Lu\u00edsa.<\/li>\n<li>A a\u00e7\u00e3o decorreu junto de crian\u00e7as internadas na ala pedi\u00e1trica do Hospital de S\u00e3o Jo\u00e3o, com Lu\u00edsa a subir ao relvado do Drag\u00e3o para receber o galard\u00e3o.<\/li>\n<li>Lu\u00edsa j\u00e1 tinha sido convidada por Francesco Farioli para um treino, ap\u00f3s contacto com o clube, e ficou conhecida pela frase \u201cCair faz parte, levantar \u00e9 a escolha\u201d.<\/li>\n<li>O momento contou com a presen\u00e7a de Lu\u00edsa e dos pais, o reencontro com Cl\u00e1udio Ramos e a entrega de uma camisola do F. C. Porto.<\/li>\n<li>O diretor de Marketing do F. C. Porto, Tiago Gouveia, e o Diretor Executivo da Liga Portugal, Paulo de Mariz Rozeira, destacaram a import\u00e2ncia da iniciativa e a satisfa\u00e7\u00e3o com o reconhecimento.<\/li>\n<\/ul>\n","protected":false},"author":2,"featured_media":427829,"comment_status":"closed","ping_status":"closed","sticky":false,"template":"","format":"standard","meta":{"footnotes":""},"categories":[6745,6871],"tags":[1211,3953,152,2028,457,2422],"class_list":["post-427825","post","type-post","status-publish","format-standard","has-post-thumbnail","hentry","category-saude","category-sociedade","tag-apoio-social","tag-criancas","tag-desporto","tag-fc-porto","tag-liga-portugal","tag-responsabilidade-social"],"yoast_head":"<!-- This site is optimized with the Yoast SEO plugin v27.2 - https:\/\/yoast.com\/product\/yoast-seo-wordpress\/ -->\n<title>Funda\u00e7\u00e3o F. C. Porto recebe pr\u00e9mio de Responsabilidade Social - Portal Tela Portugal<\/title>\n<meta name=\"robots\" content=\"index, follow, max-snippet:-1, max-image-preview:large, max-video-preview:-1\" \/>\n<meta property=\"og:locale\" content=\"pt_PT\" \/>\n<meta property=\"og:type\" content=\"article\" \/>\n<meta property=\"og:title\" content=\"Funda\u00e7\u00e3o F. C. Porto recebe pr\u00e9mio de Responsabilidade Social - Portal Tela Portugal\" \/>\n<meta property=\"og:description\" content=\"A Liga Portugal premiou a Funda\u00e7\u00e3o F. C. Porto com o pr\u00e9mio Responsabilidade Social de janeiro, pela iniciativa junto da jovem Lu\u00edsa. A a\u00e7\u00e3o decorreu junto de crian\u00e7as internadas na ala pedi\u00e1trica do Hospital de S\u00e3o Jo\u00e3o, com Lu\u00edsa a subir ao relvado do Drag\u00e3o para receber o galard\u00e3o. Lu\u00edsa j\u00e1 tinha sido convidada por Francesco Farioli para um treino, ap\u00f3s contacto com o clube, e ficou conhecida pela frase \u201cCair faz parte, levantar \u00e9 a escolha\u201d. O momento contou com a presen\u00e7a de Lu\u00edsa e dos pais, o reencontro com Cl\u00e1udio Ramos e a entrega de uma camisola do F. C. Porto. O diretor de Marketing do F. C. Porto, Tiago Gouveia, e o Diretor Executivo da Liga Portugal, Paulo de Mariz Rozeira, destacaram a import\u00e2ncia da iniciativa e a satisfa\u00e7\u00e3o com o reconhecimento.\" \/>\n<meta property=\"og:url\" content=\"https:\/\/portaltela.pt\/noticias\/2026\/03\/31\/fundacao-f-c-porto-recebe-premio-de-responsabilidade-social\/\" \/>\n<meta property=\"og:site_name\" content=\"Portal Tela Portugal\" \/>\n<meta property=\"article:published_time\" content=\"2026-03-31T14:03:03+00:00\" \/>\n<meta name=\"author\" content=\"Telinha\" \/>\n<meta name=\"twitter:card\" content=\"summary_large_image\" \/>\n<meta name=\"twitter:label1\" content=\"Escrito por\" \/>\n\t<meta name=\"twitter:data1\" content=\"Telinha\" \/>\n\t<meta name=\"twitter:label2\" content=\"Tempo estimado de leitura\" \/>\n\t<meta name=\"twitter:data2\" content=\"2 minutos\" \/>\n<script type=\"application\/ld+json\" class=\"yoast-schema-graph\">{\"@context\":\"https:\/\/schema.org\",\"@graph\":[{\"@type\":\"Article\",\"@id\":\"https:\/\/portaltela.pt\/noticias\/2026\/03\/31\/fundacao-f-c-porto-recebe-premio-de-responsabilidade-social\/#article\",\"isPartOf\":{\"@id\":\"https:\/\/portaltela.pt\/noticias\/2026\/03\/31\/fundacao-f-c-porto-recebe-premio-de-responsabilidade-social\/\"},\"author\":{\"name\":\"Telinha\",\"@id\":\"https:\/\/portaltela.pt\/#\/schema\/person\/c4278d4a6028830caff9ee44b42d32ed\"},\"headline\":\"Funda\u00e7\u00e3o F. C. Porto recebe pr\u00e9mio de Responsabilidade Social\",\"datePublished\":\"2026-03-31T14:03:03+00:00\",\"mainEntityOfPage\":{\"@id\":\"https:\/\/portaltela.pt\/noticias\/2026\/03\/31\/fundacao-f-c-porto-recebe-premio-de-responsabilidade-social\/\"},\"wordCount\":320,\"image\":{\"@id\":\"https:\/\/portaltela.pt\/noticias\/2026\/03\/31\/fundacao-f-c-porto-recebe-premio-de-responsabilidade-social\/#primaryimage\"},\"thumbnailUrl\":\"https:\/\/portaltela.pt\/s.01k8rhncp4jt1\/2026\/03\/image-1868.jpg\",\"keywords\":[\"Apoio Social\",\"crian\u00e7as\",\"desporto\",\"FC Porto\",\"Liga Portugal\",\"Responsabilidade Social\"],\"articleSection\":[\"Sa\u00fade\",\"Sociedade\"],\"inLanguage\":\"pt-PT\"},{\"@type\":\"WebPage\",\"@id\":\"https:\/\/portaltela.pt\/noticias\/2026\/03\/31\/fundacao-f-c-porto-recebe-premio-de-responsabilidade-social\/\",\"url\":\"https:\/\/portaltela.pt\/noticias\/2026\/03\/31\/fundacao-f-c-porto-recebe-premio-de-responsabilidade-social\/\",\"name\":\"Funda\u00e7\u00e3o F. C. Porto recebe pr\u00e9mio de Responsabilidade Social - Portal Tela Portugal\",\"isPartOf\":{\"@id\":\"https:\/\/portaltela.pt\/#website\"},\"primaryImageOfPage\":{\"@id\":\"https:\/\/portaltela.pt\/noticias\/2026\/03\/31\/fundacao-f-c-porto-recebe-premio-de-responsabilidade-social\/#primaryimage\"},\"image\":{\"@id\":\"https:\/\/portaltela.pt\/noticias\/2026\/03\/31\/fundacao-f-c-porto-recebe-premio-de-responsabilidade-social\/#primaryimage\"},\"thumbnailUrl\":\"https:\/\/portaltela.pt\/s.01k8rhncp4jt1\/2026\/03\/image-1868.jpg\",\"datePublished\":\"2026-03-31T14:03:03+00:00\",\"author\":{\"@id\":\"https:\/\/portaltela.pt\/#\/schema\/person\/c4278d4a6028830caff9ee44b42d32ed\"},\"breadcrumb\":{\"@id\":\"https:\/\/portaltela.pt\/noticias\/2026\/03\/31\/fundacao-f-c-porto-recebe-premio-de-responsabilidade-social\/#breadcrumb\"},\"inLanguage\":\"pt-PT\",\"potentialAction\":[{\"@type\":\"ReadAction\",\"target\":[\"https:\/\/portaltela.pt\/noticias\/2026\/03\/31\/fundacao-f-c-porto-recebe-premio-de-responsabilidade-social\/\"]}]},{\"@type\":\"ImageObject\",\"inLanguage\":\"pt-PT\",\"@id\":\"https:\/\/portaltela.pt\/noticias\/2026\/03\/31\/fundacao-f-c-porto-recebe-premio-de-responsabilidade-social\/#primaryimage\",\"url\":\"https:\/\/portaltela.pt\/s.01k8rhncp4jt1\/2026\/03\/image-1868.jpg\",\"contentUrl\":\"https:\/\/portaltela.pt\/s.01k8rhncp4jt1\/2026\/03\/image-1868.jpg\",\"width\":796,\"height\":448,\"caption\":\"A jovem Lu\u00edsa recebeu o galard\u00e3o\"},{\"@type\":\"BreadcrumbList\",\"@id\":\"https:\/\/portaltela.pt\/noticias\/2026\/03\/31\/fundacao-f-c-porto-recebe-premio-de-responsabilidade-social\/#breadcrumb\",\"itemListElement\":[{\"@type\":\"ListItem\",\"position\":1,\"name\":\"In\u00edcio\",\"item\":\"https:\/\/portaltela.pt\/\"},{\"@type\":\"ListItem\",\"position\":2,\"name\":\"Funda\u00e7\u00e3o F. C. Porto recebe pr\u00e9mio de Responsabilidade Social\"}]},{\"@type\":\"WebSite\",\"@id\":\"https:\/\/portaltela.pt\/#website\",\"url\":\"https:\/\/portaltela.pt\/\",\"name\":\"Portal Tela Portugal\",\"description\":\"\",\"potentialAction\":[{\"@type\":\"SearchAction\",\"target\":{\"@type\":\"EntryPoint\",\"urlTemplate\":\"https:\/\/portaltela.pt\/?s={search_term_string}\"},\"query-input\":{\"@type\":\"PropertyValueSpecification\",\"valueRequired\":true,\"valueName\":\"search_term_string\"}}],\"inLanguage\":\"pt-PT\"},{\"@type\":\"Person\",\"@id\":\"https:\/\/portaltela.pt\/#\/schema\/person\/c4278d4a6028830caff9ee44b42d32ed\",\"name\":\"Telinha\",\"image\":{\"@type\":\"ImageObject\",\"inLanguage\":\"pt-PT\",\"@id\":\"https:\/\/portaltela.pt\/s.01k8rhncp4jt1\/2025\/11\/talking-bot-125x125.png\",\"url\":\"https:\/\/portaltela.pt\/s.01k8rhncp4jt1\/2025\/11\/talking-bot-125x125.png\",\"contentUrl\":\"https:\/\/portaltela.pt\/s.01k8rhncp4jt1\/2025\/11\/talking-bot-125x125.png\",\"caption\":\"Telinha\"},\"sameAs\":[\"https:\/\/portaltela.pt\/\"],\"url\":\"https:\/\/portaltela.pt\/por\/367410592786\/\"}]}<\/script>\n<!-- \/ Yoast SEO plugin. -->","yoast_head_json":{"title":"Funda\u00e7\u00e3o F. C. Porto recebe pr\u00e9mio de Responsabilidade Social - Portal Tela Portugal","robots":{"index":"index","follow":"follow","max-snippet":"max-snippet:-1","max-image-preview":"max-image-preview:large","max-video-preview":"max-video-preview:-1"},"og_locale":"pt_PT","og_type":"article","og_title":"Funda\u00e7\u00e3o F. C. Porto recebe pr\u00e9mio de Responsabilidade Social - Portal Tela Portugal","og_description":"A Liga Portugal premiou a Funda\u00e7\u00e3o F. C. Porto com o pr\u00e9mio Responsabilidade Social de janeiro, pela iniciativa junto da jovem Lu\u00edsa. A a\u00e7\u00e3o decorreu junto de crian\u00e7as internadas na ala pedi\u00e1trica do Hospital de S\u00e3o Jo\u00e3o, com Lu\u00edsa a subir ao relvado do Drag\u00e3o para receber o galard\u00e3o. Lu\u00edsa j\u00e1 tinha sido convidada por Francesco Farioli para um treino, ap\u00f3s contacto com o clube, e ficou conhecida pela frase \u201cCair faz parte, levantar \u00e9 a escolha\u201d. O momento contou com a presen\u00e7a de Lu\u00edsa e dos pais, o reencontro com Cl\u00e1udio Ramos e a entrega de uma camisola do F. C. Porto. O diretor de Marketing do F. C. Porto, Tiago Gouveia, e o Diretor Executivo da Liga Portugal, Paulo de Mariz Rozeira, destacaram a import\u00e2ncia da iniciativa e a satisfa\u00e7\u00e3o com o reconhecimento.","og_url":"https:\/\/portaltela.pt\/noticias\/2026\/03\/31\/fundacao-f-c-porto-recebe-premio-de-responsabilidade-social\/","og_site_name":"Portal Tela Portugal","article_published_time":"2026-03-31T14:03:03+00:00","author":"Telinha","twitter_card":"summary_large_image","twitter_misc":{"Escrito por":"Telinha","Tempo estimado de leitura":"2 minutos"},"schema":{"@context":"https:\/\/schema.org","@graph":[{"@type":"Article","@id":"https:\/\/portaltela.pt\/noticias\/2026\/03\/31\/fundacao-f-c-porto-recebe-premio-de-responsabilidade-social\/#article","isPartOf":{"@id":"https:\/\/portaltela.pt\/noticias\/2026\/03\/31\/fundacao-f-c-porto-recebe-premio-de-responsabilidade-social\/"},"author":{"name":"Telinha","@id":"https:\/\/portaltela.pt\/#\/schema\/person\/c4278d4a6028830caff9ee44b42d32ed"},"headline":"Funda\u00e7\u00e3o F. C. Porto recebe pr\u00e9mio de Responsabilidade Social","datePublished":"2026-03-31T14:03:03+00:00","mainEntityOfPage":{"@id":"https:\/\/portaltela.pt\/noticias\/2026\/03\/31\/fundacao-f-c-porto-recebe-premio-de-responsabilidade-social\/"},"wordCount":320,"image":{"@id":"https:\/\/portaltela.pt\/noticias\/2026\/03\/31\/fundacao-f-c-porto-recebe-premio-de-responsabilidade-social\/#primaryimage"},"thumbnailUrl":"https:\/\/portaltela.pt\/s.01k8rhncp4jt1\/2026\/03\/image-1868.jpg","keywords":["Apoio Social","crian\u00e7as","desporto","FC Porto","Liga Portugal","Responsabilidade Social"],"articleSection":["Sa\u00fade","Sociedade"],"inLanguage":"pt-PT"},{"@type":"WebPage","@id":"https:\/\/portaltela.pt\/noticias\/2026\/03\/31\/fundacao-f-c-porto-recebe-premio-de-responsabilidade-social\/","url":"https:\/\/portaltela.pt\/noticias\/2026\/03\/31\/fundacao-f-c-porto-recebe-premio-de-responsabilidade-social\/","name":"Funda\u00e7\u00e3o F. C. Porto recebe pr\u00e9mio de Responsabilidade Social - Portal Tela Portugal","isPartOf":{"@id":"https:\/\/portaltela.pt\/#website"},"primaryImageOfPage":{"@id":"https:\/\/portaltela.pt\/noticias\/2026\/03\/31\/fundacao-f-c-porto-recebe-premio-de-responsabilidade-social\/#primaryimage"},"image":{"@id":"https:\/\/portaltela.pt\/noticias\/2026\/03\/31\/fundacao-f-c-porto-recebe-premio-de-responsabilidade-social\/#primaryimage"},"thumbnailUrl":"https:\/\/portaltela.pt\/s.01k8rhncp4jt1\/2026\/03\/image-1868.jpg","datePublished":"2026-03-31T14:03:03+00:00","author":{"@id":"https:\/\/portaltela.pt\/#\/schema\/person\/c4278d4a6028830caff9ee44b42d32ed"},"breadcrumb":{"@id":"https:\/\/portaltela.pt\/noticias\/2026\/03\/31\/fundacao-f-c-porto-recebe-premio-de-responsabilidade-social\/#breadcrumb"},"inLanguage":"pt-PT","potentialAction":[{"@type":"ReadAction","target":["https:\/\/portaltela.pt\/noticias\/2026\/03\/31\/fundacao-f-c-porto-recebe-premio-de-responsabilidade-social\/"]}]},{"@type":"ImageObject","inLanguage":"pt-PT","@id":"https:\/\/portaltela.pt\/noticias\/2026\/03\/31\/fundacao-f-c-porto-recebe-premio-de-responsabilidade-social\/#primaryimage","url":"https:\/\/portaltela.pt\/s.01k8rhncp4jt1\/2026\/03\/image-1868.jpg","contentUrl":"https:\/\/portaltela.pt\/s.01k8rhncp4jt1\/2026\/03\/image-1868.jpg","width":796,"height":448,"caption":"A jovem Lu\u00edsa recebeu o galard\u00e3o"},{"@type":"BreadcrumbList","@id":"https:\/\/portaltela.pt\/noticias\/2026\/03\/31\/fundacao-f-c-porto-recebe-premio-de-responsabilidade-social\/#breadcrumb","itemListElement":[{"@type":"ListItem","position":1,"name":"In\u00edcio","item":"https:\/\/portaltela.pt\/"},{"@type":"ListItem","position":2,"name":"Funda\u00e7\u00e3o F. C. Porto recebe pr\u00e9mio de Responsabilidade Social"}]},{"@type":"WebSite","@id":"https:\/\/portaltela.pt\/#website","url":"https:\/\/portaltela.pt\/","name":"Portal Tela Portugal","description":"","potentialAction":[{"@type":"SearchAction","target":{"@type":"EntryPoint","urlTemplate":"https:\/\/portaltela.pt\/?s={search_term_string}"},"query-input":{"@type":"PropertyValueSpecification","valueRequired":true,"valueName":"search_term_string"}}],"inLanguage":"pt-PT"},{"@type":"Person","@id":"https:\/\/portaltela.pt\/#\/schema\/person\/c4278d4a6028830caff9ee44b42d32ed","name":"Telinha","image":{"@type":"ImageObject","inLanguage":"pt-PT","@id":"https:\/\/portaltela.pt\/s.01k8rhncp4jt1\/2025\/11\/talking-bot-125x125.png","url":"https:\/\/portaltela.pt\/s.01k8rhncp4jt1\/2025\/11\/talking-bot-125x125.png","contentUrl":"https:\/\/portaltela.pt\/s.01k8rhncp4jt1\/2025\/11\/talking-bot-125x125.png","caption":"Telinha"},"sameAs":["https:\/\/portaltela.pt\/"],"url":"https:\/\/portaltela.pt\/por\/367410592786\/"}]}},"_links":{"self":[{"href":"https:\/\/portaltela.pt\/api\/wp\/v2\/posts\/427825","targetHints":{"allow":["GET"]}}],"collection":[{"href":"https:\/\/portaltela.pt\/api\/wp\/v2\/posts"}],"about":[{"href":"https:\/\/portaltela.pt\/api\/wp\/v2\/types\/post"}],"author":[{"embeddable":true,"href":"https:\/\/portaltela.pt\/api\/wp\/v2\/users\/2"}],"replies":[{"embeddable":true,"href":"https:\/\/portaltela.pt\/api\/wp\/v2\/comments?post=427825"}],"version-history":[{"count":0,"href":"https:\/\/portaltela.pt\/api\/wp\/v2\/posts\/427825\/revisions"}],"wp:featuredmedia":[{"embeddable":true,"href":"https:\/\/portaltela.pt\/api\/wp\/v2\/media\/427829"}],"wp:attachment":[{"href":"https:\/\/portaltela.pt\/api\/wp\/v2\/media?parent=427825"}],"wp:term":[{"taxonomy":"category","embeddable":true,"href":"https:\/\/portaltela.pt\/api\/wp\/v2\/categories?post=427825"},{"taxonomy":"post_tag","embeddable":true,"href":"https:\/\/portaltela.pt\/api\/wp\/v2\/tags?post=427825"}],"curies":[{"name":"wp","href":"https:\/\/api.w.org\/{rel}","templated":true}]}}