{"id":427820,"date":"2026-03-31T11:02:52","date_gmt":"2026-03-31T14:02:52","guid":{"rendered":"https:\/\/portaltela.pt\/noticias\/2026\/03\/31\/porto-vence-vizela-em-jogo-treino\/"},"modified":"2026-03-31T11:02:52","modified_gmt":"2026-03-31T14:02:52","slug":"porto-vence-vizela-em-jogo-treino","status":"publish","type":"post","link":"https:\/\/portaltela.pt\/desporto\/futebol\/2026\/03\/31\/porto-vence-vizela-em-jogo-treino\/","title":{"rendered":"Porto vence Vizela em jogo-treino"},"content":{"rendered":"<p>O F. C. Porto recebeu o Vizela esta ter\u00e7a-feira para um jogo-treino, vencendo por 2-1. Os azuis e brancos marcaram por Tiago Silva aos 10 minutos e Gabri Veiga aos 20. Thio reduziu aos 54 minutos. O jogo decorreu no CTFD Jorge Costa, no Olival.<\/p>\n<p>O encontro dividiu-se em tr\u00eas tempos de 30 minutos, com as equipas A e B do Porto em a\u00e7\u00e3o. O registo de titulares engloba atletas como Cl\u00e1udio Ramos, Jo\u00e3o Costa, Alberto Costa, Martim Fernandes, Thiago Silva, Felipe Silva, Lu\u00eds Gomes, Francisco Moura, Alan Varela, Domingos Andrade, Tiago Silva, Rayan Demirci, Gabri Veiga, Jo\u00e3o Teixeira, Pep\u00ea, William Gomes, Borja Sainz, Gon\u00e7alo Sousa, Terem Moffi, Leonardo Voni\u0107 e Anh\u00e1 Cand\u00e9.<\/p>\n<p>Diogo Costa prossegue com tratamento, tal como Nehu\u00e9n P\u00e9rez e Rodrigo Mora em treino condicionado. Luuk de Jong e Samu continuam em tratamento e gin\u00e1sio, estando exclu\u00eddos do treino principal.<\/p>\n<p>O Porto regressa aos treinos na quinta-feira, mantendo o foco na prepara\u00e7\u00e3o para a pr\u00f3xima fase da pr\u00e9-temporada. Os figurinhas de treino e as definiram-se como parte da avalia\u00e7\u00e3o interna.<\/p>\n","protected":false},"excerpt":{"rendered":"<ul>\n<li>O F. C. Porto venceu o Vizela por 2-1 num jogo-treino realizado no CTFD Jorge Costa, Olival.<\/li>\n<li>Tiago Silva (10 m) e Gabri Veiga (20 m) marcaram pelos azuis e brancos, enquanto Thio, aos 54 m, reduziu para os fogaceiros.<\/li>\n<li>O treino contou com tr\u00eas partes de 30 minutos e reuniu as equipas A e B do F. C. Porto.<\/li>\n<li>A lista de jogadores utilizados incluiu Cl\u00e1udio Ramos, Jo\u00e3o Costa, Alberto Costa, Martim Fernandes, Thiago Silva, Felipe Silva, Lu\u00eds Gomes, Francisco Moura, Alan Varela, Domingos Andrade, Tiago Silva, Rayan Demirci, Gabri Veiga, Jo\u00e3o Teixeira, Pep\u00ea, William Gomes, Borja Sainz, Gon\u00e7alo Sousa, Terem Moffi, Leonardo Voni\u0107 e Anh\u00e1 Cand\u00e9.<\/li>\n<li>O boletim cl\u00ednico aponta tratamento para Diogo Costa, treino condicionado para Nehu\u00e9n P\u00e9rez e Rodrigo Mora, e tratamento com gin\u00e1sio para Luuk de Jong e Samu; o Porto regressa aos treinos na quinta-feira.<\/li>\n<\/ul>\n","protected":false},"author":2,"featured_media":427826,"comment_status":"closed","ping_status":"closed","sticky":false,"template":"","format":"standard","meta":{"footnotes":""},"categories":[21,24],"tags":[5180,3406,32,3154,982,4317],"class_list":["post-427820","post","type-post","status-publish","format-standard","has-post-thumbnail","hentry","category-desporto","category-futebol","tag-borja-sainz","tag-diogo-costa","tag-futebol","tag-gabri-veiga","tag-porto","tag-vizela"],"yoast_head":"<!-- This site is optimized with the Yoast SEO plugin v27.2 - https:\/\/yoast.com\/product\/yoast-seo-wordpress\/ -->\n<title>Porto vence Vizela em jogo-treino - Portal Tela Portugal<\/title>\n<meta name=\"robots\" content=\"index, follow, max-snippet:-1, max-image-preview:large, max-video-preview:-1\" \/>\n<meta property=\"og:locale\" content=\"pt_PT\" \/>\n<meta property=\"og:type\" content=\"article\" \/>\n<meta property=\"og:title\" content=\"Porto vence Vizela em jogo-treino - Portal Tela Portugal\" \/>\n<meta property=\"og:description\" content=\"O F. C. Porto venceu o Vizela por 2-1 num jogo-treino realizado no CTFD Jorge Costa, Olival. Tiago Silva (10 m) e Gabri Veiga (20 m) marcaram pelos azuis e brancos, enquanto Thio, aos 54 m, reduziu para os fogaceiros. O treino contou com tr\u00eas partes de 30 minutos e reuniu as equipas A e B do F. C. Porto. A lista de jogadores utilizados incluiu Cl\u00e1udio Ramos, Jo\u00e3o Costa, Alberto Costa, Martim Fernandes, Thiago Silva, Felipe Silva, Lu\u00eds Gomes, Francisco Moura, Alan Varela, Domingos Andrade, Tiago Silva, Rayan Demirci, Gabri Veiga, Jo\u00e3o Teixeira, Pep\u00ea, William Gomes, Borja Sainz, Gon\u00e7alo Sousa, Terem Moffi, Leonardo Voni\u0107 e Anh\u00e1 Cand\u00e9. O boletim cl\u00ednico aponta tratamento para Diogo Costa, treino condicionado para Nehu\u00e9n P\u00e9rez e Rodrigo Mora, e tratamento com gin\u00e1sio para Luuk de Jong e Samu; o Porto regressa aos treinos na quinta-feira.\" \/>\n<meta property=\"og:url\" content=\"https:\/\/portaltela.pt\/noticias\/2026\/03\/31\/porto-vence-vizela-em-jogo-treino\/\" \/>\n<meta property=\"og:site_name\" content=\"Portal Tela Portugal\" \/>\n<meta property=\"article:published_time\" content=\"2026-03-31T14:02:52+00:00\" \/>\n<meta name=\"author\" content=\"Telinha\" \/>\n<meta name=\"twitter:card\" content=\"summary_large_image\" \/>\n<meta name=\"twitter:label1\" content=\"Escrito por\" \/>\n\t<meta name=\"twitter:data1\" content=\"Telinha\" \/>\n\t<meta name=\"twitter:label2\" content=\"Tempo estimado de leitura\" \/>\n\t<meta name=\"twitter:data2\" content=\"1 minuto\" \/>\n<script type=\"application\/ld+json\" class=\"yoast-schema-graph\">{\"@context\":\"https:\/\/schema.org\",\"@graph\":[{\"@type\":\"Article\",\"@id\":\"https:\/\/portaltela.pt\/noticias\/2026\/03\/31\/porto-vence-vizela-em-jogo-treino\/#article\",\"isPartOf\":{\"@id\":\"https:\/\/portaltela.pt\/noticias\/2026\/03\/31\/porto-vence-vizela-em-jogo-treino\/\"},\"author\":{\"name\":\"Telinha\",\"@id\":\"https:\/\/portaltela.pt\/#\/schema\/person\/c4278d4a6028830caff9ee44b42d32ed\"},\"headline\":\"Porto vence Vizela em jogo-treino\",\"datePublished\":\"2026-03-31T14:02:52+00:00\",\"mainEntityOfPage\":{\"@id\":\"https:\/\/portaltela.pt\/noticias\/2026\/03\/31\/porto-vence-vizela-em-jogo-treino\/\"},\"wordCount\":190,\"image\":{\"@id\":\"https:\/\/portaltela.pt\/noticias\/2026\/03\/31\/porto-vence-vizela-em-jogo-treino\/#primaryimage\"},\"thumbnailUrl\":\"https:\/\/portaltela.pt\/s.01k8rhncp4jt1\/2026\/03\/image-1867.jpg\",\"keywords\":[\"Borja Sainz\",\"Diogo Costa\",\"futebol\",\"Gabri Veiga\",\"Porto\",\"Vizela\"],\"articleSection\":[\"Desporto\",\"Futebol\"],\"inLanguage\":\"pt-PT\"},{\"@type\":\"WebPage\",\"@id\":\"https:\/\/portaltela.pt\/noticias\/2026\/03\/31\/porto-vence-vizela-em-jogo-treino\/\",\"url\":\"https:\/\/portaltela.pt\/noticias\/2026\/03\/31\/porto-vence-vizela-em-jogo-treino\/\",\"name\":\"Porto vence Vizela em jogo-treino - Portal Tela Portugal\",\"isPartOf\":{\"@id\":\"https:\/\/portaltela.pt\/#website\"},\"primaryImageOfPage\":{\"@id\":\"https:\/\/portaltela.pt\/noticias\/2026\/03\/31\/porto-vence-vizela-em-jogo-treino\/#primaryimage\"},\"image\":{\"@id\":\"https:\/\/portaltela.pt\/noticias\/2026\/03\/31\/porto-vence-vizela-em-jogo-treino\/#primaryimage\"},\"thumbnailUrl\":\"https:\/\/portaltela.pt\/s.01k8rhncp4jt1\/2026\/03\/image-1867.jpg\",\"datePublished\":\"2026-03-31T14:02:52+00:00\",\"author\":{\"@id\":\"https:\/\/portaltela.pt\/#\/schema\/person\/c4278d4a6028830caff9ee44b42d32ed\"},\"breadcrumb\":{\"@id\":\"https:\/\/portaltela.pt\/noticias\/2026\/03\/31\/porto-vence-vizela-em-jogo-treino\/#breadcrumb\"},\"inLanguage\":\"pt-PT\",\"potentialAction\":[{\"@type\":\"ReadAction\",\"target\":[\"https:\/\/portaltela.pt\/noticias\/2026\/03\/31\/porto-vence-vizela-em-jogo-treino\/\"]}]},{\"@type\":\"ImageObject\",\"inLanguage\":\"pt-PT\",\"@id\":\"https:\/\/portaltela.pt\/noticias\/2026\/03\/31\/porto-vence-vizela-em-jogo-treino\/#primaryimage\",\"url\":\"https:\/\/portaltela.pt\/s.01k8rhncp4jt1\/2026\/03\/image-1867.jpg\",\"contentUrl\":\"https:\/\/portaltela.pt\/s.01k8rhncp4jt1\/2026\/03\/image-1867.jpg\",\"width\":796,\"height\":448,\"caption\":\"Foto: F. C. Porto\"},{\"@type\":\"BreadcrumbList\",\"@id\":\"https:\/\/portaltela.pt\/noticias\/2026\/03\/31\/porto-vence-vizela-em-jogo-treino\/#breadcrumb\",\"itemListElement\":[{\"@type\":\"ListItem\",\"position\":1,\"name\":\"In\u00edcio\",\"item\":\"https:\/\/portaltela.pt\/\"},{\"@type\":\"ListItem\",\"position\":2,\"name\":\"Porto vence Vizela em jogo-treino\"}]},{\"@type\":\"WebSite\",\"@id\":\"https:\/\/portaltela.pt\/#website\",\"url\":\"https:\/\/portaltela.pt\/\",\"name\":\"Portal Tela Portugal\",\"description\":\"\",\"potentialAction\":[{\"@type\":\"SearchAction\",\"target\":{\"@type\":\"EntryPoint\",\"urlTemplate\":\"https:\/\/portaltela.pt\/?s={search_term_string}\"},\"query-input\":{\"@type\":\"PropertyValueSpecification\",\"valueRequired\":true,\"valueName\":\"search_term_string\"}}],\"inLanguage\":\"pt-PT\"},{\"@type\":\"Person\",\"@id\":\"https:\/\/portaltela.pt\/#\/schema\/person\/c4278d4a6028830caff9ee44b42d32ed\",\"name\":\"Telinha\",\"image\":{\"@type\":\"ImageObject\",\"inLanguage\":\"pt-PT\",\"@id\":\"https:\/\/portaltela.pt\/s.01k8rhncp4jt1\/2025\/11\/talking-bot-125x125.png\",\"url\":\"https:\/\/portaltela.pt\/s.01k8rhncp4jt1\/2025\/11\/talking-bot-125x125.png\",\"contentUrl\":\"https:\/\/portaltela.pt\/s.01k8rhncp4jt1\/2025\/11\/talking-bot-125x125.png\",\"caption\":\"Telinha\"},\"sameAs\":[\"https:\/\/portaltela.pt\/\"],\"url\":\"https:\/\/portaltela.pt\/por\/367410592786\/\"}]}<\/script>\n<!-- \/ Yoast SEO plugin. -->","yoast_head_json":{"title":"Porto vence Vizela em jogo-treino - Portal Tela Portugal","robots":{"index":"index","follow":"follow","max-snippet":"max-snippet:-1","max-image-preview":"max-image-preview:large","max-video-preview":"max-video-preview:-1"},"og_locale":"pt_PT","og_type":"article","og_title":"Porto vence Vizela em jogo-treino - Portal Tela Portugal","og_description":"O F. C. Porto venceu o Vizela por 2-1 num jogo-treino realizado no CTFD Jorge Costa, Olival. Tiago Silva (10 m) e Gabri Veiga (20 m) marcaram pelos azuis e brancos, enquanto Thio, aos 54 m, reduziu para os fogaceiros. O treino contou com tr\u00eas partes de 30 minutos e reuniu as equipas A e B do F. C. Porto. A lista de jogadores utilizados incluiu Cl\u00e1udio Ramos, Jo\u00e3o Costa, Alberto Costa, Martim Fernandes, Thiago Silva, Felipe Silva, Lu\u00eds Gomes, Francisco Moura, Alan Varela, Domingos Andrade, Tiago Silva, Rayan Demirci, Gabri Veiga, Jo\u00e3o Teixeira, Pep\u00ea, William Gomes, Borja Sainz, Gon\u00e7alo Sousa, Terem Moffi, Leonardo Voni\u0107 e Anh\u00e1 Cand\u00e9. O boletim cl\u00ednico aponta tratamento para Diogo Costa, treino condicionado para Nehu\u00e9n P\u00e9rez e Rodrigo Mora, e tratamento com gin\u00e1sio para Luuk de Jong e Samu; o Porto regressa aos treinos na quinta-feira.","og_url":"https:\/\/portaltela.pt\/noticias\/2026\/03\/31\/porto-vence-vizela-em-jogo-treino\/","og_site_name":"Portal Tela Portugal","article_published_time":"2026-03-31T14:02:52+00:00","author":"Telinha","twitter_card":"summary_large_image","twitter_misc":{"Escrito por":"Telinha","Tempo estimado de leitura":"1 minuto"},"schema":{"@context":"https:\/\/schema.org","@graph":[{"@type":"Article","@id":"https:\/\/portaltela.pt\/noticias\/2026\/03\/31\/porto-vence-vizela-em-jogo-treino\/#article","isPartOf":{"@id":"https:\/\/portaltela.pt\/noticias\/2026\/03\/31\/porto-vence-vizela-em-jogo-treino\/"},"author":{"name":"Telinha","@id":"https:\/\/portaltela.pt\/#\/schema\/person\/c4278d4a6028830caff9ee44b42d32ed"},"headline":"Porto vence Vizela em jogo-treino","datePublished":"2026-03-31T14:02:52+00:00","mainEntityOfPage":{"@id":"https:\/\/portaltela.pt\/noticias\/2026\/03\/31\/porto-vence-vizela-em-jogo-treino\/"},"wordCount":190,"image":{"@id":"https:\/\/portaltela.pt\/noticias\/2026\/03\/31\/porto-vence-vizela-em-jogo-treino\/#primaryimage"},"thumbnailUrl":"https:\/\/portaltela.pt\/s.01k8rhncp4jt1\/2026\/03\/image-1867.jpg","keywords":["Borja Sainz","Diogo Costa","futebol","Gabri Veiga","Porto","Vizela"],"articleSection":["Desporto","Futebol"],"inLanguage":"pt-PT"},{"@type":"WebPage","@id":"https:\/\/portaltela.pt\/noticias\/2026\/03\/31\/porto-vence-vizela-em-jogo-treino\/","url":"https:\/\/portaltela.pt\/noticias\/2026\/03\/31\/porto-vence-vizela-em-jogo-treino\/","name":"Porto vence Vizela em jogo-treino - Portal Tela Portugal","isPartOf":{"@id":"https:\/\/portaltela.pt\/#website"},"primaryImageOfPage":{"@id":"https:\/\/portaltela.pt\/noticias\/2026\/03\/31\/porto-vence-vizela-em-jogo-treino\/#primaryimage"},"image":{"@id":"https:\/\/portaltela.pt\/noticias\/2026\/03\/31\/porto-vence-vizela-em-jogo-treino\/#primaryimage"},"thumbnailUrl":"https:\/\/portaltela.pt\/s.01k8rhncp4jt1\/2026\/03\/image-1867.jpg","datePublished":"2026-03-31T14:02:52+00:00","author":{"@id":"https:\/\/portaltela.pt\/#\/schema\/person\/c4278d4a6028830caff9ee44b42d32ed"},"breadcrumb":{"@id":"https:\/\/portaltela.pt\/noticias\/2026\/03\/31\/porto-vence-vizela-em-jogo-treino\/#breadcrumb"},"inLanguage":"pt-PT","potentialAction":[{"@type":"ReadAction","target":["https:\/\/portaltela.pt\/noticias\/2026\/03\/31\/porto-vence-vizela-em-jogo-treino\/"]}]},{"@type":"ImageObject","inLanguage":"pt-PT","@id":"https:\/\/portaltela.pt\/noticias\/2026\/03\/31\/porto-vence-vizela-em-jogo-treino\/#primaryimage","url":"https:\/\/portaltela.pt\/s.01k8rhncp4jt1\/2026\/03\/image-1867.jpg","contentUrl":"https:\/\/portaltela.pt\/s.01k8rhncp4jt1\/2026\/03\/image-1867.jpg","width":796,"height":448,"caption":"Foto: F. C. Porto"},{"@type":"BreadcrumbList","@id":"https:\/\/portaltela.pt\/noticias\/2026\/03\/31\/porto-vence-vizela-em-jogo-treino\/#breadcrumb","itemListElement":[{"@type":"ListItem","position":1,"name":"In\u00edcio","item":"https:\/\/portaltela.pt\/"},{"@type":"ListItem","position":2,"name":"Porto vence Vizela em jogo-treino"}]},{"@type":"WebSite","@id":"https:\/\/portaltela.pt\/#website","url":"https:\/\/portaltela.pt\/","name":"Portal Tela Portugal","description":"","potentialAction":[{"@type":"SearchAction","target":{"@type":"EntryPoint","urlTemplate":"https:\/\/portaltela.pt\/?s={search_term_string}"},"query-input":{"@type":"PropertyValueSpecification","valueRequired":true,"valueName":"search_term_string"}}],"inLanguage":"pt-PT"},{"@type":"Person","@id":"https:\/\/portaltela.pt\/#\/schema\/person\/c4278d4a6028830caff9ee44b42d32ed","name":"Telinha","image":{"@type":"ImageObject","inLanguage":"pt-PT","@id":"https:\/\/portaltela.pt\/s.01k8rhncp4jt1\/2025\/11\/talking-bot-125x125.png","url":"https:\/\/portaltela.pt\/s.01k8rhncp4jt1\/2025\/11\/talking-bot-125x125.png","contentUrl":"https:\/\/portaltela.pt\/s.01k8rhncp4jt1\/2025\/11\/talking-bot-125x125.png","caption":"Telinha"},"sameAs":["https:\/\/portaltela.pt\/"],"url":"https:\/\/portaltela.pt\/por\/367410592786\/"}]}},"_links":{"self":[{"href":"https:\/\/portaltela.pt\/api\/wp\/v2\/posts\/427820","targetHints":{"allow":["GET"]}}],"collection":[{"href":"https:\/\/portaltela.pt\/api\/wp\/v2\/posts"}],"about":[{"href":"https:\/\/portaltela.pt\/api\/wp\/v2\/types\/post"}],"author":[{"embeddable":true,"href":"https:\/\/portaltela.pt\/api\/wp\/v2\/users\/2"}],"replies":[{"embeddable":true,"href":"https:\/\/portaltela.pt\/api\/wp\/v2\/comments?post=427820"}],"version-history":[{"count":0,"href":"https:\/\/portaltela.pt\/api\/wp\/v2\/posts\/427820\/revisions"}],"wp:featuredmedia":[{"embeddable":true,"href":"https:\/\/portaltela.pt\/api\/wp\/v2\/media\/427826"}],"wp:attachment":[{"href":"https:\/\/portaltela.pt\/api\/wp\/v2\/media?parent=427820"}],"wp:term":[{"taxonomy":"category","embeddable":true,"href":"https:\/\/portaltela.pt\/api\/wp\/v2\/categories?post=427820"},{"taxonomy":"post_tag","embeddable":true,"href":"https:\/\/portaltela.pt\/api\/wp\/v2\/tags?post=427820"}],"curies":[{"name":"wp","href":"https:\/\/api.w.org\/{rel}","templated":true}]}}