{"id":427801,"date":"2026-03-31T10:47:21","date_gmt":"2026-03-31T13:47:21","guid":{"rendered":"https:\/\/portaltela.pt\/noticias\/2026\/03\/31\/fc-porto-vence-vizela-2-1-com-golos-de-veiga-e-tiago-silva\/"},"modified":"2026-03-31T10:47:21","modified_gmt":"2026-03-31T13:47:21","slug":"fc-porto-vence-vizela-2-1-com-golos-de-veiga-e-tiago-silva","status":"publish","type":"post","link":"https:\/\/portaltela.pt\/desporto\/futebol\/2026\/03\/31\/fc-porto-vence-vizela-2-1-com-golos-de-veiga-e-tiago-silva\/","title":{"rendered":"FC Porto vence Vizela 2-1 com golos de Veiga e Tiago Silva"},"content":{"rendered":"<p>O FC Porto venceu o Vizela por 2-1, num jogo de treino realizado na manh\u00e3 desta ter\u00e7a-feira. A vit\u00f3ria surgiu com golos de Tiago Silva aos 10 minutos e Gabri Veiga aos 20, antes de Thio reduzir aos 54 minutos. A partida teve tr\u00eas tempos de 30 minutos cada.<\/p>\n<p>A equipa azul e branca contou com uma mescla de elementos do plantel principal e da equipa B. Entre os estreantes, Tiago Silva foi titular, com Gabri Veiga a completar a dupla de atacantes. Foram ainda usados guardi\u00f5es Cl\u00e1udio Ramos e Jo\u00e3o Costa, al\u00e9m de uma linha defensiva com Alberto Costa, Martim Fernandes, Thiago Silva, Felipe Silva, Lu\u00eds Gomes e Francisco Moura.<\/p>\n<p>A forma\u00e7\u00e3o incluiu m\u00e9dios como Alan Varela, Domingos Andrade, Tiago Silva, Rayan Demirci, Jo\u00e3o Teixeira e os avan\u00e7os Pep\u00ea, William Gomes, Borja Sainz, Gon\u00e7alo Sousa, Terem Moffi, Leonardo Vonic e Anh\u00e1 Cand\u00e9. O encontro serviu como prepara\u00e7\u00e3o, com Diogo Costa, Nehu\u00e9n P\u00e9rez, Rodrigo Mora, Luuk de Jong e Samu a manterem-se no boletim cl\u00ednico.<\/p>\n<h3>Composi\u00e7\u00e3o do plantel utilizado<\/h3>\n<p>Entre as aus\u00eancias \u00e0 boleia de treino, Diogo Costa est\u00e1 em tratamento, Nehu\u00e9n P\u00e9rez e Rodrigo Mora em treino condicionado, e Luuk de Jong e Samu com tratamento e gin\u00e1sio. O Porto folga na quarta-feira e retoma os trabalhos na quinta, com alguns internacionais j\u00e1 reunidos.<\/p>\n","protected":false},"excerpt":{"rendered":"<ul>\n<li>O FC Porto venceu o Vizela por 2-1 num jogo-treino matinal, dividido em tr\u00eas partes de 30 minutos.<\/li>\n<li>Tiago Silva, jovem da equipa B que renovou at\u00e9 2031, marcou aos 10 minutos.<\/li>\n<li>Gabri Veiga diluiu aos 20 minutos para o Porto, marcando o segundo golo.<\/li>\n<li>Thio reduziu aos 54 minutos, mantendo a diferen\u00e7a de um golo.<\/li>\n<li>A equipa alinhou com uma mescla de jogadores do plantel principal e da equipa B; quarta-feira h\u00e1 dia de folga e regressa quinta-feira com alguns internacionais.<\/li>\n<\/ul>\n","protected":false},"author":2,"featured_media":427803,"comment_status":"closed","ping_status":"closed","sticky":false,"template":"","format":"standard","meta":{"footnotes":""},"categories":[21,24],"tags":[2028,32,3154,3037,2683,4317],"class_list":["post-427801","post","type-post","status-publish","format-standard","has-post-thumbnail","hentry","category-desporto","category-futebol","tag-fc-porto","tag-futebol","tag-gabri-veiga","tag-thiago-silva","tag-tiago","tag-vizela"],"yoast_head":"<!-- This site is optimized with the Yoast SEO plugin v27.2 - https:\/\/yoast.com\/product\/yoast-seo-wordpress\/ -->\n<title>FC Porto vence Vizela 2-1 com golos de Veiga e Tiago Silva - Portal Tela Portugal<\/title>\n<meta name=\"robots\" content=\"index, follow, max-snippet:-1, max-image-preview:large, max-video-preview:-1\" \/>\n<meta property=\"og:locale\" content=\"pt_PT\" \/>\n<meta property=\"og:type\" content=\"article\" \/>\n<meta property=\"og:title\" content=\"FC Porto vence Vizela 2-1 com golos de Veiga e Tiago Silva - Portal Tela Portugal\" \/>\n<meta property=\"og:description\" content=\"O FC Porto venceu o Vizela por 2-1 num jogo-treino matinal, dividido em tr\u00eas partes de 30 minutos. Tiago Silva, jovem da equipa B que renovou at\u00e9 2031, marcou aos 10 minutos. Gabri Veiga diluiu aos 20 minutos para o Porto, marcando o segundo golo. Thio reduziu aos 54 minutos, mantendo a diferen\u00e7a de um golo. A equipa alinhou com uma mescla de jogadores do plantel principal e da equipa B; quarta-feira h\u00e1 dia de folga e regressa quinta-feira com alguns internacionais.\" \/>\n<meta property=\"og:url\" content=\"https:\/\/portaltela.pt\/noticias\/2026\/03\/31\/fc-porto-vence-vizela-2-1-com-golos-de-veiga-e-tiago-silva\/\" \/>\n<meta property=\"og:site_name\" content=\"Portal Tela Portugal\" \/>\n<meta property=\"article:published_time\" content=\"2026-03-31T13:47:21+00:00\" \/>\n<meta name=\"author\" content=\"Telinha\" \/>\n<meta name=\"twitter:card\" content=\"summary_large_image\" \/>\n<meta name=\"twitter:label1\" content=\"Escrito por\" \/>\n\t<meta name=\"twitter:data1\" content=\"Telinha\" \/>\n\t<meta name=\"twitter:label2\" content=\"Tempo estimado de leitura\" \/>\n\t<meta name=\"twitter:data2\" content=\"1 minuto\" \/>\n<script type=\"application\/ld+json\" class=\"yoast-schema-graph\">{\"@context\":\"https:\/\/schema.org\",\"@graph\":[{\"@type\":\"Article\",\"@id\":\"https:\/\/portaltela.pt\/noticias\/2026\/03\/31\/fc-porto-vence-vizela-2-1-com-golos-de-veiga-e-tiago-silva\/#article\",\"isPartOf\":{\"@id\":\"https:\/\/portaltela.pt\/noticias\/2026\/03\/31\/fc-porto-vence-vizela-2-1-com-golos-de-veiga-e-tiago-silva\/\"},\"author\":{\"name\":\"Telinha\",\"@id\":\"https:\/\/portaltela.pt\/#\/schema\/person\/c4278d4a6028830caff9ee44b42d32ed\"},\"headline\":\"FC Porto vence Vizela 2-1 com golos de Veiga e Tiago Silva\",\"datePublished\":\"2026-03-31T13:47:21+00:00\",\"mainEntityOfPage\":{\"@id\":\"https:\/\/portaltela.pt\/noticias\/2026\/03\/31\/fc-porto-vence-vizela-2-1-com-golos-de-veiga-e-tiago-silva\/\"},\"wordCount\":244,\"image\":{\"@id\":\"https:\/\/portaltela.pt\/noticias\/2026\/03\/31\/fc-porto-vence-vizela-2-1-com-golos-de-veiga-e-tiago-silva\/#primaryimage\"},\"thumbnailUrl\":\"https:\/\/portaltela.pt\/s.01k8rhncp4jt1\/2026\/03\/img_920x518uu2026-03-31-14-38-04-2430264-im-639105647825540702.jpg\",\"keywords\":[\"FC Porto\",\"futebol\",\"Gabri Veiga\",\"Thiago Silva\",\"Tiago\",\"Vizela\"],\"articleSection\":[\"Desporto\",\"Futebol\"],\"inLanguage\":\"pt-PT\"},{\"@type\":\"WebPage\",\"@id\":\"https:\/\/portaltela.pt\/noticias\/2026\/03\/31\/fc-porto-vence-vizela-2-1-com-golos-de-veiga-e-tiago-silva\/\",\"url\":\"https:\/\/portaltela.pt\/noticias\/2026\/03\/31\/fc-porto-vence-vizela-2-1-com-golos-de-veiga-e-tiago-silva\/\",\"name\":\"FC Porto vence Vizela 2-1 com golos de Veiga e Tiago Silva - Portal Tela Portugal\",\"isPartOf\":{\"@id\":\"https:\/\/portaltela.pt\/#website\"},\"primaryImageOfPage\":{\"@id\":\"https:\/\/portaltela.pt\/noticias\/2026\/03\/31\/fc-porto-vence-vizela-2-1-com-golos-de-veiga-e-tiago-silva\/#primaryimage\"},\"image\":{\"@id\":\"https:\/\/portaltela.pt\/noticias\/2026\/03\/31\/fc-porto-vence-vizela-2-1-com-golos-de-veiga-e-tiago-silva\/#primaryimage\"},\"thumbnailUrl\":\"https:\/\/portaltela.pt\/s.01k8rhncp4jt1\/2026\/03\/img_920x518uu2026-03-31-14-38-04-2430264-im-639105647825540702.jpg\",\"datePublished\":\"2026-03-31T13:47:21+00:00\",\"author\":{\"@id\":\"https:\/\/portaltela.pt\/#\/schema\/person\/c4278d4a6028830caff9ee44b42d32ed\"},\"breadcrumb\":{\"@id\":\"https:\/\/portaltela.pt\/noticias\/2026\/03\/31\/fc-porto-vence-vizela-2-1-com-golos-de-veiga-e-tiago-silva\/#breadcrumb\"},\"inLanguage\":\"pt-PT\",\"potentialAction\":[{\"@type\":\"ReadAction\",\"target\":[\"https:\/\/portaltela.pt\/noticias\/2026\/03\/31\/fc-porto-vence-vizela-2-1-com-golos-de-veiga-e-tiago-silva\/\"]}]},{\"@type\":\"ImageObject\",\"inLanguage\":\"pt-PT\",\"@id\":\"https:\/\/portaltela.pt\/noticias\/2026\/03\/31\/fc-porto-vence-vizela-2-1-com-golos-de-veiga-e-tiago-silva\/#primaryimage\",\"url\":\"https:\/\/portaltela.pt\/s.01k8rhncp4jt1\/2026\/03\/img_920x518uu2026-03-31-14-38-04-2430264-im-639105647825540702.jpg\",\"contentUrl\":\"https:\/\/portaltela.pt\/s.01k8rhncp4jt1\/2026\/03\/img_920x518uu2026-03-31-14-38-04-2430264-im-639105647825540702.jpg\",\"width\":796,\"height\":448,\"caption\":\"Jogo-treino decorreu no Olival\"},{\"@type\":\"BreadcrumbList\",\"@id\":\"https:\/\/portaltela.pt\/noticias\/2026\/03\/31\/fc-porto-vence-vizela-2-1-com-golos-de-veiga-e-tiago-silva\/#breadcrumb\",\"itemListElement\":[{\"@type\":\"ListItem\",\"position\":1,\"name\":\"In\u00edcio\",\"item\":\"https:\/\/portaltela.pt\/\"},{\"@type\":\"ListItem\",\"position\":2,\"name\":\"FC Porto vence Vizela 2-1 com golos de Veiga e Tiago Silva\"}]},{\"@type\":\"WebSite\",\"@id\":\"https:\/\/portaltela.pt\/#website\",\"url\":\"https:\/\/portaltela.pt\/\",\"name\":\"Portal Tela Portugal\",\"description\":\"\",\"potentialAction\":[{\"@type\":\"SearchAction\",\"target\":{\"@type\":\"EntryPoint\",\"urlTemplate\":\"https:\/\/portaltela.pt\/?s={search_term_string}\"},\"query-input\":{\"@type\":\"PropertyValueSpecification\",\"valueRequired\":true,\"valueName\":\"search_term_string\"}}],\"inLanguage\":\"pt-PT\"},{\"@type\":\"Person\",\"@id\":\"https:\/\/portaltela.pt\/#\/schema\/person\/c4278d4a6028830caff9ee44b42d32ed\",\"name\":\"Telinha\",\"image\":{\"@type\":\"ImageObject\",\"inLanguage\":\"pt-PT\",\"@id\":\"https:\/\/portaltela.pt\/s.01k8rhncp4jt1\/2025\/11\/talking-bot-125x125.png\",\"url\":\"https:\/\/portaltela.pt\/s.01k8rhncp4jt1\/2025\/11\/talking-bot-125x125.png\",\"contentUrl\":\"https:\/\/portaltela.pt\/s.01k8rhncp4jt1\/2025\/11\/talking-bot-125x125.png\",\"caption\":\"Telinha\"},\"sameAs\":[\"https:\/\/portaltela.pt\/\"],\"url\":\"https:\/\/portaltela.pt\/por\/367410592786\/\"}]}<\/script>\n<!-- \/ Yoast SEO plugin. -->","yoast_head_json":{"title":"FC Porto vence Vizela 2-1 com golos de Veiga e Tiago Silva - Portal Tela Portugal","robots":{"index":"index","follow":"follow","max-snippet":"max-snippet:-1","max-image-preview":"max-image-preview:large","max-video-preview":"max-video-preview:-1"},"og_locale":"pt_PT","og_type":"article","og_title":"FC Porto vence Vizela 2-1 com golos de Veiga e Tiago Silva - Portal Tela Portugal","og_description":"O FC Porto venceu o Vizela por 2-1 num jogo-treino matinal, dividido em tr\u00eas partes de 30 minutos. Tiago Silva, jovem da equipa B que renovou at\u00e9 2031, marcou aos 10 minutos. Gabri Veiga diluiu aos 20 minutos para o Porto, marcando o segundo golo. Thio reduziu aos 54 minutos, mantendo a diferen\u00e7a de um golo. A equipa alinhou com uma mescla de jogadores do plantel principal e da equipa B; quarta-feira h\u00e1 dia de folga e regressa quinta-feira com alguns internacionais.","og_url":"https:\/\/portaltela.pt\/noticias\/2026\/03\/31\/fc-porto-vence-vizela-2-1-com-golos-de-veiga-e-tiago-silva\/","og_site_name":"Portal Tela Portugal","article_published_time":"2026-03-31T13:47:21+00:00","author":"Telinha","twitter_card":"summary_large_image","twitter_misc":{"Escrito por":"Telinha","Tempo estimado de leitura":"1 minuto"},"schema":{"@context":"https:\/\/schema.org","@graph":[{"@type":"Article","@id":"https:\/\/portaltela.pt\/noticias\/2026\/03\/31\/fc-porto-vence-vizela-2-1-com-golos-de-veiga-e-tiago-silva\/#article","isPartOf":{"@id":"https:\/\/portaltela.pt\/noticias\/2026\/03\/31\/fc-porto-vence-vizela-2-1-com-golos-de-veiga-e-tiago-silva\/"},"author":{"name":"Telinha","@id":"https:\/\/portaltela.pt\/#\/schema\/person\/c4278d4a6028830caff9ee44b42d32ed"},"headline":"FC Porto vence Vizela 2-1 com golos de Veiga e Tiago Silva","datePublished":"2026-03-31T13:47:21+00:00","mainEntityOfPage":{"@id":"https:\/\/portaltela.pt\/noticias\/2026\/03\/31\/fc-porto-vence-vizela-2-1-com-golos-de-veiga-e-tiago-silva\/"},"wordCount":244,"image":{"@id":"https:\/\/portaltela.pt\/noticias\/2026\/03\/31\/fc-porto-vence-vizela-2-1-com-golos-de-veiga-e-tiago-silva\/#primaryimage"},"thumbnailUrl":"https:\/\/portaltela.pt\/s.01k8rhncp4jt1\/2026\/03\/img_920x518uu2026-03-31-14-38-04-2430264-im-639105647825540702.jpg","keywords":["FC Porto","futebol","Gabri Veiga","Thiago Silva","Tiago","Vizela"],"articleSection":["Desporto","Futebol"],"inLanguage":"pt-PT"},{"@type":"WebPage","@id":"https:\/\/portaltela.pt\/noticias\/2026\/03\/31\/fc-porto-vence-vizela-2-1-com-golos-de-veiga-e-tiago-silva\/","url":"https:\/\/portaltela.pt\/noticias\/2026\/03\/31\/fc-porto-vence-vizela-2-1-com-golos-de-veiga-e-tiago-silva\/","name":"FC Porto vence Vizela 2-1 com golos de Veiga e Tiago Silva - Portal Tela Portugal","isPartOf":{"@id":"https:\/\/portaltela.pt\/#website"},"primaryImageOfPage":{"@id":"https:\/\/portaltela.pt\/noticias\/2026\/03\/31\/fc-porto-vence-vizela-2-1-com-golos-de-veiga-e-tiago-silva\/#primaryimage"},"image":{"@id":"https:\/\/portaltela.pt\/noticias\/2026\/03\/31\/fc-porto-vence-vizela-2-1-com-golos-de-veiga-e-tiago-silva\/#primaryimage"},"thumbnailUrl":"https:\/\/portaltela.pt\/s.01k8rhncp4jt1\/2026\/03\/img_920x518uu2026-03-31-14-38-04-2430264-im-639105647825540702.jpg","datePublished":"2026-03-31T13:47:21+00:00","author":{"@id":"https:\/\/portaltela.pt\/#\/schema\/person\/c4278d4a6028830caff9ee44b42d32ed"},"breadcrumb":{"@id":"https:\/\/portaltela.pt\/noticias\/2026\/03\/31\/fc-porto-vence-vizela-2-1-com-golos-de-veiga-e-tiago-silva\/#breadcrumb"},"inLanguage":"pt-PT","potentialAction":[{"@type":"ReadAction","target":["https:\/\/portaltela.pt\/noticias\/2026\/03\/31\/fc-porto-vence-vizela-2-1-com-golos-de-veiga-e-tiago-silva\/"]}]},{"@type":"ImageObject","inLanguage":"pt-PT","@id":"https:\/\/portaltela.pt\/noticias\/2026\/03\/31\/fc-porto-vence-vizela-2-1-com-golos-de-veiga-e-tiago-silva\/#primaryimage","url":"https:\/\/portaltela.pt\/s.01k8rhncp4jt1\/2026\/03\/img_920x518uu2026-03-31-14-38-04-2430264-im-639105647825540702.jpg","contentUrl":"https:\/\/portaltela.pt\/s.01k8rhncp4jt1\/2026\/03\/img_920x518uu2026-03-31-14-38-04-2430264-im-639105647825540702.jpg","width":796,"height":448,"caption":"Jogo-treino decorreu no Olival"},{"@type":"BreadcrumbList","@id":"https:\/\/portaltela.pt\/noticias\/2026\/03\/31\/fc-porto-vence-vizela-2-1-com-golos-de-veiga-e-tiago-silva\/#breadcrumb","itemListElement":[{"@type":"ListItem","position":1,"name":"In\u00edcio","item":"https:\/\/portaltela.pt\/"},{"@type":"ListItem","position":2,"name":"FC Porto vence Vizela 2-1 com golos de Veiga e Tiago Silva"}]},{"@type":"WebSite","@id":"https:\/\/portaltela.pt\/#website","url":"https:\/\/portaltela.pt\/","name":"Portal Tela Portugal","description":"","potentialAction":[{"@type":"SearchAction","target":{"@type":"EntryPoint","urlTemplate":"https:\/\/portaltela.pt\/?s={search_term_string}"},"query-input":{"@type":"PropertyValueSpecification","valueRequired":true,"valueName":"search_term_string"}}],"inLanguage":"pt-PT"},{"@type":"Person","@id":"https:\/\/portaltela.pt\/#\/schema\/person\/c4278d4a6028830caff9ee44b42d32ed","name":"Telinha","image":{"@type":"ImageObject","inLanguage":"pt-PT","@id":"https:\/\/portaltela.pt\/s.01k8rhncp4jt1\/2025\/11\/talking-bot-125x125.png","url":"https:\/\/portaltela.pt\/s.01k8rhncp4jt1\/2025\/11\/talking-bot-125x125.png","contentUrl":"https:\/\/portaltela.pt\/s.01k8rhncp4jt1\/2025\/11\/talking-bot-125x125.png","caption":"Telinha"},"sameAs":["https:\/\/portaltela.pt\/"],"url":"https:\/\/portaltela.pt\/por\/367410592786\/"}]}},"_links":{"self":[{"href":"https:\/\/portaltela.pt\/api\/wp\/v2\/posts\/427801","targetHints":{"allow":["GET"]}}],"collection":[{"href":"https:\/\/portaltela.pt\/api\/wp\/v2\/posts"}],"about":[{"href":"https:\/\/portaltela.pt\/api\/wp\/v2\/types\/post"}],"author":[{"embeddable":true,"href":"https:\/\/portaltela.pt\/api\/wp\/v2\/users\/2"}],"replies":[{"embeddable":true,"href":"https:\/\/portaltela.pt\/api\/wp\/v2\/comments?post=427801"}],"version-history":[{"count":0,"href":"https:\/\/portaltela.pt\/api\/wp\/v2\/posts\/427801\/revisions"}],"wp:featuredmedia":[{"embeddable":true,"href":"https:\/\/portaltela.pt\/api\/wp\/v2\/media\/427803"}],"wp:attachment":[{"href":"https:\/\/portaltela.pt\/api\/wp\/v2\/media?parent=427801"}],"wp:term":[{"taxonomy":"category","embeddable":true,"href":"https:\/\/portaltela.pt\/api\/wp\/v2\/categories?post=427801"},{"taxonomy":"post_tag","embeddable":true,"href":"https:\/\/portaltela.pt\/api\/wp\/v2\/tags?post=427801"}],"curies":[{"name":"wp","href":"https:\/\/api.w.org\/{rel}","templated":true}]}}