{"id":427794,"date":"2026-03-31T10:32:40","date_gmt":"2026-03-31T13:32:40","guid":{"rendered":"https:\/\/portaltela.pt\/noticias\/2026\/03\/31\/investimento-em-mobilidade-ecologica-transforma-transportes-urbanos\/"},"modified":"2026-03-31T10:32:40","modified_gmt":"2026-03-31T13:32:40","slug":"investimento-em-mobilidade-ecologica-transforma-transportes-urbanos","status":"publish","type":"post","link":"https:\/\/portaltela.pt\/meio-ambiente\/2026\/03\/31\/investimento-em-mobilidade-ecologica-transforma-transportes-urbanos\/","title":{"rendered":"Investimento em mobilidade ecol\u00f3gica transforma transportes urbanos"},"content":{"rendered":"<p>O Uzbequist\u00e3o est\u00e1 a consolidar a transi\u00e7\u00e3o para a mobilidade ecol\u00f3gica, com a\u00e7\u00f5es p\u00fablicas e privadas a impulsionar ve\u00edculos el\u00e9tricos e h\u00edbridos. O objetivo \u00e9 que, at\u00e9 2030, 50% dos autocarros urbanos sejam el\u00e9tricos, atrav\u00e9s de investimentos em frotas modernas.<\/p>\n<p>Em 2025, registaram-se mais de 73 mil ve\u00edculos el\u00e9tr\u00f4nicos no pa\u00eds, com quase 56 mil em Tasquente, sinalizando adop\u00e7\u00e3o intensiva no contexto urbano. As importa\u00e7\u00f5es de VE crescem, com cerca de 29 mil autom\u00f3veis el\u00e9tricos importados entre janeiro e agosto de 2025, representando 70% das compras de ve\u00edculos de passageiros.<\/p>\n<p>Duas linhas el\u00e9tricas, vindas da Chequia, j\u00e1 servem Samarcanda, transportando at\u00e9 10 mil passageiros di\u00e1rios e contribuindo para reduzir tr\u00e1fego e emiss\u00f5es. O programa Cidade Verde envolve 100 autocarros el\u00e9ctricos em 10 rotas, com cada ve\u00edculo a exigir apenas um carregamento di\u00e1rio para 400 km. Tasquente planeia acrescentar pelo menos 500 autocarros el\u00e9tricos at\u00e9 2030.<\/p>\n<h3>Expans\u00e3o da produ\u00e7\u00e3o nacional<\/h3>\n<p>A produ\u00e7\u00e3o nacional de ve\u00edculos ecol\u00f3gicos cresce para satisfazer a procura, com a BYD a iniciar opera\u00e7\u00f5es em 2024 com 4000 unidades, chegando a 20 mil em 2025 e perspetivando 50 mil unidades at\u00e9 2026.<\/p>\n","protected":false},"excerpt":{"rendered":"<ul>\n<li>O Uzbequist\u00e3o quer que os autocarros el\u00e9tricos representem cinquenta por cento das frotas urbanas at\u00e9 2030, com grandes investimentos em transportes modernos.<\/li>\n<li>Em julho de 2025 havia mais de setenta e tr\u00eas mil ve\u00edculos el\u00e9tricos registados no pa\u00eds, com quase cinquenta e seis mil em Tasquente, evidenciando ado\u00e7\u00e3o significativa nas cidades.<\/li>\n<li>As importa\u00e7\u00f5es de ve\u00edculos el\u00e9tricos est\u00e3o a crescer, com cerca de vinte e nove mil autom\u00f3veis el\u00e9tricos importados entre janeiro e agosto de dois mil e vinte e cinco, o que representa perto de setenta por cento das importa\u00e7\u00f5es de ve\u00edculos de passageiros.<\/li>\n<li>Duas linhas el\u00e9tricas vindas da Rep\u00fablica Checa j\u00e1 servem Samarcanda, com capacidade para at\u00e9 dez mil passageiros por dia; no \u00e2mbito da iniciativa Cidade Verde existem cem autocarros el\u00e9tricos em dez rotas principais, cada um com um carregamento di\u00e1rio para percorrer at\u00e9 quatrocentos quil\u00f3metros; Tasquente planeia adicionar pelo menos quinhentos autocarros at\u00e9 2030.<\/li>\n<li>A produ\u00e7\u00e3o nacional est\u00e1 a expandir-se para satisfazer a procura, com a BYD a iniciar produ\u00e7\u00e3o em dois mil e vinte e quatro com quatro mil unidades, superando vinte mil em dois mil e vinte e cinco e com planos de produzir cinquenta mil ve\u00edculos at\u00e9 dois mil e vinte e seis.<\/li>\n<\/ul>\n","protected":false},"author":2,"featured_media":427799,"comment_status":"closed","ping_status":"closed","sticky":false,"template":"","format":"standard","meta":{"footnotes":""},"categories":[6725],"tags":[3603,45,4171,3263,7659,7658],"class_list":["post-427794","post","type-post","status-publish","format-standard","has-post-thumbnail","hentry","category-meio-ambiente","tag-energias-renovaveis","tag-meio-ambiente","tag-mobilidade-sustentavel","tag-mobilidade-urbana","tag-samarcanda","tag-tasquente"],"yoast_head":"<!-- This site is optimized with the Yoast SEO plugin v27.2 - https:\/\/yoast.com\/product\/yoast-seo-wordpress\/ -->\n<title>Investimento em mobilidade ecol\u00f3gica transforma transportes urbanos - Portal Tela Portugal<\/title>\n<meta name=\"robots\" content=\"index, follow, max-snippet:-1, max-image-preview:large, max-video-preview:-1\" \/>\n<meta property=\"og:locale\" content=\"pt_PT\" \/>\n<meta property=\"og:type\" content=\"article\" \/>\n<meta property=\"og:title\" content=\"Investimento em mobilidade ecol\u00f3gica transforma transportes urbanos - Portal Tela Portugal\" \/>\n<meta property=\"og:description\" content=\"O Uzbequist\u00e3o quer que os autocarros el\u00e9tricos representem cinquenta por cento das frotas urbanas at\u00e9 2030, com grandes investimentos em transportes modernos. Em julho de 2025 havia mais de setenta e tr\u00eas mil ve\u00edculos el\u00e9tricos registados no pa\u00eds, com quase cinquenta e seis mil em Tasquente, evidenciando ado\u00e7\u00e3o significativa nas cidades. As importa\u00e7\u00f5es de ve\u00edculos el\u00e9tricos est\u00e3o a crescer, com cerca de vinte e nove mil autom\u00f3veis el\u00e9tricos importados entre janeiro e agosto de dois mil e vinte e cinco, o que representa perto de setenta por cento das importa\u00e7\u00f5es de ve\u00edculos de passageiros. Duas linhas el\u00e9tricas vindas da Rep\u00fablica Checa j\u00e1 servem Samarcanda, com capacidade para at\u00e9 dez mil passageiros por dia; no \u00e2mbito da iniciativa Cidade Verde existem cem autocarros el\u00e9tricos em dez rotas principais, cada um com um carregamento di\u00e1rio para percorrer at\u00e9 quatrocentos quil\u00f3metros; Tasquente planeia adicionar pelo menos quinhentos autocarros at\u00e9 2030. A produ\u00e7\u00e3o nacional est\u00e1 a expandir-se para satisfazer a procura, com a BYD a iniciar produ\u00e7\u00e3o em dois mil e vinte e quatro com quatro mil unidades, superando vinte mil em dois mil e vinte e cinco e com planos de produzir cinquenta mil ve\u00edculos at\u00e9 dois mil e vinte e seis.\" \/>\n<meta property=\"og:url\" content=\"https:\/\/portaltela.pt\/noticias\/2026\/03\/31\/investimento-em-mobilidade-ecologica-transforma-transportes-urbanos\/\" \/>\n<meta property=\"og:site_name\" content=\"Portal Tela Portugal\" \/>\n<meta property=\"article:published_time\" content=\"2026-03-31T13:32:40+00:00\" \/>\n<meta name=\"author\" content=\"Telinha\" \/>\n<meta name=\"twitter:card\" content=\"summary_large_image\" \/>\n<meta name=\"twitter:label1\" content=\"Escrito por\" \/>\n\t<meta name=\"twitter:data1\" content=\"Telinha\" \/>\n\t<meta name=\"twitter:label2\" content=\"Tempo estimado de leitura\" \/>\n\t<meta name=\"twitter:data2\" content=\"1 minuto\" \/>\n<script type=\"application\/ld+json\" class=\"yoast-schema-graph\">{\"@context\":\"https:\/\/schema.org\",\"@graph\":[{\"@type\":\"Article\",\"@id\":\"https:\/\/portaltela.pt\/noticias\/2026\/03\/31\/investimento-em-mobilidade-ecologica-transforma-transportes-urbanos\/#article\",\"isPartOf\":{\"@id\":\"https:\/\/portaltela.pt\/noticias\/2026\/03\/31\/investimento-em-mobilidade-ecologica-transforma-transportes-urbanos\/\"},\"author\":{\"name\":\"Telinha\",\"@id\":\"https:\/\/portaltela.pt\/#\/schema\/person\/c4278d4a6028830caff9ee44b42d32ed\"},\"headline\":\"Investimento em mobilidade ecol\u00f3gica transforma transportes urbanos\",\"datePublished\":\"2026-03-31T13:32:40+00:00\",\"mainEntityOfPage\":{\"@id\":\"https:\/\/portaltela.pt\/noticias\/2026\/03\/31\/investimento-em-mobilidade-ecologica-transforma-transportes-urbanos\/\"},\"wordCount\":204,\"image\":{\"@id\":\"https:\/\/portaltela.pt\/noticias\/2026\/03\/31\/investimento-em-mobilidade-ecologica-transforma-transportes-urbanos\/#primaryimage\"},\"thumbnailUrl\":\"https:\/\/portaltela.pt\/s.01k8rhncp4jt1\/2026\/03\/1536x864_cmsv2_aab6cf22-9c0a-5843-a1a6-0d74ea601c19-9665315.jpg\",\"keywords\":[\"energias renov\u00e1veis\",\"meio-ambiente\",\"Mobilidade Sustent\u00e1vel\",\"mobilidade urbana\",\"Samarcanda\",\"Tasquente\"],\"articleSection\":[\"Meio Ambiente\"],\"inLanguage\":\"pt-PT\"},{\"@type\":\"WebPage\",\"@id\":\"https:\/\/portaltela.pt\/noticias\/2026\/03\/31\/investimento-em-mobilidade-ecologica-transforma-transportes-urbanos\/\",\"url\":\"https:\/\/portaltela.pt\/noticias\/2026\/03\/31\/investimento-em-mobilidade-ecologica-transforma-transportes-urbanos\/\",\"name\":\"Investimento em mobilidade ecol\u00f3gica transforma transportes urbanos - Portal Tela Portugal\",\"isPartOf\":{\"@id\":\"https:\/\/portaltela.pt\/#website\"},\"primaryImageOfPage\":{\"@id\":\"https:\/\/portaltela.pt\/noticias\/2026\/03\/31\/investimento-em-mobilidade-ecologica-transforma-transportes-urbanos\/#primaryimage\"},\"image\":{\"@id\":\"https:\/\/portaltela.pt\/noticias\/2026\/03\/31\/investimento-em-mobilidade-ecologica-transforma-transportes-urbanos\/#primaryimage\"},\"thumbnailUrl\":\"https:\/\/portaltela.pt\/s.01k8rhncp4jt1\/2026\/03\/1536x864_cmsv2_aab6cf22-9c0a-5843-a1a6-0d74ea601c19-9665315.jpg\",\"datePublished\":\"2026-03-31T13:32:40+00:00\",\"author\":{\"@id\":\"https:\/\/portaltela.pt\/#\/schema\/person\/c4278d4a6028830caff9ee44b42d32ed\"},\"breadcrumb\":{\"@id\":\"https:\/\/portaltela.pt\/noticias\/2026\/03\/31\/investimento-em-mobilidade-ecologica-transforma-transportes-urbanos\/#breadcrumb\"},\"inLanguage\":\"pt-PT\",\"potentialAction\":[{\"@type\":\"ReadAction\",\"target\":[\"https:\/\/portaltela.pt\/noticias\/2026\/03\/31\/investimento-em-mobilidade-ecologica-transforma-transportes-urbanos\/\"]}]},{\"@type\":\"ImageObject\",\"inLanguage\":\"pt-PT\",\"@id\":\"https:\/\/portaltela.pt\/noticias\/2026\/03\/31\/investimento-em-mobilidade-ecologica-transforma-transportes-urbanos\/#primaryimage\",\"url\":\"https:\/\/portaltela.pt\/s.01k8rhncp4jt1\/2026\/03\/1536x864_cmsv2_aab6cf22-9c0a-5843-a1a6-0d74ea601c19-9665315.jpg\",\"contentUrl\":\"https:\/\/portaltela.pt\/s.01k8rhncp4jt1\/2026\/03\/1536x864_cmsv2_aab6cf22-9c0a-5843-a1a6-0d74ea601c19-9665315.jpg\",\"width\":796,\"height\":448,\"caption\":\"Como o investimento na mobilidade ecol\u00f3gica est\u00e1 a reinventar os transportes urbanos\"},{\"@type\":\"BreadcrumbList\",\"@id\":\"https:\/\/portaltela.pt\/noticias\/2026\/03\/31\/investimento-em-mobilidade-ecologica-transforma-transportes-urbanos\/#breadcrumb\",\"itemListElement\":[{\"@type\":\"ListItem\",\"position\":1,\"name\":\"In\u00edcio\",\"item\":\"https:\/\/portaltela.pt\/\"},{\"@type\":\"ListItem\",\"position\":2,\"name\":\"Investimento em mobilidade ecol\u00f3gica transforma transportes urbanos\"}]},{\"@type\":\"WebSite\",\"@id\":\"https:\/\/portaltela.pt\/#website\",\"url\":\"https:\/\/portaltela.pt\/\",\"name\":\"Portal Tela Portugal\",\"description\":\"\",\"potentialAction\":[{\"@type\":\"SearchAction\",\"target\":{\"@type\":\"EntryPoint\",\"urlTemplate\":\"https:\/\/portaltela.pt\/?s={search_term_string}\"},\"query-input\":{\"@type\":\"PropertyValueSpecification\",\"valueRequired\":true,\"valueName\":\"search_term_string\"}}],\"inLanguage\":\"pt-PT\"},{\"@type\":\"Person\",\"@id\":\"https:\/\/portaltela.pt\/#\/schema\/person\/c4278d4a6028830caff9ee44b42d32ed\",\"name\":\"Telinha\",\"image\":{\"@type\":\"ImageObject\",\"inLanguage\":\"pt-PT\",\"@id\":\"https:\/\/portaltela.pt\/s.01k8rhncp4jt1\/2025\/11\/talking-bot-125x125.png\",\"url\":\"https:\/\/portaltela.pt\/s.01k8rhncp4jt1\/2025\/11\/talking-bot-125x125.png\",\"contentUrl\":\"https:\/\/portaltela.pt\/s.01k8rhncp4jt1\/2025\/11\/talking-bot-125x125.png\",\"caption\":\"Telinha\"},\"sameAs\":[\"https:\/\/portaltela.pt\/\"],\"url\":\"https:\/\/portaltela.pt\/por\/367410592786\/\"}]}<\/script>\n<!-- \/ Yoast SEO plugin. -->","yoast_head_json":{"title":"Investimento em mobilidade ecol\u00f3gica transforma transportes urbanos - Portal Tela Portugal","robots":{"index":"index","follow":"follow","max-snippet":"max-snippet:-1","max-image-preview":"max-image-preview:large","max-video-preview":"max-video-preview:-1"},"og_locale":"pt_PT","og_type":"article","og_title":"Investimento em mobilidade ecol\u00f3gica transforma transportes urbanos - Portal Tela Portugal","og_description":"O Uzbequist\u00e3o quer que os autocarros el\u00e9tricos representem cinquenta por cento das frotas urbanas at\u00e9 2030, com grandes investimentos em transportes modernos. Em julho de 2025 havia mais de setenta e tr\u00eas mil ve\u00edculos el\u00e9tricos registados no pa\u00eds, com quase cinquenta e seis mil em Tasquente, evidenciando ado\u00e7\u00e3o significativa nas cidades. As importa\u00e7\u00f5es de ve\u00edculos el\u00e9tricos est\u00e3o a crescer, com cerca de vinte e nove mil autom\u00f3veis el\u00e9tricos importados entre janeiro e agosto de dois mil e vinte e cinco, o que representa perto de setenta por cento das importa\u00e7\u00f5es de ve\u00edculos de passageiros. Duas linhas el\u00e9tricas vindas da Rep\u00fablica Checa j\u00e1 servem Samarcanda, com capacidade para at\u00e9 dez mil passageiros por dia; no \u00e2mbito da iniciativa Cidade Verde existem cem autocarros el\u00e9tricos em dez rotas principais, cada um com um carregamento di\u00e1rio para percorrer at\u00e9 quatrocentos quil\u00f3metros; Tasquente planeia adicionar pelo menos quinhentos autocarros at\u00e9 2030. A produ\u00e7\u00e3o nacional est\u00e1 a expandir-se para satisfazer a procura, com a BYD a iniciar produ\u00e7\u00e3o em dois mil e vinte e quatro com quatro mil unidades, superando vinte mil em dois mil e vinte e cinco e com planos de produzir cinquenta mil ve\u00edculos at\u00e9 dois mil e vinte e seis.","og_url":"https:\/\/portaltela.pt\/noticias\/2026\/03\/31\/investimento-em-mobilidade-ecologica-transforma-transportes-urbanos\/","og_site_name":"Portal Tela Portugal","article_published_time":"2026-03-31T13:32:40+00:00","author":"Telinha","twitter_card":"summary_large_image","twitter_misc":{"Escrito por":"Telinha","Tempo estimado de leitura":"1 minuto"},"schema":{"@context":"https:\/\/schema.org","@graph":[{"@type":"Article","@id":"https:\/\/portaltela.pt\/noticias\/2026\/03\/31\/investimento-em-mobilidade-ecologica-transforma-transportes-urbanos\/#article","isPartOf":{"@id":"https:\/\/portaltela.pt\/noticias\/2026\/03\/31\/investimento-em-mobilidade-ecologica-transforma-transportes-urbanos\/"},"author":{"name":"Telinha","@id":"https:\/\/portaltela.pt\/#\/schema\/person\/c4278d4a6028830caff9ee44b42d32ed"},"headline":"Investimento em mobilidade ecol\u00f3gica transforma transportes urbanos","datePublished":"2026-03-31T13:32:40+00:00","mainEntityOfPage":{"@id":"https:\/\/portaltela.pt\/noticias\/2026\/03\/31\/investimento-em-mobilidade-ecologica-transforma-transportes-urbanos\/"},"wordCount":204,"image":{"@id":"https:\/\/portaltela.pt\/noticias\/2026\/03\/31\/investimento-em-mobilidade-ecologica-transforma-transportes-urbanos\/#primaryimage"},"thumbnailUrl":"https:\/\/portaltela.pt\/s.01k8rhncp4jt1\/2026\/03\/1536x864_cmsv2_aab6cf22-9c0a-5843-a1a6-0d74ea601c19-9665315.jpg","keywords":["energias renov\u00e1veis","meio-ambiente","Mobilidade Sustent\u00e1vel","mobilidade urbana","Samarcanda","Tasquente"],"articleSection":["Meio Ambiente"],"inLanguage":"pt-PT"},{"@type":"WebPage","@id":"https:\/\/portaltela.pt\/noticias\/2026\/03\/31\/investimento-em-mobilidade-ecologica-transforma-transportes-urbanos\/","url":"https:\/\/portaltela.pt\/noticias\/2026\/03\/31\/investimento-em-mobilidade-ecologica-transforma-transportes-urbanos\/","name":"Investimento em mobilidade ecol\u00f3gica transforma transportes urbanos - Portal Tela Portugal","isPartOf":{"@id":"https:\/\/portaltela.pt\/#website"},"primaryImageOfPage":{"@id":"https:\/\/portaltela.pt\/noticias\/2026\/03\/31\/investimento-em-mobilidade-ecologica-transforma-transportes-urbanos\/#primaryimage"},"image":{"@id":"https:\/\/portaltela.pt\/noticias\/2026\/03\/31\/investimento-em-mobilidade-ecologica-transforma-transportes-urbanos\/#primaryimage"},"thumbnailUrl":"https:\/\/portaltela.pt\/s.01k8rhncp4jt1\/2026\/03\/1536x864_cmsv2_aab6cf22-9c0a-5843-a1a6-0d74ea601c19-9665315.jpg","datePublished":"2026-03-31T13:32:40+00:00","author":{"@id":"https:\/\/portaltela.pt\/#\/schema\/person\/c4278d4a6028830caff9ee44b42d32ed"},"breadcrumb":{"@id":"https:\/\/portaltela.pt\/noticias\/2026\/03\/31\/investimento-em-mobilidade-ecologica-transforma-transportes-urbanos\/#breadcrumb"},"inLanguage":"pt-PT","potentialAction":[{"@type":"ReadAction","target":["https:\/\/portaltela.pt\/noticias\/2026\/03\/31\/investimento-em-mobilidade-ecologica-transforma-transportes-urbanos\/"]}]},{"@type":"ImageObject","inLanguage":"pt-PT","@id":"https:\/\/portaltela.pt\/noticias\/2026\/03\/31\/investimento-em-mobilidade-ecologica-transforma-transportes-urbanos\/#primaryimage","url":"https:\/\/portaltela.pt\/s.01k8rhncp4jt1\/2026\/03\/1536x864_cmsv2_aab6cf22-9c0a-5843-a1a6-0d74ea601c19-9665315.jpg","contentUrl":"https:\/\/portaltela.pt\/s.01k8rhncp4jt1\/2026\/03\/1536x864_cmsv2_aab6cf22-9c0a-5843-a1a6-0d74ea601c19-9665315.jpg","width":796,"height":448,"caption":"Como o investimento na mobilidade ecol\u00f3gica est\u00e1 a reinventar os transportes urbanos"},{"@type":"BreadcrumbList","@id":"https:\/\/portaltela.pt\/noticias\/2026\/03\/31\/investimento-em-mobilidade-ecologica-transforma-transportes-urbanos\/#breadcrumb","itemListElement":[{"@type":"ListItem","position":1,"name":"In\u00edcio","item":"https:\/\/portaltela.pt\/"},{"@type":"ListItem","position":2,"name":"Investimento em mobilidade ecol\u00f3gica transforma transportes urbanos"}]},{"@type":"WebSite","@id":"https:\/\/portaltela.pt\/#website","url":"https:\/\/portaltela.pt\/","name":"Portal Tela Portugal","description":"","potentialAction":[{"@type":"SearchAction","target":{"@type":"EntryPoint","urlTemplate":"https:\/\/portaltela.pt\/?s={search_term_string}"},"query-input":{"@type":"PropertyValueSpecification","valueRequired":true,"valueName":"search_term_string"}}],"inLanguage":"pt-PT"},{"@type":"Person","@id":"https:\/\/portaltela.pt\/#\/schema\/person\/c4278d4a6028830caff9ee44b42d32ed","name":"Telinha","image":{"@type":"ImageObject","inLanguage":"pt-PT","@id":"https:\/\/portaltela.pt\/s.01k8rhncp4jt1\/2025\/11\/talking-bot-125x125.png","url":"https:\/\/portaltela.pt\/s.01k8rhncp4jt1\/2025\/11\/talking-bot-125x125.png","contentUrl":"https:\/\/portaltela.pt\/s.01k8rhncp4jt1\/2025\/11\/talking-bot-125x125.png","caption":"Telinha"},"sameAs":["https:\/\/portaltela.pt\/"],"url":"https:\/\/portaltela.pt\/por\/367410592786\/"}]}},"_links":{"self":[{"href":"https:\/\/portaltela.pt\/api\/wp\/v2\/posts\/427794","targetHints":{"allow":["GET"]}}],"collection":[{"href":"https:\/\/portaltela.pt\/api\/wp\/v2\/posts"}],"about":[{"href":"https:\/\/portaltela.pt\/api\/wp\/v2\/types\/post"}],"author":[{"embeddable":true,"href":"https:\/\/portaltela.pt\/api\/wp\/v2\/users\/2"}],"replies":[{"embeddable":true,"href":"https:\/\/portaltela.pt\/api\/wp\/v2\/comments?post=427794"}],"version-history":[{"count":0,"href":"https:\/\/portaltela.pt\/api\/wp\/v2\/posts\/427794\/revisions"}],"wp:featuredmedia":[{"embeddable":true,"href":"https:\/\/portaltela.pt\/api\/wp\/v2\/media\/427799"}],"wp:attachment":[{"href":"https:\/\/portaltela.pt\/api\/wp\/v2\/media?parent=427794"}],"wp:term":[{"taxonomy":"category","embeddable":true,"href":"https:\/\/portaltela.pt\/api\/wp\/v2\/categories?post=427794"},{"taxonomy":"post_tag","embeddable":true,"href":"https:\/\/portaltela.pt\/api\/wp\/v2\/tags?post=427794"}],"curies":[{"name":"wp","href":"https:\/\/api.w.org\/{rel}","templated":true}]}}