{"id":427787,"date":"2026-03-31T06:34:03","date_gmt":"2026-03-31T09:34:03","guid":{"rendered":"https:\/\/portaltela.pt\/noticias\/2026\/03\/31\/palestinianos-em-foco-situacao-atual-e-desdobramentos\/"},"modified":"2026-03-31T06:34:03","modified_gmt":"2026-03-31T09:34:03","slug":"palestinianos-em-foco-situacao-atual-e-desdobramentos","status":"publish","type":"post","link":"https:\/\/portaltela.pt\/guerra\/2026\/03\/31\/palestinianos-em-foco-situacao-atual-e-desdobramentos\/","title":{"rendered":"Palestinianos em foco: situa\u00e7\u00e3o atual e desdobramentos"},"content":{"rendered":"<p>Milhares de pessoas na Pra\u00e7a dos Ref\u00e9ns festejaram a liberta\u00e7\u00e3o de ref\u00e9ns israelitas mantidos pelo Hamas h\u00e1 mais de dois anos. O cessar-fogo traz al\u00edvio para Israel e para a Faixa de Gaza.<\/p>\n<p>A UE viable pressiona Israel a revogar a lei que permite a execu\u00e7\u00e3o de palestinianos condenados, alegando impacto sobre direitos humanos e o processo de paz. O tema agrava tens\u00f5es na regi\u00e3o.<\/p>\n<p>Donald Trump assinou um acordo de paz para Gaza no Egito, anunciando a liberta\u00e7\u00e3o de 48 ref\u00e9ns do Hamas, 20 dos quais vivos. Em contrapartida, Israel dever\u00e1 libertar cerca de 1.900 prisioneiros palestinianos.<\/p>\n<p>Ataques a\u00e9reos israelitas deixaram pelo menos 44 mortos em Gaza, segundo autoridades de sa\u00fade, num contexto de press\u00e3o internacional por um cessar-fogo. O Governo israelita mant\u00e9m posi\u00e7\u00e3o de continuar a opera\u00e7\u00e3o militar.<\/p>\n<p>O grupo Kneecap, que tem controv\u00e9rsias em rela\u00e7\u00e3o a antisemitismo, voltou a resolver quest\u00f5es de imagem ap\u00f3s not\u00edcia de controv\u00e9rsia no festival Sziget, conforme informa\u00e7\u00f5es de fontes locais.<\/p>\n<p>Duas crian\u00e7as palestinianas feridas em Gaza chegaram a S\u00e3o Francisco para tratamento, numa miss\u00e3o humanit\u00e1ria liderada por uma organiza\u00e7\u00e3o sem fins lucrativos dos EUA.<\/p>\n<p>A flotilha Handala foi interceptada por Israel, impedindo a entrega de ajuda humanit\u00e1ria a Gaza, segundo relatos oficiais. \u00c9 o segundo navio da Coliga\u00e7\u00e3o da Flotilha da Liberdade a ser impedido.<\/p>\n<p>Novas imagens da ag\u00eancia Wafa mostram deslocados em Gaza a viver em tendas dentro de um est\u00e1dio danificado, em meio a ataques a\u00e9reos que continuam.<\/p>\n<p>A ex-atriz Mia Khalifa defendeu rappers envolvidos numa pol\u00e9mica surgida no festival de Glastonbury, num movimento de apoio a artistas sob investiga\u00e7\u00e3o.<\/p>\n<p>O Eid al-Adha em Gaza enfrenta dificuldades, com guerra, deslocamento, fome e pre\u00e7os altos a afetarem a celebra\u00e7\u00e3o isl\u00e2mica numa regi\u00e3o devastada.<\/p>\n<p>Pelo menos 47 feridos ap\u00f3s uma multid\u00e3o invadir um centro de ajuda em Gaza, gerido pela Funda\u00e7\u00e3o Humanit\u00e1ria de Gaza, escolhida por Israel com apoio dos EUA.<\/p>\n<p>Uma fam\u00edlia de Gaza, a Abu Jarad, desloca-se pela d\u00e9cima vez, em quase 20 meses de conflito, ilustrando o aprofundamento da crise humanit\u00e1ria na regi\u00e3o.<\/p>\n","protected":false},"excerpt":{"rendered":"<ul>\n<li>A Uni\u00e3o Europeia vai pressionar Israel a revogar a lei que permite a execu\u00e7\u00e3o de palestinianos condenados.<\/li>\n<li>Milhares de pessoas festejaram na Pra\u00e7a dos Ref\u00e9ns a liberta\u00e7\u00e3o de ref\u00e9ns israelitas, com o cessar-fogo a trazer al\u00edvio para Israel e para Gaza.<\/li>\n<li>Donald Trump assinou um acordo de paz para Gaza no Egito; prev\u00ea a liberta\u00e7\u00e3o de cerca de 1.900 prisioneiros palestinianos, sendo 48 ref\u00e9ns libertados, 20 vivos entre eles.<\/li>\n<li>Ataques a\u00e9reos israelitas j\u00e1 causaram ao menos 44 mortos em Gaza, enquanto aumenta a press\u00e3o internacional por um cessar-fogo.<\/li>\n<li>Deslocados em Gaza vivem em tendas dentro de um est\u00e1dio bombardeado, numa situa\u00e7\u00e3o de continuidade de combate e crise humanit\u00e1ria.<\/li>\n<\/ul>\n","protected":false},"author":2,"featured_media":427790,"comment_status":"closed","ping_status":"closed","sticky":false,"template":"","format":"standard","meta":{"footnotes":""},"categories":[6790,6804],"tags":[2633,3336,1600,3651,3708,2030],"class_list":["post-427787","post","type-post","status-publish","format-standard","has-post-thumbnail","hentry","category-conflitos","category-guerra","tag-direitos-humanos","tag-egito","tag-estados-unidos","tag-gaza","tag-israel","tag-palestina"],"yoast_head":"<!-- This site is optimized with the Yoast SEO plugin v27.2 - https:\/\/yoast.com\/product\/yoast-seo-wordpress\/ -->\n<title>Palestinianos em foco: situa\u00e7\u00e3o atual e desdobramentos - Portal Tela Portugal<\/title>\n<meta name=\"robots\" content=\"index, follow, max-snippet:-1, max-image-preview:large, max-video-preview:-1\" \/>\n<meta property=\"og:locale\" content=\"pt_PT\" \/>\n<meta property=\"og:type\" content=\"article\" \/>\n<meta property=\"og:title\" content=\"Palestinianos em foco: situa\u00e7\u00e3o atual e desdobramentos - Portal Tela Portugal\" \/>\n<meta property=\"og:description\" content=\"A Uni\u00e3o Europeia vai pressionar Israel a revogar a lei que permite a execu\u00e7\u00e3o de palestinianos condenados. Milhares de pessoas festejaram na Pra\u00e7a dos Ref\u00e9ns a liberta\u00e7\u00e3o de ref\u00e9ns israelitas, com o cessar-fogo a trazer al\u00edvio para Israel e para Gaza. Donald Trump assinou um acordo de paz para Gaza no Egito; prev\u00ea a liberta\u00e7\u00e3o de cerca de 1.900 prisioneiros palestinianos, sendo 48 ref\u00e9ns libertados, 20 vivos entre eles. Ataques a\u00e9reos israelitas j\u00e1 causaram ao menos 44 mortos em Gaza, enquanto aumenta a press\u00e3o internacional por um cessar-fogo. Deslocados em Gaza vivem em tendas dentro de um est\u00e1dio bombardeado, numa situa\u00e7\u00e3o de continuidade de combate e crise humanit\u00e1ria.\" \/>\n<meta property=\"og:url\" content=\"https:\/\/portaltela.pt\/noticias\/2026\/03\/31\/palestinianos-em-foco-situacao-atual-e-desdobramentos\/\" \/>\n<meta property=\"og:site_name\" content=\"Portal Tela Portugal\" \/>\n<meta property=\"article:published_time\" content=\"2026-03-31T09:34:03+00:00\" \/>\n<meta name=\"author\" content=\"Telinha\" \/>\n<meta name=\"twitter:card\" content=\"summary_large_image\" \/>\n<meta name=\"twitter:label1\" content=\"Escrito por\" \/>\n\t<meta name=\"twitter:data1\" content=\"Telinha\" \/>\n\t<meta name=\"twitter:label2\" content=\"Tempo estimado de leitura\" \/>\n\t<meta name=\"twitter:data2\" content=\"2 minutos\" \/>\n<script type=\"application\/ld+json\" class=\"yoast-schema-graph\">{\"@context\":\"https:\/\/schema.org\",\"@graph\":[{\"@type\":\"Article\",\"@id\":\"https:\/\/portaltela.pt\/noticias\/2026\/03\/31\/palestinianos-em-foco-situacao-atual-e-desdobramentos\/#article\",\"isPartOf\":{\"@id\":\"https:\/\/portaltela.pt\/noticias\/2026\/03\/31\/palestinianos-em-foco-situacao-atual-e-desdobramentos\/\"},\"author\":{\"name\":\"Telinha\",\"@id\":\"https:\/\/portaltela.pt\/#\/schema\/person\/c4278d4a6028830caff9ee44b42d32ed\"},\"headline\":\"Palestinianos em foco: situa\u00e7\u00e3o atual e desdobramentos\",\"datePublished\":\"2026-03-31T09:34:03+00:00\",\"mainEntityOfPage\":{\"@id\":\"https:\/\/portaltela.pt\/noticias\/2026\/03\/31\/palestinianos-em-foco-situacao-atual-e-desdobramentos\/\"},\"wordCount\":382,\"image\":{\"@id\":\"https:\/\/portaltela.pt\/noticias\/2026\/03\/31\/palestinianos-em-foco-situacao-atual-e-desdobramentos\/#primaryimage\"},\"thumbnailUrl\":\"https:\/\/portaltela.pt\/s.01k8rhncp4jt1\/2026\/03\/320x180_cmsv2_cc62071e-ee28-55f2-afd6-1b3ae4e550a3-9704725.jpg\",\"keywords\":[\"direitos humanos\",\"Egito\",\"Estados Unidos\",\"Gaza\",\"Israel\",\"Palestina\"],\"articleSection\":[\"Conflitos\",\"Guerra\"],\"inLanguage\":\"pt-PT\"},{\"@type\":\"WebPage\",\"@id\":\"https:\/\/portaltela.pt\/noticias\/2026\/03\/31\/palestinianos-em-foco-situacao-atual-e-desdobramentos\/\",\"url\":\"https:\/\/portaltela.pt\/noticias\/2026\/03\/31\/palestinianos-em-foco-situacao-atual-e-desdobramentos\/\",\"name\":\"Palestinianos em foco: situa\u00e7\u00e3o atual e desdobramentos - Portal Tela Portugal\",\"isPartOf\":{\"@id\":\"https:\/\/portaltela.pt\/#website\"},\"primaryImageOfPage\":{\"@id\":\"https:\/\/portaltela.pt\/noticias\/2026\/03\/31\/palestinianos-em-foco-situacao-atual-e-desdobramentos\/#primaryimage\"},\"image\":{\"@id\":\"https:\/\/portaltela.pt\/noticias\/2026\/03\/31\/palestinianos-em-foco-situacao-atual-e-desdobramentos\/#primaryimage\"},\"thumbnailUrl\":\"https:\/\/portaltela.pt\/s.01k8rhncp4jt1\/2026\/03\/320x180_cmsv2_cc62071e-ee28-55f2-afd6-1b3ae4e550a3-9704725.jpg\",\"datePublished\":\"2026-03-31T09:34:03+00:00\",\"author\":{\"@id\":\"https:\/\/portaltela.pt\/#\/schema\/person\/c4278d4a6028830caff9ee44b42d32ed\"},\"breadcrumb\":{\"@id\":\"https:\/\/portaltela.pt\/noticias\/2026\/03\/31\/palestinianos-em-foco-situacao-atual-e-desdobramentos\/#breadcrumb\"},\"inLanguage\":\"pt-PT\",\"potentialAction\":[{\"@type\":\"ReadAction\",\"target\":[\"https:\/\/portaltela.pt\/noticias\/2026\/03\/31\/palestinianos-em-foco-situacao-atual-e-desdobramentos\/\"]}]},{\"@type\":\"ImageObject\",\"inLanguage\":\"pt-PT\",\"@id\":\"https:\/\/portaltela.pt\/noticias\/2026\/03\/31\/palestinianos-em-foco-situacao-atual-e-desdobramentos\/#primaryimage\",\"url\":\"https:\/\/portaltela.pt\/s.01k8rhncp4jt1\/2026\/03\/320x180_cmsv2_cc62071e-ee28-55f2-afd6-1b3ae4e550a3-9704725.jpg\",\"contentUrl\":\"https:\/\/portaltela.pt\/s.01k8rhncp4jt1\/2026\/03\/320x180_cmsv2_cc62071e-ee28-55f2-afd6-1b3ae4e550a3-9704725.jpg\",\"width\":796,\"height\":448,\"caption\":\"Kaja Kallas\"},{\"@type\":\"BreadcrumbList\",\"@id\":\"https:\/\/portaltela.pt\/noticias\/2026\/03\/31\/palestinianos-em-foco-situacao-atual-e-desdobramentos\/#breadcrumb\",\"itemListElement\":[{\"@type\":\"ListItem\",\"position\":1,\"name\":\"In\u00edcio\",\"item\":\"https:\/\/portaltela.pt\/\"},{\"@type\":\"ListItem\",\"position\":2,\"name\":\"Palestinianos em foco: situa\u00e7\u00e3o atual e desdobramentos\"}]},{\"@type\":\"WebSite\",\"@id\":\"https:\/\/portaltela.pt\/#website\",\"url\":\"https:\/\/portaltela.pt\/\",\"name\":\"Portal Tela Portugal\",\"description\":\"\",\"potentialAction\":[{\"@type\":\"SearchAction\",\"target\":{\"@type\":\"EntryPoint\",\"urlTemplate\":\"https:\/\/portaltela.pt\/?s={search_term_string}\"},\"query-input\":{\"@type\":\"PropertyValueSpecification\",\"valueRequired\":true,\"valueName\":\"search_term_string\"}}],\"inLanguage\":\"pt-PT\"},{\"@type\":\"Person\",\"@id\":\"https:\/\/portaltela.pt\/#\/schema\/person\/c4278d4a6028830caff9ee44b42d32ed\",\"name\":\"Telinha\",\"image\":{\"@type\":\"ImageObject\",\"inLanguage\":\"pt-PT\",\"@id\":\"https:\/\/portaltela.pt\/s.01k8rhncp4jt1\/2025\/11\/talking-bot-125x125.png\",\"url\":\"https:\/\/portaltela.pt\/s.01k8rhncp4jt1\/2025\/11\/talking-bot-125x125.png\",\"contentUrl\":\"https:\/\/portaltela.pt\/s.01k8rhncp4jt1\/2025\/11\/talking-bot-125x125.png\",\"caption\":\"Telinha\"},\"sameAs\":[\"https:\/\/portaltela.pt\/\"],\"url\":\"https:\/\/portaltela.pt\/por\/367410592786\/\"}]}<\/script>\n<!-- \/ Yoast SEO plugin. -->","yoast_head_json":{"title":"Palestinianos em foco: situa\u00e7\u00e3o atual e desdobramentos - Portal Tela Portugal","robots":{"index":"index","follow":"follow","max-snippet":"max-snippet:-1","max-image-preview":"max-image-preview:large","max-video-preview":"max-video-preview:-1"},"og_locale":"pt_PT","og_type":"article","og_title":"Palestinianos em foco: situa\u00e7\u00e3o atual e desdobramentos - Portal Tela Portugal","og_description":"A Uni\u00e3o Europeia vai pressionar Israel a revogar a lei que permite a execu\u00e7\u00e3o de palestinianos condenados. Milhares de pessoas festejaram na Pra\u00e7a dos Ref\u00e9ns a liberta\u00e7\u00e3o de ref\u00e9ns israelitas, com o cessar-fogo a trazer al\u00edvio para Israel e para Gaza. Donald Trump assinou um acordo de paz para Gaza no Egito; prev\u00ea a liberta\u00e7\u00e3o de cerca de 1.900 prisioneiros palestinianos, sendo 48 ref\u00e9ns libertados, 20 vivos entre eles. Ataques a\u00e9reos israelitas j\u00e1 causaram ao menos 44 mortos em Gaza, enquanto aumenta a press\u00e3o internacional por um cessar-fogo. Deslocados em Gaza vivem em tendas dentro de um est\u00e1dio bombardeado, numa situa\u00e7\u00e3o de continuidade de combate e crise humanit\u00e1ria.","og_url":"https:\/\/portaltela.pt\/noticias\/2026\/03\/31\/palestinianos-em-foco-situacao-atual-e-desdobramentos\/","og_site_name":"Portal Tela Portugal","article_published_time":"2026-03-31T09:34:03+00:00","author":"Telinha","twitter_card":"summary_large_image","twitter_misc":{"Escrito por":"Telinha","Tempo estimado de leitura":"2 minutos"},"schema":{"@context":"https:\/\/schema.org","@graph":[{"@type":"Article","@id":"https:\/\/portaltela.pt\/noticias\/2026\/03\/31\/palestinianos-em-foco-situacao-atual-e-desdobramentos\/#article","isPartOf":{"@id":"https:\/\/portaltela.pt\/noticias\/2026\/03\/31\/palestinianos-em-foco-situacao-atual-e-desdobramentos\/"},"author":{"name":"Telinha","@id":"https:\/\/portaltela.pt\/#\/schema\/person\/c4278d4a6028830caff9ee44b42d32ed"},"headline":"Palestinianos em foco: situa\u00e7\u00e3o atual e desdobramentos","datePublished":"2026-03-31T09:34:03+00:00","mainEntityOfPage":{"@id":"https:\/\/portaltela.pt\/noticias\/2026\/03\/31\/palestinianos-em-foco-situacao-atual-e-desdobramentos\/"},"wordCount":382,"image":{"@id":"https:\/\/portaltela.pt\/noticias\/2026\/03\/31\/palestinianos-em-foco-situacao-atual-e-desdobramentos\/#primaryimage"},"thumbnailUrl":"https:\/\/portaltela.pt\/s.01k8rhncp4jt1\/2026\/03\/320x180_cmsv2_cc62071e-ee28-55f2-afd6-1b3ae4e550a3-9704725.jpg","keywords":["direitos humanos","Egito","Estados Unidos","Gaza","Israel","Palestina"],"articleSection":["Conflitos","Guerra"],"inLanguage":"pt-PT"},{"@type":"WebPage","@id":"https:\/\/portaltela.pt\/noticias\/2026\/03\/31\/palestinianos-em-foco-situacao-atual-e-desdobramentos\/","url":"https:\/\/portaltela.pt\/noticias\/2026\/03\/31\/palestinianos-em-foco-situacao-atual-e-desdobramentos\/","name":"Palestinianos em foco: situa\u00e7\u00e3o atual e desdobramentos - Portal Tela Portugal","isPartOf":{"@id":"https:\/\/portaltela.pt\/#website"},"primaryImageOfPage":{"@id":"https:\/\/portaltela.pt\/noticias\/2026\/03\/31\/palestinianos-em-foco-situacao-atual-e-desdobramentos\/#primaryimage"},"image":{"@id":"https:\/\/portaltela.pt\/noticias\/2026\/03\/31\/palestinianos-em-foco-situacao-atual-e-desdobramentos\/#primaryimage"},"thumbnailUrl":"https:\/\/portaltela.pt\/s.01k8rhncp4jt1\/2026\/03\/320x180_cmsv2_cc62071e-ee28-55f2-afd6-1b3ae4e550a3-9704725.jpg","datePublished":"2026-03-31T09:34:03+00:00","author":{"@id":"https:\/\/portaltela.pt\/#\/schema\/person\/c4278d4a6028830caff9ee44b42d32ed"},"breadcrumb":{"@id":"https:\/\/portaltela.pt\/noticias\/2026\/03\/31\/palestinianos-em-foco-situacao-atual-e-desdobramentos\/#breadcrumb"},"inLanguage":"pt-PT","potentialAction":[{"@type":"ReadAction","target":["https:\/\/portaltela.pt\/noticias\/2026\/03\/31\/palestinianos-em-foco-situacao-atual-e-desdobramentos\/"]}]},{"@type":"ImageObject","inLanguage":"pt-PT","@id":"https:\/\/portaltela.pt\/noticias\/2026\/03\/31\/palestinianos-em-foco-situacao-atual-e-desdobramentos\/#primaryimage","url":"https:\/\/portaltela.pt\/s.01k8rhncp4jt1\/2026\/03\/320x180_cmsv2_cc62071e-ee28-55f2-afd6-1b3ae4e550a3-9704725.jpg","contentUrl":"https:\/\/portaltela.pt\/s.01k8rhncp4jt1\/2026\/03\/320x180_cmsv2_cc62071e-ee28-55f2-afd6-1b3ae4e550a3-9704725.jpg","width":796,"height":448,"caption":"Kaja Kallas"},{"@type":"BreadcrumbList","@id":"https:\/\/portaltela.pt\/noticias\/2026\/03\/31\/palestinianos-em-foco-situacao-atual-e-desdobramentos\/#breadcrumb","itemListElement":[{"@type":"ListItem","position":1,"name":"In\u00edcio","item":"https:\/\/portaltela.pt\/"},{"@type":"ListItem","position":2,"name":"Palestinianos em foco: situa\u00e7\u00e3o atual e desdobramentos"}]},{"@type":"WebSite","@id":"https:\/\/portaltela.pt\/#website","url":"https:\/\/portaltela.pt\/","name":"Portal Tela Portugal","description":"","potentialAction":[{"@type":"SearchAction","target":{"@type":"EntryPoint","urlTemplate":"https:\/\/portaltela.pt\/?s={search_term_string}"},"query-input":{"@type":"PropertyValueSpecification","valueRequired":true,"valueName":"search_term_string"}}],"inLanguage":"pt-PT"},{"@type":"Person","@id":"https:\/\/portaltela.pt\/#\/schema\/person\/c4278d4a6028830caff9ee44b42d32ed","name":"Telinha","image":{"@type":"ImageObject","inLanguage":"pt-PT","@id":"https:\/\/portaltela.pt\/s.01k8rhncp4jt1\/2025\/11\/talking-bot-125x125.png","url":"https:\/\/portaltela.pt\/s.01k8rhncp4jt1\/2025\/11\/talking-bot-125x125.png","contentUrl":"https:\/\/portaltela.pt\/s.01k8rhncp4jt1\/2025\/11\/talking-bot-125x125.png","caption":"Telinha"},"sameAs":["https:\/\/portaltela.pt\/"],"url":"https:\/\/portaltela.pt\/por\/367410592786\/"}]}},"_links":{"self":[{"href":"https:\/\/portaltela.pt\/api\/wp\/v2\/posts\/427787","targetHints":{"allow":["GET"]}}],"collection":[{"href":"https:\/\/portaltela.pt\/api\/wp\/v2\/posts"}],"about":[{"href":"https:\/\/portaltela.pt\/api\/wp\/v2\/types\/post"}],"author":[{"embeddable":true,"href":"https:\/\/portaltela.pt\/api\/wp\/v2\/users\/2"}],"replies":[{"embeddable":true,"href":"https:\/\/portaltela.pt\/api\/wp\/v2\/comments?post=427787"}],"version-history":[{"count":0,"href":"https:\/\/portaltela.pt\/api\/wp\/v2\/posts\/427787\/revisions"}],"wp:featuredmedia":[{"embeddable":true,"href":"https:\/\/portaltela.pt\/api\/wp\/v2\/media\/427790"}],"wp:attachment":[{"href":"https:\/\/portaltela.pt\/api\/wp\/v2\/media?parent=427787"}],"wp:term":[{"taxonomy":"category","embeddable":true,"href":"https:\/\/portaltela.pt\/api\/wp\/v2\/categories?post=427787"},{"taxonomy":"post_tag","embeddable":true,"href":"https:\/\/portaltela.pt\/api\/wp\/v2\/tags?post=427787"}],"curies":[{"name":"wp","href":"https:\/\/api.w.org\/{rel}","templated":true}]}}