{"id":427786,"date":"2026-03-31T10:32:11","date_gmt":"2026-03-31T13:32:11","guid":{"rendered":"https:\/\/portaltela.pt\/noticias\/2026\/03\/31\/familiar-da-vitima-diz-que-relacao-com-o-ex-era-boa-na-rua\/"},"modified":"2026-03-31T10:32:11","modified_gmt":"2026-03-31T13:32:11","slug":"familiar-da-vitima-diz-que-relacao-com-o-ex-era-boa-na-rua","status":"publish","type":"post","link":"https:\/\/portaltela.pt\/justica\/2026\/03\/31\/familiar-da-vitima-diz-que-relacao-com-o-ex-era-boa-na-rua\/","title":{"rendered":"Familiar da v\u00edtima diz que rela\u00e7\u00e3o com o ex era boa na rua"},"content":{"rendered":"<p>Uma mulher foi assassinada pelo seu ex-companheiro, segundo informa\u00e7\u00f5es dispon\u00edveis. O crime ocorreu recentemente e a investiga\u00e7\u00e3o est\u00e1 em curso.<\/p>\n<p>A fam\u00edlia da v\u00edtima encontra-se em choque, n\u00e3o prevendo que tal trag\u00e9dia pudesse acontecer. Ainda n\u00e3o foram divulgados detalhes sobre as circunst\u00e2ncias do crime.<\/p>\n<p>Os familiares explicam que, no espa\u00e7o p\u00fablico, a rela\u00e7\u00e3o entre o ex-casal pareceu sempre est\u00e1vel e amig\u00e1vel. N\u00e3o h\u00e1 informa\u00e7\u00f5es adicionais sobre o que motivou o ato.<\/p>\n<p>O caso continua a ser acompanhada pelas autoridades e pelos meios locais, com a comunidade a pedir esclarecimentos sobre os factos e as circunst\u00e2ncias que levaram ao sucedido.<\/p>\n","protected":false},"excerpt":{"rendered":"<ul>\n<li>A fam\u00edlia da mulher assassinada pelo ex-companheiro est\u00e1 em choque e n\u00e3o previa a trag\u00e9dia.<\/li>\n<li>Familiares dizem que a rela\u00e7\u00e3o do ex-casal, na rua, era boa.<\/li>\n<li>O crime envolve o ex-companheiro da v\u00edtima.<\/li>\n<li>O texto n\u00e3o fornece detalhes adicionais sobre o caso ou o desfecho.<\/li>\n<\/ul>\n","protected":false},"author":2,"featured_media":427796,"comment_status":"closed","ping_status":"closed","sticky":false,"template":"","format":"standard","meta":{"footnotes":""},"categories":[6907,6815],"tags":[147,1166,1345,2701,1165,214],"class_list":["post-427786","post","type-post","status-publish","format-standard","has-post-thumbnail","hentry","category-crime","category-justica","tag-crime","tag-feminicidio","tag-homicidio","tag-mulheres","tag-violencia-de-genero","tag-violencia-domestica"],"yoast_head":"<!-- This site is optimized with the Yoast SEO plugin v27.2 - https:\/\/yoast.com\/product\/yoast-seo-wordpress\/ -->\n<title>Familiar da v\u00edtima diz que rela\u00e7\u00e3o com o ex era boa na rua - Portal Tela Portugal<\/title>\n<meta name=\"robots\" content=\"index, follow, max-snippet:-1, max-image-preview:large, max-video-preview:-1\" \/>\n<meta property=\"og:locale\" content=\"pt_PT\" \/>\n<meta property=\"og:type\" content=\"article\" \/>\n<meta property=\"og:title\" content=\"Familiar da v\u00edtima diz que rela\u00e7\u00e3o com o ex era boa na rua - Portal Tela Portugal\" \/>\n<meta property=\"og:description\" content=\"A fam\u00edlia da mulher assassinada pelo ex-companheiro est\u00e1 em choque e n\u00e3o previa a trag\u00e9dia. Familiares dizem que a rela\u00e7\u00e3o do ex-casal, na rua, era boa. O crime envolve o ex-companheiro da v\u00edtima. O texto n\u00e3o fornece detalhes adicionais sobre o caso ou o desfecho.\" \/>\n<meta property=\"og:url\" content=\"https:\/\/portaltela.pt\/noticias\/2026\/03\/31\/familiar-da-vitima-diz-que-relacao-com-o-ex-era-boa-na-rua\/\" \/>\n<meta property=\"og:site_name\" content=\"Portal Tela Portugal\" \/>\n<meta property=\"article:published_time\" content=\"2026-03-31T13:32:11+00:00\" \/>\n<meta name=\"author\" content=\"Telinha\" \/>\n<meta name=\"twitter:card\" content=\"summary_large_image\" \/>\n<meta name=\"twitter:label1\" content=\"Escrito por\" \/>\n\t<meta name=\"twitter:data1\" content=\"Telinha\" \/>\n\t<meta name=\"twitter:label2\" content=\"Tempo estimado de leitura\" \/>\n\t<meta name=\"twitter:data2\" content=\"1 minuto\" \/>\n<script type=\"application\/ld+json\" class=\"yoast-schema-graph\">{\"@context\":\"https:\/\/schema.org\",\"@graph\":[{\"@type\":\"Article\",\"@id\":\"https:\/\/portaltela.pt\/noticias\/2026\/03\/31\/familiar-da-vitima-diz-que-relacao-com-o-ex-era-boa-na-rua\/#article\",\"isPartOf\":{\"@id\":\"https:\/\/portaltela.pt\/noticias\/2026\/03\/31\/familiar-da-vitima-diz-que-relacao-com-o-ex-era-boa-na-rua\/\"},\"author\":{\"name\":\"Telinha\",\"@id\":\"https:\/\/portaltela.pt\/#\/schema\/person\/c4278d4a6028830caff9ee44b42d32ed\"},\"headline\":\"Familiar da v\u00edtima diz que rela\u00e7\u00e3o com o ex era boa na rua\",\"datePublished\":\"2026-03-31T13:32:11+00:00\",\"mainEntityOfPage\":{\"@id\":\"https:\/\/portaltela.pt\/noticias\/2026\/03\/31\/familiar-da-vitima-diz-que-relacao-com-o-ex-era-boa-na-rua\/\"},\"wordCount\":131,\"image\":{\"@id\":\"https:\/\/portaltela.pt\/noticias\/2026\/03\/31\/familiar-da-vitima-diz-que-relacao-com-o-ex-era-boa-na-rua\/#primaryimage\"},\"thumbnailUrl\":\"https:\/\/portaltela.pt\/s.01k8rhncp4jt1\/2026\/03\/img_1280x722uu2026-03-31-12-21-00-2275744.jpg\",\"keywords\":[\"crime\",\"feminic\u00eddio\",\"homic\u00eddio\",\"Mulheres\",\"viol\u00eancia de g\u00e9nero\",\"viol\u00eancia dom\u00e9stica\"],\"articleSection\":[\"Crime\",\"Justi\u00e7a\"],\"inLanguage\":\"pt-PT\"},{\"@type\":\"WebPage\",\"@id\":\"https:\/\/portaltela.pt\/noticias\/2026\/03\/31\/familiar-da-vitima-diz-que-relacao-com-o-ex-era-boa-na-rua\/\",\"url\":\"https:\/\/portaltela.pt\/noticias\/2026\/03\/31\/familiar-da-vitima-diz-que-relacao-com-o-ex-era-boa-na-rua\/\",\"name\":\"Familiar da v\u00edtima diz que rela\u00e7\u00e3o com o ex era boa na rua - Portal Tela Portugal\",\"isPartOf\":{\"@id\":\"https:\/\/portaltela.pt\/#website\"},\"primaryImageOfPage\":{\"@id\":\"https:\/\/portaltela.pt\/noticias\/2026\/03\/31\/familiar-da-vitima-diz-que-relacao-com-o-ex-era-boa-na-rua\/#primaryimage\"},\"image\":{\"@id\":\"https:\/\/portaltela.pt\/noticias\/2026\/03\/31\/familiar-da-vitima-diz-que-relacao-com-o-ex-era-boa-na-rua\/#primaryimage\"},\"thumbnailUrl\":\"https:\/\/portaltela.pt\/s.01k8rhncp4jt1\/2026\/03\/img_1280x722uu2026-03-31-12-21-00-2275744.jpg\",\"datePublished\":\"2026-03-31T13:32:11+00:00\",\"author\":{\"@id\":\"https:\/\/portaltela.pt\/#\/schema\/person\/c4278d4a6028830caff9ee44b42d32ed\"},\"breadcrumb\":{\"@id\":\"https:\/\/portaltela.pt\/noticias\/2026\/03\/31\/familiar-da-vitima-diz-que-relacao-com-o-ex-era-boa-na-rua\/#breadcrumb\"},\"inLanguage\":\"pt-PT\",\"potentialAction\":[{\"@type\":\"ReadAction\",\"target\":[\"https:\/\/portaltela.pt\/noticias\/2026\/03\/31\/familiar-da-vitima-diz-que-relacao-com-o-ex-era-boa-na-rua\/\"]}]},{\"@type\":\"ImageObject\",\"inLanguage\":\"pt-PT\",\"@id\":\"https:\/\/portaltela.pt\/noticias\/2026\/03\/31\/familiar-da-vitima-diz-que-relacao-com-o-ex-era-boa-na-rua\/#primaryimage\",\"url\":\"https:\/\/portaltela.pt\/s.01k8rhncp4jt1\/2026\/03\/img_1280x722uu2026-03-31-12-21-00-2275744.jpg\",\"contentUrl\":\"https:\/\/portaltela.pt\/s.01k8rhncp4jt1\/2026\/03\/img_1280x722uu2026-03-31-12-21-00-2275744.jpg\",\"width\":796,\"height\":448,\"caption\":\"Photo\"},{\"@type\":\"BreadcrumbList\",\"@id\":\"https:\/\/portaltela.pt\/noticias\/2026\/03\/31\/familiar-da-vitima-diz-que-relacao-com-o-ex-era-boa-na-rua\/#breadcrumb\",\"itemListElement\":[{\"@type\":\"ListItem\",\"position\":1,\"name\":\"In\u00edcio\",\"item\":\"https:\/\/portaltela.pt\/\"},{\"@type\":\"ListItem\",\"position\":2,\"name\":\"Familiar da v\u00edtima diz que rela\u00e7\u00e3o com o ex era boa na rua\"}]},{\"@type\":\"WebSite\",\"@id\":\"https:\/\/portaltela.pt\/#website\",\"url\":\"https:\/\/portaltela.pt\/\",\"name\":\"Portal Tela Portugal\",\"description\":\"\",\"potentialAction\":[{\"@type\":\"SearchAction\",\"target\":{\"@type\":\"EntryPoint\",\"urlTemplate\":\"https:\/\/portaltela.pt\/?s={search_term_string}\"},\"query-input\":{\"@type\":\"PropertyValueSpecification\",\"valueRequired\":true,\"valueName\":\"search_term_string\"}}],\"inLanguage\":\"pt-PT\"},{\"@type\":\"Person\",\"@id\":\"https:\/\/portaltela.pt\/#\/schema\/person\/c4278d4a6028830caff9ee44b42d32ed\",\"name\":\"Telinha\",\"image\":{\"@type\":\"ImageObject\",\"inLanguage\":\"pt-PT\",\"@id\":\"https:\/\/portaltela.pt\/s.01k8rhncp4jt1\/2025\/11\/talking-bot-125x125.png\",\"url\":\"https:\/\/portaltela.pt\/s.01k8rhncp4jt1\/2025\/11\/talking-bot-125x125.png\",\"contentUrl\":\"https:\/\/portaltela.pt\/s.01k8rhncp4jt1\/2025\/11\/talking-bot-125x125.png\",\"caption\":\"Telinha\"},\"sameAs\":[\"https:\/\/portaltela.pt\/\"],\"url\":\"https:\/\/portaltela.pt\/por\/367410592786\/\"}]}<\/script>\n<!-- \/ Yoast SEO plugin. -->","yoast_head_json":{"title":"Familiar da v\u00edtima diz que rela\u00e7\u00e3o com o ex era boa na rua - Portal Tela Portugal","robots":{"index":"index","follow":"follow","max-snippet":"max-snippet:-1","max-image-preview":"max-image-preview:large","max-video-preview":"max-video-preview:-1"},"og_locale":"pt_PT","og_type":"article","og_title":"Familiar da v\u00edtima diz que rela\u00e7\u00e3o com o ex era boa na rua - Portal Tela Portugal","og_description":"A fam\u00edlia da mulher assassinada pelo ex-companheiro est\u00e1 em choque e n\u00e3o previa a trag\u00e9dia. Familiares dizem que a rela\u00e7\u00e3o do ex-casal, na rua, era boa. O crime envolve o ex-companheiro da v\u00edtima. O texto n\u00e3o fornece detalhes adicionais sobre o caso ou o desfecho.","og_url":"https:\/\/portaltela.pt\/noticias\/2026\/03\/31\/familiar-da-vitima-diz-que-relacao-com-o-ex-era-boa-na-rua\/","og_site_name":"Portal Tela Portugal","article_published_time":"2026-03-31T13:32:11+00:00","author":"Telinha","twitter_card":"summary_large_image","twitter_misc":{"Escrito por":"Telinha","Tempo estimado de leitura":"1 minuto"},"schema":{"@context":"https:\/\/schema.org","@graph":[{"@type":"Article","@id":"https:\/\/portaltela.pt\/noticias\/2026\/03\/31\/familiar-da-vitima-diz-que-relacao-com-o-ex-era-boa-na-rua\/#article","isPartOf":{"@id":"https:\/\/portaltela.pt\/noticias\/2026\/03\/31\/familiar-da-vitima-diz-que-relacao-com-o-ex-era-boa-na-rua\/"},"author":{"name":"Telinha","@id":"https:\/\/portaltela.pt\/#\/schema\/person\/c4278d4a6028830caff9ee44b42d32ed"},"headline":"Familiar da v\u00edtima diz que rela\u00e7\u00e3o com o ex era boa na rua","datePublished":"2026-03-31T13:32:11+00:00","mainEntityOfPage":{"@id":"https:\/\/portaltela.pt\/noticias\/2026\/03\/31\/familiar-da-vitima-diz-que-relacao-com-o-ex-era-boa-na-rua\/"},"wordCount":131,"image":{"@id":"https:\/\/portaltela.pt\/noticias\/2026\/03\/31\/familiar-da-vitima-diz-que-relacao-com-o-ex-era-boa-na-rua\/#primaryimage"},"thumbnailUrl":"https:\/\/portaltela.pt\/s.01k8rhncp4jt1\/2026\/03\/img_1280x722uu2026-03-31-12-21-00-2275744.jpg","keywords":["crime","feminic\u00eddio","homic\u00eddio","Mulheres","viol\u00eancia de g\u00e9nero","viol\u00eancia dom\u00e9stica"],"articleSection":["Crime","Justi\u00e7a"],"inLanguage":"pt-PT"},{"@type":"WebPage","@id":"https:\/\/portaltela.pt\/noticias\/2026\/03\/31\/familiar-da-vitima-diz-que-relacao-com-o-ex-era-boa-na-rua\/","url":"https:\/\/portaltela.pt\/noticias\/2026\/03\/31\/familiar-da-vitima-diz-que-relacao-com-o-ex-era-boa-na-rua\/","name":"Familiar da v\u00edtima diz que rela\u00e7\u00e3o com o ex era boa na rua - Portal Tela Portugal","isPartOf":{"@id":"https:\/\/portaltela.pt\/#website"},"primaryImageOfPage":{"@id":"https:\/\/portaltela.pt\/noticias\/2026\/03\/31\/familiar-da-vitima-diz-que-relacao-com-o-ex-era-boa-na-rua\/#primaryimage"},"image":{"@id":"https:\/\/portaltela.pt\/noticias\/2026\/03\/31\/familiar-da-vitima-diz-que-relacao-com-o-ex-era-boa-na-rua\/#primaryimage"},"thumbnailUrl":"https:\/\/portaltela.pt\/s.01k8rhncp4jt1\/2026\/03\/img_1280x722uu2026-03-31-12-21-00-2275744.jpg","datePublished":"2026-03-31T13:32:11+00:00","author":{"@id":"https:\/\/portaltela.pt\/#\/schema\/person\/c4278d4a6028830caff9ee44b42d32ed"},"breadcrumb":{"@id":"https:\/\/portaltela.pt\/noticias\/2026\/03\/31\/familiar-da-vitima-diz-que-relacao-com-o-ex-era-boa-na-rua\/#breadcrumb"},"inLanguage":"pt-PT","potentialAction":[{"@type":"ReadAction","target":["https:\/\/portaltela.pt\/noticias\/2026\/03\/31\/familiar-da-vitima-diz-que-relacao-com-o-ex-era-boa-na-rua\/"]}]},{"@type":"ImageObject","inLanguage":"pt-PT","@id":"https:\/\/portaltela.pt\/noticias\/2026\/03\/31\/familiar-da-vitima-diz-que-relacao-com-o-ex-era-boa-na-rua\/#primaryimage","url":"https:\/\/portaltela.pt\/s.01k8rhncp4jt1\/2026\/03\/img_1280x722uu2026-03-31-12-21-00-2275744.jpg","contentUrl":"https:\/\/portaltela.pt\/s.01k8rhncp4jt1\/2026\/03\/img_1280x722uu2026-03-31-12-21-00-2275744.jpg","width":796,"height":448,"caption":"Photo"},{"@type":"BreadcrumbList","@id":"https:\/\/portaltela.pt\/noticias\/2026\/03\/31\/familiar-da-vitima-diz-que-relacao-com-o-ex-era-boa-na-rua\/#breadcrumb","itemListElement":[{"@type":"ListItem","position":1,"name":"In\u00edcio","item":"https:\/\/portaltela.pt\/"},{"@type":"ListItem","position":2,"name":"Familiar da v\u00edtima diz que rela\u00e7\u00e3o com o ex era boa na rua"}]},{"@type":"WebSite","@id":"https:\/\/portaltela.pt\/#website","url":"https:\/\/portaltela.pt\/","name":"Portal Tela Portugal","description":"","potentialAction":[{"@type":"SearchAction","target":{"@type":"EntryPoint","urlTemplate":"https:\/\/portaltela.pt\/?s={search_term_string}"},"query-input":{"@type":"PropertyValueSpecification","valueRequired":true,"valueName":"search_term_string"}}],"inLanguage":"pt-PT"},{"@type":"Person","@id":"https:\/\/portaltela.pt\/#\/schema\/person\/c4278d4a6028830caff9ee44b42d32ed","name":"Telinha","image":{"@type":"ImageObject","inLanguage":"pt-PT","@id":"https:\/\/portaltela.pt\/s.01k8rhncp4jt1\/2025\/11\/talking-bot-125x125.png","url":"https:\/\/portaltela.pt\/s.01k8rhncp4jt1\/2025\/11\/talking-bot-125x125.png","contentUrl":"https:\/\/portaltela.pt\/s.01k8rhncp4jt1\/2025\/11\/talking-bot-125x125.png","caption":"Telinha"},"sameAs":["https:\/\/portaltela.pt\/"],"url":"https:\/\/portaltela.pt\/por\/367410592786\/"}]}},"_links":{"self":[{"href":"https:\/\/portaltela.pt\/api\/wp\/v2\/posts\/427786","targetHints":{"allow":["GET"]}}],"collection":[{"href":"https:\/\/portaltela.pt\/api\/wp\/v2\/posts"}],"about":[{"href":"https:\/\/portaltela.pt\/api\/wp\/v2\/types\/post"}],"author":[{"embeddable":true,"href":"https:\/\/portaltela.pt\/api\/wp\/v2\/users\/2"}],"replies":[{"embeddable":true,"href":"https:\/\/portaltela.pt\/api\/wp\/v2\/comments?post=427786"}],"version-history":[{"count":0,"href":"https:\/\/portaltela.pt\/api\/wp\/v2\/posts\/427786\/revisions"}],"wp:featuredmedia":[{"embeddable":true,"href":"https:\/\/portaltela.pt\/api\/wp\/v2\/media\/427796"}],"wp:attachment":[{"href":"https:\/\/portaltela.pt\/api\/wp\/v2\/media?parent=427786"}],"wp:term":[{"taxonomy":"category","embeddable":true,"href":"https:\/\/portaltela.pt\/api\/wp\/v2\/categories?post=427786"},{"taxonomy":"post_tag","embeddable":true,"href":"https:\/\/portaltela.pt\/api\/wp\/v2\/tags?post=427786"}],"curies":[{"name":"wp","href":"https:\/\/api.w.org\/{rel}","templated":true}]}}