{"id":427780,"date":"2026-03-31T10:17:18","date_gmt":"2026-03-31T13:17:18","guid":{"rendered":"https:\/\/portaltela.pt\/noticias\/2026\/03\/31\/volta-ao-mundo-de-abril-ja-nas-bancas-nesta-quarta-feira\/"},"modified":"2026-03-31T10:17:18","modified_gmt":"2026-03-31T13:17:18","slug":"volta-ao-mundo-de-abril-ja-nas-bancas-nesta-quarta-feira","status":"publish","type":"post","link":"https:\/\/portaltela.pt\/noticias\/2026\/03\/31\/volta-ao-mundo-de-abril-ja-nas-bancas-nesta-quarta-feira\/","title":{"rendered":"Volta ao Mundo de abril j\u00e1 nas bancas nesta quarta-feira"},"content":{"rendered":"<p>A edi\u00e7\u00e3o de abril da Volta ao Mundo chega \u00e0s bancas nesta quarta-feira. O magazine traz uma sele\u00e7\u00e3o de viagens que atravessam o norte europeu, \u00c1frica e algumas zonas de turismo, com foco em paisagens, culturas e desafios do turismo sustent\u00e1vel. A publica\u00e7\u00e3o mant\u00e9m o formato de reportagem de viagem, com imagens que ilustram os destinos.<\/p>\n<p>Na capa, o destaque fica para as paisagens dos pa\u00edses n\u00f3rdicos. Picos nevados convivem com casinhas coloridas, e o mar surge como meio de comunica\u00e7\u00e3o entre comunidades remotas. A reportagem explora as<\/p>\n<p>lendas locais, como os Throlls, e a vida de quem habita as \u00e1reas mais setentrionais do planeta.<\/p>\n<p>Entre os destinos, o norte da Noruega ganha espa\u00e7o com Lofoten e Svalbard, seguidos pela Isl\u00e2ndia. O objetivo \u00e9 mostrar a diversidade clim\u00e1tica e cultural da regi\u00e3o, bem como os impactos do turismo nas comunidades locais.<\/p>\n<p>Em paralelo, a edi\u00e7\u00e3o acompanha uma viagem improv\u00e1vel pela \u00c1frica, com um pai e a filha que desenham o seu pr\u00f3prio mapa de turismo. O percurso parte de Luanda, atravessa a costa at\u00e9 Cabo e segue para Leiria.<\/p>\n<p>Outro eixo da revista mergulha na Bali contempor\u00e2nea, marcada pelo turismo de massa e pelas solu\u00e7\u00f5es que est\u00e3o a ser procuradas para promover experi\u00eancias mais sustent\u00e1veis e menos degradantes do ecossistema local.<\/p>\n<h3>Perspetivas ambientais e humanas<\/h3>\n<p>A edi\u00e7\u00e3o dedica espa\u00e7o \u00e0s florestas de manguezais de Sundarbans, na Ba\u00eda de Bengala, destacando a import\u00e2ncia ecol\u00f3gica e os riscos que enfrentam. A reportagem analisa os desafios de preserva\u00e7\u00e3o frente ao incremento de visita\u00e7\u00f5es.<\/p>\n<p>Ao regressar \u00e0 Europa, o foco recai sobre a P\u00e1scoa em Jerez de la Frontera, com relevo para tradi\u00e7\u00f5es locais e o impacto do turismo sazonal na regi\u00e3o. A revista encerra com uma vis\u00e3o global das viagens apresentadas.<\/p>\n<p>A Volta ao Mundo de abril promete oferecer leitura fluida, dados \u00fateis e imagens que contextualizam cada destino, sempre com abordagem informativa e neutra.<\/p>\n","protected":false},"excerpt":{"rendered":"<ul>\n<li>A edi\u00e7\u00e3o de abril da Volta ao Mundo destaca as paisagens do norte da Europa, com foco na Noruega, Lofoten, Svalbard e Isl\u00e2ndia.<\/li>\n<li>O conte\u00fado explora picos nevados, casinhas coloridas, o mar como meio de comunica\u00e7\u00e3o, lendas de trolls e a vida das pessoas que moram ainda mais ao norte.<\/li>\n<li>Inclui uma viagem \u00e0 \u00c1frica, acompanhando um pai e a filha que desenham o seu mapa, desde Luanda at\u00e9 ao Cabo, passando por Leiria.<\/li>\n<li>O guia tamb\u00e9m passa pela Bali de sonhos tur\u00edsticos e analisa solu\u00e7\u00f5es para o excesso de turismo.<\/li>\n<li>O passeio segue at\u00e9 aos manguezais de Sundarbans, na Ba\u00eda de Bengala, e regressa a tempo da P\u00e1scoa em Jerez de la Frontera; a edi\u00e7\u00e3o chega \u00e0s bancas na quarta-feira.<\/li>\n<\/ul>\n","protected":false},"author":2,"featured_media":427783,"comment_status":"closed","ping_status":"closed","sticky":false,"template":"","format":"standard","meta":{"footnotes":""},"categories":[7381,1],"tags":[5227,3759,2125,169,3445,6037],"class_list":["post-427780","post","type-post","status-publish","format-standard","has-post-thumbnail","hentry","category-lazer","category-noticias","tag-africa","tag-islandia","tag-noruega","tag-turismo","tag-turismo-sustentavel","tag-viagens-internacionais"],"yoast_head":"<!-- This site is optimized with the Yoast SEO plugin v27.2 - https:\/\/yoast.com\/product\/yoast-seo-wordpress\/ -->\n<title>Volta ao Mundo de abril j\u00e1 nas bancas nesta quarta-feira - Portal Tela Portugal<\/title>\n<meta name=\"robots\" content=\"index, follow, max-snippet:-1, max-image-preview:large, max-video-preview:-1\" \/>\n<meta property=\"og:locale\" content=\"pt_PT\" \/>\n<meta property=\"og:type\" content=\"article\" \/>\n<meta property=\"og:title\" content=\"Volta ao Mundo de abril j\u00e1 nas bancas nesta quarta-feira - Portal Tela Portugal\" \/>\n<meta property=\"og:description\" content=\"A edi\u00e7\u00e3o de abril da Volta ao Mundo destaca as paisagens do norte da Europa, com foco na Noruega, Lofoten, Svalbard e Isl\u00e2ndia. O conte\u00fado explora picos nevados, casinhas coloridas, o mar como meio de comunica\u00e7\u00e3o, lendas de trolls e a vida das pessoas que moram ainda mais ao norte. Inclui uma viagem \u00e0 \u00c1frica, acompanhando um pai e a filha que desenham o seu mapa, desde Luanda at\u00e9 ao Cabo, passando por Leiria. O guia tamb\u00e9m passa pela Bali de sonhos tur\u00edsticos e analisa solu\u00e7\u00f5es para o excesso de turismo. O passeio segue at\u00e9 aos manguezais de Sundarbans, na Ba\u00eda de Bengala, e regressa a tempo da P\u00e1scoa em Jerez de la Frontera; a edi\u00e7\u00e3o chega \u00e0s bancas na quarta-feira.\" \/>\n<meta property=\"og:url\" content=\"https:\/\/portaltela.pt\/noticias\/2026\/03\/31\/volta-ao-mundo-de-abril-ja-nas-bancas-nesta-quarta-feira\/\" \/>\n<meta property=\"og:site_name\" content=\"Portal Tela Portugal\" \/>\n<meta property=\"article:published_time\" content=\"2026-03-31T13:17:18+00:00\" \/>\n<meta name=\"author\" content=\"Telinha\" \/>\n<meta name=\"twitter:card\" content=\"summary_large_image\" \/>\n<meta name=\"twitter:label1\" content=\"Escrito por\" \/>\n\t<meta name=\"twitter:data1\" content=\"Telinha\" \/>\n\t<meta name=\"twitter:label2\" content=\"Tempo estimado de leitura\" \/>\n\t<meta name=\"twitter:data2\" content=\"2 minutos\" \/>\n<script type=\"application\/ld+json\" class=\"yoast-schema-graph\">{\"@context\":\"https:\/\/schema.org\",\"@graph\":[{\"@type\":\"Article\",\"@id\":\"https:\/\/portaltela.pt\/noticias\/2026\/03\/31\/volta-ao-mundo-de-abril-ja-nas-bancas-nesta-quarta-feira\/#article\",\"isPartOf\":{\"@id\":\"https:\/\/portaltela.pt\/noticias\/2026\/03\/31\/volta-ao-mundo-de-abril-ja-nas-bancas-nesta-quarta-feira\/\"},\"author\":{\"name\":\"Telinha\",\"@id\":\"https:\/\/portaltela.pt\/#\/schema\/person\/c4278d4a6028830caff9ee44b42d32ed\"},\"headline\":\"Volta ao Mundo de abril j\u00e1 nas bancas nesta quarta-feira\",\"datePublished\":\"2026-03-31T13:17:18+00:00\",\"mainEntityOfPage\":{\"@id\":\"https:\/\/portaltela.pt\/noticias\/2026\/03\/31\/volta-ao-mundo-de-abril-ja-nas-bancas-nesta-quarta-feira\/\"},\"wordCount\":351,\"image\":{\"@id\":\"https:\/\/portaltela.pt\/noticias\/2026\/03\/31\/volta-ao-mundo-de-abril-ja-nas-bancas-nesta-quarta-feira\/#primaryimage\"},\"thumbnailUrl\":\"https:\/\/portaltela.pt\/s.01k8rhncp4jt1\/2026\/03\/image-1863.jpg\",\"keywords\":[\"\u00c1frica\",\"Isl\u00e2ndia\",\"Noruega\",\"turismo\",\"Turismo Sustent\u00e1vel\",\"viagens internacionais\"],\"articleSection\":[\"Lazer\",\"Not\u00edcias\"],\"inLanguage\":\"pt-PT\"},{\"@type\":\"WebPage\",\"@id\":\"https:\/\/portaltela.pt\/noticias\/2026\/03\/31\/volta-ao-mundo-de-abril-ja-nas-bancas-nesta-quarta-feira\/\",\"url\":\"https:\/\/portaltela.pt\/noticias\/2026\/03\/31\/volta-ao-mundo-de-abril-ja-nas-bancas-nesta-quarta-feira\/\",\"name\":\"Volta ao Mundo de abril j\u00e1 nas bancas nesta quarta-feira - Portal Tela Portugal\",\"isPartOf\":{\"@id\":\"https:\/\/portaltela.pt\/#website\"},\"primaryImageOfPage\":{\"@id\":\"https:\/\/portaltela.pt\/noticias\/2026\/03\/31\/volta-ao-mundo-de-abril-ja-nas-bancas-nesta-quarta-feira\/#primaryimage\"},\"image\":{\"@id\":\"https:\/\/portaltela.pt\/noticias\/2026\/03\/31\/volta-ao-mundo-de-abril-ja-nas-bancas-nesta-quarta-feira\/#primaryimage\"},\"thumbnailUrl\":\"https:\/\/portaltela.pt\/s.01k8rhncp4jt1\/2026\/03\/image-1863.jpg\",\"datePublished\":\"2026-03-31T13:17:18+00:00\",\"author\":{\"@id\":\"https:\/\/portaltela.pt\/#\/schema\/person\/c4278d4a6028830caff9ee44b42d32ed\"},\"breadcrumb\":{\"@id\":\"https:\/\/portaltela.pt\/noticias\/2026\/03\/31\/volta-ao-mundo-de-abril-ja-nas-bancas-nesta-quarta-feira\/#breadcrumb\"},\"inLanguage\":\"pt-PT\",\"potentialAction\":[{\"@type\":\"ReadAction\",\"target\":[\"https:\/\/portaltela.pt\/noticias\/2026\/03\/31\/volta-ao-mundo-de-abril-ja-nas-bancas-nesta-quarta-feira\/\"]}]},{\"@type\":\"ImageObject\",\"inLanguage\":\"pt-PT\",\"@id\":\"https:\/\/portaltela.pt\/noticias\/2026\/03\/31\/volta-ao-mundo-de-abril-ja-nas-bancas-nesta-quarta-feira\/#primaryimage\",\"url\":\"https:\/\/portaltela.pt\/s.01k8rhncp4jt1\/2026\/03\/image-1863.jpg\",\"contentUrl\":\"https:\/\/portaltela.pt\/s.01k8rhncp4jt1\/2026\/03\/image-1863.jpg\",\"width\":796,\"height\":448,\"caption\":\"As m\u00e1gicas paisagens do norte da Europa est\u00e3o em destaque na edi\u00e7\u00e3o de abril da Volta ao Mundo\"},{\"@type\":\"BreadcrumbList\",\"@id\":\"https:\/\/portaltela.pt\/noticias\/2026\/03\/31\/volta-ao-mundo-de-abril-ja-nas-bancas-nesta-quarta-feira\/#breadcrumb\",\"itemListElement\":[{\"@type\":\"ListItem\",\"position\":1,\"name\":\"In\u00edcio\",\"item\":\"https:\/\/portaltela.pt\/\"},{\"@type\":\"ListItem\",\"position\":2,\"name\":\"Volta ao Mundo de abril j\u00e1 nas bancas nesta quarta-feira\"}]},{\"@type\":\"WebSite\",\"@id\":\"https:\/\/portaltela.pt\/#website\",\"url\":\"https:\/\/portaltela.pt\/\",\"name\":\"Portal Tela Portugal\",\"description\":\"\",\"potentialAction\":[{\"@type\":\"SearchAction\",\"target\":{\"@type\":\"EntryPoint\",\"urlTemplate\":\"https:\/\/portaltela.pt\/?s={search_term_string}\"},\"query-input\":{\"@type\":\"PropertyValueSpecification\",\"valueRequired\":true,\"valueName\":\"search_term_string\"}}],\"inLanguage\":\"pt-PT\"},{\"@type\":\"Person\",\"@id\":\"https:\/\/portaltela.pt\/#\/schema\/person\/c4278d4a6028830caff9ee44b42d32ed\",\"name\":\"Telinha\",\"image\":{\"@type\":\"ImageObject\",\"inLanguage\":\"pt-PT\",\"@id\":\"https:\/\/portaltela.pt\/s.01k8rhncp4jt1\/2025\/11\/talking-bot-125x125.png\",\"url\":\"https:\/\/portaltela.pt\/s.01k8rhncp4jt1\/2025\/11\/talking-bot-125x125.png\",\"contentUrl\":\"https:\/\/portaltela.pt\/s.01k8rhncp4jt1\/2025\/11\/talking-bot-125x125.png\",\"caption\":\"Telinha\"},\"sameAs\":[\"https:\/\/portaltela.pt\/\"],\"url\":\"https:\/\/portaltela.pt\/por\/367410592786\/\"}]}<\/script>\n<!-- \/ Yoast SEO plugin. -->","yoast_head_json":{"title":"Volta ao Mundo de abril j\u00e1 nas bancas nesta quarta-feira - Portal Tela Portugal","robots":{"index":"index","follow":"follow","max-snippet":"max-snippet:-1","max-image-preview":"max-image-preview:large","max-video-preview":"max-video-preview:-1"},"og_locale":"pt_PT","og_type":"article","og_title":"Volta ao Mundo de abril j\u00e1 nas bancas nesta quarta-feira - Portal Tela Portugal","og_description":"A edi\u00e7\u00e3o de abril da Volta ao Mundo destaca as paisagens do norte da Europa, com foco na Noruega, Lofoten, Svalbard e Isl\u00e2ndia. O conte\u00fado explora picos nevados, casinhas coloridas, o mar como meio de comunica\u00e7\u00e3o, lendas de trolls e a vida das pessoas que moram ainda mais ao norte. Inclui uma viagem \u00e0 \u00c1frica, acompanhando um pai e a filha que desenham o seu mapa, desde Luanda at\u00e9 ao Cabo, passando por Leiria. O guia tamb\u00e9m passa pela Bali de sonhos tur\u00edsticos e analisa solu\u00e7\u00f5es para o excesso de turismo. O passeio segue at\u00e9 aos manguezais de Sundarbans, na Ba\u00eda de Bengala, e regressa a tempo da P\u00e1scoa em Jerez de la Frontera; a edi\u00e7\u00e3o chega \u00e0s bancas na quarta-feira.","og_url":"https:\/\/portaltela.pt\/noticias\/2026\/03\/31\/volta-ao-mundo-de-abril-ja-nas-bancas-nesta-quarta-feira\/","og_site_name":"Portal Tela Portugal","article_published_time":"2026-03-31T13:17:18+00:00","author":"Telinha","twitter_card":"summary_large_image","twitter_misc":{"Escrito por":"Telinha","Tempo estimado de leitura":"2 minutos"},"schema":{"@context":"https:\/\/schema.org","@graph":[{"@type":"Article","@id":"https:\/\/portaltela.pt\/noticias\/2026\/03\/31\/volta-ao-mundo-de-abril-ja-nas-bancas-nesta-quarta-feira\/#article","isPartOf":{"@id":"https:\/\/portaltela.pt\/noticias\/2026\/03\/31\/volta-ao-mundo-de-abril-ja-nas-bancas-nesta-quarta-feira\/"},"author":{"name":"Telinha","@id":"https:\/\/portaltela.pt\/#\/schema\/person\/c4278d4a6028830caff9ee44b42d32ed"},"headline":"Volta ao Mundo de abril j\u00e1 nas bancas nesta quarta-feira","datePublished":"2026-03-31T13:17:18+00:00","mainEntityOfPage":{"@id":"https:\/\/portaltela.pt\/noticias\/2026\/03\/31\/volta-ao-mundo-de-abril-ja-nas-bancas-nesta-quarta-feira\/"},"wordCount":351,"image":{"@id":"https:\/\/portaltela.pt\/noticias\/2026\/03\/31\/volta-ao-mundo-de-abril-ja-nas-bancas-nesta-quarta-feira\/#primaryimage"},"thumbnailUrl":"https:\/\/portaltela.pt\/s.01k8rhncp4jt1\/2026\/03\/image-1863.jpg","keywords":["\u00c1frica","Isl\u00e2ndia","Noruega","turismo","Turismo Sustent\u00e1vel","viagens internacionais"],"articleSection":["Lazer","Not\u00edcias"],"inLanguage":"pt-PT"},{"@type":"WebPage","@id":"https:\/\/portaltela.pt\/noticias\/2026\/03\/31\/volta-ao-mundo-de-abril-ja-nas-bancas-nesta-quarta-feira\/","url":"https:\/\/portaltela.pt\/noticias\/2026\/03\/31\/volta-ao-mundo-de-abril-ja-nas-bancas-nesta-quarta-feira\/","name":"Volta ao Mundo de abril j\u00e1 nas bancas nesta quarta-feira - Portal Tela Portugal","isPartOf":{"@id":"https:\/\/portaltela.pt\/#website"},"primaryImageOfPage":{"@id":"https:\/\/portaltela.pt\/noticias\/2026\/03\/31\/volta-ao-mundo-de-abril-ja-nas-bancas-nesta-quarta-feira\/#primaryimage"},"image":{"@id":"https:\/\/portaltela.pt\/noticias\/2026\/03\/31\/volta-ao-mundo-de-abril-ja-nas-bancas-nesta-quarta-feira\/#primaryimage"},"thumbnailUrl":"https:\/\/portaltela.pt\/s.01k8rhncp4jt1\/2026\/03\/image-1863.jpg","datePublished":"2026-03-31T13:17:18+00:00","author":{"@id":"https:\/\/portaltela.pt\/#\/schema\/person\/c4278d4a6028830caff9ee44b42d32ed"},"breadcrumb":{"@id":"https:\/\/portaltela.pt\/noticias\/2026\/03\/31\/volta-ao-mundo-de-abril-ja-nas-bancas-nesta-quarta-feira\/#breadcrumb"},"inLanguage":"pt-PT","potentialAction":[{"@type":"ReadAction","target":["https:\/\/portaltela.pt\/noticias\/2026\/03\/31\/volta-ao-mundo-de-abril-ja-nas-bancas-nesta-quarta-feira\/"]}]},{"@type":"ImageObject","inLanguage":"pt-PT","@id":"https:\/\/portaltela.pt\/noticias\/2026\/03\/31\/volta-ao-mundo-de-abril-ja-nas-bancas-nesta-quarta-feira\/#primaryimage","url":"https:\/\/portaltela.pt\/s.01k8rhncp4jt1\/2026\/03\/image-1863.jpg","contentUrl":"https:\/\/portaltela.pt\/s.01k8rhncp4jt1\/2026\/03\/image-1863.jpg","width":796,"height":448,"caption":"As m\u00e1gicas paisagens do norte da Europa est\u00e3o em destaque na edi\u00e7\u00e3o de abril da Volta ao Mundo"},{"@type":"BreadcrumbList","@id":"https:\/\/portaltela.pt\/noticias\/2026\/03\/31\/volta-ao-mundo-de-abril-ja-nas-bancas-nesta-quarta-feira\/#breadcrumb","itemListElement":[{"@type":"ListItem","position":1,"name":"In\u00edcio","item":"https:\/\/portaltela.pt\/"},{"@type":"ListItem","position":2,"name":"Volta ao Mundo de abril j\u00e1 nas bancas nesta quarta-feira"}]},{"@type":"WebSite","@id":"https:\/\/portaltela.pt\/#website","url":"https:\/\/portaltela.pt\/","name":"Portal Tela Portugal","description":"","potentialAction":[{"@type":"SearchAction","target":{"@type":"EntryPoint","urlTemplate":"https:\/\/portaltela.pt\/?s={search_term_string}"},"query-input":{"@type":"PropertyValueSpecification","valueRequired":true,"valueName":"search_term_string"}}],"inLanguage":"pt-PT"},{"@type":"Person","@id":"https:\/\/portaltela.pt\/#\/schema\/person\/c4278d4a6028830caff9ee44b42d32ed","name":"Telinha","image":{"@type":"ImageObject","inLanguage":"pt-PT","@id":"https:\/\/portaltela.pt\/s.01k8rhncp4jt1\/2025\/11\/talking-bot-125x125.png","url":"https:\/\/portaltela.pt\/s.01k8rhncp4jt1\/2025\/11\/talking-bot-125x125.png","contentUrl":"https:\/\/portaltela.pt\/s.01k8rhncp4jt1\/2025\/11\/talking-bot-125x125.png","caption":"Telinha"},"sameAs":["https:\/\/portaltela.pt\/"],"url":"https:\/\/portaltela.pt\/por\/367410592786\/"}]}},"_links":{"self":[{"href":"https:\/\/portaltela.pt\/api\/wp\/v2\/posts\/427780","targetHints":{"allow":["GET"]}}],"collection":[{"href":"https:\/\/portaltela.pt\/api\/wp\/v2\/posts"}],"about":[{"href":"https:\/\/portaltela.pt\/api\/wp\/v2\/types\/post"}],"author":[{"embeddable":true,"href":"https:\/\/portaltela.pt\/api\/wp\/v2\/users\/2"}],"replies":[{"embeddable":true,"href":"https:\/\/portaltela.pt\/api\/wp\/v2\/comments?post=427780"}],"version-history":[{"count":0,"href":"https:\/\/portaltela.pt\/api\/wp\/v2\/posts\/427780\/revisions"}],"wp:featuredmedia":[{"embeddable":true,"href":"https:\/\/portaltela.pt\/api\/wp\/v2\/media\/427783"}],"wp:attachment":[{"href":"https:\/\/portaltela.pt\/api\/wp\/v2\/media?parent=427780"}],"wp:term":[{"taxonomy":"category","embeddable":true,"href":"https:\/\/portaltela.pt\/api\/wp\/v2\/categories?post=427780"},{"taxonomy":"post_tag","embeddable":true,"href":"https:\/\/portaltela.pt\/api\/wp\/v2\/tags?post=427780"}],"curies":[{"name":"wp","href":"https:\/\/api.w.org\/{rel}","templated":true}]}}