{"id":427773,"date":"2026-03-31T10:17:07","date_gmt":"2026-03-31T13:17:07","guid":{"rendered":"https:\/\/portaltela.pt\/noticias\/2026\/03\/31\/poeira-rica-em-ferro-tinge-o-ceu-da-australia-de-vermelho\/"},"modified":"2026-03-31T10:17:07","modified_gmt":"2026-03-31T13:17:07","slug":"poeira-rica-em-ferro-tinge-o-ceu-da-australia-de-vermelho","status":"publish","type":"post","link":"https:\/\/portaltela.pt\/tempo\/2026\/03\/31\/poeira-rica-em-ferro-tinge-o-ceu-da-australia-de-vermelho\/","title":{"rendered":"Poeira rica em ferro tinge o c\u00e9u da Austr\u00e1lia de vermelho"},"content":{"rendered":"<p>Poeira des\u00e9rtica rica em ferro tingiu o c\u00e9u da Ba\u00eda de Shark, no sudoeste da Austr\u00e1lia, com tons avermelhados. O fen\u00f3meno ocorreu pouco antes da chegada do Ciclone Narelle, que se aproximava da regi\u00e3o.<\/p>\n<p>A observa\u00e7\u00e3o foi feita por moradores locais e por meteorologistas, que registaram o p\u00f4r do sol e o c\u00e9u vermelho causado pela part\u00edcula mineral. N\u00e3o houve relatos de danos at\u00e9 ao momento.<\/p>\n<p>Segundo transmiss\u00e3o local, a cor intensa n\u00e3o \u00e9 comum e ocorreu durante a passagem das nuvens associadas ao ciclone. A situa\u00e7\u00e3o mant\u00e9m-se sob monitoriza\u00e7\u00e3o pelas autoridades competentes.<\/p>\n","protected":false},"excerpt":{"rendered":"<ul>\n<li>Poeiras des\u00e9rticas ricas em ferro tingiram o c\u00e9u da Ba\u00eda de Shark, na Austr\u00e1lia Ocidental, de tons avermelhados.<\/li>\n<li>O fen\u00f3meno ocorreu antes da chegada do Ciclone Narelle.<\/li>\n<li>A tempestade arrastou part\u00edculas minerais de ferro, criando um efeito visual impressionante.<\/li>\n<li>O evento evidencia como tempestades de poeira associadas a sistemas clim\u00e1ticos extremos podem afetar a regi\u00e3o.<\/li>\n<\/ul>\n","protected":false},"author":2,"featured_media":427775,"comment_status":"closed","ping_status":"closed","sticky":false,"template":"","format":"standard","meta":{"footnotes":""},"categories":[1,7365],"tags":[167,1602,5215,5224,4364,3750],"class_list":["post-427773","post","type-post","status-publish","format-standard","has-post-thumbnail","hentry","category-noticias","category-tempo","tag-ambiente","tag-australia","tag-catastrofes-naturais","tag-clima","tag-meteorologia","tag-poluicao-ambiental"],"yoast_head":"<!-- This site is optimized with the Yoast SEO plugin v27.2 - https:\/\/yoast.com\/product\/yoast-seo-wordpress\/ -->\n<title>Poeira rica em ferro tinge o c\u00e9u da Austr\u00e1lia de vermelho - Portal Tela Portugal<\/title>\n<meta name=\"robots\" content=\"index, follow, max-snippet:-1, max-image-preview:large, max-video-preview:-1\" \/>\n<meta property=\"og:locale\" content=\"pt_PT\" \/>\n<meta property=\"og:type\" content=\"article\" \/>\n<meta property=\"og:title\" content=\"Poeira rica em ferro tinge o c\u00e9u da Austr\u00e1lia de vermelho - Portal Tela Portugal\" \/>\n<meta property=\"og:description\" content=\"Poeiras des\u00e9rticas ricas em ferro tingiram o c\u00e9u da Ba\u00eda de Shark, na Austr\u00e1lia Ocidental, de tons avermelhados. O fen\u00f3meno ocorreu antes da chegada do Ciclone Narelle. A tempestade arrastou part\u00edculas minerais de ferro, criando um efeito visual impressionante. O evento evidencia como tempestades de poeira associadas a sistemas clim\u00e1ticos extremos podem afetar a regi\u00e3o.\" \/>\n<meta property=\"og:url\" content=\"https:\/\/portaltela.pt\/noticias\/2026\/03\/31\/poeira-rica-em-ferro-tinge-o-ceu-da-australia-de-vermelho\/\" \/>\n<meta property=\"og:site_name\" content=\"Portal Tela Portugal\" \/>\n<meta property=\"article:published_time\" content=\"2026-03-31T13:17:07+00:00\" \/>\n<meta name=\"author\" content=\"Telinha\" \/>\n<meta name=\"twitter:card\" content=\"summary_large_image\" \/>\n<meta name=\"twitter:label1\" content=\"Escrito por\" \/>\n\t<meta name=\"twitter:data1\" content=\"Telinha\" \/>\n\t<meta name=\"twitter:label2\" content=\"Tempo estimado de leitura\" \/>\n\t<meta name=\"twitter:data2\" content=\"1 minuto\" \/>\n<script type=\"application\/ld+json\" class=\"yoast-schema-graph\">{\"@context\":\"https:\/\/schema.org\",\"@graph\":[{\"@type\":\"Article\",\"@id\":\"https:\/\/portaltela.pt\/noticias\/2026\/03\/31\/poeira-rica-em-ferro-tinge-o-ceu-da-australia-de-vermelho\/#article\",\"isPartOf\":{\"@id\":\"https:\/\/portaltela.pt\/noticias\/2026\/03\/31\/poeira-rica-em-ferro-tinge-o-ceu-da-australia-de-vermelho\/\"},\"author\":{\"name\":\"Telinha\",\"@id\":\"https:\/\/portaltela.pt\/#\/schema\/person\/c4278d4a6028830caff9ee44b42d32ed\"},\"headline\":\"Poeira rica em ferro tinge o c\u00e9u da Austr\u00e1lia de vermelho\",\"datePublished\":\"2026-03-31T13:17:07+00:00\",\"mainEntityOfPage\":{\"@id\":\"https:\/\/portaltela.pt\/noticias\/2026\/03\/31\/poeira-rica-em-ferro-tinge-o-ceu-da-australia-de-vermelho\/\"},\"wordCount\":121,\"image\":{\"@id\":\"https:\/\/portaltela.pt\/noticias\/2026\/03\/31\/poeira-rica-em-ferro-tinge-o-ceu-da-australia-de-vermelho\/#primaryimage\"},\"thumbnailUrl\":\"https:\/\/portaltela.pt\/s.01k8rhncp4jt1\/2026\/03\/c047b560-7818-403f-bc12-42e7e6153c10_1200x675.jpg\",\"keywords\":[\"ambiente\",\"Austr\u00e1lia\",\"cat\u00e1strofes naturais\",\"clima\",\"meteorologia\",\"polui\u00e7\u00e3o ambiental\"],\"articleSection\":[\"Not\u00edcias\",\"Tempo\"],\"inLanguage\":\"pt-PT\"},{\"@type\":\"WebPage\",\"@id\":\"https:\/\/portaltela.pt\/noticias\/2026\/03\/31\/poeira-rica-em-ferro-tinge-o-ceu-da-australia-de-vermelho\/\",\"url\":\"https:\/\/portaltela.pt\/noticias\/2026\/03\/31\/poeira-rica-em-ferro-tinge-o-ceu-da-australia-de-vermelho\/\",\"name\":\"Poeira rica em ferro tinge o c\u00e9u da Austr\u00e1lia de vermelho - Portal Tela Portugal\",\"isPartOf\":{\"@id\":\"https:\/\/portaltela.pt\/#website\"},\"primaryImageOfPage\":{\"@id\":\"https:\/\/portaltela.pt\/noticias\/2026\/03\/31\/poeira-rica-em-ferro-tinge-o-ceu-da-australia-de-vermelho\/#primaryimage\"},\"image\":{\"@id\":\"https:\/\/portaltela.pt\/noticias\/2026\/03\/31\/poeira-rica-em-ferro-tinge-o-ceu-da-australia-de-vermelho\/#primaryimage\"},\"thumbnailUrl\":\"https:\/\/portaltela.pt\/s.01k8rhncp4jt1\/2026\/03\/c047b560-7818-403f-bc12-42e7e6153c10_1200x675.jpg\",\"datePublished\":\"2026-03-31T13:17:07+00:00\",\"author\":{\"@id\":\"https:\/\/portaltela.pt\/#\/schema\/person\/c4278d4a6028830caff9ee44b42d32ed\"},\"breadcrumb\":{\"@id\":\"https:\/\/portaltela.pt\/noticias\/2026\/03\/31\/poeira-rica-em-ferro-tinge-o-ceu-da-australia-de-vermelho\/#breadcrumb\"},\"inLanguage\":\"pt-PT\",\"potentialAction\":[{\"@type\":\"ReadAction\",\"target\":[\"https:\/\/portaltela.pt\/noticias\/2026\/03\/31\/poeira-rica-em-ferro-tinge-o-ceu-da-australia-de-vermelho\/\"]}]},{\"@type\":\"ImageObject\",\"inLanguage\":\"pt-PT\",\"@id\":\"https:\/\/portaltela.pt\/noticias\/2026\/03\/31\/poeira-rica-em-ferro-tinge-o-ceu-da-australia-de-vermelho\/#primaryimage\",\"url\":\"https:\/\/portaltela.pt\/s.01k8rhncp4jt1\/2026\/03\/c047b560-7818-403f-bc12-42e7e6153c10_1200x675.jpg\",\"contentUrl\":\"https:\/\/portaltela.pt\/s.01k8rhncp4jt1\/2026\/03\/c047b560-7818-403f-bc12-42e7e6153c10_1200x675.jpg\",\"width\":796,\"height\":448,\"caption\":\"Photo\"},{\"@type\":\"BreadcrumbList\",\"@id\":\"https:\/\/portaltela.pt\/noticias\/2026\/03\/31\/poeira-rica-em-ferro-tinge-o-ceu-da-australia-de-vermelho\/#breadcrumb\",\"itemListElement\":[{\"@type\":\"ListItem\",\"position\":1,\"name\":\"In\u00edcio\",\"item\":\"https:\/\/portaltela.pt\/\"},{\"@type\":\"ListItem\",\"position\":2,\"name\":\"Poeira rica em ferro tinge o c\u00e9u da Austr\u00e1lia de vermelho\"}]},{\"@type\":\"WebSite\",\"@id\":\"https:\/\/portaltela.pt\/#website\",\"url\":\"https:\/\/portaltela.pt\/\",\"name\":\"Portal Tela Portugal\",\"description\":\"\",\"potentialAction\":[{\"@type\":\"SearchAction\",\"target\":{\"@type\":\"EntryPoint\",\"urlTemplate\":\"https:\/\/portaltela.pt\/?s={search_term_string}\"},\"query-input\":{\"@type\":\"PropertyValueSpecification\",\"valueRequired\":true,\"valueName\":\"search_term_string\"}}],\"inLanguage\":\"pt-PT\"},{\"@type\":\"Person\",\"@id\":\"https:\/\/portaltela.pt\/#\/schema\/person\/c4278d4a6028830caff9ee44b42d32ed\",\"name\":\"Telinha\",\"image\":{\"@type\":\"ImageObject\",\"inLanguage\":\"pt-PT\",\"@id\":\"https:\/\/portaltela.pt\/s.01k8rhncp4jt1\/2025\/11\/talking-bot-125x125.png\",\"url\":\"https:\/\/portaltela.pt\/s.01k8rhncp4jt1\/2025\/11\/talking-bot-125x125.png\",\"contentUrl\":\"https:\/\/portaltela.pt\/s.01k8rhncp4jt1\/2025\/11\/talking-bot-125x125.png\",\"caption\":\"Telinha\"},\"sameAs\":[\"https:\/\/portaltela.pt\/\"],\"url\":\"https:\/\/portaltela.pt\/por\/367410592786\/\"}]}<\/script>\n<!-- \/ Yoast SEO plugin. -->","yoast_head_json":{"title":"Poeira rica em ferro tinge o c\u00e9u da Austr\u00e1lia de vermelho - Portal Tela Portugal","robots":{"index":"index","follow":"follow","max-snippet":"max-snippet:-1","max-image-preview":"max-image-preview:large","max-video-preview":"max-video-preview:-1"},"og_locale":"pt_PT","og_type":"article","og_title":"Poeira rica em ferro tinge o c\u00e9u da Austr\u00e1lia de vermelho - Portal Tela Portugal","og_description":"Poeiras des\u00e9rticas ricas em ferro tingiram o c\u00e9u da Ba\u00eda de Shark, na Austr\u00e1lia Ocidental, de tons avermelhados. O fen\u00f3meno ocorreu antes da chegada do Ciclone Narelle. A tempestade arrastou part\u00edculas minerais de ferro, criando um efeito visual impressionante. O evento evidencia como tempestades de poeira associadas a sistemas clim\u00e1ticos extremos podem afetar a regi\u00e3o.","og_url":"https:\/\/portaltela.pt\/noticias\/2026\/03\/31\/poeira-rica-em-ferro-tinge-o-ceu-da-australia-de-vermelho\/","og_site_name":"Portal Tela Portugal","article_published_time":"2026-03-31T13:17:07+00:00","author":"Telinha","twitter_card":"summary_large_image","twitter_misc":{"Escrito por":"Telinha","Tempo estimado de leitura":"1 minuto"},"schema":{"@context":"https:\/\/schema.org","@graph":[{"@type":"Article","@id":"https:\/\/portaltela.pt\/noticias\/2026\/03\/31\/poeira-rica-em-ferro-tinge-o-ceu-da-australia-de-vermelho\/#article","isPartOf":{"@id":"https:\/\/portaltela.pt\/noticias\/2026\/03\/31\/poeira-rica-em-ferro-tinge-o-ceu-da-australia-de-vermelho\/"},"author":{"name":"Telinha","@id":"https:\/\/portaltela.pt\/#\/schema\/person\/c4278d4a6028830caff9ee44b42d32ed"},"headline":"Poeira rica em ferro tinge o c\u00e9u da Austr\u00e1lia de vermelho","datePublished":"2026-03-31T13:17:07+00:00","mainEntityOfPage":{"@id":"https:\/\/portaltela.pt\/noticias\/2026\/03\/31\/poeira-rica-em-ferro-tinge-o-ceu-da-australia-de-vermelho\/"},"wordCount":121,"image":{"@id":"https:\/\/portaltela.pt\/noticias\/2026\/03\/31\/poeira-rica-em-ferro-tinge-o-ceu-da-australia-de-vermelho\/#primaryimage"},"thumbnailUrl":"https:\/\/portaltela.pt\/s.01k8rhncp4jt1\/2026\/03\/c047b560-7818-403f-bc12-42e7e6153c10_1200x675.jpg","keywords":["ambiente","Austr\u00e1lia","cat\u00e1strofes naturais","clima","meteorologia","polui\u00e7\u00e3o ambiental"],"articleSection":["Not\u00edcias","Tempo"],"inLanguage":"pt-PT"},{"@type":"WebPage","@id":"https:\/\/portaltela.pt\/noticias\/2026\/03\/31\/poeira-rica-em-ferro-tinge-o-ceu-da-australia-de-vermelho\/","url":"https:\/\/portaltela.pt\/noticias\/2026\/03\/31\/poeira-rica-em-ferro-tinge-o-ceu-da-australia-de-vermelho\/","name":"Poeira rica em ferro tinge o c\u00e9u da Austr\u00e1lia de vermelho - Portal Tela Portugal","isPartOf":{"@id":"https:\/\/portaltela.pt\/#website"},"primaryImageOfPage":{"@id":"https:\/\/portaltela.pt\/noticias\/2026\/03\/31\/poeira-rica-em-ferro-tinge-o-ceu-da-australia-de-vermelho\/#primaryimage"},"image":{"@id":"https:\/\/portaltela.pt\/noticias\/2026\/03\/31\/poeira-rica-em-ferro-tinge-o-ceu-da-australia-de-vermelho\/#primaryimage"},"thumbnailUrl":"https:\/\/portaltela.pt\/s.01k8rhncp4jt1\/2026\/03\/c047b560-7818-403f-bc12-42e7e6153c10_1200x675.jpg","datePublished":"2026-03-31T13:17:07+00:00","author":{"@id":"https:\/\/portaltela.pt\/#\/schema\/person\/c4278d4a6028830caff9ee44b42d32ed"},"breadcrumb":{"@id":"https:\/\/portaltela.pt\/noticias\/2026\/03\/31\/poeira-rica-em-ferro-tinge-o-ceu-da-australia-de-vermelho\/#breadcrumb"},"inLanguage":"pt-PT","potentialAction":[{"@type":"ReadAction","target":["https:\/\/portaltela.pt\/noticias\/2026\/03\/31\/poeira-rica-em-ferro-tinge-o-ceu-da-australia-de-vermelho\/"]}]},{"@type":"ImageObject","inLanguage":"pt-PT","@id":"https:\/\/portaltela.pt\/noticias\/2026\/03\/31\/poeira-rica-em-ferro-tinge-o-ceu-da-australia-de-vermelho\/#primaryimage","url":"https:\/\/portaltela.pt\/s.01k8rhncp4jt1\/2026\/03\/c047b560-7818-403f-bc12-42e7e6153c10_1200x675.jpg","contentUrl":"https:\/\/portaltela.pt\/s.01k8rhncp4jt1\/2026\/03\/c047b560-7818-403f-bc12-42e7e6153c10_1200x675.jpg","width":796,"height":448,"caption":"Photo"},{"@type":"BreadcrumbList","@id":"https:\/\/portaltela.pt\/noticias\/2026\/03\/31\/poeira-rica-em-ferro-tinge-o-ceu-da-australia-de-vermelho\/#breadcrumb","itemListElement":[{"@type":"ListItem","position":1,"name":"In\u00edcio","item":"https:\/\/portaltela.pt\/"},{"@type":"ListItem","position":2,"name":"Poeira rica em ferro tinge o c\u00e9u da Austr\u00e1lia de vermelho"}]},{"@type":"WebSite","@id":"https:\/\/portaltela.pt\/#website","url":"https:\/\/portaltela.pt\/","name":"Portal Tela Portugal","description":"","potentialAction":[{"@type":"SearchAction","target":{"@type":"EntryPoint","urlTemplate":"https:\/\/portaltela.pt\/?s={search_term_string}"},"query-input":{"@type":"PropertyValueSpecification","valueRequired":true,"valueName":"search_term_string"}}],"inLanguage":"pt-PT"},{"@type":"Person","@id":"https:\/\/portaltela.pt\/#\/schema\/person\/c4278d4a6028830caff9ee44b42d32ed","name":"Telinha","image":{"@type":"ImageObject","inLanguage":"pt-PT","@id":"https:\/\/portaltela.pt\/s.01k8rhncp4jt1\/2025\/11\/talking-bot-125x125.png","url":"https:\/\/portaltela.pt\/s.01k8rhncp4jt1\/2025\/11\/talking-bot-125x125.png","contentUrl":"https:\/\/portaltela.pt\/s.01k8rhncp4jt1\/2025\/11\/talking-bot-125x125.png","caption":"Telinha"},"sameAs":["https:\/\/portaltela.pt\/"],"url":"https:\/\/portaltela.pt\/por\/367410592786\/"}]}},"_links":{"self":[{"href":"https:\/\/portaltela.pt\/api\/wp\/v2\/posts\/427773","targetHints":{"allow":["GET"]}}],"collection":[{"href":"https:\/\/portaltela.pt\/api\/wp\/v2\/posts"}],"about":[{"href":"https:\/\/portaltela.pt\/api\/wp\/v2\/types\/post"}],"author":[{"embeddable":true,"href":"https:\/\/portaltela.pt\/api\/wp\/v2\/users\/2"}],"replies":[{"embeddable":true,"href":"https:\/\/portaltela.pt\/api\/wp\/v2\/comments?post=427773"}],"version-history":[{"count":0,"href":"https:\/\/portaltela.pt\/api\/wp\/v2\/posts\/427773\/revisions"}],"wp:featuredmedia":[{"embeddable":true,"href":"https:\/\/portaltela.pt\/api\/wp\/v2\/media\/427775"}],"wp:attachment":[{"href":"https:\/\/portaltela.pt\/api\/wp\/v2\/media?parent=427773"}],"wp:term":[{"taxonomy":"category","embeddable":true,"href":"https:\/\/portaltela.pt\/api\/wp\/v2\/categories?post=427773"},{"taxonomy":"post_tag","embeddable":true,"href":"https:\/\/portaltela.pt\/api\/wp\/v2\/tags?post=427773"}],"curies":[{"name":"wp","href":"https:\/\/api.w.org\/{rel}","templated":true}]}}