{"id":427764,"date":"2026-03-31T10:02:51","date_gmt":"2026-03-31T13:02:51","guid":{"rendered":"https:\/\/portaltela.pt\/noticias\/2026\/03\/31\/francisco-neto-alerta-para-condicoes-dos-relvados-na-letonia-e-eslovaquia\/"},"modified":"2026-03-31T10:02:51","modified_gmt":"2026-03-31T13:02:51","slug":"francisco-neto-alerta-para-condicoes-dos-relvados-na-letonia-e-eslovaquia","status":"publish","type":"post","link":"https:\/\/portaltela.pt\/desporto\/futebol\/2026\/03\/31\/francisco-neto-alerta-para-condicoes-dos-relvados-na-letonia-e-eslovaquia\/","title":{"rendered":"Francisco Neto alerta para condi\u00e7\u00f5es dos relvados na Let\u00f3nia e Eslov\u00e1quia"},"content":{"rendered":"<p>O selecionador nacional de futebol feminino, Francisco Neto, participou no F\u00f3rum ANTF 2026 e revelou preocupa\u00e7\u00e3o com as condi\u00e7\u00f5es que Portugal poder\u00e1 enfrentar na Let\u00f3nia, a 14 de abril, e na Eslov\u00e1quia, a 18 de abril, nos jogos de apuramento para o Mundial\u20192027. A dificuldade relatada prende-se, principalmente, \u00e0 qualidade dos relvados.<\/p>\n<p>Neto disse que as desloca\u00e7\u00f5es envolvem locais onde as condi\u00e7\u00f5es n\u00e3o s\u00e3o sempre f\u00e1ceis, e destacou a import\u00e2ncia de manter a identidade e a energia do \u00faltimo est\u00e1gio para somar seis pontos nos dois encontros. Observou ainda que o objetivo \u00e9 vencer e manter a consist\u00eancia competitiva.<\/p>\n<h3>Crescimento e Desafios<\/h3>\n<p>Torreense e Valadares chegaram \u00e0 final da Ta\u00e7a da Liga, o que levou o t\u00e9cnico a elogiar o progresso de clubes menos tradicionais. A vit\u00f3ria refor\u00e7a a ideia de que o futebol feminino em Portugal est\u00e1 a ganhar equil\u00edbrio competitivo entre mais equipas.<\/p>\n<p>Segundo Neto, o aparecimento de equipas bem estruturadas potencia a evolu\u00e7\u00e3o das jogadoras nacionais e atrai atletas estrangeiras para o pa\u00eds. Ele v\u00ea isso como um fator-chave para o aumento da qualidade da liga e da sele\u00e7\u00e3o.<\/p>\n<h3>Perspetivas e Proje\u00e7\u00f5es<\/h3>\n<p>O treinador integrou um painel do F\u00f3rum ANTF e considerou a participa\u00e7\u00e3o muito enriquecedora. Referiu debates sobre tend\u00eancias do jogo feminino e o crescimento da modalidade ao longo de 12 anos, com perspetivas para o futuro e maior densidade competitiva.<\/p>\n","protected":false},"excerpt":{"rendered":"<ul>\n<li>O selecionador Francisco Neto mostrou preocupa\u00e7\u00e3o com as condi\u00e7\u00f5es nos relvados na Let\u00f3nia, a 14 de abril, e na Eslov\u00e1quia, a 18 de abril, em jogos de apuramento para o Mundial&#8217;2027.<\/li>\n<li>O objetivo \u00e9 vencer os dois encontros para somar seis pontos e manter a identidade da equipa em campo.<\/li>\n<li>A presen\u00e7a de Torreense e Valadares na final da Ta\u00e7a da Liga foi elogiada, destacando o crescimento de clubes fora dos dominadores.<\/li>\n<li>Neto sublinhou que o surgimento de equipas bem organizadas ajuda a desenvolver jogadoras portuguesas e a valorizar a liga.<\/li>\n<li>No F\u00f3rum ANTF, o selecionador considerou a partilha de ideias positiva, destacando o crescimento do futebol feminino e perspetivas de evolu\u00e7\u00e3o futuras.<\/li>\n<\/ul>\n","protected":false},"author":2,"featured_media":427768,"comment_status":"closed","ping_status":"closed","sticky":false,"template":"","format":"standard","meta":{"footnotes":""},"categories":[21,24],"tags":[5689,32,1030,2166,1014,2057],"class_list":["post-427764","post","type-post","status-publish","format-standard","has-post-thumbnail","hentry","category-desporto","category-futebol","tag-eslovaquia","tag-futebol","tag-futebol-feminino","tag-letonia","tag-portugal","tag-selecao-nacional"],"yoast_head":"<!-- This site is optimized with the Yoast SEO plugin v27.2 - https:\/\/yoast.com\/product\/yoast-seo-wordpress\/ -->\n<title>Francisco Neto alerta para condi\u00e7\u00f5es dos relvados na Let\u00f3nia e Eslov\u00e1quia - Portal Tela Portugal<\/title>\n<meta name=\"robots\" content=\"index, follow, max-snippet:-1, max-image-preview:large, max-video-preview:-1\" \/>\n<meta property=\"og:locale\" content=\"pt_PT\" \/>\n<meta property=\"og:type\" content=\"article\" \/>\n<meta property=\"og:title\" content=\"Francisco Neto alerta para condi\u00e7\u00f5es dos relvados na Let\u00f3nia e Eslov\u00e1quia - Portal Tela Portugal\" \/>\n<meta property=\"og:description\" content=\"O selecionador Francisco Neto mostrou preocupa\u00e7\u00e3o com as condi\u00e7\u00f5es nos relvados na Let\u00f3nia, a 14 de abril, e na Eslov\u00e1quia, a 18 de abril, em jogos de apuramento para o Mundial&#039;2027. O objetivo \u00e9 vencer os dois encontros para somar seis pontos e manter a identidade da equipa em campo. A presen\u00e7a de Torreense e Valadares na final da Ta\u00e7a da Liga foi elogiada, destacando o crescimento de clubes fora dos dominadores. Neto sublinhou que o surgimento de equipas bem organizadas ajuda a desenvolver jogadoras portuguesas e a valorizar a liga. No F\u00f3rum ANTF, o selecionador considerou a partilha de ideias positiva, destacando o crescimento do futebol feminino e perspetivas de evolu\u00e7\u00e3o futuras.\" \/>\n<meta property=\"og:url\" content=\"https:\/\/portaltela.pt\/noticias\/2026\/03\/31\/francisco-neto-alerta-para-condicoes-dos-relvados-na-letonia-e-eslovaquia\/\" \/>\n<meta property=\"og:site_name\" content=\"Portal Tela Portugal\" \/>\n<meta property=\"article:published_time\" content=\"2026-03-31T13:02:51+00:00\" \/>\n<meta name=\"author\" content=\"Telinha\" \/>\n<meta name=\"twitter:card\" content=\"summary_large_image\" \/>\n<meta name=\"twitter:label1\" content=\"Escrito por\" \/>\n\t<meta name=\"twitter:data1\" content=\"Telinha\" \/>\n\t<meta name=\"twitter:label2\" content=\"Tempo estimado de leitura\" \/>\n\t<meta name=\"twitter:data2\" content=\"1 minuto\" \/>\n<script type=\"application\/ld+json\" class=\"yoast-schema-graph\">{\"@context\":\"https:\/\/schema.org\",\"@graph\":[{\"@type\":\"Article\",\"@id\":\"https:\/\/portaltela.pt\/noticias\/2026\/03\/31\/francisco-neto-alerta-para-condicoes-dos-relvados-na-letonia-e-eslovaquia\/#article\",\"isPartOf\":{\"@id\":\"https:\/\/portaltela.pt\/noticias\/2026\/03\/31\/francisco-neto-alerta-para-condicoes-dos-relvados-na-letonia-e-eslovaquia\/\"},\"author\":{\"name\":\"Telinha\",\"@id\":\"https:\/\/portaltela.pt\/#\/schema\/person\/c4278d4a6028830caff9ee44b42d32ed\"},\"headline\":\"Francisco Neto alerta para condi\u00e7\u00f5es dos relvados na Let\u00f3nia e Eslov\u00e1quia\",\"datePublished\":\"2026-03-31T13:02:51+00:00\",\"mainEntityOfPage\":{\"@id\":\"https:\/\/portaltela.pt\/noticias\/2026\/03\/31\/francisco-neto-alerta-para-condicoes-dos-relvados-na-letonia-e-eslovaquia\/\"},\"wordCount\":257,\"image\":{\"@id\":\"https:\/\/portaltela.pt\/noticias\/2026\/03\/31\/francisco-neto-alerta-para-condicoes-dos-relvados-na-letonia-e-eslovaquia\/#primaryimage\"},\"thumbnailUrl\":\"https:\/\/portaltela.pt\/s.01k8rhncp4jt1\/2026\/03\/img_920x518uu2026-03-31-13-51-55-2430260.jpg\",\"keywords\":[\"Eslov\u00e1quia\",\"futebol\",\"futebol feminino\",\"Let\u00f3nia\",\"Portugal\",\"Sele\u00e7\u00e3o Nacional\"],\"articleSection\":[\"Desporto\",\"Futebol\"],\"inLanguage\":\"pt-PT\"},{\"@type\":\"WebPage\",\"@id\":\"https:\/\/portaltela.pt\/noticias\/2026\/03\/31\/francisco-neto-alerta-para-condicoes-dos-relvados-na-letonia-e-eslovaquia\/\",\"url\":\"https:\/\/portaltela.pt\/noticias\/2026\/03\/31\/francisco-neto-alerta-para-condicoes-dos-relvados-na-letonia-e-eslovaquia\/\",\"name\":\"Francisco Neto alerta para condi\u00e7\u00f5es dos relvados na Let\u00f3nia e Eslov\u00e1quia - Portal Tela Portugal\",\"isPartOf\":{\"@id\":\"https:\/\/portaltela.pt\/#website\"},\"primaryImageOfPage\":{\"@id\":\"https:\/\/portaltela.pt\/noticias\/2026\/03\/31\/francisco-neto-alerta-para-condicoes-dos-relvados-na-letonia-e-eslovaquia\/#primaryimage\"},\"image\":{\"@id\":\"https:\/\/portaltela.pt\/noticias\/2026\/03\/31\/francisco-neto-alerta-para-condicoes-dos-relvados-na-letonia-e-eslovaquia\/#primaryimage\"},\"thumbnailUrl\":\"https:\/\/portaltela.pt\/s.01k8rhncp4jt1\/2026\/03\/img_920x518uu2026-03-31-13-51-55-2430260.jpg\",\"datePublished\":\"2026-03-31T13:02:51+00:00\",\"author\":{\"@id\":\"https:\/\/portaltela.pt\/#\/schema\/person\/c4278d4a6028830caff9ee44b42d32ed\"},\"breadcrumb\":{\"@id\":\"https:\/\/portaltela.pt\/noticias\/2026\/03\/31\/francisco-neto-alerta-para-condicoes-dos-relvados-na-letonia-e-eslovaquia\/#breadcrumb\"},\"inLanguage\":\"pt-PT\",\"potentialAction\":[{\"@type\":\"ReadAction\",\"target\":[\"https:\/\/portaltela.pt\/noticias\/2026\/03\/31\/francisco-neto-alerta-para-condicoes-dos-relvados-na-letonia-e-eslovaquia\/\"]}]},{\"@type\":\"ImageObject\",\"inLanguage\":\"pt-PT\",\"@id\":\"https:\/\/portaltela.pt\/noticias\/2026\/03\/31\/francisco-neto-alerta-para-condicoes-dos-relvados-na-letonia-e-eslovaquia\/#primaryimage\",\"url\":\"https:\/\/portaltela.pt\/s.01k8rhncp4jt1\/2026\/03\/img_920x518uu2026-03-31-13-51-55-2430260.jpg\",\"contentUrl\":\"https:\/\/portaltela.pt\/s.01k8rhncp4jt1\/2026\/03\/img_920x518uu2026-03-31-13-51-55-2430260.jpg\",\"width\":796,\"height\":448,\"caption\":\"Francisco Neto preocupado com os relvados que a Sele\u00e7\u00e3o vai encontrar na Let\u00f3nia e Eslov\u00e1quia\"},{\"@type\":\"BreadcrumbList\",\"@id\":\"https:\/\/portaltela.pt\/noticias\/2026\/03\/31\/francisco-neto-alerta-para-condicoes-dos-relvados-na-letonia-e-eslovaquia\/#breadcrumb\",\"itemListElement\":[{\"@type\":\"ListItem\",\"position\":1,\"name\":\"In\u00edcio\",\"item\":\"https:\/\/portaltela.pt\/\"},{\"@type\":\"ListItem\",\"position\":2,\"name\":\"Francisco Neto alerta para condi\u00e7\u00f5es dos relvados na Let\u00f3nia e Eslov\u00e1quia\"}]},{\"@type\":\"WebSite\",\"@id\":\"https:\/\/portaltela.pt\/#website\",\"url\":\"https:\/\/portaltela.pt\/\",\"name\":\"Portal Tela Portugal\",\"description\":\"\",\"potentialAction\":[{\"@type\":\"SearchAction\",\"target\":{\"@type\":\"EntryPoint\",\"urlTemplate\":\"https:\/\/portaltela.pt\/?s={search_term_string}\"},\"query-input\":{\"@type\":\"PropertyValueSpecification\",\"valueRequired\":true,\"valueName\":\"search_term_string\"}}],\"inLanguage\":\"pt-PT\"},{\"@type\":\"Person\",\"@id\":\"https:\/\/portaltela.pt\/#\/schema\/person\/c4278d4a6028830caff9ee44b42d32ed\",\"name\":\"Telinha\",\"image\":{\"@type\":\"ImageObject\",\"inLanguage\":\"pt-PT\",\"@id\":\"https:\/\/portaltela.pt\/s.01k8rhncp4jt1\/2025\/11\/talking-bot-125x125.png\",\"url\":\"https:\/\/portaltela.pt\/s.01k8rhncp4jt1\/2025\/11\/talking-bot-125x125.png\",\"contentUrl\":\"https:\/\/portaltela.pt\/s.01k8rhncp4jt1\/2025\/11\/talking-bot-125x125.png\",\"caption\":\"Telinha\"},\"sameAs\":[\"https:\/\/portaltela.pt\/\"],\"url\":\"https:\/\/portaltela.pt\/por\/367410592786\/\"}]}<\/script>\n<!-- \/ Yoast SEO plugin. -->","yoast_head_json":{"title":"Francisco Neto alerta para condi\u00e7\u00f5es dos relvados na Let\u00f3nia e Eslov\u00e1quia - Portal Tela Portugal","robots":{"index":"index","follow":"follow","max-snippet":"max-snippet:-1","max-image-preview":"max-image-preview:large","max-video-preview":"max-video-preview:-1"},"og_locale":"pt_PT","og_type":"article","og_title":"Francisco Neto alerta para condi\u00e7\u00f5es dos relvados na Let\u00f3nia e Eslov\u00e1quia - Portal Tela Portugal","og_description":"O selecionador Francisco Neto mostrou preocupa\u00e7\u00e3o com as condi\u00e7\u00f5es nos relvados na Let\u00f3nia, a 14 de abril, e na Eslov\u00e1quia, a 18 de abril, em jogos de apuramento para o Mundial'2027. O objetivo \u00e9 vencer os dois encontros para somar seis pontos e manter a identidade da equipa em campo. A presen\u00e7a de Torreense e Valadares na final da Ta\u00e7a da Liga foi elogiada, destacando o crescimento de clubes fora dos dominadores. Neto sublinhou que o surgimento de equipas bem organizadas ajuda a desenvolver jogadoras portuguesas e a valorizar a liga. No F\u00f3rum ANTF, o selecionador considerou a partilha de ideias positiva, destacando o crescimento do futebol feminino e perspetivas de evolu\u00e7\u00e3o futuras.","og_url":"https:\/\/portaltela.pt\/noticias\/2026\/03\/31\/francisco-neto-alerta-para-condicoes-dos-relvados-na-letonia-e-eslovaquia\/","og_site_name":"Portal Tela Portugal","article_published_time":"2026-03-31T13:02:51+00:00","author":"Telinha","twitter_card":"summary_large_image","twitter_misc":{"Escrito por":"Telinha","Tempo estimado de leitura":"1 minuto"},"schema":{"@context":"https:\/\/schema.org","@graph":[{"@type":"Article","@id":"https:\/\/portaltela.pt\/noticias\/2026\/03\/31\/francisco-neto-alerta-para-condicoes-dos-relvados-na-letonia-e-eslovaquia\/#article","isPartOf":{"@id":"https:\/\/portaltela.pt\/noticias\/2026\/03\/31\/francisco-neto-alerta-para-condicoes-dos-relvados-na-letonia-e-eslovaquia\/"},"author":{"name":"Telinha","@id":"https:\/\/portaltela.pt\/#\/schema\/person\/c4278d4a6028830caff9ee44b42d32ed"},"headline":"Francisco Neto alerta para condi\u00e7\u00f5es dos relvados na Let\u00f3nia e Eslov\u00e1quia","datePublished":"2026-03-31T13:02:51+00:00","mainEntityOfPage":{"@id":"https:\/\/portaltela.pt\/noticias\/2026\/03\/31\/francisco-neto-alerta-para-condicoes-dos-relvados-na-letonia-e-eslovaquia\/"},"wordCount":257,"image":{"@id":"https:\/\/portaltela.pt\/noticias\/2026\/03\/31\/francisco-neto-alerta-para-condicoes-dos-relvados-na-letonia-e-eslovaquia\/#primaryimage"},"thumbnailUrl":"https:\/\/portaltela.pt\/s.01k8rhncp4jt1\/2026\/03\/img_920x518uu2026-03-31-13-51-55-2430260.jpg","keywords":["Eslov\u00e1quia","futebol","futebol feminino","Let\u00f3nia","Portugal","Sele\u00e7\u00e3o Nacional"],"articleSection":["Desporto","Futebol"],"inLanguage":"pt-PT"},{"@type":"WebPage","@id":"https:\/\/portaltela.pt\/noticias\/2026\/03\/31\/francisco-neto-alerta-para-condicoes-dos-relvados-na-letonia-e-eslovaquia\/","url":"https:\/\/portaltela.pt\/noticias\/2026\/03\/31\/francisco-neto-alerta-para-condicoes-dos-relvados-na-letonia-e-eslovaquia\/","name":"Francisco Neto alerta para condi\u00e7\u00f5es dos relvados na Let\u00f3nia e Eslov\u00e1quia - Portal Tela Portugal","isPartOf":{"@id":"https:\/\/portaltela.pt\/#website"},"primaryImageOfPage":{"@id":"https:\/\/portaltela.pt\/noticias\/2026\/03\/31\/francisco-neto-alerta-para-condicoes-dos-relvados-na-letonia-e-eslovaquia\/#primaryimage"},"image":{"@id":"https:\/\/portaltela.pt\/noticias\/2026\/03\/31\/francisco-neto-alerta-para-condicoes-dos-relvados-na-letonia-e-eslovaquia\/#primaryimage"},"thumbnailUrl":"https:\/\/portaltela.pt\/s.01k8rhncp4jt1\/2026\/03\/img_920x518uu2026-03-31-13-51-55-2430260.jpg","datePublished":"2026-03-31T13:02:51+00:00","author":{"@id":"https:\/\/portaltela.pt\/#\/schema\/person\/c4278d4a6028830caff9ee44b42d32ed"},"breadcrumb":{"@id":"https:\/\/portaltela.pt\/noticias\/2026\/03\/31\/francisco-neto-alerta-para-condicoes-dos-relvados-na-letonia-e-eslovaquia\/#breadcrumb"},"inLanguage":"pt-PT","potentialAction":[{"@type":"ReadAction","target":["https:\/\/portaltela.pt\/noticias\/2026\/03\/31\/francisco-neto-alerta-para-condicoes-dos-relvados-na-letonia-e-eslovaquia\/"]}]},{"@type":"ImageObject","inLanguage":"pt-PT","@id":"https:\/\/portaltela.pt\/noticias\/2026\/03\/31\/francisco-neto-alerta-para-condicoes-dos-relvados-na-letonia-e-eslovaquia\/#primaryimage","url":"https:\/\/portaltela.pt\/s.01k8rhncp4jt1\/2026\/03\/img_920x518uu2026-03-31-13-51-55-2430260.jpg","contentUrl":"https:\/\/portaltela.pt\/s.01k8rhncp4jt1\/2026\/03\/img_920x518uu2026-03-31-13-51-55-2430260.jpg","width":796,"height":448,"caption":"Francisco Neto preocupado com os relvados que a Sele\u00e7\u00e3o vai encontrar na Let\u00f3nia e Eslov\u00e1quia"},{"@type":"BreadcrumbList","@id":"https:\/\/portaltela.pt\/noticias\/2026\/03\/31\/francisco-neto-alerta-para-condicoes-dos-relvados-na-letonia-e-eslovaquia\/#breadcrumb","itemListElement":[{"@type":"ListItem","position":1,"name":"In\u00edcio","item":"https:\/\/portaltela.pt\/"},{"@type":"ListItem","position":2,"name":"Francisco Neto alerta para condi\u00e7\u00f5es dos relvados na Let\u00f3nia e Eslov\u00e1quia"}]},{"@type":"WebSite","@id":"https:\/\/portaltela.pt\/#website","url":"https:\/\/portaltela.pt\/","name":"Portal Tela Portugal","description":"","potentialAction":[{"@type":"SearchAction","target":{"@type":"EntryPoint","urlTemplate":"https:\/\/portaltela.pt\/?s={search_term_string}"},"query-input":{"@type":"PropertyValueSpecification","valueRequired":true,"valueName":"search_term_string"}}],"inLanguage":"pt-PT"},{"@type":"Person","@id":"https:\/\/portaltela.pt\/#\/schema\/person\/c4278d4a6028830caff9ee44b42d32ed","name":"Telinha","image":{"@type":"ImageObject","inLanguage":"pt-PT","@id":"https:\/\/portaltela.pt\/s.01k8rhncp4jt1\/2025\/11\/talking-bot-125x125.png","url":"https:\/\/portaltela.pt\/s.01k8rhncp4jt1\/2025\/11\/talking-bot-125x125.png","contentUrl":"https:\/\/portaltela.pt\/s.01k8rhncp4jt1\/2025\/11\/talking-bot-125x125.png","caption":"Telinha"},"sameAs":["https:\/\/portaltela.pt\/"],"url":"https:\/\/portaltela.pt\/por\/367410592786\/"}]}},"_links":{"self":[{"href":"https:\/\/portaltela.pt\/api\/wp\/v2\/posts\/427764","targetHints":{"allow":["GET"]}}],"collection":[{"href":"https:\/\/portaltela.pt\/api\/wp\/v2\/posts"}],"about":[{"href":"https:\/\/portaltela.pt\/api\/wp\/v2\/types\/post"}],"author":[{"embeddable":true,"href":"https:\/\/portaltela.pt\/api\/wp\/v2\/users\/2"}],"replies":[{"embeddable":true,"href":"https:\/\/portaltela.pt\/api\/wp\/v2\/comments?post=427764"}],"version-history":[{"count":0,"href":"https:\/\/portaltela.pt\/api\/wp\/v2\/posts\/427764\/revisions"}],"wp:featuredmedia":[{"embeddable":true,"href":"https:\/\/portaltela.pt\/api\/wp\/v2\/media\/427768"}],"wp:attachment":[{"href":"https:\/\/portaltela.pt\/api\/wp\/v2\/media?parent=427764"}],"wp:term":[{"taxonomy":"category","embeddable":true,"href":"https:\/\/portaltela.pt\/api\/wp\/v2\/categories?post=427764"},{"taxonomy":"post_tag","embeddable":true,"href":"https:\/\/portaltela.pt\/api\/wp\/v2\/tags?post=427764"}],"curies":[{"name":"wp","href":"https:\/\/api.w.org\/{rel}","templated":true}]}}