{"id":427738,"date":"2026-03-31T09:47:27","date_gmt":"2026-03-31T12:47:27","guid":{"rendered":"https:\/\/portaltela.pt\/noticias\/2026\/03\/31\/catarina-oliveira-diz-sentir-se-invisivel-por-estar-numa-cadeira-de-rodas\/"},"modified":"2026-03-31T09:47:27","modified_gmt":"2026-03-31T12:47:27","slug":"catarina-oliveira-diz-sentir-se-invisivel-por-estar-numa-cadeira-de-rodas","status":"publish","type":"post","link":"https:\/\/portaltela.pt\/sociedade\/2026\/03\/31\/catarina-oliveira-diz-sentir-se-invisivel-por-estar-numa-cadeira-de-rodas\/","title":{"rendered":"Catarina Oliveira diz sentir-se invis\u00edvel por estar numa cadeira de rodas"},"content":{"rendered":"<p>Catarina Oliveira ficou em cadeira de rodas aos 26 anos, ap\u00f3s uma infec\u00e7\u00e3o na medula, no Rio de Janeiro. Voltou a Portugal e iniciou uma nova vida centrada na acessibilidade. Hoje \u00e9 consultora na \u00e1rea e partilha a perspetiva com milhares de seguidores.<\/p>\n<p>A professora de nutri\u00e7\u00e3o tornou-se presen\u00e7a p\u00fablica nas redes sociais, onde j\u00e1 soma perto de 100 mil seguidores. O objetivo \u00e9 quebrar tabus sobre defici\u00eancia e promover uma vis\u00e3o mais realista da autonomia das pessoas.<\/p>\n<p>No podcast A Vida N\u00e3o \u00e9 o Que Aparece, Catarina fala da adapta\u00e7\u00e3o \u00e0 cadeira de rodas e das reac\u00e7\u00f5es que confronta. Conta sentir-se invis\u00edvel ou infantilizada em v\u00e1rias situa\u00e7\u00f5es.<\/p>\n<h3>Capacitismo e autonomia<\/h3>\n<p>O discurso assenta na ideia de que o capacitismo tende a ver a defici\u00eancia como impedimento, esquecendo a autonomia do indiv\u00edduo. Catarina defende que a sociedade precisa reconhecer prefer\u00eancias e limita\u00e7\u00f5es pr\u00f3prias de cada pessoa.<\/p>\n<p>Ela sublinha a import\u00e2ncia da educa\u00e7\u00e3o para mudar h\u00e1bitos quotidianos. Exemplos simples, como n\u00e3o ocupar lugares reservados, ajudam a promover respeito pela diversidade e pela igualdade de oportunidades.<\/p>\n<p>Para al\u00e9m do trabalho c\u00edvico, Catarina \u00e9 m\u00e3e h\u00e1 menos de um ano, o que adiciona camadas \u00e0 perce\u00e7\u00e3o p\u00fablica sobre mulheres com defici\u00eancia. A experi\u00eancia familiar \u00e9 apresentada como parte da evolu\u00e7\u00e3o pessoal e profissional.<\/p>\n<p>Siga o podcast A Vida N\u00e3o \u00c9 o Que Aparece para novos epis\u00f3dios semanais, dispon\u00edveis no Spotify e Apple Podcasts.<\/p>\n","protected":false},"excerpt":{"rendered":"<ul>\n<li>Catarina Oliveira tornou-se consultora para acessibilidade ap\u00f3s ficar numa cadeira de rodas, aos 26 anos, no Rio de Janeiro, e regressar a Portugal.<\/li>\n<li>Hoje tem cerca de 100 mil seguidores nas redes sociais e \u00e9 a d\u00e9cima convidada do podcast A Vida N\u00e3o \u00e9 o Que Aparece.<\/li>\n<li>Revela ter sentido a sociedade pouco preparada para a sua nova posi\u00e7\u00e3o, levando-a a sentirse invis\u00edvel ou infantilizada em v\u00e1rias situa\u00e7\u00f5es.<\/li>\n<li>Defende que o capacitismo parte da ideia de incapacidade e insiste na autonomia das pessoas com defici\u00eancia, promovendo a equidade em vez de igualdade.<\/li>\n<li>Como m\u00e3e e mulher com defici\u00eancia, destaca que a educa\u00e7\u00e3o dos pais e o exemplo no quotidiano s\u00e3o cruciais para desconstruir estere\u00f3tipos.<\/li>\n<\/ul>\n","protected":false},"author":2,"featured_media":427744,"comment_status":"closed","ping_status":"closed","sticky":false,"template":"","format":"standard","meta":{"footnotes":""},"categories":[6745,6871],"tags":[3772,2633,4696,4074,2737,6313],"class_list":["post-427738","post","type-post","status-publish","format-standard","has-post-thumbnail","hentry","category-saude","category-sociedade","tag-acessibilidade","tag-direitos-humanos","tag-educacao-inclusiva","tag-inclusao-social","tag-pessoas-com-deficiencia","tag-sociedade-civil"],"yoast_head":"<!-- This site is optimized with the Yoast SEO plugin v27.2 - https:\/\/yoast.com\/product\/yoast-seo-wordpress\/ -->\n<title>Catarina Oliveira diz sentir-se invis\u00edvel por estar numa cadeira de rodas - Portal Tela Portugal<\/title>\n<meta name=\"robots\" content=\"index, follow, max-snippet:-1, max-image-preview:large, max-video-preview:-1\" \/>\n<meta property=\"og:locale\" content=\"pt_PT\" \/>\n<meta property=\"og:type\" content=\"article\" \/>\n<meta property=\"og:title\" content=\"Catarina Oliveira diz sentir-se invis\u00edvel por estar numa cadeira de rodas - Portal Tela Portugal\" \/>\n<meta property=\"og:description\" content=\"Catarina Oliveira tornou-se consultora para acessibilidade ap\u00f3s ficar numa cadeira de rodas, aos 26 anos, no Rio de Janeiro, e regressar a Portugal. Hoje tem cerca de 100 mil seguidores nas redes sociais e \u00e9 a d\u00e9cima convidada do podcast A Vida N\u00e3o \u00e9 o Que Aparece. Revela ter sentido a sociedade pouco preparada para a sua nova posi\u00e7\u00e3o, levando-a a sentirse invis\u00edvel ou infantilizada em v\u00e1rias situa\u00e7\u00f5es. Defende que o capacitismo parte da ideia de incapacidade e insiste na autonomia das pessoas com defici\u00eancia, promovendo a equidade em vez de igualdade. Como m\u00e3e e mulher com defici\u00eancia, destaca que a educa\u00e7\u00e3o dos pais e o exemplo no quotidiano s\u00e3o cruciais para desconstruir estere\u00f3tipos.\" \/>\n<meta property=\"og:url\" content=\"https:\/\/portaltela.pt\/noticias\/2026\/03\/31\/catarina-oliveira-diz-sentir-se-invisivel-por-estar-numa-cadeira-de-rodas\/\" \/>\n<meta property=\"og:site_name\" content=\"Portal Tela Portugal\" \/>\n<meta property=\"article:published_time\" content=\"2026-03-31T12:47:27+00:00\" \/>\n<meta name=\"author\" content=\"Telinha\" \/>\n<meta name=\"twitter:card\" content=\"summary_large_image\" \/>\n<meta name=\"twitter:label1\" content=\"Escrito por\" \/>\n\t<meta name=\"twitter:data1\" content=\"Telinha\" \/>\n\t<meta name=\"twitter:label2\" content=\"Tempo estimado de leitura\" \/>\n\t<meta name=\"twitter:data2\" content=\"1 minuto\" \/>\n<script type=\"application\/ld+json\" class=\"yoast-schema-graph\">{\"@context\":\"https:\/\/schema.org\",\"@graph\":[{\"@type\":\"Article\",\"@id\":\"https:\/\/portaltela.pt\/noticias\/2026\/03\/31\/catarina-oliveira-diz-sentir-se-invisivel-por-estar-numa-cadeira-de-rodas\/#article\",\"isPartOf\":{\"@id\":\"https:\/\/portaltela.pt\/noticias\/2026\/03\/31\/catarina-oliveira-diz-sentir-se-invisivel-por-estar-numa-cadeira-de-rodas\/\"},\"author\":{\"name\":\"Telinha\",\"@id\":\"https:\/\/portaltela.pt\/#\/schema\/person\/c4278d4a6028830caff9ee44b42d32ed\"},\"headline\":\"Catarina Oliveira diz sentir-se invis\u00edvel por estar numa cadeira de rodas\",\"datePublished\":\"2026-03-31T12:47:27+00:00\",\"mainEntityOfPage\":{\"@id\":\"https:\/\/portaltela.pt\/noticias\/2026\/03\/31\/catarina-oliveira-diz-sentir-se-invisivel-por-estar-numa-cadeira-de-rodas\/\"},\"wordCount\":265,\"image\":{\"@id\":\"https:\/\/portaltela.pt\/noticias\/2026\/03\/31\/catarina-oliveira-diz-sentir-se-invisivel-por-estar-numa-cadeira-de-rodas\/#primaryimage\"},\"thumbnailUrl\":\"https:\/\/portaltela.pt\/s.01k8rhncp4jt1\/2026\/03\/2078176.jpg\",\"keywords\":[\"acessibilidade\",\"direitos humanos\",\"educa\u00e7\u00e3o inclusiva\",\"inclus\u00e3o social\",\"pessoas com defici\u00eancia\",\"sociedade civil\"],\"articleSection\":[\"Sa\u00fade\",\"Sociedade\"],\"inLanguage\":\"pt-PT\"},{\"@type\":\"WebPage\",\"@id\":\"https:\/\/portaltela.pt\/noticias\/2026\/03\/31\/catarina-oliveira-diz-sentir-se-invisivel-por-estar-numa-cadeira-de-rodas\/\",\"url\":\"https:\/\/portaltela.pt\/noticias\/2026\/03\/31\/catarina-oliveira-diz-sentir-se-invisivel-por-estar-numa-cadeira-de-rodas\/\",\"name\":\"Catarina Oliveira diz sentir-se invis\u00edvel por estar numa cadeira de rodas - Portal Tela Portugal\",\"isPartOf\":{\"@id\":\"https:\/\/portaltela.pt\/#website\"},\"primaryImageOfPage\":{\"@id\":\"https:\/\/portaltela.pt\/noticias\/2026\/03\/31\/catarina-oliveira-diz-sentir-se-invisivel-por-estar-numa-cadeira-de-rodas\/#primaryimage\"},\"image\":{\"@id\":\"https:\/\/portaltela.pt\/noticias\/2026\/03\/31\/catarina-oliveira-diz-sentir-se-invisivel-por-estar-numa-cadeira-de-rodas\/#primaryimage\"},\"thumbnailUrl\":\"https:\/\/portaltela.pt\/s.01k8rhncp4jt1\/2026\/03\/2078176.jpg\",\"datePublished\":\"2026-03-31T12:47:27+00:00\",\"author\":{\"@id\":\"https:\/\/portaltela.pt\/#\/schema\/person\/c4278d4a6028830caff9ee44b42d32ed\"},\"breadcrumb\":{\"@id\":\"https:\/\/portaltela.pt\/noticias\/2026\/03\/31\/catarina-oliveira-diz-sentir-se-invisivel-por-estar-numa-cadeira-de-rodas\/#breadcrumb\"},\"inLanguage\":\"pt-PT\",\"potentialAction\":[{\"@type\":\"ReadAction\",\"target\":[\"https:\/\/portaltela.pt\/noticias\/2026\/03\/31\/catarina-oliveira-diz-sentir-se-invisivel-por-estar-numa-cadeira-de-rodas\/\"]}]},{\"@type\":\"ImageObject\",\"inLanguage\":\"pt-PT\",\"@id\":\"https:\/\/portaltela.pt\/noticias\/2026\/03\/31\/catarina-oliveira-diz-sentir-se-invisivel-por-estar-numa-cadeira-de-rodas\/#primaryimage\",\"url\":\"https:\/\/portaltela.pt\/s.01k8rhncp4jt1\/2026\/03\/2078176.jpg\",\"contentUrl\":\"https:\/\/portaltela.pt\/s.01k8rhncp4jt1\/2026\/03\/2078176.jpg\",\"width\":796,\"height\":448,\"caption\":\"Photo\"},{\"@type\":\"BreadcrumbList\",\"@id\":\"https:\/\/portaltela.pt\/noticias\/2026\/03\/31\/catarina-oliveira-diz-sentir-se-invisivel-por-estar-numa-cadeira-de-rodas\/#breadcrumb\",\"itemListElement\":[{\"@type\":\"ListItem\",\"position\":1,\"name\":\"In\u00edcio\",\"item\":\"https:\/\/portaltela.pt\/\"},{\"@type\":\"ListItem\",\"position\":2,\"name\":\"Catarina Oliveira diz sentir-se invis\u00edvel por estar numa cadeira de rodas\"}]},{\"@type\":\"WebSite\",\"@id\":\"https:\/\/portaltela.pt\/#website\",\"url\":\"https:\/\/portaltela.pt\/\",\"name\":\"Portal Tela Portugal\",\"description\":\"\",\"potentialAction\":[{\"@type\":\"SearchAction\",\"target\":{\"@type\":\"EntryPoint\",\"urlTemplate\":\"https:\/\/portaltela.pt\/?s={search_term_string}\"},\"query-input\":{\"@type\":\"PropertyValueSpecification\",\"valueRequired\":true,\"valueName\":\"search_term_string\"}}],\"inLanguage\":\"pt-PT\"},{\"@type\":\"Person\",\"@id\":\"https:\/\/portaltela.pt\/#\/schema\/person\/c4278d4a6028830caff9ee44b42d32ed\",\"name\":\"Telinha\",\"image\":{\"@type\":\"ImageObject\",\"inLanguage\":\"pt-PT\",\"@id\":\"https:\/\/portaltela.pt\/s.01k8rhncp4jt1\/2025\/11\/talking-bot-125x125.png\",\"url\":\"https:\/\/portaltela.pt\/s.01k8rhncp4jt1\/2025\/11\/talking-bot-125x125.png\",\"contentUrl\":\"https:\/\/portaltela.pt\/s.01k8rhncp4jt1\/2025\/11\/talking-bot-125x125.png\",\"caption\":\"Telinha\"},\"sameAs\":[\"https:\/\/portaltela.pt\/\"],\"url\":\"https:\/\/portaltela.pt\/por\/367410592786\/\"}]}<\/script>\n<!-- \/ Yoast SEO plugin. -->","yoast_head_json":{"title":"Catarina Oliveira diz sentir-se invis\u00edvel por estar numa cadeira de rodas - Portal Tela Portugal","robots":{"index":"index","follow":"follow","max-snippet":"max-snippet:-1","max-image-preview":"max-image-preview:large","max-video-preview":"max-video-preview:-1"},"og_locale":"pt_PT","og_type":"article","og_title":"Catarina Oliveira diz sentir-se invis\u00edvel por estar numa cadeira de rodas - Portal Tela Portugal","og_description":"Catarina Oliveira tornou-se consultora para acessibilidade ap\u00f3s ficar numa cadeira de rodas, aos 26 anos, no Rio de Janeiro, e regressar a Portugal. Hoje tem cerca de 100 mil seguidores nas redes sociais e \u00e9 a d\u00e9cima convidada do podcast A Vida N\u00e3o \u00e9 o Que Aparece. Revela ter sentido a sociedade pouco preparada para a sua nova posi\u00e7\u00e3o, levando-a a sentirse invis\u00edvel ou infantilizada em v\u00e1rias situa\u00e7\u00f5es. Defende que o capacitismo parte da ideia de incapacidade e insiste na autonomia das pessoas com defici\u00eancia, promovendo a equidade em vez de igualdade. Como m\u00e3e e mulher com defici\u00eancia, destaca que a educa\u00e7\u00e3o dos pais e o exemplo no quotidiano s\u00e3o cruciais para desconstruir estere\u00f3tipos.","og_url":"https:\/\/portaltela.pt\/noticias\/2026\/03\/31\/catarina-oliveira-diz-sentir-se-invisivel-por-estar-numa-cadeira-de-rodas\/","og_site_name":"Portal Tela Portugal","article_published_time":"2026-03-31T12:47:27+00:00","author":"Telinha","twitter_card":"summary_large_image","twitter_misc":{"Escrito por":"Telinha","Tempo estimado de leitura":"1 minuto"},"schema":{"@context":"https:\/\/schema.org","@graph":[{"@type":"Article","@id":"https:\/\/portaltela.pt\/noticias\/2026\/03\/31\/catarina-oliveira-diz-sentir-se-invisivel-por-estar-numa-cadeira-de-rodas\/#article","isPartOf":{"@id":"https:\/\/portaltela.pt\/noticias\/2026\/03\/31\/catarina-oliveira-diz-sentir-se-invisivel-por-estar-numa-cadeira-de-rodas\/"},"author":{"name":"Telinha","@id":"https:\/\/portaltela.pt\/#\/schema\/person\/c4278d4a6028830caff9ee44b42d32ed"},"headline":"Catarina Oliveira diz sentir-se invis\u00edvel por estar numa cadeira de rodas","datePublished":"2026-03-31T12:47:27+00:00","mainEntityOfPage":{"@id":"https:\/\/portaltela.pt\/noticias\/2026\/03\/31\/catarina-oliveira-diz-sentir-se-invisivel-por-estar-numa-cadeira-de-rodas\/"},"wordCount":265,"image":{"@id":"https:\/\/portaltela.pt\/noticias\/2026\/03\/31\/catarina-oliveira-diz-sentir-se-invisivel-por-estar-numa-cadeira-de-rodas\/#primaryimage"},"thumbnailUrl":"https:\/\/portaltela.pt\/s.01k8rhncp4jt1\/2026\/03\/2078176.jpg","keywords":["acessibilidade","direitos humanos","educa\u00e7\u00e3o inclusiva","inclus\u00e3o social","pessoas com defici\u00eancia","sociedade civil"],"articleSection":["Sa\u00fade","Sociedade"],"inLanguage":"pt-PT"},{"@type":"WebPage","@id":"https:\/\/portaltela.pt\/noticias\/2026\/03\/31\/catarina-oliveira-diz-sentir-se-invisivel-por-estar-numa-cadeira-de-rodas\/","url":"https:\/\/portaltela.pt\/noticias\/2026\/03\/31\/catarina-oliveira-diz-sentir-se-invisivel-por-estar-numa-cadeira-de-rodas\/","name":"Catarina Oliveira diz sentir-se invis\u00edvel por estar numa cadeira de rodas - Portal Tela Portugal","isPartOf":{"@id":"https:\/\/portaltela.pt\/#website"},"primaryImageOfPage":{"@id":"https:\/\/portaltela.pt\/noticias\/2026\/03\/31\/catarina-oliveira-diz-sentir-se-invisivel-por-estar-numa-cadeira-de-rodas\/#primaryimage"},"image":{"@id":"https:\/\/portaltela.pt\/noticias\/2026\/03\/31\/catarina-oliveira-diz-sentir-se-invisivel-por-estar-numa-cadeira-de-rodas\/#primaryimage"},"thumbnailUrl":"https:\/\/portaltela.pt\/s.01k8rhncp4jt1\/2026\/03\/2078176.jpg","datePublished":"2026-03-31T12:47:27+00:00","author":{"@id":"https:\/\/portaltela.pt\/#\/schema\/person\/c4278d4a6028830caff9ee44b42d32ed"},"breadcrumb":{"@id":"https:\/\/portaltela.pt\/noticias\/2026\/03\/31\/catarina-oliveira-diz-sentir-se-invisivel-por-estar-numa-cadeira-de-rodas\/#breadcrumb"},"inLanguage":"pt-PT","potentialAction":[{"@type":"ReadAction","target":["https:\/\/portaltela.pt\/noticias\/2026\/03\/31\/catarina-oliveira-diz-sentir-se-invisivel-por-estar-numa-cadeira-de-rodas\/"]}]},{"@type":"ImageObject","inLanguage":"pt-PT","@id":"https:\/\/portaltela.pt\/noticias\/2026\/03\/31\/catarina-oliveira-diz-sentir-se-invisivel-por-estar-numa-cadeira-de-rodas\/#primaryimage","url":"https:\/\/portaltela.pt\/s.01k8rhncp4jt1\/2026\/03\/2078176.jpg","contentUrl":"https:\/\/portaltela.pt\/s.01k8rhncp4jt1\/2026\/03\/2078176.jpg","width":796,"height":448,"caption":"Photo"},{"@type":"BreadcrumbList","@id":"https:\/\/portaltela.pt\/noticias\/2026\/03\/31\/catarina-oliveira-diz-sentir-se-invisivel-por-estar-numa-cadeira-de-rodas\/#breadcrumb","itemListElement":[{"@type":"ListItem","position":1,"name":"In\u00edcio","item":"https:\/\/portaltela.pt\/"},{"@type":"ListItem","position":2,"name":"Catarina Oliveira diz sentir-se invis\u00edvel por estar numa cadeira de rodas"}]},{"@type":"WebSite","@id":"https:\/\/portaltela.pt\/#website","url":"https:\/\/portaltela.pt\/","name":"Portal Tela Portugal","description":"","potentialAction":[{"@type":"SearchAction","target":{"@type":"EntryPoint","urlTemplate":"https:\/\/portaltela.pt\/?s={search_term_string}"},"query-input":{"@type":"PropertyValueSpecification","valueRequired":true,"valueName":"search_term_string"}}],"inLanguage":"pt-PT"},{"@type":"Person","@id":"https:\/\/portaltela.pt\/#\/schema\/person\/c4278d4a6028830caff9ee44b42d32ed","name":"Telinha","image":{"@type":"ImageObject","inLanguage":"pt-PT","@id":"https:\/\/portaltela.pt\/s.01k8rhncp4jt1\/2025\/11\/talking-bot-125x125.png","url":"https:\/\/portaltela.pt\/s.01k8rhncp4jt1\/2025\/11\/talking-bot-125x125.png","contentUrl":"https:\/\/portaltela.pt\/s.01k8rhncp4jt1\/2025\/11\/talking-bot-125x125.png","caption":"Telinha"},"sameAs":["https:\/\/portaltela.pt\/"],"url":"https:\/\/portaltela.pt\/por\/367410592786\/"}]}},"_links":{"self":[{"href":"https:\/\/portaltela.pt\/api\/wp\/v2\/posts\/427738","targetHints":{"allow":["GET"]}}],"collection":[{"href":"https:\/\/portaltela.pt\/api\/wp\/v2\/posts"}],"about":[{"href":"https:\/\/portaltela.pt\/api\/wp\/v2\/types\/post"}],"author":[{"embeddable":true,"href":"https:\/\/portaltela.pt\/api\/wp\/v2\/users\/2"}],"replies":[{"embeddable":true,"href":"https:\/\/portaltela.pt\/api\/wp\/v2\/comments?post=427738"}],"version-history":[{"count":0,"href":"https:\/\/portaltela.pt\/api\/wp\/v2\/posts\/427738\/revisions"}],"wp:featuredmedia":[{"embeddable":true,"href":"https:\/\/portaltela.pt\/api\/wp\/v2\/media\/427744"}],"wp:attachment":[{"href":"https:\/\/portaltela.pt\/api\/wp\/v2\/media?parent=427738"}],"wp:term":[{"taxonomy":"category","embeddable":true,"href":"https:\/\/portaltela.pt\/api\/wp\/v2\/categories?post=427738"},{"taxonomy":"post_tag","embeddable":true,"href":"https:\/\/portaltela.pt\/api\/wp\/v2\/tags?post=427738"}],"curies":[{"name":"wp","href":"https:\/\/api.w.org\/{rel}","templated":true}]}}