{"id":427730,"date":"2026-03-31T09:47:10","date_gmt":"2026-03-31T12:47:10","guid":{"rendered":"https:\/\/portaltela.pt\/noticias\/2026\/03\/31\/producao-de-feta-na-grecia-gravemente-ameacada-pela-variola-ovina\/"},"modified":"2026-03-31T09:47:10","modified_gmt":"2026-03-31T12:47:10","slug":"producao-de-feta-na-grecia-gravemente-ameacada-pela-variola-ovina","status":"publish","type":"post","link":"https:\/\/portaltela.pt\/noticias\/economia\/2026\/03\/31\/producao-de-feta-na-grecia-gravemente-ameacada-pela-variola-ovina\/","title":{"rendered":"Produ\u00e7\u00e3o de feta na Gr\u00e9cia gravemente amea\u00e7ada pela var\u00edola ovina"},"content":{"rendered":"<p>A produ\u00e7\u00e3o de feta na Gr\u00e9cia enfrenta uma queda significativa devido \u00e0 variola ovina, agravada pelo abate de ovelhas para conter o surto. Estima-se que, neste ano, a disponibilidade de feta caia em torno de 20 mil toneladas no pa\u00eds.<\/p>\n<p>Tr\u00eas meses ap\u00f3s o governo ter intervindo para controlar a doen\u00e7a, milhares de animais foram abatidos. Em mar\u00e7o, as autoridades comunicaram a retirada de mais de 480 mil ovelhas e cabras, com maior impacto no centro e norte da Gr\u00e9cia.<\/p>\n<p>A crise deixou o setor pecu\u00e1rio em alerta. Agricultores indicam que o confinamento imp\u00f5e custos adicionais de alimenta\u00e7\u00e3o e limita\u00e7\u00f5es de pastoreio, o que pode elevar o custo de produ\u00e7\u00e3o do feta.<\/p>\n<h3>Impacto regional e produ\u00e7\u00e3o futura<\/h3>\n<p>A regi\u00e3o da Tess\u00e1lia, principal produtora de feta com uma quota expressiva das exporta\u00e7\u00f5es, registou uma quebra de leite de cerca de 40% neste ano. A redu\u00e7\u00e3o do efetivo pecu\u00e1rio compromete a oferta de leite e, por consequ\u00eancia, a produ\u00e7\u00e3o de feta.<\/p>\n<p>Michalis Arvanitis, propriet\u00e1rio de uma f\u00e1brica na Tess\u00e1lia, afirma que, enquanto a oferta de leite permanece limitada, a produ\u00e7\u00e3o de feta tamb\u00e9m continua reduzida. S\u00e3o esperadas repercuss\u00f5es para o mercado nacional.<\/p>\n<p>A Organiza\u00e7\u00e3o Nacional Interprofissional do Feta (NIOF) projeta um d\u00e9fice de cerca de 20 mil toneladas em 2026, face \u00e0 menor disponibilidade de leite. Em 2025, a produ\u00e7\u00e3o totalizou aproximadamente 140 mil toneladas.<\/p>\n","protected":false},"excerpt":{"rendered":"<ul>\n<li>A produ\u00e7\u00e3o de feta na Gr\u00e9cia est\u00e1 seriamente amea\u00e7ada pela var\u00edola ovina e pelo abate de ovelhas e caprinos, com estimativa de menos 20 mil toneladas de feta neste ano.<\/li>\n<li>Tr\u00eas meses depois, as autoridades abatam mais de 480 mil ovinos e caprinos para conter o surto, sobretudo no centro e norte do pa\u00eds.<\/li>\n<li>A redu\u00e7\u00e3o do efetivo pecu\u00e1rio provocou uma quebra na produ\u00e7\u00e3o de leite, impactando a regi\u00e3o de Tess\u00e1lia, a principal produtora de feta, com uma quebra de cerca de quarenta por cento.<\/li>\n<li>O feta tem Denomina\u00e7\u00e3o de Origem Protegida e representa uma parcela significativa das exporta\u00e7\u00f5es gregas.<\/li>\n<li>A Organiza\u00e7\u00e3o Nacional Interprofissional do Feta estima d\u00e9fice de cerca de 20 mil toneladas em 2026 devido \u00e0 menor disponibilidade de leite; em 2025 a produ\u00e7\u00e3o foi de cerca de 140 mil toneladas.<\/li>\n<\/ul>\n","protected":false},"author":2,"featured_media":427731,"comment_status":"closed","ping_status":"closed","sticky":false,"template":"","format":"standard","meta":{"footnotes":""},"categories":[2,6735],"tags":[7654,179,28,2541,3137,3499],"class_list":["post-427730","post","type-post","status-publish","format-standard","has-post-thumbnail","hentry","category-economia","category-negocios","tag-a-tessalia","tag-agricultura","tag-economia","tag-exportacoes","tag-grecia","tag-pecuaria"],"yoast_head":"<!-- This site is optimized with the Yoast SEO plugin v27.2 - https:\/\/yoast.com\/product\/yoast-seo-wordpress\/ -->\n<title>Produ\u00e7\u00e3o de feta na Gr\u00e9cia gravemente amea\u00e7ada pela var\u00edola ovina - Portal Tela Portugal<\/title>\n<meta name=\"robots\" content=\"index, follow, max-snippet:-1, max-image-preview:large, max-video-preview:-1\" \/>\n<meta property=\"og:locale\" content=\"pt_PT\" \/>\n<meta property=\"og:type\" content=\"article\" \/>\n<meta property=\"og:title\" content=\"Produ\u00e7\u00e3o de feta na Gr\u00e9cia gravemente amea\u00e7ada pela var\u00edola ovina - Portal Tela Portugal\" \/>\n<meta property=\"og:description\" content=\"A produ\u00e7\u00e3o de feta na Gr\u00e9cia est\u00e1 seriamente amea\u00e7ada pela var\u00edola ovina e pelo abate de ovelhas e caprinos, com estimativa de menos 20 mil toneladas de feta neste ano. Tr\u00eas meses depois, as autoridades abatam mais de 480 mil ovinos e caprinos para conter o surto, sobretudo no centro e norte do pa\u00eds. A redu\u00e7\u00e3o do efetivo pecu\u00e1rio provocou uma quebra na produ\u00e7\u00e3o de leite, impactando a regi\u00e3o de Tess\u00e1lia, a principal produtora de feta, com uma quebra de cerca de quarenta por cento. O feta tem Denomina\u00e7\u00e3o de Origem Protegida e representa uma parcela significativa das exporta\u00e7\u00f5es gregas. A Organiza\u00e7\u00e3o Nacional Interprofissional do Feta estima d\u00e9fice de cerca de 20 mil toneladas em 2026 devido \u00e0 menor disponibilidade de leite; em 2025 a produ\u00e7\u00e3o foi de cerca de 140 mil toneladas.\" \/>\n<meta property=\"og:url\" content=\"https:\/\/portaltela.pt\/noticias\/2026\/03\/31\/producao-de-feta-na-grecia-gravemente-ameacada-pela-variola-ovina\/\" \/>\n<meta property=\"og:site_name\" content=\"Portal Tela Portugal\" \/>\n<meta property=\"article:published_time\" content=\"2026-03-31T12:47:10+00:00\" \/>\n<meta name=\"author\" content=\"Telinha\" \/>\n<meta name=\"twitter:card\" content=\"summary_large_image\" \/>\n<meta name=\"twitter:label1\" content=\"Escrito por\" \/>\n\t<meta name=\"twitter:data1\" content=\"Telinha\" \/>\n\t<meta name=\"twitter:label2\" content=\"Tempo estimado de leitura\" \/>\n\t<meta name=\"twitter:data2\" content=\"1 minuto\" \/>\n<script type=\"application\/ld+json\" class=\"yoast-schema-graph\">{\"@context\":\"https:\/\/schema.org\",\"@graph\":[{\"@type\":\"Article\",\"@id\":\"https:\/\/portaltela.pt\/noticias\/2026\/03\/31\/producao-de-feta-na-grecia-gravemente-ameacada-pela-variola-ovina\/#article\",\"isPartOf\":{\"@id\":\"https:\/\/portaltela.pt\/noticias\/2026\/03\/31\/producao-de-feta-na-grecia-gravemente-ameacada-pela-variola-ovina\/\"},\"author\":{\"name\":\"Telinha\",\"@id\":\"https:\/\/portaltela.pt\/#\/schema\/person\/c4278d4a6028830caff9ee44b42d32ed\"},\"headline\":\"Produ\u00e7\u00e3o de feta na Gr\u00e9cia gravemente amea\u00e7ada pela var\u00edola ovina\",\"datePublished\":\"2026-03-31T12:47:10+00:00\",\"mainEntityOfPage\":{\"@id\":\"https:\/\/portaltela.pt\/noticias\/2026\/03\/31\/producao-de-feta-na-grecia-gravemente-ameacada-pela-variola-ovina\/\"},\"wordCount\":259,\"image\":{\"@id\":\"https:\/\/portaltela.pt\/noticias\/2026\/03\/31\/producao-de-feta-na-grecia-gravemente-ameacada-pela-variola-ovina\/#primaryimage\"},\"thumbnailUrl\":\"https:\/\/portaltela.pt\/s.01k8rhncp4jt1\/2026\/03\/1536x864_cmsv2_c0ad43a4-f5ee-57eb-9625-f3c788d48d5a-9704836.jpg\",\"keywords\":[\"A Tess\u00e1lia\",\"agricultura\",\"economia\",\"exporta\u00e7\u00f5es\",\"Gr\u00e9cia\",\"pecu\u00e1ria\"],\"articleSection\":[\"Economia\",\"Neg\u00f3cios\"],\"inLanguage\":\"pt-PT\"},{\"@type\":\"WebPage\",\"@id\":\"https:\/\/portaltela.pt\/noticias\/2026\/03\/31\/producao-de-feta-na-grecia-gravemente-ameacada-pela-variola-ovina\/\",\"url\":\"https:\/\/portaltela.pt\/noticias\/2026\/03\/31\/producao-de-feta-na-grecia-gravemente-ameacada-pela-variola-ovina\/\",\"name\":\"Produ\u00e7\u00e3o de feta na Gr\u00e9cia gravemente amea\u00e7ada pela var\u00edola ovina - Portal Tela Portugal\",\"isPartOf\":{\"@id\":\"https:\/\/portaltela.pt\/#website\"},\"primaryImageOfPage\":{\"@id\":\"https:\/\/portaltela.pt\/noticias\/2026\/03\/31\/producao-de-feta-na-grecia-gravemente-ameacada-pela-variola-ovina\/#primaryimage\"},\"image\":{\"@id\":\"https:\/\/portaltela.pt\/noticias\/2026\/03\/31\/producao-de-feta-na-grecia-gravemente-ameacada-pela-variola-ovina\/#primaryimage\"},\"thumbnailUrl\":\"https:\/\/portaltela.pt\/s.01k8rhncp4jt1\/2026\/03\/1536x864_cmsv2_c0ad43a4-f5ee-57eb-9625-f3c788d48d5a-9704836.jpg\",\"datePublished\":\"2026-03-31T12:47:10+00:00\",\"author\":{\"@id\":\"https:\/\/portaltela.pt\/#\/schema\/person\/c4278d4a6028830caff9ee44b42d32ed\"},\"breadcrumb\":{\"@id\":\"https:\/\/portaltela.pt\/noticias\/2026\/03\/31\/producao-de-feta-na-grecia-gravemente-ameacada-pela-variola-ovina\/#breadcrumb\"},\"inLanguage\":\"pt-PT\",\"potentialAction\":[{\"@type\":\"ReadAction\",\"target\":[\"https:\/\/portaltela.pt\/noticias\/2026\/03\/31\/producao-de-feta-na-grecia-gravemente-ameacada-pela-variola-ovina\/\"]}]},{\"@type\":\"ImageObject\",\"inLanguage\":\"pt-PT\",\"@id\":\"https:\/\/portaltela.pt\/noticias\/2026\/03\/31\/producao-de-feta-na-grecia-gravemente-ameacada-pela-variola-ovina\/#primaryimage\",\"url\":\"https:\/\/portaltela.pt\/s.01k8rhncp4jt1\/2026\/03\/1536x864_cmsv2_c0ad43a4-f5ee-57eb-9625-f3c788d48d5a-9704836.jpg\",\"contentUrl\":\"https:\/\/portaltela.pt\/s.01k8rhncp4jt1\/2026\/03\/1536x864_cmsv2_c0ad43a4-f5ee-57eb-9625-f3c788d48d5a-9704836.jpg\",\"width\":796,\"height\":448,\"caption\":\"Photo\"},{\"@type\":\"BreadcrumbList\",\"@id\":\"https:\/\/portaltela.pt\/noticias\/2026\/03\/31\/producao-de-feta-na-grecia-gravemente-ameacada-pela-variola-ovina\/#breadcrumb\",\"itemListElement\":[{\"@type\":\"ListItem\",\"position\":1,\"name\":\"In\u00edcio\",\"item\":\"https:\/\/portaltela.pt\/\"},{\"@type\":\"ListItem\",\"position\":2,\"name\":\"Produ\u00e7\u00e3o de feta na Gr\u00e9cia gravemente amea\u00e7ada pela var\u00edola ovina\"}]},{\"@type\":\"WebSite\",\"@id\":\"https:\/\/portaltela.pt\/#website\",\"url\":\"https:\/\/portaltela.pt\/\",\"name\":\"Portal Tela Portugal\",\"description\":\"\",\"potentialAction\":[{\"@type\":\"SearchAction\",\"target\":{\"@type\":\"EntryPoint\",\"urlTemplate\":\"https:\/\/portaltela.pt\/?s={search_term_string}\"},\"query-input\":{\"@type\":\"PropertyValueSpecification\",\"valueRequired\":true,\"valueName\":\"search_term_string\"}}],\"inLanguage\":\"pt-PT\"},{\"@type\":\"Person\",\"@id\":\"https:\/\/portaltela.pt\/#\/schema\/person\/c4278d4a6028830caff9ee44b42d32ed\",\"name\":\"Telinha\",\"image\":{\"@type\":\"ImageObject\",\"inLanguage\":\"pt-PT\",\"@id\":\"https:\/\/portaltela.pt\/s.01k8rhncp4jt1\/2025\/11\/talking-bot-125x125.png\",\"url\":\"https:\/\/portaltela.pt\/s.01k8rhncp4jt1\/2025\/11\/talking-bot-125x125.png\",\"contentUrl\":\"https:\/\/portaltela.pt\/s.01k8rhncp4jt1\/2025\/11\/talking-bot-125x125.png\",\"caption\":\"Telinha\"},\"sameAs\":[\"https:\/\/portaltela.pt\/\"],\"url\":\"https:\/\/portaltela.pt\/por\/367410592786\/\"}]}<\/script>\n<!-- \/ Yoast SEO plugin. -->","yoast_head_json":{"title":"Produ\u00e7\u00e3o de feta na Gr\u00e9cia gravemente amea\u00e7ada pela var\u00edola ovina - Portal Tela Portugal","robots":{"index":"index","follow":"follow","max-snippet":"max-snippet:-1","max-image-preview":"max-image-preview:large","max-video-preview":"max-video-preview:-1"},"og_locale":"pt_PT","og_type":"article","og_title":"Produ\u00e7\u00e3o de feta na Gr\u00e9cia gravemente amea\u00e7ada pela var\u00edola ovina - Portal Tela Portugal","og_description":"A produ\u00e7\u00e3o de feta na Gr\u00e9cia est\u00e1 seriamente amea\u00e7ada pela var\u00edola ovina e pelo abate de ovelhas e caprinos, com estimativa de menos 20 mil toneladas de feta neste ano. Tr\u00eas meses depois, as autoridades abatam mais de 480 mil ovinos e caprinos para conter o surto, sobretudo no centro e norte do pa\u00eds. A redu\u00e7\u00e3o do efetivo pecu\u00e1rio provocou uma quebra na produ\u00e7\u00e3o de leite, impactando a regi\u00e3o de Tess\u00e1lia, a principal produtora de feta, com uma quebra de cerca de quarenta por cento. O feta tem Denomina\u00e7\u00e3o de Origem Protegida e representa uma parcela significativa das exporta\u00e7\u00f5es gregas. A Organiza\u00e7\u00e3o Nacional Interprofissional do Feta estima d\u00e9fice de cerca de 20 mil toneladas em 2026 devido \u00e0 menor disponibilidade de leite; em 2025 a produ\u00e7\u00e3o foi de cerca de 140 mil toneladas.","og_url":"https:\/\/portaltela.pt\/noticias\/2026\/03\/31\/producao-de-feta-na-grecia-gravemente-ameacada-pela-variola-ovina\/","og_site_name":"Portal Tela Portugal","article_published_time":"2026-03-31T12:47:10+00:00","author":"Telinha","twitter_card":"summary_large_image","twitter_misc":{"Escrito por":"Telinha","Tempo estimado de leitura":"1 minuto"},"schema":{"@context":"https:\/\/schema.org","@graph":[{"@type":"Article","@id":"https:\/\/portaltela.pt\/noticias\/2026\/03\/31\/producao-de-feta-na-grecia-gravemente-ameacada-pela-variola-ovina\/#article","isPartOf":{"@id":"https:\/\/portaltela.pt\/noticias\/2026\/03\/31\/producao-de-feta-na-grecia-gravemente-ameacada-pela-variola-ovina\/"},"author":{"name":"Telinha","@id":"https:\/\/portaltela.pt\/#\/schema\/person\/c4278d4a6028830caff9ee44b42d32ed"},"headline":"Produ\u00e7\u00e3o de feta na Gr\u00e9cia gravemente amea\u00e7ada pela var\u00edola ovina","datePublished":"2026-03-31T12:47:10+00:00","mainEntityOfPage":{"@id":"https:\/\/portaltela.pt\/noticias\/2026\/03\/31\/producao-de-feta-na-grecia-gravemente-ameacada-pela-variola-ovina\/"},"wordCount":259,"image":{"@id":"https:\/\/portaltela.pt\/noticias\/2026\/03\/31\/producao-de-feta-na-grecia-gravemente-ameacada-pela-variola-ovina\/#primaryimage"},"thumbnailUrl":"https:\/\/portaltela.pt\/s.01k8rhncp4jt1\/2026\/03\/1536x864_cmsv2_c0ad43a4-f5ee-57eb-9625-f3c788d48d5a-9704836.jpg","keywords":["A Tess\u00e1lia","agricultura","economia","exporta\u00e7\u00f5es","Gr\u00e9cia","pecu\u00e1ria"],"articleSection":["Economia","Neg\u00f3cios"],"inLanguage":"pt-PT"},{"@type":"WebPage","@id":"https:\/\/portaltela.pt\/noticias\/2026\/03\/31\/producao-de-feta-na-grecia-gravemente-ameacada-pela-variola-ovina\/","url":"https:\/\/portaltela.pt\/noticias\/2026\/03\/31\/producao-de-feta-na-grecia-gravemente-ameacada-pela-variola-ovina\/","name":"Produ\u00e7\u00e3o de feta na Gr\u00e9cia gravemente amea\u00e7ada pela var\u00edola ovina - Portal Tela Portugal","isPartOf":{"@id":"https:\/\/portaltela.pt\/#website"},"primaryImageOfPage":{"@id":"https:\/\/portaltela.pt\/noticias\/2026\/03\/31\/producao-de-feta-na-grecia-gravemente-ameacada-pela-variola-ovina\/#primaryimage"},"image":{"@id":"https:\/\/portaltela.pt\/noticias\/2026\/03\/31\/producao-de-feta-na-grecia-gravemente-ameacada-pela-variola-ovina\/#primaryimage"},"thumbnailUrl":"https:\/\/portaltela.pt\/s.01k8rhncp4jt1\/2026\/03\/1536x864_cmsv2_c0ad43a4-f5ee-57eb-9625-f3c788d48d5a-9704836.jpg","datePublished":"2026-03-31T12:47:10+00:00","author":{"@id":"https:\/\/portaltela.pt\/#\/schema\/person\/c4278d4a6028830caff9ee44b42d32ed"},"breadcrumb":{"@id":"https:\/\/portaltela.pt\/noticias\/2026\/03\/31\/producao-de-feta-na-grecia-gravemente-ameacada-pela-variola-ovina\/#breadcrumb"},"inLanguage":"pt-PT","potentialAction":[{"@type":"ReadAction","target":["https:\/\/portaltela.pt\/noticias\/2026\/03\/31\/producao-de-feta-na-grecia-gravemente-ameacada-pela-variola-ovina\/"]}]},{"@type":"ImageObject","inLanguage":"pt-PT","@id":"https:\/\/portaltela.pt\/noticias\/2026\/03\/31\/producao-de-feta-na-grecia-gravemente-ameacada-pela-variola-ovina\/#primaryimage","url":"https:\/\/portaltela.pt\/s.01k8rhncp4jt1\/2026\/03\/1536x864_cmsv2_c0ad43a4-f5ee-57eb-9625-f3c788d48d5a-9704836.jpg","contentUrl":"https:\/\/portaltela.pt\/s.01k8rhncp4jt1\/2026\/03\/1536x864_cmsv2_c0ad43a4-f5ee-57eb-9625-f3c788d48d5a-9704836.jpg","width":796,"height":448,"caption":"Photo"},{"@type":"BreadcrumbList","@id":"https:\/\/portaltela.pt\/noticias\/2026\/03\/31\/producao-de-feta-na-grecia-gravemente-ameacada-pela-variola-ovina\/#breadcrumb","itemListElement":[{"@type":"ListItem","position":1,"name":"In\u00edcio","item":"https:\/\/portaltela.pt\/"},{"@type":"ListItem","position":2,"name":"Produ\u00e7\u00e3o de feta na Gr\u00e9cia gravemente amea\u00e7ada pela var\u00edola ovina"}]},{"@type":"WebSite","@id":"https:\/\/portaltela.pt\/#website","url":"https:\/\/portaltela.pt\/","name":"Portal Tela Portugal","description":"","potentialAction":[{"@type":"SearchAction","target":{"@type":"EntryPoint","urlTemplate":"https:\/\/portaltela.pt\/?s={search_term_string}"},"query-input":{"@type":"PropertyValueSpecification","valueRequired":true,"valueName":"search_term_string"}}],"inLanguage":"pt-PT"},{"@type":"Person","@id":"https:\/\/portaltela.pt\/#\/schema\/person\/c4278d4a6028830caff9ee44b42d32ed","name":"Telinha","image":{"@type":"ImageObject","inLanguage":"pt-PT","@id":"https:\/\/portaltela.pt\/s.01k8rhncp4jt1\/2025\/11\/talking-bot-125x125.png","url":"https:\/\/portaltela.pt\/s.01k8rhncp4jt1\/2025\/11\/talking-bot-125x125.png","contentUrl":"https:\/\/portaltela.pt\/s.01k8rhncp4jt1\/2025\/11\/talking-bot-125x125.png","caption":"Telinha"},"sameAs":["https:\/\/portaltela.pt\/"],"url":"https:\/\/portaltela.pt\/por\/367410592786\/"}]}},"_links":{"self":[{"href":"https:\/\/portaltela.pt\/api\/wp\/v2\/posts\/427730","targetHints":{"allow":["GET"]}}],"collection":[{"href":"https:\/\/portaltela.pt\/api\/wp\/v2\/posts"}],"about":[{"href":"https:\/\/portaltela.pt\/api\/wp\/v2\/types\/post"}],"author":[{"embeddable":true,"href":"https:\/\/portaltela.pt\/api\/wp\/v2\/users\/2"}],"replies":[{"embeddable":true,"href":"https:\/\/portaltela.pt\/api\/wp\/v2\/comments?post=427730"}],"version-history":[{"count":0,"href":"https:\/\/portaltela.pt\/api\/wp\/v2\/posts\/427730\/revisions"}],"wp:featuredmedia":[{"embeddable":true,"href":"https:\/\/portaltela.pt\/api\/wp\/v2\/media\/427731"}],"wp:attachment":[{"href":"https:\/\/portaltela.pt\/api\/wp\/v2\/media?parent=427730"}],"wp:term":[{"taxonomy":"category","embeddable":true,"href":"https:\/\/portaltela.pt\/api\/wp\/v2\/categories?post=427730"},{"taxonomy":"post_tag","embeddable":true,"href":"https:\/\/portaltela.pt\/api\/wp\/v2\/tags?post=427730"}],"curies":[{"name":"wp","href":"https:\/\/api.w.org\/{rel}","templated":true}]}}