{"id":427721,"date":"2026-03-31T09:32:39","date_gmt":"2026-03-31T12:32:39","guid":{"rendered":"https:\/\/portaltela.pt\/noticias\/2026\/03\/31\/carlos-cabreiro-e-o-novo-diretor-nacional-da-policia-judiciaria\/"},"modified":"2026-03-31T09:32:39","modified_gmt":"2026-03-31T12:32:39","slug":"carlos-cabreiro-e-o-novo-diretor-nacional-da-policia-judiciaria","status":"publish","type":"post","link":"https:\/\/portaltela.pt\/policia\/2026\/03\/31\/carlos-cabreiro-e-o-novo-diretor-nacional-da-policia-judiciaria\/","title":{"rendered":"Carlos Cabreiro \u00e9 o novo diretor nacional da Pol\u00edcia Judici\u00e1ria"},"content":{"rendered":"<p>Carlos Cabreiro, at\u00e9 agora diretor da Unidade Nacional de Combate ao Cibercrime e \u00e0 Criminalidade Tecnol\u00f3gica (UNC3T), vai suceder Lu\u00eds Neves no cargo de diretor nacional da Pol\u00edcia Judici\u00e1ria.<\/p>\n<p>A nomea\u00e7\u00e3o coloca Cabreiro \u00e0 frente da PJ, reportando-se \u00e0s autoridades competentes, conforme an\u00fancio da institui\u00e7\u00e3o.<\/p>\n<p>Ainda n\u00e3o foram divulgados detalhes sobre prazos de transi\u00e7\u00e3o ou demais provid\u00eancias institucionais associadas \u00e0 mudan\u00e7a.<\/p>\n","protected":false},"excerpt":{"rendered":"<ul>\n<li>Carlos Cabreiro, atual diretor da Unidade Nacional de Combate ao Cibercrime e \u00e0 Criminalidade Tecnol\u00f3gica (UNC3T), vai suceder Lu\u00eds Neves como diretor nacional da Pol\u00edcia Judici\u00e1ria.<\/li>\n<li>A transfer\u00eancia de lideran\u00e7a coloca Cabreiro \u00e0 frente da Pol\u00edcia Judici\u00e1ria, \u00f3rg\u00e3o de investiga\u00e7\u00e3o criminal de Portugal.<\/li>\n<li>Lu\u00eds Neves passa a deixar o cargo ap\u00f3s a nomea\u00e7\u00e3o de Cabreiro.<\/li>\n<li>Cabreiro tem experi\u00eancia na \u00e1rea de cibercrime e tecnologia, vindo da UNC3T.<\/li>\n<\/ul>\n","protected":false},"author":2,"featured_media":427724,"comment_status":"closed","ping_status":"closed","sticky":false,"template":"","format":"standard","meta":{"footnotes":""},"categories":[6781],"tags":[168,3177,7506,217,1802,250],"class_list":["post-427721","post","type-post","status-publish","format-standard","has-post-thumbnail","hentry","category-policia","tag-administracao-publica","tag-autoridade-publica","tag-entidade-publica","tag-investigacao-criminal","tag-policia-judiciaria","tag-seguranca-publica"],"yoast_head":"<!-- This site is optimized with the Yoast SEO plugin v27.2 - https:\/\/yoast.com\/product\/yoast-seo-wordpress\/ -->\n<title>Carlos Cabreiro \u00e9 o novo diretor nacional da Pol\u00edcia Judici\u00e1ria - Portal Tela Portugal<\/title>\n<meta name=\"robots\" content=\"index, follow, max-snippet:-1, max-image-preview:large, max-video-preview:-1\" \/>\n<meta property=\"og:locale\" content=\"pt_PT\" \/>\n<meta property=\"og:type\" content=\"article\" \/>\n<meta property=\"og:title\" content=\"Carlos Cabreiro \u00e9 o novo diretor nacional da Pol\u00edcia Judici\u00e1ria - Portal Tela Portugal\" \/>\n<meta property=\"og:description\" content=\"Carlos Cabreiro, atual diretor da Unidade Nacional de Combate ao Cibercrime e \u00e0 Criminalidade Tecnol\u00f3gica (UNC3T), vai suceder Lu\u00eds Neves como diretor nacional da Pol\u00edcia Judici\u00e1ria. A transfer\u00eancia de lideran\u00e7a coloca Cabreiro \u00e0 frente da Pol\u00edcia Judici\u00e1ria, \u00f3rg\u00e3o de investiga\u00e7\u00e3o criminal de Portugal. Lu\u00eds Neves passa a deixar o cargo ap\u00f3s a nomea\u00e7\u00e3o de Cabreiro. Cabreiro tem experi\u00eancia na \u00e1rea de cibercrime e tecnologia, vindo da UNC3T.\" \/>\n<meta property=\"og:url\" content=\"https:\/\/portaltela.pt\/noticias\/2026\/03\/31\/carlos-cabreiro-e-o-novo-diretor-nacional-da-policia-judiciaria\/\" \/>\n<meta property=\"og:site_name\" content=\"Portal Tela Portugal\" \/>\n<meta property=\"article:published_time\" content=\"2026-03-31T12:32:39+00:00\" \/>\n<meta name=\"author\" content=\"Telinha\" \/>\n<meta name=\"twitter:card\" content=\"summary_large_image\" \/>\n<meta name=\"twitter:label1\" content=\"Escrito por\" \/>\n\t<meta name=\"twitter:data1\" content=\"Telinha\" \/>\n<script type=\"application\/ld+json\" class=\"yoast-schema-graph\">{\"@context\":\"https:\/\/schema.org\",\"@graph\":[{\"@type\":\"Article\",\"@id\":\"https:\/\/portaltela.pt\/noticias\/2026\/03\/31\/carlos-cabreiro-e-o-novo-diretor-nacional-da-policia-judiciaria\/#article\",\"isPartOf\":{\"@id\":\"https:\/\/portaltela.pt\/noticias\/2026\/03\/31\/carlos-cabreiro-e-o-novo-diretor-nacional-da-policia-judiciaria\/\"},\"author\":{\"name\":\"Telinha\",\"@id\":\"https:\/\/portaltela.pt\/#\/schema\/person\/c4278d4a6028830caff9ee44b42d32ed\"},\"headline\":\"Carlos Cabreiro \u00e9 o novo diretor nacional da Pol\u00edcia Judici\u00e1ria\",\"datePublished\":\"2026-03-31T12:32:39+00:00\",\"mainEntityOfPage\":{\"@id\":\"https:\/\/portaltela.pt\/noticias\/2026\/03\/31\/carlos-cabreiro-e-o-novo-diretor-nacional-da-policia-judiciaria\/\"},\"wordCount\":81,\"image\":{\"@id\":\"https:\/\/portaltela.pt\/noticias\/2026\/03\/31\/carlos-cabreiro-e-o-novo-diretor-nacional-da-policia-judiciaria\/#primaryimage\"},\"thumbnailUrl\":\"https:\/\/portaltela.pt\/s.01k8rhncp4jt1\/2026\/03\/image-1859.jpg\",\"keywords\":[\"administra\u00e7\u00e3o p\u00fablica\",\"autoridade p\u00fablica\",\"entidade p\u00fablica\",\"investiga\u00e7\u00e3o criminal\",\"Pol\u00edcia Judici\u00e1ria\",\"seguran\u00e7a p\u00fablica\"],\"articleSection\":[\"Pol\u00edcia\"],\"inLanguage\":\"pt-PT\"},{\"@type\":\"WebPage\",\"@id\":\"https:\/\/portaltela.pt\/noticias\/2026\/03\/31\/carlos-cabreiro-e-o-novo-diretor-nacional-da-policia-judiciaria\/\",\"url\":\"https:\/\/portaltela.pt\/noticias\/2026\/03\/31\/carlos-cabreiro-e-o-novo-diretor-nacional-da-policia-judiciaria\/\",\"name\":\"Carlos Cabreiro \u00e9 o novo diretor nacional da Pol\u00edcia Judici\u00e1ria - Portal Tela Portugal\",\"isPartOf\":{\"@id\":\"https:\/\/portaltela.pt\/#website\"},\"primaryImageOfPage\":{\"@id\":\"https:\/\/portaltela.pt\/noticias\/2026\/03\/31\/carlos-cabreiro-e-o-novo-diretor-nacional-da-policia-judiciaria\/#primaryimage\"},\"image\":{\"@id\":\"https:\/\/portaltela.pt\/noticias\/2026\/03\/31\/carlos-cabreiro-e-o-novo-diretor-nacional-da-policia-judiciaria\/#primaryimage\"},\"thumbnailUrl\":\"https:\/\/portaltela.pt\/s.01k8rhncp4jt1\/2026\/03\/image-1859.jpg\",\"datePublished\":\"2026-03-31T12:32:39+00:00\",\"author\":{\"@id\":\"https:\/\/portaltela.pt\/#\/schema\/person\/c4278d4a6028830caff9ee44b42d32ed\"},\"breadcrumb\":{\"@id\":\"https:\/\/portaltela.pt\/noticias\/2026\/03\/31\/carlos-cabreiro-e-o-novo-diretor-nacional-da-policia-judiciaria\/#breadcrumb\"},\"inLanguage\":\"pt-PT\",\"potentialAction\":[{\"@type\":\"ReadAction\",\"target\":[\"https:\/\/portaltela.pt\/noticias\/2026\/03\/31\/carlos-cabreiro-e-o-novo-diretor-nacional-da-policia-judiciaria\/\"]}]},{\"@type\":\"ImageObject\",\"inLanguage\":\"pt-PT\",\"@id\":\"https:\/\/portaltela.pt\/noticias\/2026\/03\/31\/carlos-cabreiro-e-o-novo-diretor-nacional-da-policia-judiciaria\/#primaryimage\",\"url\":\"https:\/\/portaltela.pt\/s.01k8rhncp4jt1\/2026\/03\/image-1859.jpg\",\"contentUrl\":\"https:\/\/portaltela.pt\/s.01k8rhncp4jt1\/2026\/03\/image-1859.jpg\",\"width\":796,\"height\":448,\"caption\":\"Carlos Cabreiro\"},{\"@type\":\"BreadcrumbList\",\"@id\":\"https:\/\/portaltela.pt\/noticias\/2026\/03\/31\/carlos-cabreiro-e-o-novo-diretor-nacional-da-policia-judiciaria\/#breadcrumb\",\"itemListElement\":[{\"@type\":\"ListItem\",\"position\":1,\"name\":\"In\u00edcio\",\"item\":\"https:\/\/portaltela.pt\/\"},{\"@type\":\"ListItem\",\"position\":2,\"name\":\"Carlos Cabreiro \u00e9 o novo diretor nacional da Pol\u00edcia Judici\u00e1ria\"}]},{\"@type\":\"WebSite\",\"@id\":\"https:\/\/portaltela.pt\/#website\",\"url\":\"https:\/\/portaltela.pt\/\",\"name\":\"Portal Tela Portugal\",\"description\":\"\",\"potentialAction\":[{\"@type\":\"SearchAction\",\"target\":{\"@type\":\"EntryPoint\",\"urlTemplate\":\"https:\/\/portaltela.pt\/?s={search_term_string}\"},\"query-input\":{\"@type\":\"PropertyValueSpecification\",\"valueRequired\":true,\"valueName\":\"search_term_string\"}}],\"inLanguage\":\"pt-PT\"},{\"@type\":\"Person\",\"@id\":\"https:\/\/portaltela.pt\/#\/schema\/person\/c4278d4a6028830caff9ee44b42d32ed\",\"name\":\"Telinha\",\"image\":{\"@type\":\"ImageObject\",\"inLanguage\":\"pt-PT\",\"@id\":\"https:\/\/portaltela.pt\/s.01k8rhncp4jt1\/2025\/11\/talking-bot-125x125.png\",\"url\":\"https:\/\/portaltela.pt\/s.01k8rhncp4jt1\/2025\/11\/talking-bot-125x125.png\",\"contentUrl\":\"https:\/\/portaltela.pt\/s.01k8rhncp4jt1\/2025\/11\/talking-bot-125x125.png\",\"caption\":\"Telinha\"},\"sameAs\":[\"https:\/\/portaltela.pt\/\"],\"url\":\"https:\/\/portaltela.pt\/por\/367410592786\/\"}]}<\/script>\n<!-- \/ Yoast SEO plugin. -->","yoast_head_json":{"title":"Carlos Cabreiro \u00e9 o novo diretor nacional da Pol\u00edcia Judici\u00e1ria - Portal Tela Portugal","robots":{"index":"index","follow":"follow","max-snippet":"max-snippet:-1","max-image-preview":"max-image-preview:large","max-video-preview":"max-video-preview:-1"},"og_locale":"pt_PT","og_type":"article","og_title":"Carlos Cabreiro \u00e9 o novo diretor nacional da Pol\u00edcia Judici\u00e1ria - Portal Tela Portugal","og_description":"Carlos Cabreiro, atual diretor da Unidade Nacional de Combate ao Cibercrime e \u00e0 Criminalidade Tecnol\u00f3gica (UNC3T), vai suceder Lu\u00eds Neves como diretor nacional da Pol\u00edcia Judici\u00e1ria. A transfer\u00eancia de lideran\u00e7a coloca Cabreiro \u00e0 frente da Pol\u00edcia Judici\u00e1ria, \u00f3rg\u00e3o de investiga\u00e7\u00e3o criminal de Portugal. Lu\u00eds Neves passa a deixar o cargo ap\u00f3s a nomea\u00e7\u00e3o de Cabreiro. Cabreiro tem experi\u00eancia na \u00e1rea de cibercrime e tecnologia, vindo da UNC3T.","og_url":"https:\/\/portaltela.pt\/noticias\/2026\/03\/31\/carlos-cabreiro-e-o-novo-diretor-nacional-da-policia-judiciaria\/","og_site_name":"Portal Tela Portugal","article_published_time":"2026-03-31T12:32:39+00:00","author":"Telinha","twitter_card":"summary_large_image","twitter_misc":{"Escrito por":"Telinha"},"schema":{"@context":"https:\/\/schema.org","@graph":[{"@type":"Article","@id":"https:\/\/portaltela.pt\/noticias\/2026\/03\/31\/carlos-cabreiro-e-o-novo-diretor-nacional-da-policia-judiciaria\/#article","isPartOf":{"@id":"https:\/\/portaltela.pt\/noticias\/2026\/03\/31\/carlos-cabreiro-e-o-novo-diretor-nacional-da-policia-judiciaria\/"},"author":{"name":"Telinha","@id":"https:\/\/portaltela.pt\/#\/schema\/person\/c4278d4a6028830caff9ee44b42d32ed"},"headline":"Carlos Cabreiro \u00e9 o novo diretor nacional da Pol\u00edcia Judici\u00e1ria","datePublished":"2026-03-31T12:32:39+00:00","mainEntityOfPage":{"@id":"https:\/\/portaltela.pt\/noticias\/2026\/03\/31\/carlos-cabreiro-e-o-novo-diretor-nacional-da-policia-judiciaria\/"},"wordCount":81,"image":{"@id":"https:\/\/portaltela.pt\/noticias\/2026\/03\/31\/carlos-cabreiro-e-o-novo-diretor-nacional-da-policia-judiciaria\/#primaryimage"},"thumbnailUrl":"https:\/\/portaltela.pt\/s.01k8rhncp4jt1\/2026\/03\/image-1859.jpg","keywords":["administra\u00e7\u00e3o p\u00fablica","autoridade p\u00fablica","entidade p\u00fablica","investiga\u00e7\u00e3o criminal","Pol\u00edcia Judici\u00e1ria","seguran\u00e7a p\u00fablica"],"articleSection":["Pol\u00edcia"],"inLanguage":"pt-PT"},{"@type":"WebPage","@id":"https:\/\/portaltela.pt\/noticias\/2026\/03\/31\/carlos-cabreiro-e-o-novo-diretor-nacional-da-policia-judiciaria\/","url":"https:\/\/portaltela.pt\/noticias\/2026\/03\/31\/carlos-cabreiro-e-o-novo-diretor-nacional-da-policia-judiciaria\/","name":"Carlos Cabreiro \u00e9 o novo diretor nacional da Pol\u00edcia Judici\u00e1ria - Portal Tela Portugal","isPartOf":{"@id":"https:\/\/portaltela.pt\/#website"},"primaryImageOfPage":{"@id":"https:\/\/portaltela.pt\/noticias\/2026\/03\/31\/carlos-cabreiro-e-o-novo-diretor-nacional-da-policia-judiciaria\/#primaryimage"},"image":{"@id":"https:\/\/portaltela.pt\/noticias\/2026\/03\/31\/carlos-cabreiro-e-o-novo-diretor-nacional-da-policia-judiciaria\/#primaryimage"},"thumbnailUrl":"https:\/\/portaltela.pt\/s.01k8rhncp4jt1\/2026\/03\/image-1859.jpg","datePublished":"2026-03-31T12:32:39+00:00","author":{"@id":"https:\/\/portaltela.pt\/#\/schema\/person\/c4278d4a6028830caff9ee44b42d32ed"},"breadcrumb":{"@id":"https:\/\/portaltela.pt\/noticias\/2026\/03\/31\/carlos-cabreiro-e-o-novo-diretor-nacional-da-policia-judiciaria\/#breadcrumb"},"inLanguage":"pt-PT","potentialAction":[{"@type":"ReadAction","target":["https:\/\/portaltela.pt\/noticias\/2026\/03\/31\/carlos-cabreiro-e-o-novo-diretor-nacional-da-policia-judiciaria\/"]}]},{"@type":"ImageObject","inLanguage":"pt-PT","@id":"https:\/\/portaltela.pt\/noticias\/2026\/03\/31\/carlos-cabreiro-e-o-novo-diretor-nacional-da-policia-judiciaria\/#primaryimage","url":"https:\/\/portaltela.pt\/s.01k8rhncp4jt1\/2026\/03\/image-1859.jpg","contentUrl":"https:\/\/portaltela.pt\/s.01k8rhncp4jt1\/2026\/03\/image-1859.jpg","width":796,"height":448,"caption":"Carlos Cabreiro"},{"@type":"BreadcrumbList","@id":"https:\/\/portaltela.pt\/noticias\/2026\/03\/31\/carlos-cabreiro-e-o-novo-diretor-nacional-da-policia-judiciaria\/#breadcrumb","itemListElement":[{"@type":"ListItem","position":1,"name":"In\u00edcio","item":"https:\/\/portaltela.pt\/"},{"@type":"ListItem","position":2,"name":"Carlos Cabreiro \u00e9 o novo diretor nacional da Pol\u00edcia Judici\u00e1ria"}]},{"@type":"WebSite","@id":"https:\/\/portaltela.pt\/#website","url":"https:\/\/portaltela.pt\/","name":"Portal Tela Portugal","description":"","potentialAction":[{"@type":"SearchAction","target":{"@type":"EntryPoint","urlTemplate":"https:\/\/portaltela.pt\/?s={search_term_string}"},"query-input":{"@type":"PropertyValueSpecification","valueRequired":true,"valueName":"search_term_string"}}],"inLanguage":"pt-PT"},{"@type":"Person","@id":"https:\/\/portaltela.pt\/#\/schema\/person\/c4278d4a6028830caff9ee44b42d32ed","name":"Telinha","image":{"@type":"ImageObject","inLanguage":"pt-PT","@id":"https:\/\/portaltela.pt\/s.01k8rhncp4jt1\/2025\/11\/talking-bot-125x125.png","url":"https:\/\/portaltela.pt\/s.01k8rhncp4jt1\/2025\/11\/talking-bot-125x125.png","contentUrl":"https:\/\/portaltela.pt\/s.01k8rhncp4jt1\/2025\/11\/talking-bot-125x125.png","caption":"Telinha"},"sameAs":["https:\/\/portaltela.pt\/"],"url":"https:\/\/portaltela.pt\/por\/367410592786\/"}]}},"_links":{"self":[{"href":"https:\/\/portaltela.pt\/api\/wp\/v2\/posts\/427721","targetHints":{"allow":["GET"]}}],"collection":[{"href":"https:\/\/portaltela.pt\/api\/wp\/v2\/posts"}],"about":[{"href":"https:\/\/portaltela.pt\/api\/wp\/v2\/types\/post"}],"author":[{"embeddable":true,"href":"https:\/\/portaltela.pt\/api\/wp\/v2\/users\/2"}],"replies":[{"embeddable":true,"href":"https:\/\/portaltela.pt\/api\/wp\/v2\/comments?post=427721"}],"version-history":[{"count":0,"href":"https:\/\/portaltela.pt\/api\/wp\/v2\/posts\/427721\/revisions"}],"wp:featuredmedia":[{"embeddable":true,"href":"https:\/\/portaltela.pt\/api\/wp\/v2\/media\/427724"}],"wp:attachment":[{"href":"https:\/\/portaltela.pt\/api\/wp\/v2\/media?parent=427721"}],"wp:term":[{"taxonomy":"category","embeddable":true,"href":"https:\/\/portaltela.pt\/api\/wp\/v2\/categories?post=427721"},{"taxonomy":"post_tag","embeddable":true,"href":"https:\/\/portaltela.pt\/api\/wp\/v2\/tags?post=427721"}],"curies":[{"name":"wp","href":"https:\/\/api.w.org\/{rel}","templated":true}]}}