{"id":427720,"date":"2026-03-31T09:32:38","date_gmt":"2026-03-31T12:32:38","guid":{"rendered":"https:\/\/portaltela.pt\/noticias\/2026\/03\/31\/ex-guarda-redes-bulgaro-mihaylov-do-belenenses-morre-aos-63-anos\/"},"modified":"2026-03-31T09:32:38","modified_gmt":"2026-03-31T12:32:38","slug":"ex-guarda-redes-bulgaro-mihaylov-do-belenenses-morre-aos-63-anos","status":"publish","type":"post","link":"https:\/\/portaltela.pt\/desporto\/futebol\/2026\/03\/31\/ex-guarda-redes-bulgaro-mihaylov-do-belenenses-morre-aos-63-anos\/","title":{"rendered":"Ex-guarda-redes b\u00falgaro Mihaylov, do Belenenses, morre aos 63 anos"},"content":{"rendered":"<p>Borislav Mihaylov, antigo guarda-redes b\u00falgaro que integrou o Belenenses nas \u00e9pocas 1989\/90 e 1990\/91, morreu aos 63 anos. A not\u00edcia foi confirmada em S\u00f3fia, onde residia, ap\u00f3s ter sofrido um AVC j\u00e1 h\u00e1 alguns meses.<\/p>\n<p>O futebolista destacou-se como capit\u00e3o da sele\u00e7\u00e3o da Bulg\u00e1ria, com 102 jogos pela equipa principal. Entre 2005 e 2024, liderou a Federa\u00e7\u00e3o B\u00falgara de Futebol, exercendo tamb\u00e9m fun\u00e7\u00f5es de lideran\u00e7a no desporto no pa\u00eds.<\/p>\n<p>Em novembro do ano passado, Mihaylov sofreu o AVC que condicionou o seu estado de sa\u00fade at\u00e9 ao falecimento desta ter\u00e7a-feira. A n\u00edvel internacional, \u00e9 lembrado como figura central no desempenho da Bulg\u00e1ria no Mundial de 1994, nos EUA.<\/p>\n<h3>Rea\u00e7\u00f5es e tributos<\/h3>\n<p>Hristo Stoichkov descreveu Mihaylov como capit\u00e3o, l\u00edder e amigo, enfatizando a dor pela passagem do colega. O antigo craque recorda que Mihaylov partilhou muitos momentos com Tunyo (Trifon Ivanov), falecido em 2016.<\/p>\n<p>Maria Petrova, ginasta e vi\u00fava do guarda-redes, escreveu uma homenagem emotiva, agradecendo pela vida em comum, pelos momentos partilhados e pelo apoio m\u00fatuo. Mihaylov deixa a esposa e o legado desportivo no feminino.<\/p>\n<p>A n\u00edvel de clubes, Mihaylov jogou ainda pelo Levski, Botev e Slavia (Bulg\u00e1ria), bem como por Belenenses (Portugal), Mulhouse (Fran\u00e7a), Reading (Inglaterra) e Zurique (Su\u00ed\u00e7a). O pai, Biser Mihaylov, tamb\u00e9m foi guarda-redes do Levski; o filho Nikolay retirou-se recentemente.<\/p>\n","protected":false},"excerpt":{"rendered":"<ul>\n<li>O antigo guarda-redes b\u00falgaro Borislav Mihaylov, capit\u00e3o da sele\u00e7\u00e3o e figura hist\u00f3rica do futebol do pa\u00eds, morreu aos 63 anos em S\u00f3fia, ap\u00f3s um AVC que sofreu meses antes.<\/li>\n<li>Mihaylov representou o Belenenses nas \u00e9pocas de 1989\/90 e 1990\/91, tendo atuado ainda pelo Levski, Botev e Slavia na Bulg\u00e1ria, e por Mulhouse (Fran\u00e7a), Reading (Inglaterra) e Zurique (Su\u00ed\u00e7a) noutras \u00e9pocas.<\/li>\n<li>Foi presidente da Uni\u00e3o B\u00falgara de Futebol de 2005 a 2024 e conquistou 102 internacionaliza\u00e7\u00f5es pela sele\u00e7\u00e3o.<\/li>\n<li>\u00c9 lembrado como her\u00f3i do Mundial de 1994, nos Estados Unidos, quando a Bulg\u00e1ria chegou \u00e0s meias-finais sob o comando de Dimitar Penev. Mihaylov \u00e9 visto como uma figura central desse ciclo.<\/li>\n<li>Rea\u00e7\u00f5es de figuras p\u00fablicas: Hristo Stoichkov lamentou a perda nas redes sociais; Maria Petrova, vi\u00fava de Mihaylov, deixou uma mensagem emotiva sobre o marido.<\/li>\n<\/ul>\n","protected":false},"author":2,"featured_media":427723,"comment_status":"closed","ping_status":"closed","sticky":false,"template":"","format":"standard","meta":{"footnotes":""},"categories":[21,24],"tags":[7653,7048,4925,32,2057],"class_list":["post-427720","post","type-post","status-publish","format-standard","has-post-thumbnail","hentry","category-desporto","category-futebol","tag-a-bulgaria","tag-avc","tag-belenenses","tag-futebol","tag-selecao-nacional"],"yoast_head":"<!-- This site is optimized with the Yoast SEO plugin v27.2 - https:\/\/yoast.com\/product\/yoast-seo-wordpress\/ -->\n<title>Ex-guarda-redes b\u00falgaro Mihaylov, do Belenenses, morre aos 63 anos - Portal Tela Portugal<\/title>\n<meta name=\"robots\" content=\"index, follow, max-snippet:-1, max-image-preview:large, max-video-preview:-1\" \/>\n<meta property=\"og:locale\" content=\"pt_PT\" \/>\n<meta property=\"og:type\" content=\"article\" \/>\n<meta property=\"og:title\" content=\"Ex-guarda-redes b\u00falgaro Mihaylov, do Belenenses, morre aos 63 anos - Portal Tela Portugal\" \/>\n<meta property=\"og:description\" content=\"O antigo guarda-redes b\u00falgaro Borislav Mihaylov, capit\u00e3o da sele\u00e7\u00e3o e figura hist\u00f3rica do futebol do pa\u00eds, morreu aos 63 anos em S\u00f3fia, ap\u00f3s um AVC que sofreu meses antes. Mihaylov representou o Belenenses nas \u00e9pocas de 1989\/90 e 1990\/91, tendo atuado ainda pelo Levski, Botev e Slavia na Bulg\u00e1ria, e por Mulhouse (Fran\u00e7a), Reading (Inglaterra) e Zurique (Su\u00ed\u00e7a) noutras \u00e9pocas. Foi presidente da Uni\u00e3o B\u00falgara de Futebol de 2005 a 2024 e conquistou 102 internacionaliza\u00e7\u00f5es pela sele\u00e7\u00e3o. \u00c9 lembrado como her\u00f3i do Mundial de 1994, nos Estados Unidos, quando a Bulg\u00e1ria chegou \u00e0s meias-finais sob o comando de Dimitar Penev. Mihaylov \u00e9 visto como uma figura central desse ciclo. Rea\u00e7\u00f5es de figuras p\u00fablicas: Hristo Stoichkov lamentou a perda nas redes sociais; Maria Petrova, vi\u00fava de Mihaylov, deixou uma mensagem emotiva sobre o marido.\" \/>\n<meta property=\"og:url\" content=\"https:\/\/portaltela.pt\/noticias\/2026\/03\/31\/ex-guarda-redes-bulgaro-mihaylov-do-belenenses-morre-aos-63-anos\/\" \/>\n<meta property=\"og:site_name\" content=\"Portal Tela Portugal\" \/>\n<meta property=\"article:published_time\" content=\"2026-03-31T12:32:38+00:00\" \/>\n<meta name=\"author\" content=\"Telinha\" \/>\n<meta name=\"twitter:card\" content=\"summary_large_image\" \/>\n<meta name=\"twitter:label1\" content=\"Escrito por\" \/>\n\t<meta name=\"twitter:data1\" content=\"Telinha\" \/>\n\t<meta name=\"twitter:label2\" content=\"Tempo estimado de leitura\" \/>\n\t<meta name=\"twitter:data2\" content=\"1 minuto\" \/>\n<script type=\"application\/ld+json\" class=\"yoast-schema-graph\">{\"@context\":\"https:\/\/schema.org\",\"@graph\":[{\"@type\":\"Article\",\"@id\":\"https:\/\/portaltela.pt\/noticias\/2026\/03\/31\/ex-guarda-redes-bulgaro-mihaylov-do-belenenses-morre-aos-63-anos\/#article\",\"isPartOf\":{\"@id\":\"https:\/\/portaltela.pt\/noticias\/2026\/03\/31\/ex-guarda-redes-bulgaro-mihaylov-do-belenenses-morre-aos-63-anos\/\"},\"author\":{\"name\":\"Telinha\",\"@id\":\"https:\/\/portaltela.pt\/#\/schema\/person\/c4278d4a6028830caff9ee44b42d32ed\"},\"headline\":\"Ex-guarda-redes b\u00falgaro Mihaylov, do Belenenses, morre aos 63 anos\",\"datePublished\":\"2026-03-31T12:32:38+00:00\",\"mainEntityOfPage\":{\"@id\":\"https:\/\/portaltela.pt\/noticias\/2026\/03\/31\/ex-guarda-redes-bulgaro-mihaylov-do-belenenses-morre-aos-63-anos\/\"},\"wordCount\":242,\"image\":{\"@id\":\"https:\/\/portaltela.pt\/noticias\/2026\/03\/31\/ex-guarda-redes-bulgaro-mihaylov-do-belenenses-morre-aos-63-anos\/#primaryimage\"},\"thumbnailUrl\":\"https:\/\/portaltela.pt\/s.01k8rhncp4jt1\/2026\/03\/img_920x518uu2026-03-31-13-20-18-2430257-im-639105600383331541.jpg\",\"keywords\":[\"a Bulg\u00e1ria\",\"AVC\",\"Belenenses\",\"futebol\",\"Sele\u00e7\u00e3o Nacional\"],\"articleSection\":[\"Desporto\",\"Futebol\"],\"inLanguage\":\"pt-PT\"},{\"@type\":\"WebPage\",\"@id\":\"https:\/\/portaltela.pt\/noticias\/2026\/03\/31\/ex-guarda-redes-bulgaro-mihaylov-do-belenenses-morre-aos-63-anos\/\",\"url\":\"https:\/\/portaltela.pt\/noticias\/2026\/03\/31\/ex-guarda-redes-bulgaro-mihaylov-do-belenenses-morre-aos-63-anos\/\",\"name\":\"Ex-guarda-redes b\u00falgaro Mihaylov, do Belenenses, morre aos 63 anos - Portal Tela Portugal\",\"isPartOf\":{\"@id\":\"https:\/\/portaltela.pt\/#website\"},\"primaryImageOfPage\":{\"@id\":\"https:\/\/portaltela.pt\/noticias\/2026\/03\/31\/ex-guarda-redes-bulgaro-mihaylov-do-belenenses-morre-aos-63-anos\/#primaryimage\"},\"image\":{\"@id\":\"https:\/\/portaltela.pt\/noticias\/2026\/03\/31\/ex-guarda-redes-bulgaro-mihaylov-do-belenenses-morre-aos-63-anos\/#primaryimage\"},\"thumbnailUrl\":\"https:\/\/portaltela.pt\/s.01k8rhncp4jt1\/2026\/03\/img_920x518uu2026-03-31-13-20-18-2430257-im-639105600383331541.jpg\",\"datePublished\":\"2026-03-31T12:32:38+00:00\",\"author\":{\"@id\":\"https:\/\/portaltela.pt\/#\/schema\/person\/c4278d4a6028830caff9ee44b42d32ed\"},\"breadcrumb\":{\"@id\":\"https:\/\/portaltela.pt\/noticias\/2026\/03\/31\/ex-guarda-redes-bulgaro-mihaylov-do-belenenses-morre-aos-63-anos\/#breadcrumb\"},\"inLanguage\":\"pt-PT\",\"potentialAction\":[{\"@type\":\"ReadAction\",\"target\":[\"https:\/\/portaltela.pt\/noticias\/2026\/03\/31\/ex-guarda-redes-bulgaro-mihaylov-do-belenenses-morre-aos-63-anos\/\"]}]},{\"@type\":\"ImageObject\",\"inLanguage\":\"pt-PT\",\"@id\":\"https:\/\/portaltela.pt\/noticias\/2026\/03\/31\/ex-guarda-redes-bulgaro-mihaylov-do-belenenses-morre-aos-63-anos\/#primaryimage\",\"url\":\"https:\/\/portaltela.pt\/s.01k8rhncp4jt1\/2026\/03\/img_920x518uu2026-03-31-13-20-18-2430257-im-639105600383331541.jpg\",\"contentUrl\":\"https:\/\/portaltela.pt\/s.01k8rhncp4jt1\/2026\/03\/img_920x518uu2026-03-31-13-20-18-2430257-im-639105600383331541.jpg\",\"width\":796,\"height\":448,\"caption\":\"Borislav Mihaylov, na baliza da Bulg\u00e1ria, em 1994\"},{\"@type\":\"BreadcrumbList\",\"@id\":\"https:\/\/portaltela.pt\/noticias\/2026\/03\/31\/ex-guarda-redes-bulgaro-mihaylov-do-belenenses-morre-aos-63-anos\/#breadcrumb\",\"itemListElement\":[{\"@type\":\"ListItem\",\"position\":1,\"name\":\"In\u00edcio\",\"item\":\"https:\/\/portaltela.pt\/\"},{\"@type\":\"ListItem\",\"position\":2,\"name\":\"Ex-guarda-redes b\u00falgaro Mihaylov, do Belenenses, morre aos 63 anos\"}]},{\"@type\":\"WebSite\",\"@id\":\"https:\/\/portaltela.pt\/#website\",\"url\":\"https:\/\/portaltela.pt\/\",\"name\":\"Portal Tela Portugal\",\"description\":\"\",\"potentialAction\":[{\"@type\":\"SearchAction\",\"target\":{\"@type\":\"EntryPoint\",\"urlTemplate\":\"https:\/\/portaltela.pt\/?s={search_term_string}\"},\"query-input\":{\"@type\":\"PropertyValueSpecification\",\"valueRequired\":true,\"valueName\":\"search_term_string\"}}],\"inLanguage\":\"pt-PT\"},{\"@type\":\"Person\",\"@id\":\"https:\/\/portaltela.pt\/#\/schema\/person\/c4278d4a6028830caff9ee44b42d32ed\",\"name\":\"Telinha\",\"image\":{\"@type\":\"ImageObject\",\"inLanguage\":\"pt-PT\",\"@id\":\"https:\/\/portaltela.pt\/s.01k8rhncp4jt1\/2025\/11\/talking-bot-125x125.png\",\"url\":\"https:\/\/portaltela.pt\/s.01k8rhncp4jt1\/2025\/11\/talking-bot-125x125.png\",\"contentUrl\":\"https:\/\/portaltela.pt\/s.01k8rhncp4jt1\/2025\/11\/talking-bot-125x125.png\",\"caption\":\"Telinha\"},\"sameAs\":[\"https:\/\/portaltela.pt\/\"],\"url\":\"https:\/\/portaltela.pt\/por\/367410592786\/\"}]}<\/script>\n<!-- \/ Yoast SEO plugin. -->","yoast_head_json":{"title":"Ex-guarda-redes b\u00falgaro Mihaylov, do Belenenses, morre aos 63 anos - Portal Tela Portugal","robots":{"index":"index","follow":"follow","max-snippet":"max-snippet:-1","max-image-preview":"max-image-preview:large","max-video-preview":"max-video-preview:-1"},"og_locale":"pt_PT","og_type":"article","og_title":"Ex-guarda-redes b\u00falgaro Mihaylov, do Belenenses, morre aos 63 anos - Portal Tela Portugal","og_description":"O antigo guarda-redes b\u00falgaro Borislav Mihaylov, capit\u00e3o da sele\u00e7\u00e3o e figura hist\u00f3rica do futebol do pa\u00eds, morreu aos 63 anos em S\u00f3fia, ap\u00f3s um AVC que sofreu meses antes. Mihaylov representou o Belenenses nas \u00e9pocas de 1989\/90 e 1990\/91, tendo atuado ainda pelo Levski, Botev e Slavia na Bulg\u00e1ria, e por Mulhouse (Fran\u00e7a), Reading (Inglaterra) e Zurique (Su\u00ed\u00e7a) noutras \u00e9pocas. Foi presidente da Uni\u00e3o B\u00falgara de Futebol de 2005 a 2024 e conquistou 102 internacionaliza\u00e7\u00f5es pela sele\u00e7\u00e3o. \u00c9 lembrado como her\u00f3i do Mundial de 1994, nos Estados Unidos, quando a Bulg\u00e1ria chegou \u00e0s meias-finais sob o comando de Dimitar Penev. Mihaylov \u00e9 visto como uma figura central desse ciclo. Rea\u00e7\u00f5es de figuras p\u00fablicas: Hristo Stoichkov lamentou a perda nas redes sociais; Maria Petrova, vi\u00fava de Mihaylov, deixou uma mensagem emotiva sobre o marido.","og_url":"https:\/\/portaltela.pt\/noticias\/2026\/03\/31\/ex-guarda-redes-bulgaro-mihaylov-do-belenenses-morre-aos-63-anos\/","og_site_name":"Portal Tela Portugal","article_published_time":"2026-03-31T12:32:38+00:00","author":"Telinha","twitter_card":"summary_large_image","twitter_misc":{"Escrito por":"Telinha","Tempo estimado de leitura":"1 minuto"},"schema":{"@context":"https:\/\/schema.org","@graph":[{"@type":"Article","@id":"https:\/\/portaltela.pt\/noticias\/2026\/03\/31\/ex-guarda-redes-bulgaro-mihaylov-do-belenenses-morre-aos-63-anos\/#article","isPartOf":{"@id":"https:\/\/portaltela.pt\/noticias\/2026\/03\/31\/ex-guarda-redes-bulgaro-mihaylov-do-belenenses-morre-aos-63-anos\/"},"author":{"name":"Telinha","@id":"https:\/\/portaltela.pt\/#\/schema\/person\/c4278d4a6028830caff9ee44b42d32ed"},"headline":"Ex-guarda-redes b\u00falgaro Mihaylov, do Belenenses, morre aos 63 anos","datePublished":"2026-03-31T12:32:38+00:00","mainEntityOfPage":{"@id":"https:\/\/portaltela.pt\/noticias\/2026\/03\/31\/ex-guarda-redes-bulgaro-mihaylov-do-belenenses-morre-aos-63-anos\/"},"wordCount":242,"image":{"@id":"https:\/\/portaltela.pt\/noticias\/2026\/03\/31\/ex-guarda-redes-bulgaro-mihaylov-do-belenenses-morre-aos-63-anos\/#primaryimage"},"thumbnailUrl":"https:\/\/portaltela.pt\/s.01k8rhncp4jt1\/2026\/03\/img_920x518uu2026-03-31-13-20-18-2430257-im-639105600383331541.jpg","keywords":["a Bulg\u00e1ria","AVC","Belenenses","futebol","Sele\u00e7\u00e3o Nacional"],"articleSection":["Desporto","Futebol"],"inLanguage":"pt-PT"},{"@type":"WebPage","@id":"https:\/\/portaltela.pt\/noticias\/2026\/03\/31\/ex-guarda-redes-bulgaro-mihaylov-do-belenenses-morre-aos-63-anos\/","url":"https:\/\/portaltela.pt\/noticias\/2026\/03\/31\/ex-guarda-redes-bulgaro-mihaylov-do-belenenses-morre-aos-63-anos\/","name":"Ex-guarda-redes b\u00falgaro Mihaylov, do Belenenses, morre aos 63 anos - Portal Tela Portugal","isPartOf":{"@id":"https:\/\/portaltela.pt\/#website"},"primaryImageOfPage":{"@id":"https:\/\/portaltela.pt\/noticias\/2026\/03\/31\/ex-guarda-redes-bulgaro-mihaylov-do-belenenses-morre-aos-63-anos\/#primaryimage"},"image":{"@id":"https:\/\/portaltela.pt\/noticias\/2026\/03\/31\/ex-guarda-redes-bulgaro-mihaylov-do-belenenses-morre-aos-63-anos\/#primaryimage"},"thumbnailUrl":"https:\/\/portaltela.pt\/s.01k8rhncp4jt1\/2026\/03\/img_920x518uu2026-03-31-13-20-18-2430257-im-639105600383331541.jpg","datePublished":"2026-03-31T12:32:38+00:00","author":{"@id":"https:\/\/portaltela.pt\/#\/schema\/person\/c4278d4a6028830caff9ee44b42d32ed"},"breadcrumb":{"@id":"https:\/\/portaltela.pt\/noticias\/2026\/03\/31\/ex-guarda-redes-bulgaro-mihaylov-do-belenenses-morre-aos-63-anos\/#breadcrumb"},"inLanguage":"pt-PT","potentialAction":[{"@type":"ReadAction","target":["https:\/\/portaltela.pt\/noticias\/2026\/03\/31\/ex-guarda-redes-bulgaro-mihaylov-do-belenenses-morre-aos-63-anos\/"]}]},{"@type":"ImageObject","inLanguage":"pt-PT","@id":"https:\/\/portaltela.pt\/noticias\/2026\/03\/31\/ex-guarda-redes-bulgaro-mihaylov-do-belenenses-morre-aos-63-anos\/#primaryimage","url":"https:\/\/portaltela.pt\/s.01k8rhncp4jt1\/2026\/03\/img_920x518uu2026-03-31-13-20-18-2430257-im-639105600383331541.jpg","contentUrl":"https:\/\/portaltela.pt\/s.01k8rhncp4jt1\/2026\/03\/img_920x518uu2026-03-31-13-20-18-2430257-im-639105600383331541.jpg","width":796,"height":448,"caption":"Borislav Mihaylov, na baliza da Bulg\u00e1ria, em 1994"},{"@type":"BreadcrumbList","@id":"https:\/\/portaltela.pt\/noticias\/2026\/03\/31\/ex-guarda-redes-bulgaro-mihaylov-do-belenenses-morre-aos-63-anos\/#breadcrumb","itemListElement":[{"@type":"ListItem","position":1,"name":"In\u00edcio","item":"https:\/\/portaltela.pt\/"},{"@type":"ListItem","position":2,"name":"Ex-guarda-redes b\u00falgaro Mihaylov, do Belenenses, morre aos 63 anos"}]},{"@type":"WebSite","@id":"https:\/\/portaltela.pt\/#website","url":"https:\/\/portaltela.pt\/","name":"Portal Tela Portugal","description":"","potentialAction":[{"@type":"SearchAction","target":{"@type":"EntryPoint","urlTemplate":"https:\/\/portaltela.pt\/?s={search_term_string}"},"query-input":{"@type":"PropertyValueSpecification","valueRequired":true,"valueName":"search_term_string"}}],"inLanguage":"pt-PT"},{"@type":"Person","@id":"https:\/\/portaltela.pt\/#\/schema\/person\/c4278d4a6028830caff9ee44b42d32ed","name":"Telinha","image":{"@type":"ImageObject","inLanguage":"pt-PT","@id":"https:\/\/portaltela.pt\/s.01k8rhncp4jt1\/2025\/11\/talking-bot-125x125.png","url":"https:\/\/portaltela.pt\/s.01k8rhncp4jt1\/2025\/11\/talking-bot-125x125.png","contentUrl":"https:\/\/portaltela.pt\/s.01k8rhncp4jt1\/2025\/11\/talking-bot-125x125.png","caption":"Telinha"},"sameAs":["https:\/\/portaltela.pt\/"],"url":"https:\/\/portaltela.pt\/por\/367410592786\/"}]}},"_links":{"self":[{"href":"https:\/\/portaltela.pt\/api\/wp\/v2\/posts\/427720","targetHints":{"allow":["GET"]}}],"collection":[{"href":"https:\/\/portaltela.pt\/api\/wp\/v2\/posts"}],"about":[{"href":"https:\/\/portaltela.pt\/api\/wp\/v2\/types\/post"}],"author":[{"embeddable":true,"href":"https:\/\/portaltela.pt\/api\/wp\/v2\/users\/2"}],"replies":[{"embeddable":true,"href":"https:\/\/portaltela.pt\/api\/wp\/v2\/comments?post=427720"}],"version-history":[{"count":0,"href":"https:\/\/portaltela.pt\/api\/wp\/v2\/posts\/427720\/revisions"}],"wp:featuredmedia":[{"embeddable":true,"href":"https:\/\/portaltela.pt\/api\/wp\/v2\/media\/427723"}],"wp:attachment":[{"href":"https:\/\/portaltela.pt\/api\/wp\/v2\/media?parent=427720"}],"wp:term":[{"taxonomy":"category","embeddable":true,"href":"https:\/\/portaltela.pt\/api\/wp\/v2\/categories?post=427720"},{"taxonomy":"post_tag","embeddable":true,"href":"https:\/\/portaltela.pt\/api\/wp\/v2\/tags?post=427720"}],"curies":[{"name":"wp","href":"https:\/\/api.w.org\/{rel}","templated":true}]}}