{"id":427714,"date":"2026-03-31T09:32:35","date_gmt":"2026-03-31T12:32:35","guid":{"rendered":"https:\/\/portaltela.pt\/noticias\/2026\/03\/31\/gnr-alerta-sobre-impacto-psicologico-em-militares-na-violencia-domestica\/"},"modified":"2026-03-31T09:32:35","modified_gmt":"2026-03-31T12:32:35","slug":"gnr-alerta-sobre-impacto-psicologico-em-militares-na-violencia-domestica","status":"publish","type":"post","link":"https:\/\/portaltela.pt\/seguranca\/2026\/03\/31\/gnr-alerta-sobre-impacto-psicologico-em-militares-na-violencia-domestica\/","title":{"rendered":"GNR alerta sobre impacto psicol\u00f3gico em militares na viol\u00eancia dom\u00e9stica"},"content":{"rendered":"<p>A GNR alertou esta ter\u00e7a-feira para o peso psicol\u00f3gico profundo enfrentado por militares que trabalham na \u00e1rea da viol\u00eancia dom\u00e9stica. A exposi\u00e7\u00e3o cont\u00ednua a traumas \u00e9 identificada como fator de risco para o esgotamento profissional.<\/p>\n<p>O comandante do comando operacional, Pedro Oliveira, explicou que a atua\u00e7\u00e3o na \u00e1rea implica fadiga compassiva e stress cr\u00f3nico, pela empatia excessiva em cen\u00e1rios de viol\u00eancia e sofrimento das v\u00edtimas.<\/p>\n<p>Foi destacada a necessidade de evitar camadas adicionais de complexidade investigativa, para n\u00e3o afastar os profissionais. A verba da dire\u00e7\u00e3o foi pedida para refor\u00e7ar o apoio.<\/p>\n<p>A audi\u00e7\u00e3o na Subcomiss\u00e3o para a Igualdade decorreu com a presen\u00e7a de representantes da PSP e da Equipa de An\u00e1lise Retrospetiva de Homic\u00eddio em Viol\u00eancia Dom\u00e9stica, para analisar iniciativas em curso.<\/p>\n<p>A GNR garantiu refor\u00e7ar a resposta nas primeiras 72 horas ap\u00f3s a apresenta\u00e7\u00e3o de queixa, mantendo articula\u00e7\u00e3o com o Minist\u00e9rio P\u00fablico, e investindo em forma\u00e7\u00e3o e atendimento \u00e0s v\u00edtimas.<\/p>\n<p>O comandante sublinhou ainda que o principal desafio preventivo est\u00e1 em situa\u00e7\u00f5es de baixo a m\u00e9dio risco, onde pode haver falsa sensa\u00e7\u00e3o de seguran\u00e7a, exigindo reavalia\u00e7\u00e3o permanente.<\/p>\n<p>Pedro Oliveira avan\u00e7ou que, em 2025, registaram-se 10 homic\u00eddios em contexto de viol\u00eancia dom\u00e9stica na \u00e1rea de atua\u00e7\u00e3o da GNR, com 11 v\u00edtimas, incluindo duas crian\u00e7as.<\/p>\n<p>Prop\u00f4s um procedimento de dupla avalia\u00e7\u00e3o de risco e o refor\u00e7o da retirada de armas de fogo no momento da den\u00fancia, como medida cautelar, independentemente do risco.<\/p>\n<p>Foi referido que as dificuldades administrativas afetam a den\u00fancia e que a GNR diversifica meios de prova, reduzindo depend\u00eancia de declara\u00e7\u00f5es da v\u00edtima.<\/p>\n<p>Acompanhamento legislativo foi mencionado, com cautela para evitar duplica\u00e7\u00f5es com instrumentos legais j\u00e1 previstos, mantendo foco na aplicabilidade pr\u00e1tica.<\/p>\n<p>A GNR disp\u00f5e de 349 salas de atendimento a v\u00edtimas e de equipas especializadas, com funcionamento 24\/7, abrangendo 178 militares em todo o pa\u00eds.<\/p>\n<p>Em 2025, cerca de 426 militares realizaram 929 a\u00e7\u00f5es de forma\u00e7\u00e3o, envolvendo cerca de 37 mil pessoas, com 327 a\u00e7\u00f5es sobre viol\u00eancia dom\u00e9stica e 602 sobre viol\u00eancia no namoro.<\/p>\n<p>No ano anterior, a GNR recebeu 14.071 den\u00fancias, menos que em 2024, e efetuou 1.401 deten\u00e7\u00f5es por viol\u00eancia dom\u00e9stica.<\/p>\n","protected":false},"excerpt":{"rendered":"<ul>\n<li>A GNR alertou para o peso psicol\u00f3gico profundo nos militares que trabalham na \u00e1rea da viol\u00eancia dom\u00e9stica, devido \u00e0 exposi\u00e7\u00e3o cont\u00ednua a traumas.<\/li>\n<li>O comandante Pedro Oliveira destacou que a gest\u00e3o constante de situa\u00e7\u00f5es de alto risco gera fadiga compassiva e stress cr\u00f3nico, podendo levar ao esgotamento; acrescentar uma camada investigat\u00f3ria pode afastar profissionais.<\/li>\n<li>A not\u00edcia foi partilhada numa audi\u00e7\u00e3o conjunta na Subcomiss\u00e3o para a Igualdade e N\u00e3o Discrimina\u00e7\u00e3o, com a PSP e a Equipa de An\u00e1lise Retrospetiva de Homic\u00eddio em Viol\u00eancia Dom\u00e9stica.<\/li>\n<li>A GNR assegura refor\u00e7ar a resposta especializada nas primeiras 72 horas ap\u00f3s a apresenta\u00e7\u00e3o da queixa, mantendo a liga\u00e7\u00e3o com o Minist\u00e9rio P\u00fablico e investindo em forma\u00e7\u00e3o e atendimento \u00e0s v\u00edtimas.<\/li>\n<li>Em 2025, a \u00e1rea de atua\u00e7\u00e3o registou dez homic\u00eddios em viol\u00eancia dom\u00e9stica, onze v\u00edtimas (duas crian\u00e7as); a GNR tem 349 salas de atendimento e 178 militares nas equipas especializadas 24\/7; foram realizadas 929 a\u00e7\u00f5es de forma\u00e7\u00e3o para cerca de 37 mil pessoas; e houve 14.071 den\u00fancias recebidas, com 1.401 deten\u00e7\u00f5es.<\/li>\n<\/ul>\n","protected":false},"author":2,"featured_media":427725,"comment_status":"closed","ping_status":"closed","sticky":false,"template":"","format":"standard","meta":{"footnotes":""},"categories":[6781,6779],"tags":[5163,1290,3418,2249,250,214],"class_list":["post-427714","post","type-post","status-publish","format-standard","has-post-thumbnail","hentry","category-policia","category-seguranca","tag-a-guarda","tag-formacao","tag-policia-de-seguranca-publica","tag-psicologia","tag-seguranca-publica","tag-violencia-domestica"],"yoast_head":"<!-- This site is optimized with the Yoast SEO plugin v27.2 - https:\/\/yoast.com\/product\/yoast-seo-wordpress\/ -->\n<title>GNR alerta sobre impacto psicol\u00f3gico em militares na viol\u00eancia dom\u00e9stica - Portal Tela Portugal<\/title>\n<meta name=\"robots\" content=\"index, follow, max-snippet:-1, max-image-preview:large, max-video-preview:-1\" \/>\n<meta property=\"og:locale\" content=\"pt_PT\" \/>\n<meta property=\"og:type\" content=\"article\" \/>\n<meta property=\"og:title\" content=\"GNR alerta sobre impacto psicol\u00f3gico em militares na viol\u00eancia dom\u00e9stica - Portal Tela Portugal\" \/>\n<meta property=\"og:description\" content=\"A GNR alertou para o peso psicol\u00f3gico profundo nos militares que trabalham na \u00e1rea da viol\u00eancia dom\u00e9stica, devido \u00e0 exposi\u00e7\u00e3o cont\u00ednua a traumas. O comandante Pedro Oliveira destacou que a gest\u00e3o constante de situa\u00e7\u00f5es de alto risco gera fadiga compassiva e stress cr\u00f3nico, podendo levar ao esgotamento; acrescentar uma camada investigat\u00f3ria pode afastar profissionais. A not\u00edcia foi partilhada numa audi\u00e7\u00e3o conjunta na Subcomiss\u00e3o para a Igualdade e N\u00e3o Discrimina\u00e7\u00e3o, com a PSP e a Equipa de An\u00e1lise Retrospetiva de Homic\u00eddio em Viol\u00eancia Dom\u00e9stica. A GNR assegura refor\u00e7ar a resposta especializada nas primeiras 72 horas ap\u00f3s a apresenta\u00e7\u00e3o da queixa, mantendo a liga\u00e7\u00e3o com o Minist\u00e9rio P\u00fablico e investindo em forma\u00e7\u00e3o e atendimento \u00e0s v\u00edtimas. Em 2025, a \u00e1rea de atua\u00e7\u00e3o registou dez homic\u00eddios em viol\u00eancia dom\u00e9stica, onze v\u00edtimas (duas crian\u00e7as); a GNR tem 349 salas de atendimento e 178 militares nas equipas especializadas 24\/7; foram realizadas 929 a\u00e7\u00f5es de forma\u00e7\u00e3o para cerca de 37 mil pessoas; e houve 14.071 den\u00fancias recebidas, com 1.401 deten\u00e7\u00f5es.\" \/>\n<meta property=\"og:url\" content=\"https:\/\/portaltela.pt\/noticias\/2026\/03\/31\/gnr-alerta-sobre-impacto-psicologico-em-militares-na-violencia-domestica\/\" \/>\n<meta property=\"og:site_name\" content=\"Portal Tela Portugal\" \/>\n<meta property=\"article:published_time\" content=\"2026-03-31T12:32:35+00:00\" \/>\n<meta name=\"author\" content=\"Telinha\" \/>\n<meta name=\"twitter:card\" content=\"summary_large_image\" \/>\n<meta name=\"twitter:label1\" content=\"Escrito por\" \/>\n\t<meta name=\"twitter:data1\" content=\"Telinha\" \/>\n\t<meta name=\"twitter:label2\" content=\"Tempo estimado de leitura\" \/>\n\t<meta name=\"twitter:data2\" content=\"2 minutos\" \/>\n<script type=\"application\/ld+json\" class=\"yoast-schema-graph\">{\"@context\":\"https:\/\/schema.org\",\"@graph\":[{\"@type\":\"Article\",\"@id\":\"https:\/\/portaltela.pt\/noticias\/2026\/03\/31\/gnr-alerta-sobre-impacto-psicologico-em-militares-na-violencia-domestica\/#article\",\"isPartOf\":{\"@id\":\"https:\/\/portaltela.pt\/noticias\/2026\/03\/31\/gnr-alerta-sobre-impacto-psicologico-em-militares-na-violencia-domestica\/\"},\"author\":{\"name\":\"Telinha\",\"@id\":\"https:\/\/portaltela.pt\/#\/schema\/person\/c4278d4a6028830caff9ee44b42d32ed\"},\"headline\":\"GNR alerta sobre impacto psicol\u00f3gico em militares na viol\u00eancia dom\u00e9stica\",\"datePublished\":\"2026-03-31T12:32:35+00:00\",\"mainEntityOfPage\":{\"@id\":\"https:\/\/portaltela.pt\/noticias\/2026\/03\/31\/gnr-alerta-sobre-impacto-psicologico-em-militares-na-violencia-domestica\/\"},\"wordCount\":405,\"image\":{\"@id\":\"https:\/\/portaltela.pt\/noticias\/2026\/03\/31\/gnr-alerta-sobre-impacto-psicologico-em-militares-na-violencia-domestica\/#primaryimage\"},\"thumbnailUrl\":\"https:\/\/portaltela.pt\/s.01k8rhncp4jt1\/2026\/03\/img_1500x1000uu2021-08-21-18-21-17-1073019-im-639021874223227573.jpg\",\"keywords\":[\"A Guarda\",\"forma\u00e7\u00e3o\",\"Pol\u00edcia de Seguran\u00e7a P\u00fablica\",\"psicologia\",\"seguran\u00e7a p\u00fablica\",\"viol\u00eancia dom\u00e9stica\"],\"articleSection\":[\"Pol\u00edcia\",\"Seguran\u00e7a\"],\"inLanguage\":\"pt-PT\"},{\"@type\":\"WebPage\",\"@id\":\"https:\/\/portaltela.pt\/noticias\/2026\/03\/31\/gnr-alerta-sobre-impacto-psicologico-em-militares-na-violencia-domestica\/\",\"url\":\"https:\/\/portaltela.pt\/noticias\/2026\/03\/31\/gnr-alerta-sobre-impacto-psicologico-em-militares-na-violencia-domestica\/\",\"name\":\"GNR alerta sobre impacto psicol\u00f3gico em militares na viol\u00eancia dom\u00e9stica - Portal Tela Portugal\",\"isPartOf\":{\"@id\":\"https:\/\/portaltela.pt\/#website\"},\"primaryImageOfPage\":{\"@id\":\"https:\/\/portaltela.pt\/noticias\/2026\/03\/31\/gnr-alerta-sobre-impacto-psicologico-em-militares-na-violencia-domestica\/#primaryimage\"},\"image\":{\"@id\":\"https:\/\/portaltela.pt\/noticias\/2026\/03\/31\/gnr-alerta-sobre-impacto-psicologico-em-militares-na-violencia-domestica\/#primaryimage\"},\"thumbnailUrl\":\"https:\/\/portaltela.pt\/s.01k8rhncp4jt1\/2026\/03\/img_1500x1000uu2021-08-21-18-21-17-1073019-im-639021874223227573.jpg\",\"datePublished\":\"2026-03-31T12:32:35+00:00\",\"author\":{\"@id\":\"https:\/\/portaltela.pt\/#\/schema\/person\/c4278d4a6028830caff9ee44b42d32ed\"},\"breadcrumb\":{\"@id\":\"https:\/\/portaltela.pt\/noticias\/2026\/03\/31\/gnr-alerta-sobre-impacto-psicologico-em-militares-na-violencia-domestica\/#breadcrumb\"},\"inLanguage\":\"pt-PT\",\"potentialAction\":[{\"@type\":\"ReadAction\",\"target\":[\"https:\/\/portaltela.pt\/noticias\/2026\/03\/31\/gnr-alerta-sobre-impacto-psicologico-em-militares-na-violencia-domestica\/\"]}]},{\"@type\":\"ImageObject\",\"inLanguage\":\"pt-PT\",\"@id\":\"https:\/\/portaltela.pt\/noticias\/2026\/03\/31\/gnr-alerta-sobre-impacto-psicologico-em-militares-na-violencia-domestica\/#primaryimage\",\"url\":\"https:\/\/portaltela.pt\/s.01k8rhncp4jt1\/2026\/03\/img_1500x1000uu2021-08-21-18-21-17-1073019-im-639021874223227573.jpg\",\"contentUrl\":\"https:\/\/portaltela.pt\/s.01k8rhncp4jt1\/2026\/03\/img_1500x1000uu2021-08-21-18-21-17-1073019-im-639021874223227573.jpg\",\"width\":796,\"height\":448,\"caption\":\"GNR\"},{\"@type\":\"BreadcrumbList\",\"@id\":\"https:\/\/portaltela.pt\/noticias\/2026\/03\/31\/gnr-alerta-sobre-impacto-psicologico-em-militares-na-violencia-domestica\/#breadcrumb\",\"itemListElement\":[{\"@type\":\"ListItem\",\"position\":1,\"name\":\"In\u00edcio\",\"item\":\"https:\/\/portaltela.pt\/\"},{\"@type\":\"ListItem\",\"position\":2,\"name\":\"GNR alerta sobre impacto psicol\u00f3gico em militares na viol\u00eancia dom\u00e9stica\"}]},{\"@type\":\"WebSite\",\"@id\":\"https:\/\/portaltela.pt\/#website\",\"url\":\"https:\/\/portaltela.pt\/\",\"name\":\"Portal Tela Portugal\",\"description\":\"\",\"potentialAction\":[{\"@type\":\"SearchAction\",\"target\":{\"@type\":\"EntryPoint\",\"urlTemplate\":\"https:\/\/portaltela.pt\/?s={search_term_string}\"},\"query-input\":{\"@type\":\"PropertyValueSpecification\",\"valueRequired\":true,\"valueName\":\"search_term_string\"}}],\"inLanguage\":\"pt-PT\"},{\"@type\":\"Person\",\"@id\":\"https:\/\/portaltela.pt\/#\/schema\/person\/c4278d4a6028830caff9ee44b42d32ed\",\"name\":\"Telinha\",\"image\":{\"@type\":\"ImageObject\",\"inLanguage\":\"pt-PT\",\"@id\":\"https:\/\/portaltela.pt\/s.01k8rhncp4jt1\/2025\/11\/talking-bot-125x125.png\",\"url\":\"https:\/\/portaltela.pt\/s.01k8rhncp4jt1\/2025\/11\/talking-bot-125x125.png\",\"contentUrl\":\"https:\/\/portaltela.pt\/s.01k8rhncp4jt1\/2025\/11\/talking-bot-125x125.png\",\"caption\":\"Telinha\"},\"sameAs\":[\"https:\/\/portaltela.pt\/\"],\"url\":\"https:\/\/portaltela.pt\/por\/367410592786\/\"}]}<\/script>\n<!-- \/ Yoast SEO plugin. -->","yoast_head_json":{"title":"GNR alerta sobre impacto psicol\u00f3gico em militares na viol\u00eancia dom\u00e9stica - Portal Tela Portugal","robots":{"index":"index","follow":"follow","max-snippet":"max-snippet:-1","max-image-preview":"max-image-preview:large","max-video-preview":"max-video-preview:-1"},"og_locale":"pt_PT","og_type":"article","og_title":"GNR alerta sobre impacto psicol\u00f3gico em militares na viol\u00eancia dom\u00e9stica - Portal Tela Portugal","og_description":"A GNR alertou para o peso psicol\u00f3gico profundo nos militares que trabalham na \u00e1rea da viol\u00eancia dom\u00e9stica, devido \u00e0 exposi\u00e7\u00e3o cont\u00ednua a traumas. O comandante Pedro Oliveira destacou que a gest\u00e3o constante de situa\u00e7\u00f5es de alto risco gera fadiga compassiva e stress cr\u00f3nico, podendo levar ao esgotamento; acrescentar uma camada investigat\u00f3ria pode afastar profissionais. A not\u00edcia foi partilhada numa audi\u00e7\u00e3o conjunta na Subcomiss\u00e3o para a Igualdade e N\u00e3o Discrimina\u00e7\u00e3o, com a PSP e a Equipa de An\u00e1lise Retrospetiva de Homic\u00eddio em Viol\u00eancia Dom\u00e9stica. A GNR assegura refor\u00e7ar a resposta especializada nas primeiras 72 horas ap\u00f3s a apresenta\u00e7\u00e3o da queixa, mantendo a liga\u00e7\u00e3o com o Minist\u00e9rio P\u00fablico e investindo em forma\u00e7\u00e3o e atendimento \u00e0s v\u00edtimas. Em 2025, a \u00e1rea de atua\u00e7\u00e3o registou dez homic\u00eddios em viol\u00eancia dom\u00e9stica, onze v\u00edtimas (duas crian\u00e7as); a GNR tem 349 salas de atendimento e 178 militares nas equipas especializadas 24\/7; foram realizadas 929 a\u00e7\u00f5es de forma\u00e7\u00e3o para cerca de 37 mil pessoas; e houve 14.071 den\u00fancias recebidas, com 1.401 deten\u00e7\u00f5es.","og_url":"https:\/\/portaltela.pt\/noticias\/2026\/03\/31\/gnr-alerta-sobre-impacto-psicologico-em-militares-na-violencia-domestica\/","og_site_name":"Portal Tela Portugal","article_published_time":"2026-03-31T12:32:35+00:00","author":"Telinha","twitter_card":"summary_large_image","twitter_misc":{"Escrito por":"Telinha","Tempo estimado de leitura":"2 minutos"},"schema":{"@context":"https:\/\/schema.org","@graph":[{"@type":"Article","@id":"https:\/\/portaltela.pt\/noticias\/2026\/03\/31\/gnr-alerta-sobre-impacto-psicologico-em-militares-na-violencia-domestica\/#article","isPartOf":{"@id":"https:\/\/portaltela.pt\/noticias\/2026\/03\/31\/gnr-alerta-sobre-impacto-psicologico-em-militares-na-violencia-domestica\/"},"author":{"name":"Telinha","@id":"https:\/\/portaltela.pt\/#\/schema\/person\/c4278d4a6028830caff9ee44b42d32ed"},"headline":"GNR alerta sobre impacto psicol\u00f3gico em militares na viol\u00eancia dom\u00e9stica","datePublished":"2026-03-31T12:32:35+00:00","mainEntityOfPage":{"@id":"https:\/\/portaltela.pt\/noticias\/2026\/03\/31\/gnr-alerta-sobre-impacto-psicologico-em-militares-na-violencia-domestica\/"},"wordCount":405,"image":{"@id":"https:\/\/portaltela.pt\/noticias\/2026\/03\/31\/gnr-alerta-sobre-impacto-psicologico-em-militares-na-violencia-domestica\/#primaryimage"},"thumbnailUrl":"https:\/\/portaltela.pt\/s.01k8rhncp4jt1\/2026\/03\/img_1500x1000uu2021-08-21-18-21-17-1073019-im-639021874223227573.jpg","keywords":["A Guarda","forma\u00e7\u00e3o","Pol\u00edcia de Seguran\u00e7a P\u00fablica","psicologia","seguran\u00e7a p\u00fablica","viol\u00eancia dom\u00e9stica"],"articleSection":["Pol\u00edcia","Seguran\u00e7a"],"inLanguage":"pt-PT"},{"@type":"WebPage","@id":"https:\/\/portaltela.pt\/noticias\/2026\/03\/31\/gnr-alerta-sobre-impacto-psicologico-em-militares-na-violencia-domestica\/","url":"https:\/\/portaltela.pt\/noticias\/2026\/03\/31\/gnr-alerta-sobre-impacto-psicologico-em-militares-na-violencia-domestica\/","name":"GNR alerta sobre impacto psicol\u00f3gico em militares na viol\u00eancia dom\u00e9stica - Portal Tela Portugal","isPartOf":{"@id":"https:\/\/portaltela.pt\/#website"},"primaryImageOfPage":{"@id":"https:\/\/portaltela.pt\/noticias\/2026\/03\/31\/gnr-alerta-sobre-impacto-psicologico-em-militares-na-violencia-domestica\/#primaryimage"},"image":{"@id":"https:\/\/portaltela.pt\/noticias\/2026\/03\/31\/gnr-alerta-sobre-impacto-psicologico-em-militares-na-violencia-domestica\/#primaryimage"},"thumbnailUrl":"https:\/\/portaltela.pt\/s.01k8rhncp4jt1\/2026\/03\/img_1500x1000uu2021-08-21-18-21-17-1073019-im-639021874223227573.jpg","datePublished":"2026-03-31T12:32:35+00:00","author":{"@id":"https:\/\/portaltela.pt\/#\/schema\/person\/c4278d4a6028830caff9ee44b42d32ed"},"breadcrumb":{"@id":"https:\/\/portaltela.pt\/noticias\/2026\/03\/31\/gnr-alerta-sobre-impacto-psicologico-em-militares-na-violencia-domestica\/#breadcrumb"},"inLanguage":"pt-PT","potentialAction":[{"@type":"ReadAction","target":["https:\/\/portaltela.pt\/noticias\/2026\/03\/31\/gnr-alerta-sobre-impacto-psicologico-em-militares-na-violencia-domestica\/"]}]},{"@type":"ImageObject","inLanguage":"pt-PT","@id":"https:\/\/portaltela.pt\/noticias\/2026\/03\/31\/gnr-alerta-sobre-impacto-psicologico-em-militares-na-violencia-domestica\/#primaryimage","url":"https:\/\/portaltela.pt\/s.01k8rhncp4jt1\/2026\/03\/img_1500x1000uu2021-08-21-18-21-17-1073019-im-639021874223227573.jpg","contentUrl":"https:\/\/portaltela.pt\/s.01k8rhncp4jt1\/2026\/03\/img_1500x1000uu2021-08-21-18-21-17-1073019-im-639021874223227573.jpg","width":796,"height":448,"caption":"GNR"},{"@type":"BreadcrumbList","@id":"https:\/\/portaltela.pt\/noticias\/2026\/03\/31\/gnr-alerta-sobre-impacto-psicologico-em-militares-na-violencia-domestica\/#breadcrumb","itemListElement":[{"@type":"ListItem","position":1,"name":"In\u00edcio","item":"https:\/\/portaltela.pt\/"},{"@type":"ListItem","position":2,"name":"GNR alerta sobre impacto psicol\u00f3gico em militares na viol\u00eancia dom\u00e9stica"}]},{"@type":"WebSite","@id":"https:\/\/portaltela.pt\/#website","url":"https:\/\/portaltela.pt\/","name":"Portal Tela Portugal","description":"","potentialAction":[{"@type":"SearchAction","target":{"@type":"EntryPoint","urlTemplate":"https:\/\/portaltela.pt\/?s={search_term_string}"},"query-input":{"@type":"PropertyValueSpecification","valueRequired":true,"valueName":"search_term_string"}}],"inLanguage":"pt-PT"},{"@type":"Person","@id":"https:\/\/portaltela.pt\/#\/schema\/person\/c4278d4a6028830caff9ee44b42d32ed","name":"Telinha","image":{"@type":"ImageObject","inLanguage":"pt-PT","@id":"https:\/\/portaltela.pt\/s.01k8rhncp4jt1\/2025\/11\/talking-bot-125x125.png","url":"https:\/\/portaltela.pt\/s.01k8rhncp4jt1\/2025\/11\/talking-bot-125x125.png","contentUrl":"https:\/\/portaltela.pt\/s.01k8rhncp4jt1\/2025\/11\/talking-bot-125x125.png","caption":"Telinha"},"sameAs":["https:\/\/portaltela.pt\/"],"url":"https:\/\/portaltela.pt\/por\/367410592786\/"}]}},"_links":{"self":[{"href":"https:\/\/portaltela.pt\/api\/wp\/v2\/posts\/427714","targetHints":{"allow":["GET"]}}],"collection":[{"href":"https:\/\/portaltela.pt\/api\/wp\/v2\/posts"}],"about":[{"href":"https:\/\/portaltela.pt\/api\/wp\/v2\/types\/post"}],"author":[{"embeddable":true,"href":"https:\/\/portaltela.pt\/api\/wp\/v2\/users\/2"}],"replies":[{"embeddable":true,"href":"https:\/\/portaltela.pt\/api\/wp\/v2\/comments?post=427714"}],"version-history":[{"count":0,"href":"https:\/\/portaltela.pt\/api\/wp\/v2\/posts\/427714\/revisions"}],"wp:featuredmedia":[{"embeddable":true,"href":"https:\/\/portaltela.pt\/api\/wp\/v2\/media\/427725"}],"wp:attachment":[{"href":"https:\/\/portaltela.pt\/api\/wp\/v2\/media?parent=427714"}],"wp:term":[{"taxonomy":"category","embeddable":true,"href":"https:\/\/portaltela.pt\/api\/wp\/v2\/categories?post=427714"},{"taxonomy":"post_tag","embeddable":true,"href":"https:\/\/portaltela.pt\/api\/wp\/v2\/tags?post=427714"}],"curies":[{"name":"wp","href":"https:\/\/api.w.org\/{rel}","templated":true}]}}