{"id":427707,"date":"2026-03-31T09:32:31","date_gmt":"2026-03-31T12:32:31","guid":{"rendered":"https:\/\/portaltela.pt\/noticias\/2026\/03\/31\/mp-investiga-mensagens-racistas-entre-estudantes-de-coimbra\/"},"modified":"2026-03-31T09:32:31","modified_gmt":"2026-03-31T12:32:31","slug":"mp-investiga-mensagens-racistas-entre-estudantes-de-coimbra","status":"publish","type":"post","link":"https:\/\/portaltela.pt\/noticias\/2026\/03\/31\/mp-investiga-mensagens-racistas-entre-estudantes-de-coimbra\/","title":{"rendered":"MP investiga mensagens racistas entre estudantes de Coimbra"},"content":{"rendered":"<p>O Minist\u00e9rio P\u00fablico est\u00e1 a investigar a partilha de mensagens com teor racista, xen\u00f3fobo e misogino num grupo de WhatsApp com centenas de participantes, incluindo estudantes da Universidade de Coimbra e do Instituto Polit\u00e9cnico de Coimbra.<\/p>\n<p>A Associa\u00e7\u00e3o Acad\u00e9mica de Coimbra alerta para a normaliza\u00e7\u00e3o do discurso de \u00f3dio e afirma que epis\u00f3dios com cariz racista e xen\u00f3fobo t\u00eam sido comuns, segundo a entidade.<\/p>\n<p>As institui\u00e7\u00f5es de ensino envolvidas, UC e IPC, confirmaram que est\u00e3o a averiguar o caso e a colaborar com as autoridades para apurar responsabilidades.<\/p>\n<p>At\u00e9 ao momento, n\u00e3o foram divulgadas informa\u00e7\u00f5es sobre identidades dos intervenientes ou consequ\u00eancias da situa\u00e7\u00e3o; a investiga\u00e7\u00e3o, segundo as autoridades, continua em curso.<\/p>\n","protected":false},"excerpt":{"rendered":"<ul>\n<li>O Minist\u00e9rio P\u00fablico est\u00e1 a investigar a partilha de mensagens com teor racista, xen\u00f3fobo e mis\u00f3gino num grupo de WhatsApp com centenas de pessoas, que inclui estudantes da Universidade de Coimbra e do Instituto Polit\u00e9cnico de Coimbra.<\/li>\n<li>A Associa\u00e7\u00e3o Acad\u00e9mica de Coimbra alerta para a \u201cnormaliza\u00e7\u00e3o do discurso de \u00f3dio\u201d e afirma que epis\u00f3dios com cariz racista e xen\u00f3fobo t\u00eam sido comuns.<\/li>\n<li>A Universidade de Coimbra e o Instituto Polit\u00e9cnico de Coimbra dizem estar a investigar o caso.<\/li>\n<li>As institui\u00e7\u00f5es n\u00e3o t\u00eam, at\u00e9 ao momento, mais detalhes p\u00fablicos sobre identidades ou consequ\u00eancias.<\/li>\n<\/ul>\n","protected":false},"author":2,"featured_media":427719,"comment_status":"closed","ping_status":"closed","sticky":false,"template":"","format":"standard","meta":{"footnotes":""},"categories":[6815,1],"tags":[1070,1904,7031,2613,6032,58],"class_list":["post-427707","post","type-post","status-publish","format-standard","has-post-thumbnail","hentry","category-justica","category-noticias","tag-coimbra","tag-discurso-de-odio","tag-ipc","tag-ministerio-publico","tag-racismo","tag-universidades"],"yoast_head":"<!-- This site is optimized with the Yoast SEO plugin v27.2 - https:\/\/yoast.com\/product\/yoast-seo-wordpress\/ -->\n<title>MP investiga mensagens racistas entre estudantes de Coimbra - Portal Tela Portugal<\/title>\n<meta name=\"robots\" content=\"index, follow, max-snippet:-1, max-image-preview:large, max-video-preview:-1\" \/>\n<meta property=\"og:locale\" content=\"pt_PT\" \/>\n<meta property=\"og:type\" content=\"article\" \/>\n<meta property=\"og:title\" content=\"MP investiga mensagens racistas entre estudantes de Coimbra - Portal Tela Portugal\" \/>\n<meta property=\"og:description\" content=\"O Minist\u00e9rio P\u00fablico est\u00e1 a investigar a partilha de mensagens com teor racista, xen\u00f3fobo e mis\u00f3gino num grupo de WhatsApp com centenas de pessoas, que inclui estudantes da Universidade de Coimbra e do Instituto Polit\u00e9cnico de Coimbra. A Associa\u00e7\u00e3o Acad\u00e9mica de Coimbra alerta para a \u201cnormaliza\u00e7\u00e3o do discurso de \u00f3dio\u201d e afirma que epis\u00f3dios com cariz racista e xen\u00f3fobo t\u00eam sido comuns. A Universidade de Coimbra e o Instituto Polit\u00e9cnico de Coimbra dizem estar a investigar o caso. As institui\u00e7\u00f5es n\u00e3o t\u00eam, at\u00e9 ao momento, mais detalhes p\u00fablicos sobre identidades ou consequ\u00eancias.\" \/>\n<meta property=\"og:url\" content=\"https:\/\/portaltela.pt\/noticias\/2026\/03\/31\/mp-investiga-mensagens-racistas-entre-estudantes-de-coimbra\/\" \/>\n<meta property=\"og:site_name\" content=\"Portal Tela Portugal\" \/>\n<meta property=\"article:published_time\" content=\"2026-03-31T12:32:31+00:00\" \/>\n<meta name=\"author\" content=\"Telinha\" \/>\n<meta name=\"twitter:card\" content=\"summary_large_image\" \/>\n<meta name=\"twitter:label1\" content=\"Escrito por\" \/>\n\t<meta name=\"twitter:data1\" content=\"Telinha\" \/>\n\t<meta name=\"twitter:label2\" content=\"Tempo estimado de leitura\" \/>\n\t<meta name=\"twitter:data2\" content=\"1 minuto\" \/>\n<script type=\"application\/ld+json\" class=\"yoast-schema-graph\">{\"@context\":\"https:\/\/schema.org\",\"@graph\":[{\"@type\":\"Article\",\"@id\":\"https:\/\/portaltela.pt\/noticias\/2026\/03\/31\/mp-investiga-mensagens-racistas-entre-estudantes-de-coimbra\/#article\",\"isPartOf\":{\"@id\":\"https:\/\/portaltela.pt\/noticias\/2026\/03\/31\/mp-investiga-mensagens-racistas-entre-estudantes-de-coimbra\/\"},\"author\":{\"name\":\"Telinha\",\"@id\":\"https:\/\/portaltela.pt\/#\/schema\/person\/c4278d4a6028830caff9ee44b42d32ed\"},\"headline\":\"MP investiga mensagens racistas entre estudantes de Coimbra\",\"datePublished\":\"2026-03-31T12:32:31+00:00\",\"mainEntityOfPage\":{\"@id\":\"https:\/\/portaltela.pt\/noticias\/2026\/03\/31\/mp-investiga-mensagens-racistas-entre-estudantes-de-coimbra\/\"},\"wordCount\":136,\"image\":{\"@id\":\"https:\/\/portaltela.pt\/noticias\/2026\/03\/31\/mp-investiga-mensagens-racistas-entre-estudantes-de-coimbra\/#primaryimage\"},\"thumbnailUrl\":\"https:\/\/portaltela.pt\/s.01k8rhncp4jt1\/2026\/03\/2078187.jpg\",\"keywords\":[\"Coimbra\",\"discurso de \u00f3dio\",\"IPC\",\"Minist\u00e9rio P\u00fablico\",\"racismo\",\"universidades\"],\"articleSection\":[\"Justi\u00e7a\",\"Not\u00edcias\"],\"inLanguage\":\"pt-PT\"},{\"@type\":\"WebPage\",\"@id\":\"https:\/\/portaltela.pt\/noticias\/2026\/03\/31\/mp-investiga-mensagens-racistas-entre-estudantes-de-coimbra\/\",\"url\":\"https:\/\/portaltela.pt\/noticias\/2026\/03\/31\/mp-investiga-mensagens-racistas-entre-estudantes-de-coimbra\/\",\"name\":\"MP investiga mensagens racistas entre estudantes de Coimbra - Portal Tela Portugal\",\"isPartOf\":{\"@id\":\"https:\/\/portaltela.pt\/#website\"},\"primaryImageOfPage\":{\"@id\":\"https:\/\/portaltela.pt\/noticias\/2026\/03\/31\/mp-investiga-mensagens-racistas-entre-estudantes-de-coimbra\/#primaryimage\"},\"image\":{\"@id\":\"https:\/\/portaltela.pt\/noticias\/2026\/03\/31\/mp-investiga-mensagens-racistas-entre-estudantes-de-coimbra\/#primaryimage\"},\"thumbnailUrl\":\"https:\/\/portaltela.pt\/s.01k8rhncp4jt1\/2026\/03\/2078187.jpg\",\"datePublished\":\"2026-03-31T12:32:31+00:00\",\"author\":{\"@id\":\"https:\/\/portaltela.pt\/#\/schema\/person\/c4278d4a6028830caff9ee44b42d32ed\"},\"breadcrumb\":{\"@id\":\"https:\/\/portaltela.pt\/noticias\/2026\/03\/31\/mp-investiga-mensagens-racistas-entre-estudantes-de-coimbra\/#breadcrumb\"},\"inLanguage\":\"pt-PT\",\"potentialAction\":[{\"@type\":\"ReadAction\",\"target\":[\"https:\/\/portaltela.pt\/noticias\/2026\/03\/31\/mp-investiga-mensagens-racistas-entre-estudantes-de-coimbra\/\"]}]},{\"@type\":\"ImageObject\",\"inLanguage\":\"pt-PT\",\"@id\":\"https:\/\/portaltela.pt\/noticias\/2026\/03\/31\/mp-investiga-mensagens-racistas-entre-estudantes-de-coimbra\/#primaryimage\",\"url\":\"https:\/\/portaltela.pt\/s.01k8rhncp4jt1\/2026\/03\/2078187.jpg\",\"contentUrl\":\"https:\/\/portaltela.pt\/s.01k8rhncp4jt1\/2026\/03\/2078187.jpg\",\"width\":796,\"height\":448,\"caption\":\"A Universidade de Coimbra e o Instituto Polit\u00e9cnico de Coimbra dizem estar a investigar o caso\"},{\"@type\":\"BreadcrumbList\",\"@id\":\"https:\/\/portaltela.pt\/noticias\/2026\/03\/31\/mp-investiga-mensagens-racistas-entre-estudantes-de-coimbra\/#breadcrumb\",\"itemListElement\":[{\"@type\":\"ListItem\",\"position\":1,\"name\":\"In\u00edcio\",\"item\":\"https:\/\/portaltela.pt\/\"},{\"@type\":\"ListItem\",\"position\":2,\"name\":\"MP investiga mensagens racistas entre estudantes de Coimbra\"}]},{\"@type\":\"WebSite\",\"@id\":\"https:\/\/portaltela.pt\/#website\",\"url\":\"https:\/\/portaltela.pt\/\",\"name\":\"Portal Tela Portugal\",\"description\":\"\",\"potentialAction\":[{\"@type\":\"SearchAction\",\"target\":{\"@type\":\"EntryPoint\",\"urlTemplate\":\"https:\/\/portaltela.pt\/?s={search_term_string}\"},\"query-input\":{\"@type\":\"PropertyValueSpecification\",\"valueRequired\":true,\"valueName\":\"search_term_string\"}}],\"inLanguage\":\"pt-PT\"},{\"@type\":\"Person\",\"@id\":\"https:\/\/portaltela.pt\/#\/schema\/person\/c4278d4a6028830caff9ee44b42d32ed\",\"name\":\"Telinha\",\"image\":{\"@type\":\"ImageObject\",\"inLanguage\":\"pt-PT\",\"@id\":\"https:\/\/portaltela.pt\/s.01k8rhncp4jt1\/2025\/11\/talking-bot-125x125.png\",\"url\":\"https:\/\/portaltela.pt\/s.01k8rhncp4jt1\/2025\/11\/talking-bot-125x125.png\",\"contentUrl\":\"https:\/\/portaltela.pt\/s.01k8rhncp4jt1\/2025\/11\/talking-bot-125x125.png\",\"caption\":\"Telinha\"},\"sameAs\":[\"https:\/\/portaltela.pt\/\"],\"url\":\"https:\/\/portaltela.pt\/por\/367410592786\/\"}]}<\/script>\n<!-- \/ Yoast SEO plugin. -->","yoast_head_json":{"title":"MP investiga mensagens racistas entre estudantes de Coimbra - Portal Tela Portugal","robots":{"index":"index","follow":"follow","max-snippet":"max-snippet:-1","max-image-preview":"max-image-preview:large","max-video-preview":"max-video-preview:-1"},"og_locale":"pt_PT","og_type":"article","og_title":"MP investiga mensagens racistas entre estudantes de Coimbra - Portal Tela Portugal","og_description":"O Minist\u00e9rio P\u00fablico est\u00e1 a investigar a partilha de mensagens com teor racista, xen\u00f3fobo e mis\u00f3gino num grupo de WhatsApp com centenas de pessoas, que inclui estudantes da Universidade de Coimbra e do Instituto Polit\u00e9cnico de Coimbra. A Associa\u00e7\u00e3o Acad\u00e9mica de Coimbra alerta para a \u201cnormaliza\u00e7\u00e3o do discurso de \u00f3dio\u201d e afirma que epis\u00f3dios com cariz racista e xen\u00f3fobo t\u00eam sido comuns. A Universidade de Coimbra e o Instituto Polit\u00e9cnico de Coimbra dizem estar a investigar o caso. As institui\u00e7\u00f5es n\u00e3o t\u00eam, at\u00e9 ao momento, mais detalhes p\u00fablicos sobre identidades ou consequ\u00eancias.","og_url":"https:\/\/portaltela.pt\/noticias\/2026\/03\/31\/mp-investiga-mensagens-racistas-entre-estudantes-de-coimbra\/","og_site_name":"Portal Tela Portugal","article_published_time":"2026-03-31T12:32:31+00:00","author":"Telinha","twitter_card":"summary_large_image","twitter_misc":{"Escrito por":"Telinha","Tempo estimado de leitura":"1 minuto"},"schema":{"@context":"https:\/\/schema.org","@graph":[{"@type":"Article","@id":"https:\/\/portaltela.pt\/noticias\/2026\/03\/31\/mp-investiga-mensagens-racistas-entre-estudantes-de-coimbra\/#article","isPartOf":{"@id":"https:\/\/portaltela.pt\/noticias\/2026\/03\/31\/mp-investiga-mensagens-racistas-entre-estudantes-de-coimbra\/"},"author":{"name":"Telinha","@id":"https:\/\/portaltela.pt\/#\/schema\/person\/c4278d4a6028830caff9ee44b42d32ed"},"headline":"MP investiga mensagens racistas entre estudantes de Coimbra","datePublished":"2026-03-31T12:32:31+00:00","mainEntityOfPage":{"@id":"https:\/\/portaltela.pt\/noticias\/2026\/03\/31\/mp-investiga-mensagens-racistas-entre-estudantes-de-coimbra\/"},"wordCount":136,"image":{"@id":"https:\/\/portaltela.pt\/noticias\/2026\/03\/31\/mp-investiga-mensagens-racistas-entre-estudantes-de-coimbra\/#primaryimage"},"thumbnailUrl":"https:\/\/portaltela.pt\/s.01k8rhncp4jt1\/2026\/03\/2078187.jpg","keywords":["Coimbra","discurso de \u00f3dio","IPC","Minist\u00e9rio P\u00fablico","racismo","universidades"],"articleSection":["Justi\u00e7a","Not\u00edcias"],"inLanguage":"pt-PT"},{"@type":"WebPage","@id":"https:\/\/portaltela.pt\/noticias\/2026\/03\/31\/mp-investiga-mensagens-racistas-entre-estudantes-de-coimbra\/","url":"https:\/\/portaltela.pt\/noticias\/2026\/03\/31\/mp-investiga-mensagens-racistas-entre-estudantes-de-coimbra\/","name":"MP investiga mensagens racistas entre estudantes de Coimbra - Portal Tela Portugal","isPartOf":{"@id":"https:\/\/portaltela.pt\/#website"},"primaryImageOfPage":{"@id":"https:\/\/portaltela.pt\/noticias\/2026\/03\/31\/mp-investiga-mensagens-racistas-entre-estudantes-de-coimbra\/#primaryimage"},"image":{"@id":"https:\/\/portaltela.pt\/noticias\/2026\/03\/31\/mp-investiga-mensagens-racistas-entre-estudantes-de-coimbra\/#primaryimage"},"thumbnailUrl":"https:\/\/portaltela.pt\/s.01k8rhncp4jt1\/2026\/03\/2078187.jpg","datePublished":"2026-03-31T12:32:31+00:00","author":{"@id":"https:\/\/portaltela.pt\/#\/schema\/person\/c4278d4a6028830caff9ee44b42d32ed"},"breadcrumb":{"@id":"https:\/\/portaltela.pt\/noticias\/2026\/03\/31\/mp-investiga-mensagens-racistas-entre-estudantes-de-coimbra\/#breadcrumb"},"inLanguage":"pt-PT","potentialAction":[{"@type":"ReadAction","target":["https:\/\/portaltela.pt\/noticias\/2026\/03\/31\/mp-investiga-mensagens-racistas-entre-estudantes-de-coimbra\/"]}]},{"@type":"ImageObject","inLanguage":"pt-PT","@id":"https:\/\/portaltela.pt\/noticias\/2026\/03\/31\/mp-investiga-mensagens-racistas-entre-estudantes-de-coimbra\/#primaryimage","url":"https:\/\/portaltela.pt\/s.01k8rhncp4jt1\/2026\/03\/2078187.jpg","contentUrl":"https:\/\/portaltela.pt\/s.01k8rhncp4jt1\/2026\/03\/2078187.jpg","width":796,"height":448,"caption":"A Universidade de Coimbra e o Instituto Polit\u00e9cnico de Coimbra dizem estar a investigar o caso"},{"@type":"BreadcrumbList","@id":"https:\/\/portaltela.pt\/noticias\/2026\/03\/31\/mp-investiga-mensagens-racistas-entre-estudantes-de-coimbra\/#breadcrumb","itemListElement":[{"@type":"ListItem","position":1,"name":"In\u00edcio","item":"https:\/\/portaltela.pt\/"},{"@type":"ListItem","position":2,"name":"MP investiga mensagens racistas entre estudantes de Coimbra"}]},{"@type":"WebSite","@id":"https:\/\/portaltela.pt\/#website","url":"https:\/\/portaltela.pt\/","name":"Portal Tela Portugal","description":"","potentialAction":[{"@type":"SearchAction","target":{"@type":"EntryPoint","urlTemplate":"https:\/\/portaltela.pt\/?s={search_term_string}"},"query-input":{"@type":"PropertyValueSpecification","valueRequired":true,"valueName":"search_term_string"}}],"inLanguage":"pt-PT"},{"@type":"Person","@id":"https:\/\/portaltela.pt\/#\/schema\/person\/c4278d4a6028830caff9ee44b42d32ed","name":"Telinha","image":{"@type":"ImageObject","inLanguage":"pt-PT","@id":"https:\/\/portaltela.pt\/s.01k8rhncp4jt1\/2025\/11\/talking-bot-125x125.png","url":"https:\/\/portaltela.pt\/s.01k8rhncp4jt1\/2025\/11\/talking-bot-125x125.png","contentUrl":"https:\/\/portaltela.pt\/s.01k8rhncp4jt1\/2025\/11\/talking-bot-125x125.png","caption":"Telinha"},"sameAs":["https:\/\/portaltela.pt\/"],"url":"https:\/\/portaltela.pt\/por\/367410592786\/"}]}},"_links":{"self":[{"href":"https:\/\/portaltela.pt\/api\/wp\/v2\/posts\/427707","targetHints":{"allow":["GET"]}}],"collection":[{"href":"https:\/\/portaltela.pt\/api\/wp\/v2\/posts"}],"about":[{"href":"https:\/\/portaltela.pt\/api\/wp\/v2\/types\/post"}],"author":[{"embeddable":true,"href":"https:\/\/portaltela.pt\/api\/wp\/v2\/users\/2"}],"replies":[{"embeddable":true,"href":"https:\/\/portaltela.pt\/api\/wp\/v2\/comments?post=427707"}],"version-history":[{"count":0,"href":"https:\/\/portaltela.pt\/api\/wp\/v2\/posts\/427707\/revisions"}],"wp:featuredmedia":[{"embeddable":true,"href":"https:\/\/portaltela.pt\/api\/wp\/v2\/media\/427719"}],"wp:attachment":[{"href":"https:\/\/portaltela.pt\/api\/wp\/v2\/media?parent=427707"}],"wp:term":[{"taxonomy":"category","embeddable":true,"href":"https:\/\/portaltela.pt\/api\/wp\/v2\/categories?post=427707"},{"taxonomy":"post_tag","embeddable":true,"href":"https:\/\/portaltela.pt\/api\/wp\/v2\/tags?post=427707"}],"curies":[{"name":"wp","href":"https:\/\/api.w.org\/{rel}","templated":true}]}}