{"id":427703,"date":"2026-03-31T09:32:30","date_gmt":"2026-03-31T12:32:30","guid":{"rendered":"https:\/\/portaltela.pt\/noticias\/2026\/03\/31\/desemprego-sobe-para-58-em-fevereiro-interrompe-ciclo-de-quedas\/"},"modified":"2026-03-31T09:32:30","modified_gmt":"2026-03-31T12:32:30","slug":"desemprego-sobe-para-58-em-fevereiro-interrompe-ciclo-de-quedas","status":"publish","type":"post","link":"https:\/\/portaltela.pt\/noticias\/economia\/2026\/03\/31\/desemprego-sobe-para-58-em-fevereiro-interrompe-ciclo-de-quedas\/","title":{"rendered":"Desemprego sobe para 5,8% em Fevereiro interrompe ciclo de quedas"},"content":{"rendered":"<p>O Instituto Nacional de Estat\u00edstica (INE) revelou, esta ter\u00e7a-feira, dados provis\u00f3rios de Fevereiro sobre o mercado de trabalho, com o desemprego a subir para 5,8% da popula\u00e7\u00e3o ativa. A not\u00edcia chega num contexto de melhoria face a 2025, mas com sinais de recuo na cria\u00e7\u00e3o de empregos e de aumento do desemprego.<\/p>\n<p>Em Fevereiro, a popula\u00e7\u00e3o empregada aumentou face a Fevereiro de 2025, com cerca de 106 mil postos de trabalho criados. Ainda assim, houve menos 17 mil desempregados em termos hom\u00f3logos. No entanto, a progress\u00e3o mensal mostrou queda na ocupa\u00e7\u00e3o (-0,3%) e um aumento do desemprego para 328 mil pessoas (+3,9%).<\/p>\n<p>A taxa de desemprego de Fevereiro refletiu tamb\u00e9m estagna\u00e7\u00e3o da popula\u00e7\u00e3o ativa, ficando nos 5,8% (vs. 5,6% em Janeiro e 6,2% no per\u00edodo hom\u00f3logo). Pela an\u00e1lise por g\u00e9nero, as mulheres tinham 6,4% de desemprego, frente a 5,2% entre os homens, enquanto o desemprego jovem situou-se em 18,5%.<\/p>\n<h3>Desempenho e subutiliza\u00e7\u00e3o<\/h3>\n<p>Ao considerar trabalhadores a tempo parcial por falta de op\u00e7\u00e3o e inactivos dispon\u00edveis, o indicador de subutiliza\u00e7\u00e3o do trabalho ficou em 9,7%, acima de Janeiro (9,6%) e abaixo de Fevereiro de 2025 (10,6%). Os dados s\u00e3o provis\u00f3rios e ajustados sazonalmente, ao contr\u00e1rio das estimativas trimestrais.<\/p>\n","protected":false},"excerpt":{"rendered":"<ul>\n<li>A taxa de desemprego em fevereiro foi de 5,8% da popula\u00e7\u00e3o ativa, acima de janeiro (5,6%) e interrompeu a tend\u00eancia de apoio de quedas ou estabiliza\u00e7\u00f5es dos meses anteriores.<\/li>\n<li>Em fevereiro, a popula\u00e7\u00e3o empregada registou uma varia\u00e7\u00e3o mensal de -0,3%, com cerca de 106 mil postos de trabalho criados face a fevereiro de 2025, e houve menos 17 mil desempregados.<\/li>\n<li>A an\u00e1lise mensal mostra um recuo na cria\u00e7\u00e3o de emprego e um aumento do desemprego para 328 mil pessoas, com um incremento de 3,9% face a janeiro.<\/li>\n<li>O desemprego por g\u00e9nero ficou em 6,4% entre mulheres e 5,2% entre homens; entre jovens, foi de 18,5%.<\/li>\n<li>A taxa de subutiliza\u00e7\u00e3o do trabalho foi estimada em 9,7%, abaixo do per\u00edodo hom\u00f3logo e acima de janeiro, com n\u00fameros provis\u00f3rios ajustados sazonalmente pelo INE.<\/li>\n<\/ul>\n","protected":false},"author":2,"featured_media":427709,"comment_status":"closed","ping_status":"closed","sticky":false,"template":"","format":"standard","meta":{"footnotes":""},"categories":[2,6735],"tags":[6115,7407,820,28,1006,1014],"class_list":["post-427703","post","type-post","status-publish","format-standard","has-post-thumbnail","hentry","category-economia","category-negocios","tag-_economia","tag-conjuntura-economica","tag-desemprego","tag-economia","tag-emprego","tag-portugal"],"yoast_head":"<!-- This site is optimized with the Yoast SEO plugin v27.2 - https:\/\/yoast.com\/product\/yoast-seo-wordpress\/ -->\n<title>Desemprego sobe para 5,8% em Fevereiro interrompe ciclo de quedas - Portal Tela Portugal<\/title>\n<meta name=\"robots\" content=\"index, follow, max-snippet:-1, max-image-preview:large, max-video-preview:-1\" \/>\n<meta property=\"og:locale\" content=\"pt_PT\" \/>\n<meta property=\"og:type\" content=\"article\" \/>\n<meta property=\"og:title\" content=\"Desemprego sobe para 5,8% em Fevereiro interrompe ciclo de quedas - Portal Tela Portugal\" \/>\n<meta property=\"og:description\" content=\"A taxa de desemprego em fevereiro foi de 5,8% da popula\u00e7\u00e3o ativa, acima de janeiro (5,6%) e interrompeu a tend\u00eancia de apoio de quedas ou estabiliza\u00e7\u00f5es dos meses anteriores. Em fevereiro, a popula\u00e7\u00e3o empregada registou uma varia\u00e7\u00e3o mensal de -0,3%, com cerca de 106 mil postos de trabalho criados face a fevereiro de 2025, e houve menos 17 mil desempregados. A an\u00e1lise mensal mostra um recuo na cria\u00e7\u00e3o de emprego e um aumento do desemprego para 328 mil pessoas, com um incremento de 3,9% face a janeiro. O desemprego por g\u00e9nero ficou em 6,4% entre mulheres e 5,2% entre homens; entre jovens, foi de 18,5%. A taxa de subutiliza\u00e7\u00e3o do trabalho foi estimada em 9,7%, abaixo do per\u00edodo hom\u00f3logo e acima de janeiro, com n\u00fameros provis\u00f3rios ajustados sazonalmente pelo INE.\" \/>\n<meta property=\"og:url\" content=\"https:\/\/portaltela.pt\/noticias\/2026\/03\/31\/desemprego-sobe-para-58-em-fevereiro-interrompe-ciclo-de-quedas\/\" \/>\n<meta property=\"og:site_name\" content=\"Portal Tela Portugal\" \/>\n<meta property=\"article:published_time\" content=\"2026-03-31T12:32:30+00:00\" \/>\n<meta name=\"author\" content=\"Telinha\" \/>\n<meta name=\"twitter:card\" content=\"summary_large_image\" \/>\n<meta name=\"twitter:label1\" content=\"Escrito por\" \/>\n\t<meta name=\"twitter:data1\" content=\"Telinha\" \/>\n\t<meta name=\"twitter:label2\" content=\"Tempo estimado de leitura\" \/>\n\t<meta name=\"twitter:data2\" content=\"1 minuto\" \/>\n<script type=\"application\/ld+json\" class=\"yoast-schema-graph\">{\"@context\":\"https:\/\/schema.org\",\"@graph\":[{\"@type\":\"Article\",\"@id\":\"https:\/\/portaltela.pt\/noticias\/2026\/03\/31\/desemprego-sobe-para-58-em-fevereiro-interrompe-ciclo-de-quedas\/#article\",\"isPartOf\":{\"@id\":\"https:\/\/portaltela.pt\/noticias\/2026\/03\/31\/desemprego-sobe-para-58-em-fevereiro-interrompe-ciclo-de-quedas\/\"},\"author\":{\"name\":\"Telinha\",\"@id\":\"https:\/\/portaltela.pt\/#\/schema\/person\/c4278d4a6028830caff9ee44b42d32ed\"},\"headline\":\"Desemprego sobe para 5,8% em Fevereiro interrompe ciclo de quedas\",\"datePublished\":\"2026-03-31T12:32:30+00:00\",\"mainEntityOfPage\":{\"@id\":\"https:\/\/portaltela.pt\/noticias\/2026\/03\/31\/desemprego-sobe-para-58-em-fevereiro-interrompe-ciclo-de-quedas\/\"},\"wordCount\":213,\"image\":{\"@id\":\"https:\/\/portaltela.pt\/noticias\/2026\/03\/31\/desemprego-sobe-para-58-em-fevereiro-interrompe-ciclo-de-quedas\/#primaryimage\"},\"thumbnailUrl\":\"https:\/\/portaltela.pt\/s.01k8rhncp4jt1\/2026\/03\/2078185.jpg\",\"keywords\":[\"_economia\",\"conjuntura econ\u00f3mica\",\"desemprego\",\"economia\",\"emprego\",\"Portugal\"],\"articleSection\":[\"Economia\",\"Neg\u00f3cios\"],\"inLanguage\":\"pt-PT\"},{\"@type\":\"WebPage\",\"@id\":\"https:\/\/portaltela.pt\/noticias\/2026\/03\/31\/desemprego-sobe-para-58-em-fevereiro-interrompe-ciclo-de-quedas\/\",\"url\":\"https:\/\/portaltela.pt\/noticias\/2026\/03\/31\/desemprego-sobe-para-58-em-fevereiro-interrompe-ciclo-de-quedas\/\",\"name\":\"Desemprego sobe para 5,8% em Fevereiro interrompe ciclo de quedas - Portal Tela Portugal\",\"isPartOf\":{\"@id\":\"https:\/\/portaltela.pt\/#website\"},\"primaryImageOfPage\":{\"@id\":\"https:\/\/portaltela.pt\/noticias\/2026\/03\/31\/desemprego-sobe-para-58-em-fevereiro-interrompe-ciclo-de-quedas\/#primaryimage\"},\"image\":{\"@id\":\"https:\/\/portaltela.pt\/noticias\/2026\/03\/31\/desemprego-sobe-para-58-em-fevereiro-interrompe-ciclo-de-quedas\/#primaryimage\"},\"thumbnailUrl\":\"https:\/\/portaltela.pt\/s.01k8rhncp4jt1\/2026\/03\/2078185.jpg\",\"datePublished\":\"2026-03-31T12:32:30+00:00\",\"author\":{\"@id\":\"https:\/\/portaltela.pt\/#\/schema\/person\/c4278d4a6028830caff9ee44b42d32ed\"},\"breadcrumb\":{\"@id\":\"https:\/\/portaltela.pt\/noticias\/2026\/03\/31\/desemprego-sobe-para-58-em-fevereiro-interrompe-ciclo-de-quedas\/#breadcrumb\"},\"inLanguage\":\"pt-PT\",\"potentialAction\":[{\"@type\":\"ReadAction\",\"target\":[\"https:\/\/portaltela.pt\/noticias\/2026\/03\/31\/desemprego-sobe-para-58-em-fevereiro-interrompe-ciclo-de-quedas\/\"]}]},{\"@type\":\"ImageObject\",\"inLanguage\":\"pt-PT\",\"@id\":\"https:\/\/portaltela.pt\/noticias\/2026\/03\/31\/desemprego-sobe-para-58-em-fevereiro-interrompe-ciclo-de-quedas\/#primaryimage\",\"url\":\"https:\/\/portaltela.pt\/s.01k8rhncp4jt1\/2026\/03\/2078185.jpg\",\"contentUrl\":\"https:\/\/portaltela.pt\/s.01k8rhncp4jt1\/2026\/03\/2078185.jpg\",\"width\":796,\"height\":448,\"caption\":\"Em Fevereiro havia 328 mil pessoas desempregadas em Portugal\"},{\"@type\":\"BreadcrumbList\",\"@id\":\"https:\/\/portaltela.pt\/noticias\/2026\/03\/31\/desemprego-sobe-para-58-em-fevereiro-interrompe-ciclo-de-quedas\/#breadcrumb\",\"itemListElement\":[{\"@type\":\"ListItem\",\"position\":1,\"name\":\"In\u00edcio\",\"item\":\"https:\/\/portaltela.pt\/\"},{\"@type\":\"ListItem\",\"position\":2,\"name\":\"Desemprego sobe para 5,8% em Fevereiro interrompe ciclo de quedas\"}]},{\"@type\":\"WebSite\",\"@id\":\"https:\/\/portaltela.pt\/#website\",\"url\":\"https:\/\/portaltela.pt\/\",\"name\":\"Portal Tela Portugal\",\"description\":\"\",\"potentialAction\":[{\"@type\":\"SearchAction\",\"target\":{\"@type\":\"EntryPoint\",\"urlTemplate\":\"https:\/\/portaltela.pt\/?s={search_term_string}\"},\"query-input\":{\"@type\":\"PropertyValueSpecification\",\"valueRequired\":true,\"valueName\":\"search_term_string\"}}],\"inLanguage\":\"pt-PT\"},{\"@type\":\"Person\",\"@id\":\"https:\/\/portaltela.pt\/#\/schema\/person\/c4278d4a6028830caff9ee44b42d32ed\",\"name\":\"Telinha\",\"image\":{\"@type\":\"ImageObject\",\"inLanguage\":\"pt-PT\",\"@id\":\"https:\/\/portaltela.pt\/s.01k8rhncp4jt1\/2025\/11\/talking-bot-125x125.png\",\"url\":\"https:\/\/portaltela.pt\/s.01k8rhncp4jt1\/2025\/11\/talking-bot-125x125.png\",\"contentUrl\":\"https:\/\/portaltela.pt\/s.01k8rhncp4jt1\/2025\/11\/talking-bot-125x125.png\",\"caption\":\"Telinha\"},\"sameAs\":[\"https:\/\/portaltela.pt\/\"],\"url\":\"https:\/\/portaltela.pt\/por\/367410592786\/\"}]}<\/script>\n<!-- \/ Yoast SEO plugin. -->","yoast_head_json":{"title":"Desemprego sobe para 5,8% em Fevereiro interrompe ciclo de quedas - Portal Tela Portugal","robots":{"index":"index","follow":"follow","max-snippet":"max-snippet:-1","max-image-preview":"max-image-preview:large","max-video-preview":"max-video-preview:-1"},"og_locale":"pt_PT","og_type":"article","og_title":"Desemprego sobe para 5,8% em Fevereiro interrompe ciclo de quedas - Portal Tela Portugal","og_description":"A taxa de desemprego em fevereiro foi de 5,8% da popula\u00e7\u00e3o ativa, acima de janeiro (5,6%) e interrompeu a tend\u00eancia de apoio de quedas ou estabiliza\u00e7\u00f5es dos meses anteriores. Em fevereiro, a popula\u00e7\u00e3o empregada registou uma varia\u00e7\u00e3o mensal de -0,3%, com cerca de 106 mil postos de trabalho criados face a fevereiro de 2025, e houve menos 17 mil desempregados. A an\u00e1lise mensal mostra um recuo na cria\u00e7\u00e3o de emprego e um aumento do desemprego para 328 mil pessoas, com um incremento de 3,9% face a janeiro. O desemprego por g\u00e9nero ficou em 6,4% entre mulheres e 5,2% entre homens; entre jovens, foi de 18,5%. A taxa de subutiliza\u00e7\u00e3o do trabalho foi estimada em 9,7%, abaixo do per\u00edodo hom\u00f3logo e acima de janeiro, com n\u00fameros provis\u00f3rios ajustados sazonalmente pelo INE.","og_url":"https:\/\/portaltela.pt\/noticias\/2026\/03\/31\/desemprego-sobe-para-58-em-fevereiro-interrompe-ciclo-de-quedas\/","og_site_name":"Portal Tela Portugal","article_published_time":"2026-03-31T12:32:30+00:00","author":"Telinha","twitter_card":"summary_large_image","twitter_misc":{"Escrito por":"Telinha","Tempo estimado de leitura":"1 minuto"},"schema":{"@context":"https:\/\/schema.org","@graph":[{"@type":"Article","@id":"https:\/\/portaltela.pt\/noticias\/2026\/03\/31\/desemprego-sobe-para-58-em-fevereiro-interrompe-ciclo-de-quedas\/#article","isPartOf":{"@id":"https:\/\/portaltela.pt\/noticias\/2026\/03\/31\/desemprego-sobe-para-58-em-fevereiro-interrompe-ciclo-de-quedas\/"},"author":{"name":"Telinha","@id":"https:\/\/portaltela.pt\/#\/schema\/person\/c4278d4a6028830caff9ee44b42d32ed"},"headline":"Desemprego sobe para 5,8% em Fevereiro interrompe ciclo de quedas","datePublished":"2026-03-31T12:32:30+00:00","mainEntityOfPage":{"@id":"https:\/\/portaltela.pt\/noticias\/2026\/03\/31\/desemprego-sobe-para-58-em-fevereiro-interrompe-ciclo-de-quedas\/"},"wordCount":213,"image":{"@id":"https:\/\/portaltela.pt\/noticias\/2026\/03\/31\/desemprego-sobe-para-58-em-fevereiro-interrompe-ciclo-de-quedas\/#primaryimage"},"thumbnailUrl":"https:\/\/portaltela.pt\/s.01k8rhncp4jt1\/2026\/03\/2078185.jpg","keywords":["_economia","conjuntura econ\u00f3mica","desemprego","economia","emprego","Portugal"],"articleSection":["Economia","Neg\u00f3cios"],"inLanguage":"pt-PT"},{"@type":"WebPage","@id":"https:\/\/portaltela.pt\/noticias\/2026\/03\/31\/desemprego-sobe-para-58-em-fevereiro-interrompe-ciclo-de-quedas\/","url":"https:\/\/portaltela.pt\/noticias\/2026\/03\/31\/desemprego-sobe-para-58-em-fevereiro-interrompe-ciclo-de-quedas\/","name":"Desemprego sobe para 5,8% em Fevereiro interrompe ciclo de quedas - Portal Tela Portugal","isPartOf":{"@id":"https:\/\/portaltela.pt\/#website"},"primaryImageOfPage":{"@id":"https:\/\/portaltela.pt\/noticias\/2026\/03\/31\/desemprego-sobe-para-58-em-fevereiro-interrompe-ciclo-de-quedas\/#primaryimage"},"image":{"@id":"https:\/\/portaltela.pt\/noticias\/2026\/03\/31\/desemprego-sobe-para-58-em-fevereiro-interrompe-ciclo-de-quedas\/#primaryimage"},"thumbnailUrl":"https:\/\/portaltela.pt\/s.01k8rhncp4jt1\/2026\/03\/2078185.jpg","datePublished":"2026-03-31T12:32:30+00:00","author":{"@id":"https:\/\/portaltela.pt\/#\/schema\/person\/c4278d4a6028830caff9ee44b42d32ed"},"breadcrumb":{"@id":"https:\/\/portaltela.pt\/noticias\/2026\/03\/31\/desemprego-sobe-para-58-em-fevereiro-interrompe-ciclo-de-quedas\/#breadcrumb"},"inLanguage":"pt-PT","potentialAction":[{"@type":"ReadAction","target":["https:\/\/portaltela.pt\/noticias\/2026\/03\/31\/desemprego-sobe-para-58-em-fevereiro-interrompe-ciclo-de-quedas\/"]}]},{"@type":"ImageObject","inLanguage":"pt-PT","@id":"https:\/\/portaltela.pt\/noticias\/2026\/03\/31\/desemprego-sobe-para-58-em-fevereiro-interrompe-ciclo-de-quedas\/#primaryimage","url":"https:\/\/portaltela.pt\/s.01k8rhncp4jt1\/2026\/03\/2078185.jpg","contentUrl":"https:\/\/portaltela.pt\/s.01k8rhncp4jt1\/2026\/03\/2078185.jpg","width":796,"height":448,"caption":"Em Fevereiro havia 328 mil pessoas desempregadas em Portugal"},{"@type":"BreadcrumbList","@id":"https:\/\/portaltela.pt\/noticias\/2026\/03\/31\/desemprego-sobe-para-58-em-fevereiro-interrompe-ciclo-de-quedas\/#breadcrumb","itemListElement":[{"@type":"ListItem","position":1,"name":"In\u00edcio","item":"https:\/\/portaltela.pt\/"},{"@type":"ListItem","position":2,"name":"Desemprego sobe para 5,8% em Fevereiro interrompe ciclo de quedas"}]},{"@type":"WebSite","@id":"https:\/\/portaltela.pt\/#website","url":"https:\/\/portaltela.pt\/","name":"Portal Tela Portugal","description":"","potentialAction":[{"@type":"SearchAction","target":{"@type":"EntryPoint","urlTemplate":"https:\/\/portaltela.pt\/?s={search_term_string}"},"query-input":{"@type":"PropertyValueSpecification","valueRequired":true,"valueName":"search_term_string"}}],"inLanguage":"pt-PT"},{"@type":"Person","@id":"https:\/\/portaltela.pt\/#\/schema\/person\/c4278d4a6028830caff9ee44b42d32ed","name":"Telinha","image":{"@type":"ImageObject","inLanguage":"pt-PT","@id":"https:\/\/portaltela.pt\/s.01k8rhncp4jt1\/2025\/11\/talking-bot-125x125.png","url":"https:\/\/portaltela.pt\/s.01k8rhncp4jt1\/2025\/11\/talking-bot-125x125.png","contentUrl":"https:\/\/portaltela.pt\/s.01k8rhncp4jt1\/2025\/11\/talking-bot-125x125.png","caption":"Telinha"},"sameAs":["https:\/\/portaltela.pt\/"],"url":"https:\/\/portaltela.pt\/por\/367410592786\/"}]}},"_links":{"self":[{"href":"https:\/\/portaltela.pt\/api\/wp\/v2\/posts\/427703","targetHints":{"allow":["GET"]}}],"collection":[{"href":"https:\/\/portaltela.pt\/api\/wp\/v2\/posts"}],"about":[{"href":"https:\/\/portaltela.pt\/api\/wp\/v2\/types\/post"}],"author":[{"embeddable":true,"href":"https:\/\/portaltela.pt\/api\/wp\/v2\/users\/2"}],"replies":[{"embeddable":true,"href":"https:\/\/portaltela.pt\/api\/wp\/v2\/comments?post=427703"}],"version-history":[{"count":0,"href":"https:\/\/portaltela.pt\/api\/wp\/v2\/posts\/427703\/revisions"}],"wp:featuredmedia":[{"embeddable":true,"href":"https:\/\/portaltela.pt\/api\/wp\/v2\/media\/427709"}],"wp:attachment":[{"href":"https:\/\/portaltela.pt\/api\/wp\/v2\/media?parent=427703"}],"wp:term":[{"taxonomy":"category","embeddable":true,"href":"https:\/\/portaltela.pt\/api\/wp\/v2\/categories?post=427703"},{"taxonomy":"post_tag","embeddable":true,"href":"https:\/\/portaltela.pt\/api\/wp\/v2\/tags?post=427703"}],"curies":[{"name":"wp","href":"https:\/\/api.w.org\/{rel}","templated":true}]}}