{"id":427693,"date":"2026-03-31T09:17:07","date_gmt":"2026-03-31T12:17:07","guid":{"rendered":"https:\/\/portaltela.pt\/noticias\/2026\/03\/31\/prato-do-dia-na-taberna-do-carro-torre-de-moncorvo\/"},"modified":"2026-03-31T09:17:07","modified_gmt":"2026-03-31T12:17:07","slug":"prato-do-dia-na-taberna-do-carro-torre-de-moncorvo","status":"publish","type":"post","link":"https:\/\/portaltela.pt\/noticias\/2026\/03\/31\/prato-do-dia-na-taberna-do-carro-torre-de-moncorvo\/","title":{"rendered":"Prato do dia na Taberna do Carr\u00f3, Torre de Moncorvo"},"content":{"rendered":"<p>A Taberna do Carr\u00f3, em Torre de Moncorvo, recebe visitantes com um nome que faz refer\u00eancia a Ant\u00f3nio Rodrigues, fundador antigo da casa, conhecido por Ti Ant\u00f3nio Carr\u00f3. Hoje pertence a Joaquim Francisco Morais, que serve na sala, e \u00e0 sua mulher Dina, que gere a cozinha.<\/p>\n<p>A cozinha, liderada por Dina, \u00e9 apresentada como o cora\u00e7\u00e3o da casa, com uma abordagem direta ao conceito de taberna transmontana. O estabelecimento junta tradi\u00e7\u00e3o e rotina de atendimento pr\u00f3ximo entre cliente e propriet\u00e1rio, numa experi\u00eancia simples e genu\u00edna.<\/p>\n<p>O menu \u00e9 \u00fanico e di\u00e1rio, iniciando com p\u00e3o e azeitonas frescos, acompanhados por um vinho da casa. De seguida chega uma t\u00e1bua de queijo terrincho e chouri\u00e7o caseiro, seguida de alheira grelhada, omelete de espargos selvagens e uma passagem de tomate em conserva. A posta mirandesa grelhada surge como etapa central, antes da sobremesa, com tarte de am\u00eandoa sugerida pela casa.<\/p>\n<p>Entre as op\u00e7\u00f5es de iguarias destacam-se ainda saladas de azedas com laranja e de bacalhau, o butelo com casulas e a caldeirada de feij\u00e3o pequeno. A loja vizinha Arte Sabor &amp; Douro oferece produtos para levar para casa. O restaurante funciona das 12h \u00e0s 14h e das 19h \u00e0s 21h, encerra \u00e0 segunda-feira, e tem pre\u00e7o m\u00e9dio de 28 euros.<\/p>\n<p>Taberna do Carr\u00f3<\/p>\n<p>Largo General Claudino, 25, Torre de Moncorvo<\/p>\n<p>Tel.: 965 542 387<\/p>\n<p>Prato do dia \u00e9 guiado pela Evas\u00f5es\/TSF, dispon\u00edvel de segunda a sexta ap\u00f3s o meio-dia e \u00e0s 18h, sem links nem cita\u00e7\u00f5es externas.<\/p>\n","protected":false},"excerpt":{"rendered":"<ul>\n<li>Taberna do Carr\u00f3, em Torre de Moncorvo, recebe o nome do fundador Ant\u00f3nio Rodrigues, conhecido como Ti Ant\u00f3nio Carr\u00f3.<\/li>\n<li>A casa \u00e9 hoje gerida por Joaquim Francisco Morais e pela sua mulher Dina, que gere a cozinha. Dina \u00e9 a chef respons\u00e1vel pela qualidade dos pratos.<\/li>\n<li>O menu \u00e9 \u00fanico e muda diariamente, come\u00e7ando com p\u00e3o e azeitonas, seguido de uma sequ\u00eancia de iguarias transmontanas, com destaque para a alheira grelhada, omelete de espargos selvagens e posta mirandesa grelhada.<\/li>\n<li>Pratos adicionais e sobremesas variam, com sugest\u00f5es como tarte de am\u00eandoa; h\u00e1 tamb\u00e9m op\u00e7\u00f5es por encomenda e especialidades da casa.<\/li>\n<li>Endere\u00e7o, contactos e hor\u00e1rios: Largo General Claudino, 25, Torre de Moncorvo; Tel. 965 542 387; aberto das 12h \u00e0s 14h e das 19h \u00e0s 21h, encerra \u00e0 segunda; pre\u00e7o m\u00e9dio de cerca de 28 euros.<\/li>\n<\/ul>\n","protected":false},"author":2,"featured_media":427695,"comment_status":"closed","ping_status":"closed","sticky":false,"template":"","format":"standard","meta":{"footnotes":""},"categories":[7369,1],"tags":[6117,1194,219,1014,1811,169],"class_list":["post-427693","post","type-post","status-publish","format-standard","has-post-thumbnail","hentry","category-gastronomia","category-noticias","tag-cozinha","tag-douro","tag-gastronomia","tag-portugal","tag-tras-os-montes","tag-turismo"],"yoast_head":"<!-- This site is optimized with the Yoast SEO plugin v27.2 - https:\/\/yoast.com\/product\/yoast-seo-wordpress\/ -->\n<title>Prato do dia na Taberna do Carr\u00f3, Torre de Moncorvo - Portal Tela Portugal<\/title>\n<meta name=\"robots\" content=\"index, follow, max-snippet:-1, max-image-preview:large, max-video-preview:-1\" \/>\n<meta property=\"og:locale\" content=\"pt_PT\" \/>\n<meta property=\"og:type\" content=\"article\" \/>\n<meta property=\"og:title\" content=\"Prato do dia na Taberna do Carr\u00f3, Torre de Moncorvo - Portal Tela Portugal\" \/>\n<meta property=\"og:description\" content=\"Taberna do Carr\u00f3, em Torre de Moncorvo, recebe o nome do fundador Ant\u00f3nio Rodrigues, conhecido como Ti Ant\u00f3nio Carr\u00f3. A casa \u00e9 hoje gerida por Joaquim Francisco Morais e pela sua mulher Dina, que gere a cozinha. Dina \u00e9 a chef respons\u00e1vel pela qualidade dos pratos. O menu \u00e9 \u00fanico e muda diariamente, come\u00e7ando com p\u00e3o e azeitonas, seguido de uma sequ\u00eancia de iguarias transmontanas, com destaque para a alheira grelhada, omelete de espargos selvagens e posta mirandesa grelhada. Pratos adicionais e sobremesas variam, com sugest\u00f5es como tarte de am\u00eandoa; h\u00e1 tamb\u00e9m op\u00e7\u00f5es por encomenda e especialidades da casa. Endere\u00e7o, contactos e hor\u00e1rios: Largo General Claudino, 25, Torre de Moncorvo; Tel. 965 542 387; aberto das 12h \u00e0s 14h e das 19h \u00e0s 21h, encerra \u00e0 segunda; pre\u00e7o m\u00e9dio de cerca de 28 euros.\" \/>\n<meta property=\"og:url\" content=\"https:\/\/portaltela.pt\/noticias\/2026\/03\/31\/prato-do-dia-na-taberna-do-carro-torre-de-moncorvo\/\" \/>\n<meta property=\"og:site_name\" content=\"Portal Tela Portugal\" \/>\n<meta property=\"article:published_time\" content=\"2026-03-31T12:17:07+00:00\" \/>\n<meta name=\"author\" content=\"Telinha\" \/>\n<meta name=\"twitter:card\" content=\"summary_large_image\" \/>\n<meta name=\"twitter:label1\" content=\"Escrito por\" \/>\n\t<meta name=\"twitter:data1\" content=\"Telinha\" \/>\n\t<meta name=\"twitter:label2\" content=\"Tempo estimado de leitura\" \/>\n\t<meta name=\"twitter:data2\" content=\"1 minuto\" \/>\n<script type=\"application\/ld+json\" class=\"yoast-schema-graph\">{\"@context\":\"https:\/\/schema.org\",\"@graph\":[{\"@type\":\"Article\",\"@id\":\"https:\/\/portaltela.pt\/noticias\/2026\/03\/31\/prato-do-dia-na-taberna-do-carro-torre-de-moncorvo\/#article\",\"isPartOf\":{\"@id\":\"https:\/\/portaltela.pt\/noticias\/2026\/03\/31\/prato-do-dia-na-taberna-do-carro-torre-de-moncorvo\/\"},\"author\":{\"name\":\"Telinha\",\"@id\":\"https:\/\/portaltela.pt\/#\/schema\/person\/c4278d4a6028830caff9ee44b42d32ed\"},\"headline\":\"Prato do dia na Taberna do Carr\u00f3, Torre de Moncorvo\",\"datePublished\":\"2026-03-31T12:17:07+00:00\",\"mainEntityOfPage\":{\"@id\":\"https:\/\/portaltela.pt\/noticias\/2026\/03\/31\/prato-do-dia-na-taberna-do-carro-torre-de-moncorvo\/\"},\"wordCount\":268,\"image\":{\"@id\":\"https:\/\/portaltela.pt\/noticias\/2026\/03\/31\/prato-do-dia-na-taberna-do-carro-torre-de-moncorvo\/#primaryimage\"},\"thumbnailUrl\":\"https:\/\/portaltela.pt\/s.01k8rhncp4jt1\/2026\/03\/image-1858.jpg\",\"keywords\":[\"cozinha\",\"Douro\",\"gastronomia\",\"Portugal\",\"Tr\u00e1s-os-Montes\",\"turismo\"],\"articleSection\":[\"Gastronomia\",\"Not\u00edcias\"],\"inLanguage\":\"pt-PT\"},{\"@type\":\"WebPage\",\"@id\":\"https:\/\/portaltela.pt\/noticias\/2026\/03\/31\/prato-do-dia-na-taberna-do-carro-torre-de-moncorvo\/\",\"url\":\"https:\/\/portaltela.pt\/noticias\/2026\/03\/31\/prato-do-dia-na-taberna-do-carro-torre-de-moncorvo\/\",\"name\":\"Prato do dia na Taberna do Carr\u00f3, Torre de Moncorvo - Portal Tela Portugal\",\"isPartOf\":{\"@id\":\"https:\/\/portaltela.pt\/#website\"},\"primaryImageOfPage\":{\"@id\":\"https:\/\/portaltela.pt\/noticias\/2026\/03\/31\/prato-do-dia-na-taberna-do-carro-torre-de-moncorvo\/#primaryimage\"},\"image\":{\"@id\":\"https:\/\/portaltela.pt\/noticias\/2026\/03\/31\/prato-do-dia-na-taberna-do-carro-torre-de-moncorvo\/#primaryimage\"},\"thumbnailUrl\":\"https:\/\/portaltela.pt\/s.01k8rhncp4jt1\/2026\/03\/image-1858.jpg\",\"datePublished\":\"2026-03-31T12:17:07+00:00\",\"author\":{\"@id\":\"https:\/\/portaltela.pt\/#\/schema\/person\/c4278d4a6028830caff9ee44b42d32ed\"},\"breadcrumb\":{\"@id\":\"https:\/\/portaltela.pt\/noticias\/2026\/03\/31\/prato-do-dia-na-taberna-do-carro-torre-de-moncorvo\/#breadcrumb\"},\"inLanguage\":\"pt-PT\",\"potentialAction\":[{\"@type\":\"ReadAction\",\"target\":[\"https:\/\/portaltela.pt\/noticias\/2026\/03\/31\/prato-do-dia-na-taberna-do-carro-torre-de-moncorvo\/\"]}]},{\"@type\":\"ImageObject\",\"inLanguage\":\"pt-PT\",\"@id\":\"https:\/\/portaltela.pt\/noticias\/2026\/03\/31\/prato-do-dia-na-taberna-do-carro-torre-de-moncorvo\/#primaryimage\",\"url\":\"https:\/\/portaltela.pt\/s.01k8rhncp4jt1\/2026\/03\/image-1858.jpg\",\"contentUrl\":\"https:\/\/portaltela.pt\/s.01k8rhncp4jt1\/2026\/03\/image-1858.jpg\",\"width\":796,\"height\":448,\"caption\":\"Imagem de contexto do artigo Prato do dia: Taberna do Carr\u00f3, em Torre de Moncorvo\"},{\"@type\":\"BreadcrumbList\",\"@id\":\"https:\/\/portaltela.pt\/noticias\/2026\/03\/31\/prato-do-dia-na-taberna-do-carro-torre-de-moncorvo\/#breadcrumb\",\"itemListElement\":[{\"@type\":\"ListItem\",\"position\":1,\"name\":\"In\u00edcio\",\"item\":\"https:\/\/portaltela.pt\/\"},{\"@type\":\"ListItem\",\"position\":2,\"name\":\"Prato do dia na Taberna do Carr\u00f3, Torre de Moncorvo\"}]},{\"@type\":\"WebSite\",\"@id\":\"https:\/\/portaltela.pt\/#website\",\"url\":\"https:\/\/portaltela.pt\/\",\"name\":\"Portal Tela Portugal\",\"description\":\"\",\"potentialAction\":[{\"@type\":\"SearchAction\",\"target\":{\"@type\":\"EntryPoint\",\"urlTemplate\":\"https:\/\/portaltela.pt\/?s={search_term_string}\"},\"query-input\":{\"@type\":\"PropertyValueSpecification\",\"valueRequired\":true,\"valueName\":\"search_term_string\"}}],\"inLanguage\":\"pt-PT\"},{\"@type\":\"Person\",\"@id\":\"https:\/\/portaltela.pt\/#\/schema\/person\/c4278d4a6028830caff9ee44b42d32ed\",\"name\":\"Telinha\",\"image\":{\"@type\":\"ImageObject\",\"inLanguage\":\"pt-PT\",\"@id\":\"https:\/\/portaltela.pt\/s.01k8rhncp4jt1\/2025\/11\/talking-bot-125x125.png\",\"url\":\"https:\/\/portaltela.pt\/s.01k8rhncp4jt1\/2025\/11\/talking-bot-125x125.png\",\"contentUrl\":\"https:\/\/portaltela.pt\/s.01k8rhncp4jt1\/2025\/11\/talking-bot-125x125.png\",\"caption\":\"Telinha\"},\"sameAs\":[\"https:\/\/portaltela.pt\/\"],\"url\":\"https:\/\/portaltela.pt\/por\/367410592786\/\"}]}<\/script>\n<!-- \/ Yoast SEO plugin. -->","yoast_head_json":{"title":"Prato do dia na Taberna do Carr\u00f3, Torre de Moncorvo - Portal Tela Portugal","robots":{"index":"index","follow":"follow","max-snippet":"max-snippet:-1","max-image-preview":"max-image-preview:large","max-video-preview":"max-video-preview:-1"},"og_locale":"pt_PT","og_type":"article","og_title":"Prato do dia na Taberna do Carr\u00f3, Torre de Moncorvo - Portal Tela Portugal","og_description":"Taberna do Carr\u00f3, em Torre de Moncorvo, recebe o nome do fundador Ant\u00f3nio Rodrigues, conhecido como Ti Ant\u00f3nio Carr\u00f3. A casa \u00e9 hoje gerida por Joaquim Francisco Morais e pela sua mulher Dina, que gere a cozinha. Dina \u00e9 a chef respons\u00e1vel pela qualidade dos pratos. O menu \u00e9 \u00fanico e muda diariamente, come\u00e7ando com p\u00e3o e azeitonas, seguido de uma sequ\u00eancia de iguarias transmontanas, com destaque para a alheira grelhada, omelete de espargos selvagens e posta mirandesa grelhada. Pratos adicionais e sobremesas variam, com sugest\u00f5es como tarte de am\u00eandoa; h\u00e1 tamb\u00e9m op\u00e7\u00f5es por encomenda e especialidades da casa. Endere\u00e7o, contactos e hor\u00e1rios: Largo General Claudino, 25, Torre de Moncorvo; Tel. 965 542 387; aberto das 12h \u00e0s 14h e das 19h \u00e0s 21h, encerra \u00e0 segunda; pre\u00e7o m\u00e9dio de cerca de 28 euros.","og_url":"https:\/\/portaltela.pt\/noticias\/2026\/03\/31\/prato-do-dia-na-taberna-do-carro-torre-de-moncorvo\/","og_site_name":"Portal Tela Portugal","article_published_time":"2026-03-31T12:17:07+00:00","author":"Telinha","twitter_card":"summary_large_image","twitter_misc":{"Escrito por":"Telinha","Tempo estimado de leitura":"1 minuto"},"schema":{"@context":"https:\/\/schema.org","@graph":[{"@type":"Article","@id":"https:\/\/portaltela.pt\/noticias\/2026\/03\/31\/prato-do-dia-na-taberna-do-carro-torre-de-moncorvo\/#article","isPartOf":{"@id":"https:\/\/portaltela.pt\/noticias\/2026\/03\/31\/prato-do-dia-na-taberna-do-carro-torre-de-moncorvo\/"},"author":{"name":"Telinha","@id":"https:\/\/portaltela.pt\/#\/schema\/person\/c4278d4a6028830caff9ee44b42d32ed"},"headline":"Prato do dia na Taberna do Carr\u00f3, Torre de Moncorvo","datePublished":"2026-03-31T12:17:07+00:00","mainEntityOfPage":{"@id":"https:\/\/portaltela.pt\/noticias\/2026\/03\/31\/prato-do-dia-na-taberna-do-carro-torre-de-moncorvo\/"},"wordCount":268,"image":{"@id":"https:\/\/portaltela.pt\/noticias\/2026\/03\/31\/prato-do-dia-na-taberna-do-carro-torre-de-moncorvo\/#primaryimage"},"thumbnailUrl":"https:\/\/portaltela.pt\/s.01k8rhncp4jt1\/2026\/03\/image-1858.jpg","keywords":["cozinha","Douro","gastronomia","Portugal","Tr\u00e1s-os-Montes","turismo"],"articleSection":["Gastronomia","Not\u00edcias"],"inLanguage":"pt-PT"},{"@type":"WebPage","@id":"https:\/\/portaltela.pt\/noticias\/2026\/03\/31\/prato-do-dia-na-taberna-do-carro-torre-de-moncorvo\/","url":"https:\/\/portaltela.pt\/noticias\/2026\/03\/31\/prato-do-dia-na-taberna-do-carro-torre-de-moncorvo\/","name":"Prato do dia na Taberna do Carr\u00f3, Torre de Moncorvo - Portal Tela Portugal","isPartOf":{"@id":"https:\/\/portaltela.pt\/#website"},"primaryImageOfPage":{"@id":"https:\/\/portaltela.pt\/noticias\/2026\/03\/31\/prato-do-dia-na-taberna-do-carro-torre-de-moncorvo\/#primaryimage"},"image":{"@id":"https:\/\/portaltela.pt\/noticias\/2026\/03\/31\/prato-do-dia-na-taberna-do-carro-torre-de-moncorvo\/#primaryimage"},"thumbnailUrl":"https:\/\/portaltela.pt\/s.01k8rhncp4jt1\/2026\/03\/image-1858.jpg","datePublished":"2026-03-31T12:17:07+00:00","author":{"@id":"https:\/\/portaltela.pt\/#\/schema\/person\/c4278d4a6028830caff9ee44b42d32ed"},"breadcrumb":{"@id":"https:\/\/portaltela.pt\/noticias\/2026\/03\/31\/prato-do-dia-na-taberna-do-carro-torre-de-moncorvo\/#breadcrumb"},"inLanguage":"pt-PT","potentialAction":[{"@type":"ReadAction","target":["https:\/\/portaltela.pt\/noticias\/2026\/03\/31\/prato-do-dia-na-taberna-do-carro-torre-de-moncorvo\/"]}]},{"@type":"ImageObject","inLanguage":"pt-PT","@id":"https:\/\/portaltela.pt\/noticias\/2026\/03\/31\/prato-do-dia-na-taberna-do-carro-torre-de-moncorvo\/#primaryimage","url":"https:\/\/portaltela.pt\/s.01k8rhncp4jt1\/2026\/03\/image-1858.jpg","contentUrl":"https:\/\/portaltela.pt\/s.01k8rhncp4jt1\/2026\/03\/image-1858.jpg","width":796,"height":448,"caption":"Imagem de contexto do artigo Prato do dia: Taberna do Carr\u00f3, em Torre de Moncorvo"},{"@type":"BreadcrumbList","@id":"https:\/\/portaltela.pt\/noticias\/2026\/03\/31\/prato-do-dia-na-taberna-do-carro-torre-de-moncorvo\/#breadcrumb","itemListElement":[{"@type":"ListItem","position":1,"name":"In\u00edcio","item":"https:\/\/portaltela.pt\/"},{"@type":"ListItem","position":2,"name":"Prato do dia na Taberna do Carr\u00f3, Torre de Moncorvo"}]},{"@type":"WebSite","@id":"https:\/\/portaltela.pt\/#website","url":"https:\/\/portaltela.pt\/","name":"Portal Tela Portugal","description":"","potentialAction":[{"@type":"SearchAction","target":{"@type":"EntryPoint","urlTemplate":"https:\/\/portaltela.pt\/?s={search_term_string}"},"query-input":{"@type":"PropertyValueSpecification","valueRequired":true,"valueName":"search_term_string"}}],"inLanguage":"pt-PT"},{"@type":"Person","@id":"https:\/\/portaltela.pt\/#\/schema\/person\/c4278d4a6028830caff9ee44b42d32ed","name":"Telinha","image":{"@type":"ImageObject","inLanguage":"pt-PT","@id":"https:\/\/portaltela.pt\/s.01k8rhncp4jt1\/2025\/11\/talking-bot-125x125.png","url":"https:\/\/portaltela.pt\/s.01k8rhncp4jt1\/2025\/11\/talking-bot-125x125.png","contentUrl":"https:\/\/portaltela.pt\/s.01k8rhncp4jt1\/2025\/11\/talking-bot-125x125.png","caption":"Telinha"},"sameAs":["https:\/\/portaltela.pt\/"],"url":"https:\/\/portaltela.pt\/por\/367410592786\/"}]}},"_links":{"self":[{"href":"https:\/\/portaltela.pt\/api\/wp\/v2\/posts\/427693","targetHints":{"allow":["GET"]}}],"collection":[{"href":"https:\/\/portaltela.pt\/api\/wp\/v2\/posts"}],"about":[{"href":"https:\/\/portaltela.pt\/api\/wp\/v2\/types\/post"}],"author":[{"embeddable":true,"href":"https:\/\/portaltela.pt\/api\/wp\/v2\/users\/2"}],"replies":[{"embeddable":true,"href":"https:\/\/portaltela.pt\/api\/wp\/v2\/comments?post=427693"}],"version-history":[{"count":0,"href":"https:\/\/portaltela.pt\/api\/wp\/v2\/posts\/427693\/revisions"}],"wp:featuredmedia":[{"embeddable":true,"href":"https:\/\/portaltela.pt\/api\/wp\/v2\/media\/427695"}],"wp:attachment":[{"href":"https:\/\/portaltela.pt\/api\/wp\/v2\/media?parent=427693"}],"wp:term":[{"taxonomy":"category","embeddable":true,"href":"https:\/\/portaltela.pt\/api\/wp\/v2\/categories?post=427693"},{"taxonomy":"post_tag","embeddable":true,"href":"https:\/\/portaltela.pt\/api\/wp\/v2\/tags?post=427693"}],"curies":[{"name":"wp","href":"https:\/\/api.w.org\/{rel}","templated":true}]}}