{"id":427692,"date":"2026-03-31T09:17:02","date_gmt":"2026-03-31T12:17:02","guid":{"rendered":"https:\/\/portaltela.pt\/noticias\/2026\/03\/31\/federacao-alerta-para-falta-de-nadadores-salvadores-no-arranque-da-epoca-balnear\/"},"modified":"2026-03-31T09:17:02","modified_gmt":"2026-03-31T12:17:02","slug":"federacao-alerta-para-falta-de-nadadores-salvadores-no-arranque-da-epoca-balnear","status":"publish","type":"post","link":"https:\/\/portaltela.pt\/sociedade\/2026\/03\/31\/federacao-alerta-para-falta-de-nadadores-salvadores-no-arranque-da-epoca-balnear\/","title":{"rendered":"Federa\u00e7\u00e3o alerta para falta de nadadores-salvadores no arranque da \u00e9poca balnear"},"content":{"rendered":"<p>A Federa\u00e7\u00e3o Portuguesa de Nadadores-Salvadores (FEPONS) expressou preocupa\u00e7\u00e3o com a falta de nadadores-salvadores no arranque da \u00e9poca balnear, e pediu urg\u00eancia na altera\u00e7\u00e3o da lei que regula o setor. O apelo surge para enfrentar a escassez de profissionais no in\u00edcio desta temporada.<\/p>\n<p>Segundo Alexandre Tadeia, presidente da FEPONS, a m\u00e9dia anual indica que cerca de 50% dos nadadores-salvadores cessam atividade. O respons\u00e1vel afirmou que n\u00e3o h\u00e1 certezas sobre o n\u00famero de profissionais dispon\u00edveis para o arranque da \u00e9poca balnear de 2026. Em Portugal existem mais de cinco mil nadadores certificados.<\/p>\n<p>A rota\u00e7\u00e3o de pessoal come\u00e7a cedo: o grupo \u00e9 composto principalmente por jovens estudantes universit\u00e1rios que, ap\u00f3s a forma\u00e7\u00e3o, procuram outras oportunidades de emprego. Este facto leva a forma\u00e7\u00e3o de cerca de metade do contingente necess\u00e1rio todos os anos, incidindo no in\u00edcio da \u00e9poca balnear em zonas onde o come\u00e7o \u00e9 em maio ou junho.<\/p>\n<p>Para contornar a falta de profissionais, a FEPONS antev\u00ea, como nas \u00faltimas temporadas, o recurso a m\u00e3o de obra estrangeira, sobretudo do Brasil e da Argentina, que costuma estar dispon\u00edvel no in\u00edcio do ver\u00e3o. Em paralelo, a federa\u00e7\u00e3o defende um sistema semelhante ao dos bombeiros, com uma entidade central de coordena\u00e7\u00e3o e associa\u00e7\u00f5es de nadadores-salvadores atuando por zonas.<\/p>\n<p>A autarquia \u00e9 apontada como parte da solu\u00e7\u00e3o: a FEPONS defende que os munic\u00edpios retomar a responsabilidade pela vigil\u00e2ncia, afastando os concession\u00e1rios de praia do custo e da gest\u00e3o dos nadadores-salvadores. A ideia \u00e9 impedir que o financiamento e a compra de material fiquem dependentes de l\u00f3gicas comerciais.<\/p>\n<p>Para resolver o d\u00e9fice de vigil\u00e2ncia, a federa\u00e7\u00e3o aponta tamb\u00e9m para melhoria das condi\u00e7\u00f5es de remunera\u00e7\u00e3o e de trabalho, destacando a forma\u00e7\u00e3o exigente de 150 horas dos profissionais. A necessidade de valoriza\u00e7\u00e3o do papel t\u00e9cnico \u00e9 sublinhada como crucial para estabilizar o servi\u00e7o.<\/p>\n<p>A preocupa\u00e7\u00e3o agravou-se com as tempestades de fevereiro, que provocaram destrui\u00e7\u00e3o de praias e perda de areia em v\u00e1rias zonas do pa\u00eds, aumentando as necessidades de prepara\u00e7\u00e3o para a \u00e9poca balnear. A Ag\u00eancia Portuguesa do Ambiente (APA) coordena a\u00e7\u00f5es de levantamento de necessidades, com a FEPONS a colaborar quando solicitada.<\/p>\n<p>Fonte: ag\u00eancia Lusa.<\/p>\n","protected":false},"excerpt":{"rendered":"<ul>\n<li>A Federa\u00e7\u00e3o Portuguesa de Nadadores-Salvadores (FEPONS) est\u00e1 preocupada com a falta de nadadores-salvadores para o arranque da \u00e9poca balnear em Portugal, e pede altera\u00e7\u00e3o urgente \u00e0 lei que rege o setor.<\/li>\n<li>Segundo o presidente da FEPONS, Alexandre Tadeia, perde-se, em m\u00e9dia, cerca de 50% dos nadadores-salvadores todos os anos, levantando d\u00favidas sobre o n\u00famero dispon\u00edvel no in\u00edcio da \u00e9poca balnear de 2026.<\/li>\n<li>Em Portugal existem mais de cinco mil nadadores-salvadores certificados, mas a maior parte \u00e9 composta por jovens estudantes universit\u00e1rios que, ap\u00f3s a forma\u00e7\u00e3o, procuram outras op\u00e7\u00f5es de emprego, o que agrava a escassez.<\/li>\n<li>O recurso a m\u00e3o de obra estrangeira, principalmente do Brasil e da Argentina, \u00e9 visto como solu\u00e7\u00e3o para o pr\u00f3ximo ver\u00e3o, mas a federa\u00e7\u00e3o defende um sistema semelhante ao dos bombeiros, com uma coordena\u00e7\u00e3o central pelo Instituto de Socorros a N\u00e1ufragos e associa\u00e7\u00f5es de nadadores-salvadores sem fins lucrativos.<\/li>\n<li>A FEPONS tamb\u00e9m defende que as autarquias assumam a gest\u00e3o da vigil\u00e2ncia, retirem os concession\u00e1rios da equa\u00e7\u00e3o e melhorem a remunera\u00e7\u00e3o e as condi\u00e7\u00f5es de trabalho dos nadadores, que passam por forma\u00e7\u00e3o de cerca de 150 horas. A preocupa\u00e7\u00e3o aumenta devido aos impactos de tempestades em fevereiro, que reduziram as zonas arenosas em v\u00e1rias regi\u00f5es.<\/li>\n<\/ul>\n","protected":false},"author":2,"featured_media":427694,"comment_status":"closed","ping_status":"closed","sticky":false,"template":"","format":"standard","meta":{"footnotes":""},"categories":[6745,6871],"tags":[3100,5539,2093,1014,320,5974],"class_list":["post-427692","post","type-post","status-publish","format-standard","has-post-thumbnail","hentry","category-saude","category-sociedade","tag-ambiental","tag-lei","tag-municipios","tag-portugal","tag-protecao-civil","tag-salvamento-maritimo"],"yoast_head":"<!-- This site is optimized with the Yoast SEO plugin v27.2 - https:\/\/yoast.com\/product\/yoast-seo-wordpress\/ -->\n<title>Federa\u00e7\u00e3o alerta para falta de nadadores-salvadores no arranque da \u00e9poca balnear - Portal Tela Portugal<\/title>\n<meta name=\"robots\" content=\"index, follow, max-snippet:-1, max-image-preview:large, max-video-preview:-1\" \/>\n<meta property=\"og:locale\" content=\"pt_PT\" \/>\n<meta property=\"og:type\" content=\"article\" \/>\n<meta property=\"og:title\" content=\"Federa\u00e7\u00e3o alerta para falta de nadadores-salvadores no arranque da \u00e9poca balnear - Portal Tela Portugal\" \/>\n<meta property=\"og:description\" content=\"A Federa\u00e7\u00e3o Portuguesa de Nadadores-Salvadores (FEPONS) est\u00e1 preocupada com a falta de nadadores-salvadores para o arranque da \u00e9poca balnear em Portugal, e pede altera\u00e7\u00e3o urgente \u00e0 lei que rege o setor. Segundo o presidente da FEPONS, Alexandre Tadeia, perde-se, em m\u00e9dia, cerca de 50% dos nadadores-salvadores todos os anos, levantando d\u00favidas sobre o n\u00famero dispon\u00edvel no in\u00edcio da \u00e9poca balnear de 2026. Em Portugal existem mais de cinco mil nadadores-salvadores certificados, mas a maior parte \u00e9 composta por jovens estudantes universit\u00e1rios que, ap\u00f3s a forma\u00e7\u00e3o, procuram outras op\u00e7\u00f5es de emprego, o que agrava a escassez. O recurso a m\u00e3o de obra estrangeira, principalmente do Brasil e da Argentina, \u00e9 visto como solu\u00e7\u00e3o para o pr\u00f3ximo ver\u00e3o, mas a federa\u00e7\u00e3o defende um sistema semelhante ao dos bombeiros, com uma coordena\u00e7\u00e3o central pelo Instituto de Socorros a N\u00e1ufragos e associa\u00e7\u00f5es de nadadores-salvadores sem fins lucrativos. A FEPONS tamb\u00e9m defende que as autarquias assumam a gest\u00e3o da vigil\u00e2ncia, retirem os concession\u00e1rios da equa\u00e7\u00e3o e melhorem a remunera\u00e7\u00e3o e as condi\u00e7\u00f5es de trabalho dos nadadores, que passam por forma\u00e7\u00e3o de cerca de 150 horas. A preocupa\u00e7\u00e3o aumenta devido aos impactos de tempestades em fevereiro, que reduziram as zonas arenosas em v\u00e1rias regi\u00f5es.\" \/>\n<meta property=\"og:url\" content=\"https:\/\/portaltela.pt\/noticias\/2026\/03\/31\/federacao-alerta-para-falta-de-nadadores-salvadores-no-arranque-da-epoca-balnear\/\" \/>\n<meta property=\"og:site_name\" content=\"Portal Tela Portugal\" \/>\n<meta property=\"article:published_time\" content=\"2026-03-31T12:17:02+00:00\" \/>\n<meta name=\"author\" content=\"Telinha\" \/>\n<meta name=\"twitter:card\" content=\"summary_large_image\" \/>\n<meta name=\"twitter:label1\" content=\"Escrito por\" \/>\n\t<meta name=\"twitter:data1\" content=\"Telinha\" \/>\n\t<meta name=\"twitter:label2\" content=\"Tempo estimado de leitura\" \/>\n\t<meta name=\"twitter:data2\" content=\"2 minutos\" \/>\n<script type=\"application\/ld+json\" class=\"yoast-schema-graph\">{\"@context\":\"https:\/\/schema.org\",\"@graph\":[{\"@type\":\"Article\",\"@id\":\"https:\/\/portaltela.pt\/noticias\/2026\/03\/31\/federacao-alerta-para-falta-de-nadadores-salvadores-no-arranque-da-epoca-balnear\/#article\",\"isPartOf\":{\"@id\":\"https:\/\/portaltela.pt\/noticias\/2026\/03\/31\/federacao-alerta-para-falta-de-nadadores-salvadores-no-arranque-da-epoca-balnear\/\"},\"author\":{\"name\":\"Telinha\",\"@id\":\"https:\/\/portaltela.pt\/#\/schema\/person\/c4278d4a6028830caff9ee44b42d32ed\"},\"headline\":\"Federa\u00e7\u00e3o alerta para falta de nadadores-salvadores no arranque da \u00e9poca balnear\",\"datePublished\":\"2026-03-31T12:17:02+00:00\",\"mainEntityOfPage\":{\"@id\":\"https:\/\/portaltela.pt\/noticias\/2026\/03\/31\/federacao-alerta-para-falta-de-nadadores-salvadores-no-arranque-da-epoca-balnear\/\"},\"wordCount\":401,\"image\":{\"@id\":\"https:\/\/portaltela.pt\/noticias\/2026\/03\/31\/federacao-alerta-para-falta-de-nadadores-salvadores-no-arranque-da-epoca-balnear\/#primaryimage\"},\"thumbnailUrl\":\"https:\/\/portaltela.pt\/s.01k8rhncp4jt1\/2026\/03\/img_1500x1000uu2023-04-12-19-49-53-1323233.jpg\",\"keywords\":[\"ambiental\",\"lei\",\"munic\u00edpios\",\"Portugal\",\"prote\u00e7\u00e3o civil\",\"Salvamento Mar\u00edtimo\"],\"articleSection\":[\"Sa\u00fade\",\"Sociedade\"],\"inLanguage\":\"pt-PT\"},{\"@type\":\"WebPage\",\"@id\":\"https:\/\/portaltela.pt\/noticias\/2026\/03\/31\/federacao-alerta-para-falta-de-nadadores-salvadores-no-arranque-da-epoca-balnear\/\",\"url\":\"https:\/\/portaltela.pt\/noticias\/2026\/03\/31\/federacao-alerta-para-falta-de-nadadores-salvadores-no-arranque-da-epoca-balnear\/\",\"name\":\"Federa\u00e7\u00e3o alerta para falta de nadadores-salvadores no arranque da \u00e9poca balnear - Portal Tela Portugal\",\"isPartOf\":{\"@id\":\"https:\/\/portaltela.pt\/#website\"},\"primaryImageOfPage\":{\"@id\":\"https:\/\/portaltela.pt\/noticias\/2026\/03\/31\/federacao-alerta-para-falta-de-nadadores-salvadores-no-arranque-da-epoca-balnear\/#primaryimage\"},\"image\":{\"@id\":\"https:\/\/portaltela.pt\/noticias\/2026\/03\/31\/federacao-alerta-para-falta-de-nadadores-salvadores-no-arranque-da-epoca-balnear\/#primaryimage\"},\"thumbnailUrl\":\"https:\/\/portaltela.pt\/s.01k8rhncp4jt1\/2026\/03\/img_1500x1000uu2023-04-12-19-49-53-1323233.jpg\",\"datePublished\":\"2026-03-31T12:17:02+00:00\",\"author\":{\"@id\":\"https:\/\/portaltela.pt\/#\/schema\/person\/c4278d4a6028830caff9ee44b42d32ed\"},\"breadcrumb\":{\"@id\":\"https:\/\/portaltela.pt\/noticias\/2026\/03\/31\/federacao-alerta-para-falta-de-nadadores-salvadores-no-arranque-da-epoca-balnear\/#breadcrumb\"},\"inLanguage\":\"pt-PT\",\"potentialAction\":[{\"@type\":\"ReadAction\",\"target\":[\"https:\/\/portaltela.pt\/noticias\/2026\/03\/31\/federacao-alerta-para-falta-de-nadadores-salvadores-no-arranque-da-epoca-balnear\/\"]}]},{\"@type\":\"ImageObject\",\"inLanguage\":\"pt-PT\",\"@id\":\"https:\/\/portaltela.pt\/noticias\/2026\/03\/31\/federacao-alerta-para-falta-de-nadadores-salvadores-no-arranque-da-epoca-balnear\/#primaryimage\",\"url\":\"https:\/\/portaltela.pt\/s.01k8rhncp4jt1\/2026\/03\/img_1500x1000uu2023-04-12-19-49-53-1323233.jpg\",\"contentUrl\":\"https:\/\/portaltela.pt\/s.01k8rhncp4jt1\/2026\/03\/img_1500x1000uu2023-04-12-19-49-53-1323233.jpg\",\"width\":796,\"height\":448,\"caption\":\"Nadadores-salvadores\"},{\"@type\":\"BreadcrumbList\",\"@id\":\"https:\/\/portaltela.pt\/noticias\/2026\/03\/31\/federacao-alerta-para-falta-de-nadadores-salvadores-no-arranque-da-epoca-balnear\/#breadcrumb\",\"itemListElement\":[{\"@type\":\"ListItem\",\"position\":1,\"name\":\"In\u00edcio\",\"item\":\"https:\/\/portaltela.pt\/\"},{\"@type\":\"ListItem\",\"position\":2,\"name\":\"Federa\u00e7\u00e3o alerta para falta de nadadores-salvadores no arranque da \u00e9poca balnear\"}]},{\"@type\":\"WebSite\",\"@id\":\"https:\/\/portaltela.pt\/#website\",\"url\":\"https:\/\/portaltela.pt\/\",\"name\":\"Portal Tela Portugal\",\"description\":\"\",\"potentialAction\":[{\"@type\":\"SearchAction\",\"target\":{\"@type\":\"EntryPoint\",\"urlTemplate\":\"https:\/\/portaltela.pt\/?s={search_term_string}\"},\"query-input\":{\"@type\":\"PropertyValueSpecification\",\"valueRequired\":true,\"valueName\":\"search_term_string\"}}],\"inLanguage\":\"pt-PT\"},{\"@type\":\"Person\",\"@id\":\"https:\/\/portaltela.pt\/#\/schema\/person\/c4278d4a6028830caff9ee44b42d32ed\",\"name\":\"Telinha\",\"image\":{\"@type\":\"ImageObject\",\"inLanguage\":\"pt-PT\",\"@id\":\"https:\/\/portaltela.pt\/s.01k8rhncp4jt1\/2025\/11\/talking-bot-125x125.png\",\"url\":\"https:\/\/portaltela.pt\/s.01k8rhncp4jt1\/2025\/11\/talking-bot-125x125.png\",\"contentUrl\":\"https:\/\/portaltela.pt\/s.01k8rhncp4jt1\/2025\/11\/talking-bot-125x125.png\",\"caption\":\"Telinha\"},\"sameAs\":[\"https:\/\/portaltela.pt\/\"],\"url\":\"https:\/\/portaltela.pt\/por\/367410592786\/\"}]}<\/script>\n<!-- \/ Yoast SEO plugin. -->","yoast_head_json":{"title":"Federa\u00e7\u00e3o alerta para falta de nadadores-salvadores no arranque da \u00e9poca balnear - Portal Tela Portugal","robots":{"index":"index","follow":"follow","max-snippet":"max-snippet:-1","max-image-preview":"max-image-preview:large","max-video-preview":"max-video-preview:-1"},"og_locale":"pt_PT","og_type":"article","og_title":"Federa\u00e7\u00e3o alerta para falta de nadadores-salvadores no arranque da \u00e9poca balnear - Portal Tela Portugal","og_description":"A Federa\u00e7\u00e3o Portuguesa de Nadadores-Salvadores (FEPONS) est\u00e1 preocupada com a falta de nadadores-salvadores para o arranque da \u00e9poca balnear em Portugal, e pede altera\u00e7\u00e3o urgente \u00e0 lei que rege o setor. Segundo o presidente da FEPONS, Alexandre Tadeia, perde-se, em m\u00e9dia, cerca de 50% dos nadadores-salvadores todos os anos, levantando d\u00favidas sobre o n\u00famero dispon\u00edvel no in\u00edcio da \u00e9poca balnear de 2026. Em Portugal existem mais de cinco mil nadadores-salvadores certificados, mas a maior parte \u00e9 composta por jovens estudantes universit\u00e1rios que, ap\u00f3s a forma\u00e7\u00e3o, procuram outras op\u00e7\u00f5es de emprego, o que agrava a escassez. O recurso a m\u00e3o de obra estrangeira, principalmente do Brasil e da Argentina, \u00e9 visto como solu\u00e7\u00e3o para o pr\u00f3ximo ver\u00e3o, mas a federa\u00e7\u00e3o defende um sistema semelhante ao dos bombeiros, com uma coordena\u00e7\u00e3o central pelo Instituto de Socorros a N\u00e1ufragos e associa\u00e7\u00f5es de nadadores-salvadores sem fins lucrativos. A FEPONS tamb\u00e9m defende que as autarquias assumam a gest\u00e3o da vigil\u00e2ncia, retirem os concession\u00e1rios da equa\u00e7\u00e3o e melhorem a remunera\u00e7\u00e3o e as condi\u00e7\u00f5es de trabalho dos nadadores, que passam por forma\u00e7\u00e3o de cerca de 150 horas. A preocupa\u00e7\u00e3o aumenta devido aos impactos de tempestades em fevereiro, que reduziram as zonas arenosas em v\u00e1rias regi\u00f5es.","og_url":"https:\/\/portaltela.pt\/noticias\/2026\/03\/31\/federacao-alerta-para-falta-de-nadadores-salvadores-no-arranque-da-epoca-balnear\/","og_site_name":"Portal Tela Portugal","article_published_time":"2026-03-31T12:17:02+00:00","author":"Telinha","twitter_card":"summary_large_image","twitter_misc":{"Escrito por":"Telinha","Tempo estimado de leitura":"2 minutos"},"schema":{"@context":"https:\/\/schema.org","@graph":[{"@type":"Article","@id":"https:\/\/portaltela.pt\/noticias\/2026\/03\/31\/federacao-alerta-para-falta-de-nadadores-salvadores-no-arranque-da-epoca-balnear\/#article","isPartOf":{"@id":"https:\/\/portaltela.pt\/noticias\/2026\/03\/31\/federacao-alerta-para-falta-de-nadadores-salvadores-no-arranque-da-epoca-balnear\/"},"author":{"name":"Telinha","@id":"https:\/\/portaltela.pt\/#\/schema\/person\/c4278d4a6028830caff9ee44b42d32ed"},"headline":"Federa\u00e7\u00e3o alerta para falta de nadadores-salvadores no arranque da \u00e9poca balnear","datePublished":"2026-03-31T12:17:02+00:00","mainEntityOfPage":{"@id":"https:\/\/portaltela.pt\/noticias\/2026\/03\/31\/federacao-alerta-para-falta-de-nadadores-salvadores-no-arranque-da-epoca-balnear\/"},"wordCount":401,"image":{"@id":"https:\/\/portaltela.pt\/noticias\/2026\/03\/31\/federacao-alerta-para-falta-de-nadadores-salvadores-no-arranque-da-epoca-balnear\/#primaryimage"},"thumbnailUrl":"https:\/\/portaltela.pt\/s.01k8rhncp4jt1\/2026\/03\/img_1500x1000uu2023-04-12-19-49-53-1323233.jpg","keywords":["ambiental","lei","munic\u00edpios","Portugal","prote\u00e7\u00e3o civil","Salvamento Mar\u00edtimo"],"articleSection":["Sa\u00fade","Sociedade"],"inLanguage":"pt-PT"},{"@type":"WebPage","@id":"https:\/\/portaltela.pt\/noticias\/2026\/03\/31\/federacao-alerta-para-falta-de-nadadores-salvadores-no-arranque-da-epoca-balnear\/","url":"https:\/\/portaltela.pt\/noticias\/2026\/03\/31\/federacao-alerta-para-falta-de-nadadores-salvadores-no-arranque-da-epoca-balnear\/","name":"Federa\u00e7\u00e3o alerta para falta de nadadores-salvadores no arranque da \u00e9poca balnear - Portal Tela Portugal","isPartOf":{"@id":"https:\/\/portaltela.pt\/#website"},"primaryImageOfPage":{"@id":"https:\/\/portaltela.pt\/noticias\/2026\/03\/31\/federacao-alerta-para-falta-de-nadadores-salvadores-no-arranque-da-epoca-balnear\/#primaryimage"},"image":{"@id":"https:\/\/portaltela.pt\/noticias\/2026\/03\/31\/federacao-alerta-para-falta-de-nadadores-salvadores-no-arranque-da-epoca-balnear\/#primaryimage"},"thumbnailUrl":"https:\/\/portaltela.pt\/s.01k8rhncp4jt1\/2026\/03\/img_1500x1000uu2023-04-12-19-49-53-1323233.jpg","datePublished":"2026-03-31T12:17:02+00:00","author":{"@id":"https:\/\/portaltela.pt\/#\/schema\/person\/c4278d4a6028830caff9ee44b42d32ed"},"breadcrumb":{"@id":"https:\/\/portaltela.pt\/noticias\/2026\/03\/31\/federacao-alerta-para-falta-de-nadadores-salvadores-no-arranque-da-epoca-balnear\/#breadcrumb"},"inLanguage":"pt-PT","potentialAction":[{"@type":"ReadAction","target":["https:\/\/portaltela.pt\/noticias\/2026\/03\/31\/federacao-alerta-para-falta-de-nadadores-salvadores-no-arranque-da-epoca-balnear\/"]}]},{"@type":"ImageObject","inLanguage":"pt-PT","@id":"https:\/\/portaltela.pt\/noticias\/2026\/03\/31\/federacao-alerta-para-falta-de-nadadores-salvadores-no-arranque-da-epoca-balnear\/#primaryimage","url":"https:\/\/portaltela.pt\/s.01k8rhncp4jt1\/2026\/03\/img_1500x1000uu2023-04-12-19-49-53-1323233.jpg","contentUrl":"https:\/\/portaltela.pt\/s.01k8rhncp4jt1\/2026\/03\/img_1500x1000uu2023-04-12-19-49-53-1323233.jpg","width":796,"height":448,"caption":"Nadadores-salvadores"},{"@type":"BreadcrumbList","@id":"https:\/\/portaltela.pt\/noticias\/2026\/03\/31\/federacao-alerta-para-falta-de-nadadores-salvadores-no-arranque-da-epoca-balnear\/#breadcrumb","itemListElement":[{"@type":"ListItem","position":1,"name":"In\u00edcio","item":"https:\/\/portaltela.pt\/"},{"@type":"ListItem","position":2,"name":"Federa\u00e7\u00e3o alerta para falta de nadadores-salvadores no arranque da \u00e9poca balnear"}]},{"@type":"WebSite","@id":"https:\/\/portaltela.pt\/#website","url":"https:\/\/portaltela.pt\/","name":"Portal Tela Portugal","description":"","potentialAction":[{"@type":"SearchAction","target":{"@type":"EntryPoint","urlTemplate":"https:\/\/portaltela.pt\/?s={search_term_string}"},"query-input":{"@type":"PropertyValueSpecification","valueRequired":true,"valueName":"search_term_string"}}],"inLanguage":"pt-PT"},{"@type":"Person","@id":"https:\/\/portaltela.pt\/#\/schema\/person\/c4278d4a6028830caff9ee44b42d32ed","name":"Telinha","image":{"@type":"ImageObject","inLanguage":"pt-PT","@id":"https:\/\/portaltela.pt\/s.01k8rhncp4jt1\/2025\/11\/talking-bot-125x125.png","url":"https:\/\/portaltela.pt\/s.01k8rhncp4jt1\/2025\/11\/talking-bot-125x125.png","contentUrl":"https:\/\/portaltela.pt\/s.01k8rhncp4jt1\/2025\/11\/talking-bot-125x125.png","caption":"Telinha"},"sameAs":["https:\/\/portaltela.pt\/"],"url":"https:\/\/portaltela.pt\/por\/367410592786\/"}]}},"_links":{"self":[{"href":"https:\/\/portaltela.pt\/api\/wp\/v2\/posts\/427692","targetHints":{"allow":["GET"]}}],"collection":[{"href":"https:\/\/portaltela.pt\/api\/wp\/v2\/posts"}],"about":[{"href":"https:\/\/portaltela.pt\/api\/wp\/v2\/types\/post"}],"author":[{"embeddable":true,"href":"https:\/\/portaltela.pt\/api\/wp\/v2\/users\/2"}],"replies":[{"embeddable":true,"href":"https:\/\/portaltela.pt\/api\/wp\/v2\/comments?post=427692"}],"version-history":[{"count":0,"href":"https:\/\/portaltela.pt\/api\/wp\/v2\/posts\/427692\/revisions"}],"wp:featuredmedia":[{"embeddable":true,"href":"https:\/\/portaltela.pt\/api\/wp\/v2\/media\/427694"}],"wp:attachment":[{"href":"https:\/\/portaltela.pt\/api\/wp\/v2\/media?parent=427692"}],"wp:term":[{"taxonomy":"category","embeddable":true,"href":"https:\/\/portaltela.pt\/api\/wp\/v2\/categories?post=427692"},{"taxonomy":"post_tag","embeddable":true,"href":"https:\/\/portaltela.pt\/api\/wp\/v2\/tags?post=427692"}],"curies":[{"name":"wp","href":"https:\/\/api.w.org\/{rel}","templated":true}]}}