{"id":427677,"date":"2026-03-31T09:16:33","date_gmt":"2026-03-31T12:16:33","guid":{"rendered":"https:\/\/portaltela.pt\/noticias\/2026\/03\/31\/antigo-guarda-redes-bulgaro-mihaylov-do-belenenses-morre-aos-63\/"},"modified":"2026-03-31T09:16:33","modified_gmt":"2026-03-31T12:16:33","slug":"antigo-guarda-redes-bulgaro-mihaylov-do-belenenses-morre-aos-63","status":"publish","type":"post","link":"https:\/\/portaltela.pt\/desporto\/futebol\/2026\/03\/31\/antigo-guarda-redes-bulgaro-mihaylov-do-belenenses-morre-aos-63\/","title":{"rendered":"Antigo guarda-redes b\u00falgaro Mihaylov, do Belenenses, morre aos 63"},"content":{"rendered":"<p>Borislav Mihaylov, antigo guarda-redes e capit\u00e3o da sele\u00e7\u00e3o da Bulg\u00e1ria, morreu aos 63 anos. Em novembro de 2023 sofreu um AVC do qual n\u00e3o recuperou. Foi tamb\u00e9m presidente da Uni\u00e3o B\u00falgara de Futebol entre 2005 e 2024.<\/p>\n<p>Na Bulg\u00e1ria, Mihaylov \u00e9 visto como um her\u00f3i do Mundial de 1994, disputado nos EUA, onde a equipa atingiu as meias-finais sob o comando de Dimitar Penev, que tamb\u00e9m faleceu recentemente. A not\u00edcia da morte gerou tributos de antiga comunidade futebol\u00edstica do pa\u00eds.<\/p>\n<p>O ex-jogador Hristo Stoichkov descreveu Mihaylov como um l\u00edder e um amigo, lamentando a perda nas redes sociais. A vi\u00fava, Maria Petrova, tamb\u00e9m escreveu uma mensagem comovida, agradecendo pela parceria e pelo apoio ao longo do casamento.<\/p>\n<h3>Carreira e legado<\/h3>\n<p>Ao longo da carreira, Mihaylov atuou em clubes b\u00falgaros como Levski, Botev e Slavia. Fora do pa\u00eds, representou o Belenenses (Portugal), Mulhouse (Fran\u00e7a), Reading (Inglaterra) e Zurique (Su\u00ed\u00e7a). Foi reconhecido pela sua presen\u00e7a entre os titulares da sele\u00e7\u00e3o nacional.<\/p>\n<p>Fam\u00edlia ligada ao desporto: o pai, Biser Mihaylov, tamb\u00e9m foi guarda-redes do Levski, e o filho, Nikolay Mihaylov, retirou-se do futebol profissional no ano passado.<\/p>\n","protected":false},"excerpt":{"rendered":"<ul>\n<li>O antigo guarda-redes b\u00falgaro Borislav Mihaylov, tido como uma lenda do futebol do pa\u00eds, morreu aos 63 anos ap\u00f3s ter sofrido um AVC em novembro do ano passado.<\/li>\n<li>Mihaylov foi capit\u00e3o da sele\u00e7\u00e3o da Bulg\u00e1ria em 102 jogos e presidiu a Uni\u00e3o B\u00falgara de Futebol entre 2005 e 2024.<\/li>\n<li>Foi um dos her\u00f3is do Mundial de 1994, quando a Bulg\u00e1ria chegou \u00e0s meias-finais sob o comando do treinador Dimitar Penev.<\/li>\n<li>O legado do jogador \u00e9 lembrado por figuras como Hristo Stoichkov, que o descreveu como um grande homem e l\u00edder; a vi\u00fava, ginasta Maria Petrova, tamb\u00e9m lhe dedicou uma mensagem emocionada.<\/li>\n<li>A n\u00edvel de clubes, Mihaylov atuou no Levski, Botev e Slavia (Bulg\u00e1ria), bem como no Belenenses (Portugal), Mulhouse (Fran\u00e7a), Reading (Inglaterra) e Zurique (Su\u00ed\u00e7a); o filho Nikolay, tamb\u00e9m jogador, retirou-se no ano passado.<\/li>\n<\/ul>\n","protected":false},"author":2,"featured_media":427684,"comment_status":"closed","ping_status":"closed","sticky":false,"template":"","format":"standard","meta":{"footnotes":""},"categories":[21,24],"tags":[7653,4925,152,32,1014,2057],"class_list":["post-427677","post","type-post","status-publish","format-standard","has-post-thumbnail","hentry","category-desporto","category-futebol","tag-a-bulgaria","tag-belenenses","tag-desporto","tag-futebol","tag-portugal","tag-selecao-nacional"],"yoast_head":"<!-- This site is optimized with the Yoast SEO plugin v27.2 - https:\/\/yoast.com\/product\/yoast-seo-wordpress\/ -->\n<title>Antigo guarda-redes b\u00falgaro Mihaylov, do Belenenses, morre aos 63 - Portal Tela Portugal<\/title>\n<meta name=\"robots\" content=\"index, follow, max-snippet:-1, max-image-preview:large, max-video-preview:-1\" \/>\n<meta property=\"og:locale\" content=\"pt_PT\" \/>\n<meta property=\"og:type\" content=\"article\" \/>\n<meta property=\"og:title\" content=\"Antigo guarda-redes b\u00falgaro Mihaylov, do Belenenses, morre aos 63 - Portal Tela Portugal\" \/>\n<meta property=\"og:description\" content=\"O antigo guarda-redes b\u00falgaro Borislav Mihaylov, tido como uma lenda do futebol do pa\u00eds, morreu aos 63 anos ap\u00f3s ter sofrido um AVC em novembro do ano passado. Mihaylov foi capit\u00e3o da sele\u00e7\u00e3o da Bulg\u00e1ria em 102 jogos e presidiu a Uni\u00e3o B\u00falgara de Futebol entre 2005 e 2024. Foi um dos her\u00f3is do Mundial de 1994, quando a Bulg\u00e1ria chegou \u00e0s meias-finais sob o comando do treinador Dimitar Penev. O legado do jogador \u00e9 lembrado por figuras como Hristo Stoichkov, que o descreveu como um grande homem e l\u00edder; a vi\u00fava, ginasta Maria Petrova, tamb\u00e9m lhe dedicou uma mensagem emocionada. A n\u00edvel de clubes, Mihaylov atuou no Levski, Botev e Slavia (Bulg\u00e1ria), bem como no Belenenses (Portugal), Mulhouse (Fran\u00e7a), Reading (Inglaterra) e Zurique (Su\u00ed\u00e7a); o filho Nikolay, tamb\u00e9m jogador, retirou-se no ano passado.\" \/>\n<meta property=\"og:url\" content=\"https:\/\/portaltela.pt\/noticias\/2026\/03\/31\/antigo-guarda-redes-bulgaro-mihaylov-do-belenenses-morre-aos-63\/\" \/>\n<meta property=\"og:site_name\" content=\"Portal Tela Portugal\" \/>\n<meta property=\"article:published_time\" content=\"2026-03-31T12:16:33+00:00\" \/>\n<meta name=\"author\" content=\"Telinha\" \/>\n<meta name=\"twitter:card\" content=\"summary_large_image\" \/>\n<meta name=\"twitter:label1\" content=\"Escrito por\" \/>\n\t<meta name=\"twitter:data1\" content=\"Telinha\" \/>\n\t<meta name=\"twitter:label2\" content=\"Tempo estimado de leitura\" \/>\n\t<meta name=\"twitter:data2\" content=\"1 minuto\" \/>\n<script type=\"application\/ld+json\" class=\"yoast-schema-graph\">{\"@context\":\"https:\/\/schema.org\",\"@graph\":[{\"@type\":\"Article\",\"@id\":\"https:\/\/portaltela.pt\/noticias\/2026\/03\/31\/antigo-guarda-redes-bulgaro-mihaylov-do-belenenses-morre-aos-63\/#article\",\"isPartOf\":{\"@id\":\"https:\/\/portaltela.pt\/noticias\/2026\/03\/31\/antigo-guarda-redes-bulgaro-mihaylov-do-belenenses-morre-aos-63\/\"},\"author\":{\"name\":\"Telinha\",\"@id\":\"https:\/\/portaltela.pt\/#\/schema\/person\/c4278d4a6028830caff9ee44b42d32ed\"},\"headline\":\"Antigo guarda-redes b\u00falgaro Mihaylov, do Belenenses, morre aos 63\",\"datePublished\":\"2026-03-31T12:16:33+00:00\",\"mainEntityOfPage\":{\"@id\":\"https:\/\/portaltela.pt\/noticias\/2026\/03\/31\/antigo-guarda-redes-bulgaro-mihaylov-do-belenenses-morre-aos-63\/\"},\"wordCount\":211,\"image\":{\"@id\":\"https:\/\/portaltela.pt\/noticias\/2026\/03\/31\/antigo-guarda-redes-bulgaro-mihaylov-do-belenenses-morre-aos-63\/#primaryimage\"},\"thumbnailUrl\":\"https:\/\/portaltela.pt\/s.01k8rhncp4jt1\/2026\/03\/image-1857.jpg\",\"keywords\":[\"a Bulg\u00e1ria\",\"Belenenses\",\"desporto\",\"futebol\",\"Portugal\",\"Sele\u00e7\u00e3o Nacional\"],\"articleSection\":[\"Desporto\",\"Futebol\"],\"inLanguage\":\"pt-PT\"},{\"@type\":\"WebPage\",\"@id\":\"https:\/\/portaltela.pt\/noticias\/2026\/03\/31\/antigo-guarda-redes-bulgaro-mihaylov-do-belenenses-morre-aos-63\/\",\"url\":\"https:\/\/portaltela.pt\/noticias\/2026\/03\/31\/antigo-guarda-redes-bulgaro-mihaylov-do-belenenses-morre-aos-63\/\",\"name\":\"Antigo guarda-redes b\u00falgaro Mihaylov, do Belenenses, morre aos 63 - Portal Tela Portugal\",\"isPartOf\":{\"@id\":\"https:\/\/portaltela.pt\/#website\"},\"primaryImageOfPage\":{\"@id\":\"https:\/\/portaltela.pt\/noticias\/2026\/03\/31\/antigo-guarda-redes-bulgaro-mihaylov-do-belenenses-morre-aos-63\/#primaryimage\"},\"image\":{\"@id\":\"https:\/\/portaltela.pt\/noticias\/2026\/03\/31\/antigo-guarda-redes-bulgaro-mihaylov-do-belenenses-morre-aos-63\/#primaryimage\"},\"thumbnailUrl\":\"https:\/\/portaltela.pt\/s.01k8rhncp4jt1\/2026\/03\/image-1857.jpg\",\"datePublished\":\"2026-03-31T12:16:33+00:00\",\"author\":{\"@id\":\"https:\/\/portaltela.pt\/#\/schema\/person\/c4278d4a6028830caff9ee44b42d32ed\"},\"breadcrumb\":{\"@id\":\"https:\/\/portaltela.pt\/noticias\/2026\/03\/31\/antigo-guarda-redes-bulgaro-mihaylov-do-belenenses-morre-aos-63\/#breadcrumb\"},\"inLanguage\":\"pt-PT\",\"potentialAction\":[{\"@type\":\"ReadAction\",\"target\":[\"https:\/\/portaltela.pt\/noticias\/2026\/03\/31\/antigo-guarda-redes-bulgaro-mihaylov-do-belenenses-morre-aos-63\/\"]}]},{\"@type\":\"ImageObject\",\"inLanguage\":\"pt-PT\",\"@id\":\"https:\/\/portaltela.pt\/noticias\/2026\/03\/31\/antigo-guarda-redes-bulgaro-mihaylov-do-belenenses-morre-aos-63\/#primaryimage\",\"url\":\"https:\/\/portaltela.pt\/s.01k8rhncp4jt1\/2026\/03\/image-1857.jpg\",\"contentUrl\":\"https:\/\/portaltela.pt\/s.01k8rhncp4jt1\/2026\/03\/image-1857.jpg\",\"width\":796,\"height\":448,\"caption\":\"Borislav Mihaylov\"},{\"@type\":\"BreadcrumbList\",\"@id\":\"https:\/\/portaltela.pt\/noticias\/2026\/03\/31\/antigo-guarda-redes-bulgaro-mihaylov-do-belenenses-morre-aos-63\/#breadcrumb\",\"itemListElement\":[{\"@type\":\"ListItem\",\"position\":1,\"name\":\"In\u00edcio\",\"item\":\"https:\/\/portaltela.pt\/\"},{\"@type\":\"ListItem\",\"position\":2,\"name\":\"Antigo guarda-redes b\u00falgaro Mihaylov, do Belenenses, morre aos 63\"}]},{\"@type\":\"WebSite\",\"@id\":\"https:\/\/portaltela.pt\/#website\",\"url\":\"https:\/\/portaltela.pt\/\",\"name\":\"Portal Tela Portugal\",\"description\":\"\",\"potentialAction\":[{\"@type\":\"SearchAction\",\"target\":{\"@type\":\"EntryPoint\",\"urlTemplate\":\"https:\/\/portaltela.pt\/?s={search_term_string}\"},\"query-input\":{\"@type\":\"PropertyValueSpecification\",\"valueRequired\":true,\"valueName\":\"search_term_string\"}}],\"inLanguage\":\"pt-PT\"},{\"@type\":\"Person\",\"@id\":\"https:\/\/portaltela.pt\/#\/schema\/person\/c4278d4a6028830caff9ee44b42d32ed\",\"name\":\"Telinha\",\"image\":{\"@type\":\"ImageObject\",\"inLanguage\":\"pt-PT\",\"@id\":\"https:\/\/portaltela.pt\/s.01k8rhncp4jt1\/2025\/11\/talking-bot-125x125.png\",\"url\":\"https:\/\/portaltela.pt\/s.01k8rhncp4jt1\/2025\/11\/talking-bot-125x125.png\",\"contentUrl\":\"https:\/\/portaltela.pt\/s.01k8rhncp4jt1\/2025\/11\/talking-bot-125x125.png\",\"caption\":\"Telinha\"},\"sameAs\":[\"https:\/\/portaltela.pt\/\"],\"url\":\"https:\/\/portaltela.pt\/por\/367410592786\/\"}]}<\/script>\n<!-- \/ Yoast SEO plugin. -->","yoast_head_json":{"title":"Antigo guarda-redes b\u00falgaro Mihaylov, do Belenenses, morre aos 63 - Portal Tela Portugal","robots":{"index":"index","follow":"follow","max-snippet":"max-snippet:-1","max-image-preview":"max-image-preview:large","max-video-preview":"max-video-preview:-1"},"og_locale":"pt_PT","og_type":"article","og_title":"Antigo guarda-redes b\u00falgaro Mihaylov, do Belenenses, morre aos 63 - Portal Tela Portugal","og_description":"O antigo guarda-redes b\u00falgaro Borislav Mihaylov, tido como uma lenda do futebol do pa\u00eds, morreu aos 63 anos ap\u00f3s ter sofrido um AVC em novembro do ano passado. Mihaylov foi capit\u00e3o da sele\u00e7\u00e3o da Bulg\u00e1ria em 102 jogos e presidiu a Uni\u00e3o B\u00falgara de Futebol entre 2005 e 2024. Foi um dos her\u00f3is do Mundial de 1994, quando a Bulg\u00e1ria chegou \u00e0s meias-finais sob o comando do treinador Dimitar Penev. O legado do jogador \u00e9 lembrado por figuras como Hristo Stoichkov, que o descreveu como um grande homem e l\u00edder; a vi\u00fava, ginasta Maria Petrova, tamb\u00e9m lhe dedicou uma mensagem emocionada. A n\u00edvel de clubes, Mihaylov atuou no Levski, Botev e Slavia (Bulg\u00e1ria), bem como no Belenenses (Portugal), Mulhouse (Fran\u00e7a), Reading (Inglaterra) e Zurique (Su\u00ed\u00e7a); o filho Nikolay, tamb\u00e9m jogador, retirou-se no ano passado.","og_url":"https:\/\/portaltela.pt\/noticias\/2026\/03\/31\/antigo-guarda-redes-bulgaro-mihaylov-do-belenenses-morre-aos-63\/","og_site_name":"Portal Tela Portugal","article_published_time":"2026-03-31T12:16:33+00:00","author":"Telinha","twitter_card":"summary_large_image","twitter_misc":{"Escrito por":"Telinha","Tempo estimado de leitura":"1 minuto"},"schema":{"@context":"https:\/\/schema.org","@graph":[{"@type":"Article","@id":"https:\/\/portaltela.pt\/noticias\/2026\/03\/31\/antigo-guarda-redes-bulgaro-mihaylov-do-belenenses-morre-aos-63\/#article","isPartOf":{"@id":"https:\/\/portaltela.pt\/noticias\/2026\/03\/31\/antigo-guarda-redes-bulgaro-mihaylov-do-belenenses-morre-aos-63\/"},"author":{"name":"Telinha","@id":"https:\/\/portaltela.pt\/#\/schema\/person\/c4278d4a6028830caff9ee44b42d32ed"},"headline":"Antigo guarda-redes b\u00falgaro Mihaylov, do Belenenses, morre aos 63","datePublished":"2026-03-31T12:16:33+00:00","mainEntityOfPage":{"@id":"https:\/\/portaltela.pt\/noticias\/2026\/03\/31\/antigo-guarda-redes-bulgaro-mihaylov-do-belenenses-morre-aos-63\/"},"wordCount":211,"image":{"@id":"https:\/\/portaltela.pt\/noticias\/2026\/03\/31\/antigo-guarda-redes-bulgaro-mihaylov-do-belenenses-morre-aos-63\/#primaryimage"},"thumbnailUrl":"https:\/\/portaltela.pt\/s.01k8rhncp4jt1\/2026\/03\/image-1857.jpg","keywords":["a Bulg\u00e1ria","Belenenses","desporto","futebol","Portugal","Sele\u00e7\u00e3o Nacional"],"articleSection":["Desporto","Futebol"],"inLanguage":"pt-PT"},{"@type":"WebPage","@id":"https:\/\/portaltela.pt\/noticias\/2026\/03\/31\/antigo-guarda-redes-bulgaro-mihaylov-do-belenenses-morre-aos-63\/","url":"https:\/\/portaltela.pt\/noticias\/2026\/03\/31\/antigo-guarda-redes-bulgaro-mihaylov-do-belenenses-morre-aos-63\/","name":"Antigo guarda-redes b\u00falgaro Mihaylov, do Belenenses, morre aos 63 - Portal Tela Portugal","isPartOf":{"@id":"https:\/\/portaltela.pt\/#website"},"primaryImageOfPage":{"@id":"https:\/\/portaltela.pt\/noticias\/2026\/03\/31\/antigo-guarda-redes-bulgaro-mihaylov-do-belenenses-morre-aos-63\/#primaryimage"},"image":{"@id":"https:\/\/portaltela.pt\/noticias\/2026\/03\/31\/antigo-guarda-redes-bulgaro-mihaylov-do-belenenses-morre-aos-63\/#primaryimage"},"thumbnailUrl":"https:\/\/portaltela.pt\/s.01k8rhncp4jt1\/2026\/03\/image-1857.jpg","datePublished":"2026-03-31T12:16:33+00:00","author":{"@id":"https:\/\/portaltela.pt\/#\/schema\/person\/c4278d4a6028830caff9ee44b42d32ed"},"breadcrumb":{"@id":"https:\/\/portaltela.pt\/noticias\/2026\/03\/31\/antigo-guarda-redes-bulgaro-mihaylov-do-belenenses-morre-aos-63\/#breadcrumb"},"inLanguage":"pt-PT","potentialAction":[{"@type":"ReadAction","target":["https:\/\/portaltela.pt\/noticias\/2026\/03\/31\/antigo-guarda-redes-bulgaro-mihaylov-do-belenenses-morre-aos-63\/"]}]},{"@type":"ImageObject","inLanguage":"pt-PT","@id":"https:\/\/portaltela.pt\/noticias\/2026\/03\/31\/antigo-guarda-redes-bulgaro-mihaylov-do-belenenses-morre-aos-63\/#primaryimage","url":"https:\/\/portaltela.pt\/s.01k8rhncp4jt1\/2026\/03\/image-1857.jpg","contentUrl":"https:\/\/portaltela.pt\/s.01k8rhncp4jt1\/2026\/03\/image-1857.jpg","width":796,"height":448,"caption":"Borislav Mihaylov"},{"@type":"BreadcrumbList","@id":"https:\/\/portaltela.pt\/noticias\/2026\/03\/31\/antigo-guarda-redes-bulgaro-mihaylov-do-belenenses-morre-aos-63\/#breadcrumb","itemListElement":[{"@type":"ListItem","position":1,"name":"In\u00edcio","item":"https:\/\/portaltela.pt\/"},{"@type":"ListItem","position":2,"name":"Antigo guarda-redes b\u00falgaro Mihaylov, do Belenenses, morre aos 63"}]},{"@type":"WebSite","@id":"https:\/\/portaltela.pt\/#website","url":"https:\/\/portaltela.pt\/","name":"Portal Tela Portugal","description":"","potentialAction":[{"@type":"SearchAction","target":{"@type":"EntryPoint","urlTemplate":"https:\/\/portaltela.pt\/?s={search_term_string}"},"query-input":{"@type":"PropertyValueSpecification","valueRequired":true,"valueName":"search_term_string"}}],"inLanguage":"pt-PT"},{"@type":"Person","@id":"https:\/\/portaltela.pt\/#\/schema\/person\/c4278d4a6028830caff9ee44b42d32ed","name":"Telinha","image":{"@type":"ImageObject","inLanguage":"pt-PT","@id":"https:\/\/portaltela.pt\/s.01k8rhncp4jt1\/2025\/11\/talking-bot-125x125.png","url":"https:\/\/portaltela.pt\/s.01k8rhncp4jt1\/2025\/11\/talking-bot-125x125.png","contentUrl":"https:\/\/portaltela.pt\/s.01k8rhncp4jt1\/2025\/11\/talking-bot-125x125.png","caption":"Telinha"},"sameAs":["https:\/\/portaltela.pt\/"],"url":"https:\/\/portaltela.pt\/por\/367410592786\/"}]}},"_links":{"self":[{"href":"https:\/\/portaltela.pt\/api\/wp\/v2\/posts\/427677","targetHints":{"allow":["GET"]}}],"collection":[{"href":"https:\/\/portaltela.pt\/api\/wp\/v2\/posts"}],"about":[{"href":"https:\/\/portaltela.pt\/api\/wp\/v2\/types\/post"}],"author":[{"embeddable":true,"href":"https:\/\/portaltela.pt\/api\/wp\/v2\/users\/2"}],"replies":[{"embeddable":true,"href":"https:\/\/portaltela.pt\/api\/wp\/v2\/comments?post=427677"}],"version-history":[{"count":0,"href":"https:\/\/portaltela.pt\/api\/wp\/v2\/posts\/427677\/revisions"}],"wp:featuredmedia":[{"embeddable":true,"href":"https:\/\/portaltela.pt\/api\/wp\/v2\/media\/427684"}],"wp:attachment":[{"href":"https:\/\/portaltela.pt\/api\/wp\/v2\/media?parent=427677"}],"wp:term":[{"taxonomy":"category","embeddable":true,"href":"https:\/\/portaltela.pt\/api\/wp\/v2\/categories?post=427677"},{"taxonomy":"post_tag","embeddable":true,"href":"https:\/\/portaltela.pt\/api\/wp\/v2\/tags?post=427677"}],"curies":[{"name":"wp","href":"https:\/\/api.w.org\/{rel}","templated":true}]}}