{"id":427668,"date":"2026-03-31T09:16:25","date_gmt":"2026-03-31T12:16:25","guid":{"rendered":"https:\/\/portaltela.pt\/noticias\/2026\/03\/31\/pinturas-de-matisse-cezanne-e-renoir-roubadas-de-fundacao-italiana-2\/"},"modified":"2026-03-31T09:16:25","modified_gmt":"2026-03-31T12:16:25","slug":"pinturas-de-matisse-cezanne-e-renoir-roubadas-de-fundacao-italiana-2","status":"publish","type":"post","link":"https:\/\/portaltela.pt\/noticias\/2026\/03\/31\/pinturas-de-matisse-cezanne-e-renoir-roubadas-de-fundacao-italiana-2\/","title":{"rendered":"Pinturas de Matisse, C\u00e9zanne e Renoir roubadas de funda\u00e7\u00e3o italiana"},"content":{"rendered":"<p>Foram recuperadas v\u00e1rias obras de arte roubadas, entre elas pe\u00e7as de Henri Matisse, Paul C\u00e9zanne e Pierre-Auguste Renoir, furtadas de uma funda\u00e7\u00e3o em It\u00e1lia. A opera\u00e7\u00e3o ocorreu recentemente, ap\u00f3s uma investiga\u00e7\u00e3o que levou as autoridades a localizarem as obras numa resid\u00eancia na regi\u00e3o de Puglia, no sul do pa\u00eds.<\/p>\n<p>Segundo a pol\u00edcia, o roubo ocorreu em novembro do ano passado, quando ladr\u00f5es entraram na funda\u00e7\u00e3o e levaram v\u00e1rias pe\u00e7as valiosas. As obras foram encontradas durante uma busca e apreens\u00e3o numa casa de campo ligada ao caso.<\/p>\n<p>Entre os trabalhos devolvidos est\u00e3o pinturas de Matisse, C\u00e9zanne e Renoir, artistas de relevo do s\u00e9culo XX. A tela de Renoir, um \u00f3leo sobre tela, vale v\u00e1rios milh\u00f5es de euros e integra uma das poucas pe\u00e7as do artista da cole\u00e7\u00e3o permanente em It\u00e1lia.<\/p>\n<h3>Recupera\u00e7\u00e3o e pr\u00f3ximos passos<\/h3>\n<p>A opera\u00e7\u00e3o envolveu agentes de v\u00e1rias regi\u00f5es italianas e o Minist\u00e9rio da Cultura. As obras ser\u00e3o devolvidas \u00e0 funda\u00e7\u00e3o, que planeia uma nova exposi\u00e7\u00e3o dedicada ao impressionismo e ao p\u00f3s-impressionismo.<\/p>\n<p>A pol\u00edcia prossegue as investiga\u00e7\u00f5es para identificar os respons\u00e1veis pelo furto e localizar outras pe\u00e7as ainda desaparecidas. A funda\u00e7\u00e3o agradeceu o trabalho das autoridades e refor\u00e7ou a necessidade de prote\u00e7\u00e3o do patrim\u00f3nio art\u00edstico.<\/p>\n<h3>Impacto e contexto<\/h3>\n<p>A recupera\u00e7\u00e3o representa um avan\u00e7o no combate ao tr\u00e1fico de arte e ao crime organizado em It\u00e1lia. Autoridades reiteraram o compromisso de salvaguardar o patrim\u00f3nio cultural, p\u00fablico e privado, face a tentativas de desvaloriza\u00e7\u00e3o ou desvio de pe\u00e7as hist\u00f3ricas.<\/p>\n","protected":false},"excerpt":{"rendered":"<ul>\n<li>A pol\u00edcia italiana recuperou v\u00e1rias obras de arte roubadas de uma funda\u00e7\u00e3o em It\u00e1lia, incluindo pe\u00e7as de Henri Matisse, Paul C\u00e9zanne e Pierre-Auguste Renoir, escondidas numa casa de campo na regi\u00e3o de Puglia.<\/li>\n<li>O furto ocorreu em novembro do ano passado, quando os ladr\u00f5es arrombaram a funda\u00e7\u00e3o e levaram v\u00e1rias obras valiosas.<\/li>\n<li>A investiga\u00e7\u00e3o revelou que as obras estavam escondidas na resid\u00eancia, localizadas durante uma opera\u00e7\u00e3o de busca e apreens\u00e3o com colabora\u00e7\u00e3o de v\u00e1rias regi\u00f5es e do Minist\u00e9rio da Cultura.<\/li>\n<li>Entre as obras recuperadas est\u00e1 a pintura de Renoir, \u00f3leo sobre tela, avaliada em v\u00e1rios milh\u00f5es de euros, uma das poucas do artista em cole\u00e7\u00e3o permanente na It\u00e1lia.<\/li>\n<li>As pe\u00e7as ser\u00e3o devolvidas \u00e0 funda\u00e7\u00e3o, que planeia uma nova exposi\u00e7\u00e3o dedicada \u00e0 arte impressionista e p\u00f3s-impressionista; as autoridades v\u00e3o prosseguir as investiga\u00e7\u00f5es para identificar os respons\u00e1veis.<\/li>\n<\/ul>\n","protected":false},"author":2,"featured_media":427673,"comment_status":"closed","ping_status":"closed","sticky":false,"template":"","format":"standard","meta":{"footnotes":""},"categories":[7375,1],"tags":[70,4328,145,1857,814,203],"class_list":["post-427668","post","type-post","status-publish","format-standard","has-post-thumbnail","hentry","category-cultura","category-noticias","tag-arte","tag-artes-visuais","tag-cultura","tag-italia","tag-patrimonio","tag-roubo"],"yoast_head":"<!-- This site is optimized with the Yoast SEO plugin v27.2 - https:\/\/yoast.com\/product\/yoast-seo-wordpress\/ -->\n<title>Pinturas de Matisse, C\u00e9zanne e Renoir roubadas de funda\u00e7\u00e3o italiana - Portal Tela Portugal<\/title>\n<meta name=\"robots\" content=\"index, follow, max-snippet:-1, max-image-preview:large, max-video-preview:-1\" \/>\n<meta property=\"og:locale\" content=\"pt_PT\" \/>\n<meta property=\"og:type\" content=\"article\" \/>\n<meta property=\"og:title\" content=\"Pinturas de Matisse, C\u00e9zanne e Renoir roubadas de funda\u00e7\u00e3o italiana - Portal Tela Portugal\" \/>\n<meta property=\"og:description\" content=\"A pol\u00edcia italiana recuperou v\u00e1rias obras de arte roubadas de uma funda\u00e7\u00e3o em It\u00e1lia, incluindo pe\u00e7as de Henri Matisse, Paul C\u00e9zanne e Pierre-Auguste Renoir, escondidas numa casa de campo na regi\u00e3o de Puglia. O furto ocorreu em novembro do ano passado, quando os ladr\u00f5es arrombaram a funda\u00e7\u00e3o e levaram v\u00e1rias obras valiosas. A investiga\u00e7\u00e3o revelou que as obras estavam escondidas na resid\u00eancia, localizadas durante uma opera\u00e7\u00e3o de busca e apreens\u00e3o com colabora\u00e7\u00e3o de v\u00e1rias regi\u00f5es e do Minist\u00e9rio da Cultura. Entre as obras recuperadas est\u00e1 a pintura de Renoir, \u00f3leo sobre tela, avaliada em v\u00e1rios milh\u00f5es de euros, uma das poucas do artista em cole\u00e7\u00e3o permanente na It\u00e1lia. As pe\u00e7as ser\u00e3o devolvidas \u00e0 funda\u00e7\u00e3o, que planeia uma nova exposi\u00e7\u00e3o dedicada \u00e0 arte impressionista e p\u00f3s-impressionista; as autoridades v\u00e3o prosseguir as investiga\u00e7\u00f5es para identificar os respons\u00e1veis.\" \/>\n<meta property=\"og:url\" content=\"https:\/\/portaltela.pt\/noticias\/2026\/03\/31\/pinturas-de-matisse-cezanne-e-renoir-roubadas-de-fundacao-italiana-2\/\" \/>\n<meta property=\"og:site_name\" content=\"Portal Tela Portugal\" \/>\n<meta property=\"article:published_time\" content=\"2026-03-31T12:16:25+00:00\" \/>\n<meta name=\"author\" content=\"Telinha\" \/>\n<meta name=\"twitter:card\" content=\"summary_large_image\" \/>\n<meta name=\"twitter:label1\" content=\"Escrito por\" \/>\n\t<meta name=\"twitter:data1\" content=\"Telinha\" \/>\n\t<meta name=\"twitter:label2\" content=\"Tempo estimado de leitura\" \/>\n\t<meta name=\"twitter:data2\" content=\"1 minuto\" \/>\n<script type=\"application\/ld+json\" class=\"yoast-schema-graph\">{\"@context\":\"https:\/\/schema.org\",\"@graph\":[{\"@type\":\"Article\",\"@id\":\"https:\/\/portaltela.pt\/noticias\/2026\/03\/31\/pinturas-de-matisse-cezanne-e-renoir-roubadas-de-fundacao-italiana-2\/#article\",\"isPartOf\":{\"@id\":\"https:\/\/portaltela.pt\/noticias\/2026\/03\/31\/pinturas-de-matisse-cezanne-e-renoir-roubadas-de-fundacao-italiana-2\/\"},\"author\":{\"name\":\"Telinha\",\"@id\":\"https:\/\/portaltela.pt\/#\/schema\/person\/c4278d4a6028830caff9ee44b42d32ed\"},\"headline\":\"Pinturas de Matisse, C\u00e9zanne e Renoir roubadas de funda\u00e7\u00e3o italiana\",\"datePublished\":\"2026-03-31T12:16:25+00:00\",\"mainEntityOfPage\":{\"@id\":\"https:\/\/portaltela.pt\/noticias\/2026\/03\/31\/pinturas-de-matisse-cezanne-e-renoir-roubadas-de-fundacao-italiana-2\/\"},\"wordCount\":302,\"image\":{\"@id\":\"https:\/\/portaltela.pt\/noticias\/2026\/03\/31\/pinturas-de-matisse-cezanne-e-renoir-roubadas-de-fundacao-italiana-2\/#primaryimage\"},\"thumbnailUrl\":\"https:\/\/portaltela.pt\/s.01k8rhncp4jt1\/2026\/03\/img_1280x722uu2023-11-11-12-09-54-1490454.jpg\",\"keywords\":[\"arte\",\"Artes Visuais\",\"cultura\",\"It\u00e1lia\",\"patrim\u00f3nio\",\"roubo\"],\"articleSection\":[\"Cultura\",\"Not\u00edcias\"],\"inLanguage\":\"pt-PT\"},{\"@type\":\"WebPage\",\"@id\":\"https:\/\/portaltela.pt\/noticias\/2026\/03\/31\/pinturas-de-matisse-cezanne-e-renoir-roubadas-de-fundacao-italiana-2\/\",\"url\":\"https:\/\/portaltela.pt\/noticias\/2026\/03\/31\/pinturas-de-matisse-cezanne-e-renoir-roubadas-de-fundacao-italiana-2\/\",\"name\":\"Pinturas de Matisse, C\u00e9zanne e Renoir roubadas de funda\u00e7\u00e3o italiana - Portal Tela Portugal\",\"isPartOf\":{\"@id\":\"https:\/\/portaltela.pt\/#website\"},\"primaryImageOfPage\":{\"@id\":\"https:\/\/portaltela.pt\/noticias\/2026\/03\/31\/pinturas-de-matisse-cezanne-e-renoir-roubadas-de-fundacao-italiana-2\/#primaryimage\"},\"image\":{\"@id\":\"https:\/\/portaltela.pt\/noticias\/2026\/03\/31\/pinturas-de-matisse-cezanne-e-renoir-roubadas-de-fundacao-italiana-2\/#primaryimage\"},\"thumbnailUrl\":\"https:\/\/portaltela.pt\/s.01k8rhncp4jt1\/2026\/03\/img_1280x722uu2023-11-11-12-09-54-1490454.jpg\",\"datePublished\":\"2026-03-31T12:16:25+00:00\",\"author\":{\"@id\":\"https:\/\/portaltela.pt\/#\/schema\/person\/c4278d4a6028830caff9ee44b42d32ed\"},\"breadcrumb\":{\"@id\":\"https:\/\/portaltela.pt\/noticias\/2026\/03\/31\/pinturas-de-matisse-cezanne-e-renoir-roubadas-de-fundacao-italiana-2\/#breadcrumb\"},\"inLanguage\":\"pt-PT\",\"potentialAction\":[{\"@type\":\"ReadAction\",\"target\":[\"https:\/\/portaltela.pt\/noticias\/2026\/03\/31\/pinturas-de-matisse-cezanne-e-renoir-roubadas-de-fundacao-italiana-2\/\"]}]},{\"@type\":\"ImageObject\",\"inLanguage\":\"pt-PT\",\"@id\":\"https:\/\/portaltela.pt\/noticias\/2026\/03\/31\/pinturas-de-matisse-cezanne-e-renoir-roubadas-de-fundacao-italiana-2\/#primaryimage\",\"url\":\"https:\/\/portaltela.pt\/s.01k8rhncp4jt1\/2026\/03\/img_1280x722uu2023-11-11-12-09-54-1490454.jpg\",\"contentUrl\":\"https:\/\/portaltela.pt\/s.01k8rhncp4jt1\/2026\/03\/img_1280x722uu2023-11-11-12-09-54-1490454.jpg\",\"width\":796,\"height\":448,\"caption\":\"Photo\"},{\"@type\":\"BreadcrumbList\",\"@id\":\"https:\/\/portaltela.pt\/noticias\/2026\/03\/31\/pinturas-de-matisse-cezanne-e-renoir-roubadas-de-fundacao-italiana-2\/#breadcrumb\",\"itemListElement\":[{\"@type\":\"ListItem\",\"position\":1,\"name\":\"In\u00edcio\",\"item\":\"https:\/\/portaltela.pt\/\"},{\"@type\":\"ListItem\",\"position\":2,\"name\":\"Pinturas de Matisse, C\u00e9zanne e Renoir roubadas de funda\u00e7\u00e3o italiana\"}]},{\"@type\":\"WebSite\",\"@id\":\"https:\/\/portaltela.pt\/#website\",\"url\":\"https:\/\/portaltela.pt\/\",\"name\":\"Portal Tela Portugal\",\"description\":\"\",\"potentialAction\":[{\"@type\":\"SearchAction\",\"target\":{\"@type\":\"EntryPoint\",\"urlTemplate\":\"https:\/\/portaltela.pt\/?s={search_term_string}\"},\"query-input\":{\"@type\":\"PropertyValueSpecification\",\"valueRequired\":true,\"valueName\":\"search_term_string\"}}],\"inLanguage\":\"pt-PT\"},{\"@type\":\"Person\",\"@id\":\"https:\/\/portaltela.pt\/#\/schema\/person\/c4278d4a6028830caff9ee44b42d32ed\",\"name\":\"Telinha\",\"image\":{\"@type\":\"ImageObject\",\"inLanguage\":\"pt-PT\",\"@id\":\"https:\/\/portaltela.pt\/s.01k8rhncp4jt1\/2025\/11\/talking-bot-125x125.png\",\"url\":\"https:\/\/portaltela.pt\/s.01k8rhncp4jt1\/2025\/11\/talking-bot-125x125.png\",\"contentUrl\":\"https:\/\/portaltela.pt\/s.01k8rhncp4jt1\/2025\/11\/talking-bot-125x125.png\",\"caption\":\"Telinha\"},\"sameAs\":[\"https:\/\/portaltela.pt\/\"],\"url\":\"https:\/\/portaltela.pt\/por\/367410592786\/\"}]}<\/script>\n<!-- \/ Yoast SEO plugin. -->","yoast_head_json":{"title":"Pinturas de Matisse, C\u00e9zanne e Renoir roubadas de funda\u00e7\u00e3o italiana - Portal Tela Portugal","robots":{"index":"index","follow":"follow","max-snippet":"max-snippet:-1","max-image-preview":"max-image-preview:large","max-video-preview":"max-video-preview:-1"},"og_locale":"pt_PT","og_type":"article","og_title":"Pinturas de Matisse, C\u00e9zanne e Renoir roubadas de funda\u00e7\u00e3o italiana - Portal Tela Portugal","og_description":"A pol\u00edcia italiana recuperou v\u00e1rias obras de arte roubadas de uma funda\u00e7\u00e3o em It\u00e1lia, incluindo pe\u00e7as de Henri Matisse, Paul C\u00e9zanne e Pierre-Auguste Renoir, escondidas numa casa de campo na regi\u00e3o de Puglia. O furto ocorreu em novembro do ano passado, quando os ladr\u00f5es arrombaram a funda\u00e7\u00e3o e levaram v\u00e1rias obras valiosas. A investiga\u00e7\u00e3o revelou que as obras estavam escondidas na resid\u00eancia, localizadas durante uma opera\u00e7\u00e3o de busca e apreens\u00e3o com colabora\u00e7\u00e3o de v\u00e1rias regi\u00f5es e do Minist\u00e9rio da Cultura. Entre as obras recuperadas est\u00e1 a pintura de Renoir, \u00f3leo sobre tela, avaliada em v\u00e1rios milh\u00f5es de euros, uma das poucas do artista em cole\u00e7\u00e3o permanente na It\u00e1lia. As pe\u00e7as ser\u00e3o devolvidas \u00e0 funda\u00e7\u00e3o, que planeia uma nova exposi\u00e7\u00e3o dedicada \u00e0 arte impressionista e p\u00f3s-impressionista; as autoridades v\u00e3o prosseguir as investiga\u00e7\u00f5es para identificar os respons\u00e1veis.","og_url":"https:\/\/portaltela.pt\/noticias\/2026\/03\/31\/pinturas-de-matisse-cezanne-e-renoir-roubadas-de-fundacao-italiana-2\/","og_site_name":"Portal Tela Portugal","article_published_time":"2026-03-31T12:16:25+00:00","author":"Telinha","twitter_card":"summary_large_image","twitter_misc":{"Escrito por":"Telinha","Tempo estimado de leitura":"1 minuto"},"schema":{"@context":"https:\/\/schema.org","@graph":[{"@type":"Article","@id":"https:\/\/portaltela.pt\/noticias\/2026\/03\/31\/pinturas-de-matisse-cezanne-e-renoir-roubadas-de-fundacao-italiana-2\/#article","isPartOf":{"@id":"https:\/\/portaltela.pt\/noticias\/2026\/03\/31\/pinturas-de-matisse-cezanne-e-renoir-roubadas-de-fundacao-italiana-2\/"},"author":{"name":"Telinha","@id":"https:\/\/portaltela.pt\/#\/schema\/person\/c4278d4a6028830caff9ee44b42d32ed"},"headline":"Pinturas de Matisse, C\u00e9zanne e Renoir roubadas de funda\u00e7\u00e3o italiana","datePublished":"2026-03-31T12:16:25+00:00","mainEntityOfPage":{"@id":"https:\/\/portaltela.pt\/noticias\/2026\/03\/31\/pinturas-de-matisse-cezanne-e-renoir-roubadas-de-fundacao-italiana-2\/"},"wordCount":302,"image":{"@id":"https:\/\/portaltela.pt\/noticias\/2026\/03\/31\/pinturas-de-matisse-cezanne-e-renoir-roubadas-de-fundacao-italiana-2\/#primaryimage"},"thumbnailUrl":"https:\/\/portaltela.pt\/s.01k8rhncp4jt1\/2026\/03\/img_1280x722uu2023-11-11-12-09-54-1490454.jpg","keywords":["arte","Artes Visuais","cultura","It\u00e1lia","patrim\u00f3nio","roubo"],"articleSection":["Cultura","Not\u00edcias"],"inLanguage":"pt-PT"},{"@type":"WebPage","@id":"https:\/\/portaltela.pt\/noticias\/2026\/03\/31\/pinturas-de-matisse-cezanne-e-renoir-roubadas-de-fundacao-italiana-2\/","url":"https:\/\/portaltela.pt\/noticias\/2026\/03\/31\/pinturas-de-matisse-cezanne-e-renoir-roubadas-de-fundacao-italiana-2\/","name":"Pinturas de Matisse, C\u00e9zanne e Renoir roubadas de funda\u00e7\u00e3o italiana - Portal Tela Portugal","isPartOf":{"@id":"https:\/\/portaltela.pt\/#website"},"primaryImageOfPage":{"@id":"https:\/\/portaltela.pt\/noticias\/2026\/03\/31\/pinturas-de-matisse-cezanne-e-renoir-roubadas-de-fundacao-italiana-2\/#primaryimage"},"image":{"@id":"https:\/\/portaltela.pt\/noticias\/2026\/03\/31\/pinturas-de-matisse-cezanne-e-renoir-roubadas-de-fundacao-italiana-2\/#primaryimage"},"thumbnailUrl":"https:\/\/portaltela.pt\/s.01k8rhncp4jt1\/2026\/03\/img_1280x722uu2023-11-11-12-09-54-1490454.jpg","datePublished":"2026-03-31T12:16:25+00:00","author":{"@id":"https:\/\/portaltela.pt\/#\/schema\/person\/c4278d4a6028830caff9ee44b42d32ed"},"breadcrumb":{"@id":"https:\/\/portaltela.pt\/noticias\/2026\/03\/31\/pinturas-de-matisse-cezanne-e-renoir-roubadas-de-fundacao-italiana-2\/#breadcrumb"},"inLanguage":"pt-PT","potentialAction":[{"@type":"ReadAction","target":["https:\/\/portaltela.pt\/noticias\/2026\/03\/31\/pinturas-de-matisse-cezanne-e-renoir-roubadas-de-fundacao-italiana-2\/"]}]},{"@type":"ImageObject","inLanguage":"pt-PT","@id":"https:\/\/portaltela.pt\/noticias\/2026\/03\/31\/pinturas-de-matisse-cezanne-e-renoir-roubadas-de-fundacao-italiana-2\/#primaryimage","url":"https:\/\/portaltela.pt\/s.01k8rhncp4jt1\/2026\/03\/img_1280x722uu2023-11-11-12-09-54-1490454.jpg","contentUrl":"https:\/\/portaltela.pt\/s.01k8rhncp4jt1\/2026\/03\/img_1280x722uu2023-11-11-12-09-54-1490454.jpg","width":796,"height":448,"caption":"Photo"},{"@type":"BreadcrumbList","@id":"https:\/\/portaltela.pt\/noticias\/2026\/03\/31\/pinturas-de-matisse-cezanne-e-renoir-roubadas-de-fundacao-italiana-2\/#breadcrumb","itemListElement":[{"@type":"ListItem","position":1,"name":"In\u00edcio","item":"https:\/\/portaltela.pt\/"},{"@type":"ListItem","position":2,"name":"Pinturas de Matisse, C\u00e9zanne e Renoir roubadas de funda\u00e7\u00e3o italiana"}]},{"@type":"WebSite","@id":"https:\/\/portaltela.pt\/#website","url":"https:\/\/portaltela.pt\/","name":"Portal Tela Portugal","description":"","potentialAction":[{"@type":"SearchAction","target":{"@type":"EntryPoint","urlTemplate":"https:\/\/portaltela.pt\/?s={search_term_string}"},"query-input":{"@type":"PropertyValueSpecification","valueRequired":true,"valueName":"search_term_string"}}],"inLanguage":"pt-PT"},{"@type":"Person","@id":"https:\/\/portaltela.pt\/#\/schema\/person\/c4278d4a6028830caff9ee44b42d32ed","name":"Telinha","image":{"@type":"ImageObject","inLanguage":"pt-PT","@id":"https:\/\/portaltela.pt\/s.01k8rhncp4jt1\/2025\/11\/talking-bot-125x125.png","url":"https:\/\/portaltela.pt\/s.01k8rhncp4jt1\/2025\/11\/talking-bot-125x125.png","contentUrl":"https:\/\/portaltela.pt\/s.01k8rhncp4jt1\/2025\/11\/talking-bot-125x125.png","caption":"Telinha"},"sameAs":["https:\/\/portaltela.pt\/"],"url":"https:\/\/portaltela.pt\/por\/367410592786\/"}]}},"_links":{"self":[{"href":"https:\/\/portaltela.pt\/api\/wp\/v2\/posts\/427668","targetHints":{"allow":["GET"]}}],"collection":[{"href":"https:\/\/portaltela.pt\/api\/wp\/v2\/posts"}],"about":[{"href":"https:\/\/portaltela.pt\/api\/wp\/v2\/types\/post"}],"author":[{"embeddable":true,"href":"https:\/\/portaltela.pt\/api\/wp\/v2\/users\/2"}],"replies":[{"embeddable":true,"href":"https:\/\/portaltela.pt\/api\/wp\/v2\/comments?post=427668"}],"version-history":[{"count":0,"href":"https:\/\/portaltela.pt\/api\/wp\/v2\/posts\/427668\/revisions"}],"wp:featuredmedia":[{"embeddable":true,"href":"https:\/\/portaltela.pt\/api\/wp\/v2\/media\/427673"}],"wp:attachment":[{"href":"https:\/\/portaltela.pt\/api\/wp\/v2\/media?parent=427668"}],"wp:term":[{"taxonomy":"category","embeddable":true,"href":"https:\/\/portaltela.pt\/api\/wp\/v2\/categories?post=427668"},{"taxonomy":"post_tag","embeddable":true,"href":"https:\/\/portaltela.pt\/api\/wp\/v2\/tags?post=427668"}],"curies":[{"name":"wp","href":"https:\/\/api.w.org\/{rel}","templated":true}]}}