{"id":427659,"date":"2026-03-31T09:16:21","date_gmt":"2026-03-31T12:16:21","guid":{"rendered":"https:\/\/portaltela.pt\/noticias\/2026\/03\/31\/congressista-dos-eua-pede-encontro-privado-entre-carlos-iii-e-vitimas-de-epstein\/"},"modified":"2026-03-31T09:16:21","modified_gmt":"2026-03-31T12:16:21","slug":"congressista-dos-eua-pede-encontro-privado-entre-carlos-iii-e-vitimas-de-epstein","status":"publish","type":"post","link":"https:\/\/portaltela.pt\/noticias\/politica\/2026\/03\/31\/congressista-dos-eua-pede-encontro-privado-entre-carlos-iii-e-vitimas-de-epstein\/","title":{"rendered":"Congressista dos EUA pede encontro privado entre Carlos III e v\u00edtimas de Epstein"},"content":{"rendered":"<p>Ro Khanna, congressista dos EUA, pediu ao rei Carlos III que se encontre em privado com as v\u00edtimas de Epstein durante uma potencial visita de Estado aos EUA em abril. O objetivo \u00e9 que o monarca perceba como as institui\u00e7\u00f5es brit\u00e2nicas foram envolvidas, segundo o parlamentar democrata.<\/p>\n<p>Khanna mostrou que a rede Epstein tinha la\u00e7os com o Reino Unido atrav\u00e9s de Ghislaine Maxwell, rela\u00e7\u00f5es com figuras p\u00fablicas brit\u00e2nicas e c\u00edrculos sociais e pol\u00edticos onde atuava. O pedido surge no contexto de divulga\u00e7\u00e3o de documentos do caso Epstein pelos EUA.<\/p>\n<p>O deputado norte-americano acrescenta que um encontro privado pode ajudar a esclarecer informa\u00e7\u00f5es relevantes para investiga\u00e7\u00f5es em curso, incluindo as que envolvem o ex-pr\u00edncipe Andr\u00e9. A ideia passa por ouvir diretamente as v\u00edtimas para promover transpar\u00eancia e responsabilidade institucional.<\/p>\n<h3>Liga\u00e7\u00f5es entre Epstein e o Reino Unido<\/h3>\n<p>Entre as figuras brit\u00e2nicas associadas a Epstein est\u00e1 o ex-pr\u00edncipe Andr\u00e9, que enfrentou acusa\u00e7\u00f5es de abuso sexual por Virginia Giuffre e, mais recentemente, est\u00e1 sob investiga\u00e7\u00e3o por suposta m\u00e1-conduta no exerc\u00edcio de fun\u00e7\u00f5es p\u00fablicas. A poss\u00edvel reuni\u00e3o procuraria esclarecer informa\u00e7\u00f5es que possam influenciar investiga\u00e7\u00f5es em curso.<\/p>\n<p>Khanna enfatiza que as liga\u00e7\u00f5es de Epstein levantam quest\u00f5es sobre como manteve influ\u00eancia e prote\u00e7\u00e3o al\u00e9m-fronteiras ao longo do tempo. O congressista tamb\u00e9m sugere que o encontro com Carlos III pode fornecer informa\u00e7\u00f5es que institui\u00e7\u00f5es brit\u00e2nicas utilizem nas dilig\u00eancias atuais.<\/p>\n<h3>Situa\u00e7\u00e3o da visita e pr\u00f3ximos passos<\/h3>\n<p>N\u00e3o h\u00e1 confirma\u00e7\u00e3o oficial sobre a visita de Estado de Carlos III e da rainha Camila aos EUA, no \u00e2mbito dos 250 anos da Declara\u00e7\u00e3o da Independ\u00eancia. A imprensa brit\u00e2nica indica que, se ocorrer, o encontro presidencial e uma passagem pelo Congresso est\u00e3o entre as possibilidades. O tema permanece sujeito a an\u00fancios oficiais.<\/p>\n<p>A fam\u00edlia real tem mantido a agenda habitual, distante da pol\u00e9mica envolvendo Andrew, que abd icou de t\u00edtulos em outubro. A imprensa observa que as filhas do duque de York, Beatrice e Eugenie, n\u00e3o participar\u00e3o nas celebra\u00e7\u00f5es da P\u00e1scoa no Castelo de Windsor, decis\u00e3o atribu\u00edda \u00e0s sobrinhas de Carlos.<\/p>\n","protected":false},"excerpt":{"rendered":"<ul>\n<li>O congressista Ro Khanna escreveu ao rei Carlos III a pedir um encontro privado com as v\u00edtimas de Epstein durante uma poss\u00edvel visita de Estado aos EUA em abril, para falar sobre o impacto das institui\u00e7\u00f5es naquelas mulheres.<\/li>\n<li>Khanna sublinha que a rede de Epstein mantinha la\u00e7os significativos com o Reino Unido, atrav\u00e9s de Ghislaine Maxwell e de liga\u00e7\u00f5es com figuras brit\u00e2nicas e c\u00edrculos sociais e pol\u00edticos.<\/li>\n<li>O ex-pr\u00edncipe Andr\u00e9, irm\u00e3o de Carlos III, \u00e9 citado entre essas pessoas; ele enfrenta investiga\u00e7\u00f5es por suspeita de conduta impr\u00f3pria em fun\u00e7\u00f5es p\u00fablicas.<\/li>\n<li>Segundo o congressista, um encontro entre Carlos III e as v\u00edtimas pode ajudar as investiga\u00e7\u00f5es em curso e permitir que as testemunhas sejam ouvidas com transpar\u00eancia e responsabilidade.<\/li>\n<li>Ainda n\u00e3o h\u00e1 confirma\u00e7\u00e3o oficial da visita de Estado de Carlos III e da rainha Camila; as filhas Beatriz e Eugenia n\u00e3o ir\u00e3o \u00e0s celebra\u00e7\u00f5es da P\u00e1scoa no Castelo de Windsor, decis\u00e3o tomada pelas sobrinhas do rei.<\/li>\n<\/ul>\n","protected":false},"author":2,"featured_media":427671,"comment_status":"closed","ping_status":"closed","sticky":false,"template":"","format":"standard","meta":{"footnotes":""},"categories":[6912,5],"tags":[4120,2633,5661,2832,5698,2111],"class_list":["post-427659","post","type-post","status-publish","format-standard","has-post-thumbnail","hentry","category-internacionais","category-politica","tag-congresso-nacional","tag-direitos-humanos","tag-pessoas-publicas","tag-politica","tag-politica-internacional","tag-reino-unido"],"yoast_head":"<!-- This site is optimized with the Yoast SEO plugin v27.2 - https:\/\/yoast.com\/product\/yoast-seo-wordpress\/ -->\n<title>Congressista dos EUA pede encontro privado entre Carlos III e v\u00edtimas de Epstein - Portal Tela Portugal<\/title>\n<meta name=\"robots\" content=\"index, follow, max-snippet:-1, max-image-preview:large, max-video-preview:-1\" \/>\n<meta property=\"og:locale\" content=\"pt_PT\" \/>\n<meta property=\"og:type\" content=\"article\" \/>\n<meta property=\"og:title\" content=\"Congressista dos EUA pede encontro privado entre Carlos III e v\u00edtimas de Epstein - Portal Tela Portugal\" \/>\n<meta property=\"og:description\" content=\"O congressista Ro Khanna escreveu ao rei Carlos III a pedir um encontro privado com as v\u00edtimas de Epstein durante uma poss\u00edvel visita de Estado aos EUA em abril, para falar sobre o impacto das institui\u00e7\u00f5es naquelas mulheres. Khanna sublinha que a rede de Epstein mantinha la\u00e7os significativos com o Reino Unido, atrav\u00e9s de Ghislaine Maxwell e de liga\u00e7\u00f5es com figuras brit\u00e2nicas e c\u00edrculos sociais e pol\u00edticos. O ex-pr\u00edncipe Andr\u00e9, irm\u00e3o de Carlos III, \u00e9 citado entre essas pessoas; ele enfrenta investiga\u00e7\u00f5es por suspeita de conduta impr\u00f3pria em fun\u00e7\u00f5es p\u00fablicas. Segundo o congressista, um encontro entre Carlos III e as v\u00edtimas pode ajudar as investiga\u00e7\u00f5es em curso e permitir que as testemunhas sejam ouvidas com transpar\u00eancia e responsabilidade. Ainda n\u00e3o h\u00e1 confirma\u00e7\u00e3o oficial da visita de Estado de Carlos III e da rainha Camila; as filhas Beatriz e Eugenia n\u00e3o ir\u00e3o \u00e0s celebra\u00e7\u00f5es da P\u00e1scoa no Castelo de Windsor, decis\u00e3o tomada pelas sobrinhas do rei.\" \/>\n<meta property=\"og:url\" content=\"https:\/\/portaltela.pt\/noticias\/2026\/03\/31\/congressista-dos-eua-pede-encontro-privado-entre-carlos-iii-e-vitimas-de-epstein\/\" \/>\n<meta property=\"og:site_name\" content=\"Portal Tela Portugal\" \/>\n<meta property=\"article:published_time\" content=\"2026-03-31T12:16:21+00:00\" \/>\n<meta name=\"author\" content=\"Telinha\" \/>\n<meta name=\"twitter:card\" content=\"summary_large_image\" \/>\n<meta name=\"twitter:label1\" content=\"Escrito por\" \/>\n\t<meta name=\"twitter:data1\" content=\"Telinha\" \/>\n\t<meta name=\"twitter:label2\" content=\"Tempo estimado de leitura\" \/>\n\t<meta name=\"twitter:data2\" content=\"2 minutos\" \/>\n<script type=\"application\/ld+json\" class=\"yoast-schema-graph\">{\"@context\":\"https:\/\/schema.org\",\"@graph\":[{\"@type\":\"Article\",\"@id\":\"https:\/\/portaltela.pt\/noticias\/2026\/03\/31\/congressista-dos-eua-pede-encontro-privado-entre-carlos-iii-e-vitimas-de-epstein\/#article\",\"isPartOf\":{\"@id\":\"https:\/\/portaltela.pt\/noticias\/2026\/03\/31\/congressista-dos-eua-pede-encontro-privado-entre-carlos-iii-e-vitimas-de-epstein\/\"},\"author\":{\"name\":\"Telinha\",\"@id\":\"https:\/\/portaltela.pt\/#\/schema\/person\/c4278d4a6028830caff9ee44b42d32ed\"},\"headline\":\"Congressista dos EUA pede encontro privado entre Carlos III e v\u00edtimas de Epstein\",\"datePublished\":\"2026-03-31T12:16:21+00:00\",\"mainEntityOfPage\":{\"@id\":\"https:\/\/portaltela.pt\/noticias\/2026\/03\/31\/congressista-dos-eua-pede-encontro-privado-entre-carlos-iii-e-vitimas-de-epstein\/\"},\"wordCount\":398,\"image\":{\"@id\":\"https:\/\/portaltela.pt\/noticias\/2026\/03\/31\/congressista-dos-eua-pede-encontro-privado-entre-carlos-iii-e-vitimas-de-epstein\/#primaryimage\"},\"thumbnailUrl\":\"https:\/\/portaltela.pt\/s.01k8rhncp4jt1\/2026\/03\/2078175.jpg\",\"keywords\":[\"Congresso Nacional\",\"direitos humanos\",\"pessoas p\u00fablicas\",\"pol\u00edtica\",\"pol\u00edtica internacional\",\"Reino Unido\"],\"articleSection\":[\"Internacionais\",\"Pol\u00edtica\"],\"inLanguage\":\"pt-PT\"},{\"@type\":\"WebPage\",\"@id\":\"https:\/\/portaltela.pt\/noticias\/2026\/03\/31\/congressista-dos-eua-pede-encontro-privado-entre-carlos-iii-e-vitimas-de-epstein\/\",\"url\":\"https:\/\/portaltela.pt\/noticias\/2026\/03\/31\/congressista-dos-eua-pede-encontro-privado-entre-carlos-iii-e-vitimas-de-epstein\/\",\"name\":\"Congressista dos EUA pede encontro privado entre Carlos III e v\u00edtimas de Epstein - Portal Tela Portugal\",\"isPartOf\":{\"@id\":\"https:\/\/portaltela.pt\/#website\"},\"primaryImageOfPage\":{\"@id\":\"https:\/\/portaltela.pt\/noticias\/2026\/03\/31\/congressista-dos-eua-pede-encontro-privado-entre-carlos-iii-e-vitimas-de-epstein\/#primaryimage\"},\"image\":{\"@id\":\"https:\/\/portaltela.pt\/noticias\/2026\/03\/31\/congressista-dos-eua-pede-encontro-privado-entre-carlos-iii-e-vitimas-de-epstein\/#primaryimage\"},\"thumbnailUrl\":\"https:\/\/portaltela.pt\/s.01k8rhncp4jt1\/2026\/03\/2078175.jpg\",\"datePublished\":\"2026-03-31T12:16:21+00:00\",\"author\":{\"@id\":\"https:\/\/portaltela.pt\/#\/schema\/person\/c4278d4a6028830caff9ee44b42d32ed\"},\"breadcrumb\":{\"@id\":\"https:\/\/portaltela.pt\/noticias\/2026\/03\/31\/congressista-dos-eua-pede-encontro-privado-entre-carlos-iii-e-vitimas-de-epstein\/#breadcrumb\"},\"inLanguage\":\"pt-PT\",\"potentialAction\":[{\"@type\":\"ReadAction\",\"target\":[\"https:\/\/portaltela.pt\/noticias\/2026\/03\/31\/congressista-dos-eua-pede-encontro-privado-entre-carlos-iii-e-vitimas-de-epstein\/\"]}]},{\"@type\":\"ImageObject\",\"inLanguage\":\"pt-PT\",\"@id\":\"https:\/\/portaltela.pt\/noticias\/2026\/03\/31\/congressista-dos-eua-pede-encontro-privado-entre-carlos-iii-e-vitimas-de-epstein\/#primaryimage\",\"url\":\"https:\/\/portaltela.pt\/s.01k8rhncp4jt1\/2026\/03\/2078175.jpg\",\"contentUrl\":\"https:\/\/portaltela.pt\/s.01k8rhncp4jt1\/2026\/03\/2078175.jpg\",\"width\":796,\"height\":448,\"caption\":\"A visita de Carlos e Camila aos EUA ainda n\u00e3o est\u00e1 confirmada\"},{\"@type\":\"BreadcrumbList\",\"@id\":\"https:\/\/portaltela.pt\/noticias\/2026\/03\/31\/congressista-dos-eua-pede-encontro-privado-entre-carlos-iii-e-vitimas-de-epstein\/#breadcrumb\",\"itemListElement\":[{\"@type\":\"ListItem\",\"position\":1,\"name\":\"In\u00edcio\",\"item\":\"https:\/\/portaltela.pt\/\"},{\"@type\":\"ListItem\",\"position\":2,\"name\":\"Congressista dos EUA pede encontro privado entre Carlos III e v\u00edtimas de Epstein\"}]},{\"@type\":\"WebSite\",\"@id\":\"https:\/\/portaltela.pt\/#website\",\"url\":\"https:\/\/portaltela.pt\/\",\"name\":\"Portal Tela Portugal\",\"description\":\"\",\"potentialAction\":[{\"@type\":\"SearchAction\",\"target\":{\"@type\":\"EntryPoint\",\"urlTemplate\":\"https:\/\/portaltela.pt\/?s={search_term_string}\"},\"query-input\":{\"@type\":\"PropertyValueSpecification\",\"valueRequired\":true,\"valueName\":\"search_term_string\"}}],\"inLanguage\":\"pt-PT\"},{\"@type\":\"Person\",\"@id\":\"https:\/\/portaltela.pt\/#\/schema\/person\/c4278d4a6028830caff9ee44b42d32ed\",\"name\":\"Telinha\",\"image\":{\"@type\":\"ImageObject\",\"inLanguage\":\"pt-PT\",\"@id\":\"https:\/\/portaltela.pt\/s.01k8rhncp4jt1\/2025\/11\/talking-bot-125x125.png\",\"url\":\"https:\/\/portaltela.pt\/s.01k8rhncp4jt1\/2025\/11\/talking-bot-125x125.png\",\"contentUrl\":\"https:\/\/portaltela.pt\/s.01k8rhncp4jt1\/2025\/11\/talking-bot-125x125.png\",\"caption\":\"Telinha\"},\"sameAs\":[\"https:\/\/portaltela.pt\/\"],\"url\":\"https:\/\/portaltela.pt\/por\/367410592786\/\"}]}<\/script>\n<!-- \/ Yoast SEO plugin. -->","yoast_head_json":{"title":"Congressista dos EUA pede encontro privado entre Carlos III e v\u00edtimas de Epstein - Portal Tela Portugal","robots":{"index":"index","follow":"follow","max-snippet":"max-snippet:-1","max-image-preview":"max-image-preview:large","max-video-preview":"max-video-preview:-1"},"og_locale":"pt_PT","og_type":"article","og_title":"Congressista dos EUA pede encontro privado entre Carlos III e v\u00edtimas de Epstein - Portal Tela Portugal","og_description":"O congressista Ro Khanna escreveu ao rei Carlos III a pedir um encontro privado com as v\u00edtimas de Epstein durante uma poss\u00edvel visita de Estado aos EUA em abril, para falar sobre o impacto das institui\u00e7\u00f5es naquelas mulheres. Khanna sublinha que a rede de Epstein mantinha la\u00e7os significativos com o Reino Unido, atrav\u00e9s de Ghislaine Maxwell e de liga\u00e7\u00f5es com figuras brit\u00e2nicas e c\u00edrculos sociais e pol\u00edticos. O ex-pr\u00edncipe Andr\u00e9, irm\u00e3o de Carlos III, \u00e9 citado entre essas pessoas; ele enfrenta investiga\u00e7\u00f5es por suspeita de conduta impr\u00f3pria em fun\u00e7\u00f5es p\u00fablicas. Segundo o congressista, um encontro entre Carlos III e as v\u00edtimas pode ajudar as investiga\u00e7\u00f5es em curso e permitir que as testemunhas sejam ouvidas com transpar\u00eancia e responsabilidade. Ainda n\u00e3o h\u00e1 confirma\u00e7\u00e3o oficial da visita de Estado de Carlos III e da rainha Camila; as filhas Beatriz e Eugenia n\u00e3o ir\u00e3o \u00e0s celebra\u00e7\u00f5es da P\u00e1scoa no Castelo de Windsor, decis\u00e3o tomada pelas sobrinhas do rei.","og_url":"https:\/\/portaltela.pt\/noticias\/2026\/03\/31\/congressista-dos-eua-pede-encontro-privado-entre-carlos-iii-e-vitimas-de-epstein\/","og_site_name":"Portal Tela Portugal","article_published_time":"2026-03-31T12:16:21+00:00","author":"Telinha","twitter_card":"summary_large_image","twitter_misc":{"Escrito por":"Telinha","Tempo estimado de leitura":"2 minutos"},"schema":{"@context":"https:\/\/schema.org","@graph":[{"@type":"Article","@id":"https:\/\/portaltela.pt\/noticias\/2026\/03\/31\/congressista-dos-eua-pede-encontro-privado-entre-carlos-iii-e-vitimas-de-epstein\/#article","isPartOf":{"@id":"https:\/\/portaltela.pt\/noticias\/2026\/03\/31\/congressista-dos-eua-pede-encontro-privado-entre-carlos-iii-e-vitimas-de-epstein\/"},"author":{"name":"Telinha","@id":"https:\/\/portaltela.pt\/#\/schema\/person\/c4278d4a6028830caff9ee44b42d32ed"},"headline":"Congressista dos EUA pede encontro privado entre Carlos III e v\u00edtimas de Epstein","datePublished":"2026-03-31T12:16:21+00:00","mainEntityOfPage":{"@id":"https:\/\/portaltela.pt\/noticias\/2026\/03\/31\/congressista-dos-eua-pede-encontro-privado-entre-carlos-iii-e-vitimas-de-epstein\/"},"wordCount":398,"image":{"@id":"https:\/\/portaltela.pt\/noticias\/2026\/03\/31\/congressista-dos-eua-pede-encontro-privado-entre-carlos-iii-e-vitimas-de-epstein\/#primaryimage"},"thumbnailUrl":"https:\/\/portaltela.pt\/s.01k8rhncp4jt1\/2026\/03\/2078175.jpg","keywords":["Congresso Nacional","direitos humanos","pessoas p\u00fablicas","pol\u00edtica","pol\u00edtica internacional","Reino Unido"],"articleSection":["Internacionais","Pol\u00edtica"],"inLanguage":"pt-PT"},{"@type":"WebPage","@id":"https:\/\/portaltela.pt\/noticias\/2026\/03\/31\/congressista-dos-eua-pede-encontro-privado-entre-carlos-iii-e-vitimas-de-epstein\/","url":"https:\/\/portaltela.pt\/noticias\/2026\/03\/31\/congressista-dos-eua-pede-encontro-privado-entre-carlos-iii-e-vitimas-de-epstein\/","name":"Congressista dos EUA pede encontro privado entre Carlos III e v\u00edtimas de Epstein - Portal Tela Portugal","isPartOf":{"@id":"https:\/\/portaltela.pt\/#website"},"primaryImageOfPage":{"@id":"https:\/\/portaltela.pt\/noticias\/2026\/03\/31\/congressista-dos-eua-pede-encontro-privado-entre-carlos-iii-e-vitimas-de-epstein\/#primaryimage"},"image":{"@id":"https:\/\/portaltela.pt\/noticias\/2026\/03\/31\/congressista-dos-eua-pede-encontro-privado-entre-carlos-iii-e-vitimas-de-epstein\/#primaryimage"},"thumbnailUrl":"https:\/\/portaltela.pt\/s.01k8rhncp4jt1\/2026\/03\/2078175.jpg","datePublished":"2026-03-31T12:16:21+00:00","author":{"@id":"https:\/\/portaltela.pt\/#\/schema\/person\/c4278d4a6028830caff9ee44b42d32ed"},"breadcrumb":{"@id":"https:\/\/portaltela.pt\/noticias\/2026\/03\/31\/congressista-dos-eua-pede-encontro-privado-entre-carlos-iii-e-vitimas-de-epstein\/#breadcrumb"},"inLanguage":"pt-PT","potentialAction":[{"@type":"ReadAction","target":["https:\/\/portaltela.pt\/noticias\/2026\/03\/31\/congressista-dos-eua-pede-encontro-privado-entre-carlos-iii-e-vitimas-de-epstein\/"]}]},{"@type":"ImageObject","inLanguage":"pt-PT","@id":"https:\/\/portaltela.pt\/noticias\/2026\/03\/31\/congressista-dos-eua-pede-encontro-privado-entre-carlos-iii-e-vitimas-de-epstein\/#primaryimage","url":"https:\/\/portaltela.pt\/s.01k8rhncp4jt1\/2026\/03\/2078175.jpg","contentUrl":"https:\/\/portaltela.pt\/s.01k8rhncp4jt1\/2026\/03\/2078175.jpg","width":796,"height":448,"caption":"A visita de Carlos e Camila aos EUA ainda n\u00e3o est\u00e1 confirmada"},{"@type":"BreadcrumbList","@id":"https:\/\/portaltela.pt\/noticias\/2026\/03\/31\/congressista-dos-eua-pede-encontro-privado-entre-carlos-iii-e-vitimas-de-epstein\/#breadcrumb","itemListElement":[{"@type":"ListItem","position":1,"name":"In\u00edcio","item":"https:\/\/portaltela.pt\/"},{"@type":"ListItem","position":2,"name":"Congressista dos EUA pede encontro privado entre Carlos III e v\u00edtimas de Epstein"}]},{"@type":"WebSite","@id":"https:\/\/portaltela.pt\/#website","url":"https:\/\/portaltela.pt\/","name":"Portal Tela Portugal","description":"","potentialAction":[{"@type":"SearchAction","target":{"@type":"EntryPoint","urlTemplate":"https:\/\/portaltela.pt\/?s={search_term_string}"},"query-input":{"@type":"PropertyValueSpecification","valueRequired":true,"valueName":"search_term_string"}}],"inLanguage":"pt-PT"},{"@type":"Person","@id":"https:\/\/portaltela.pt\/#\/schema\/person\/c4278d4a6028830caff9ee44b42d32ed","name":"Telinha","image":{"@type":"ImageObject","inLanguage":"pt-PT","@id":"https:\/\/portaltela.pt\/s.01k8rhncp4jt1\/2025\/11\/talking-bot-125x125.png","url":"https:\/\/portaltela.pt\/s.01k8rhncp4jt1\/2025\/11\/talking-bot-125x125.png","contentUrl":"https:\/\/portaltela.pt\/s.01k8rhncp4jt1\/2025\/11\/talking-bot-125x125.png","caption":"Telinha"},"sameAs":["https:\/\/portaltela.pt\/"],"url":"https:\/\/portaltela.pt\/por\/367410592786\/"}]}},"_links":{"self":[{"href":"https:\/\/portaltela.pt\/api\/wp\/v2\/posts\/427659","targetHints":{"allow":["GET"]}}],"collection":[{"href":"https:\/\/portaltela.pt\/api\/wp\/v2\/posts"}],"about":[{"href":"https:\/\/portaltela.pt\/api\/wp\/v2\/types\/post"}],"author":[{"embeddable":true,"href":"https:\/\/portaltela.pt\/api\/wp\/v2\/users\/2"}],"replies":[{"embeddable":true,"href":"https:\/\/portaltela.pt\/api\/wp\/v2\/comments?post=427659"}],"version-history":[{"count":0,"href":"https:\/\/portaltela.pt\/api\/wp\/v2\/posts\/427659\/revisions"}],"wp:featuredmedia":[{"embeddable":true,"href":"https:\/\/portaltela.pt\/api\/wp\/v2\/media\/427671"}],"wp:attachment":[{"href":"https:\/\/portaltela.pt\/api\/wp\/v2\/media?parent=427659"}],"wp:term":[{"taxonomy":"category","embeddable":true,"href":"https:\/\/portaltela.pt\/api\/wp\/v2\/categories?post=427659"},{"taxonomy":"post_tag","embeddable":true,"href":"https:\/\/portaltela.pt\/api\/wp\/v2\/tags?post=427659"}],"curies":[{"name":"wp","href":"https:\/\/api.w.org\/{rel}","templated":true}]}}