{"id":427658,"date":"2026-03-31T09:16:21","date_gmt":"2026-03-31T12:16:21","guid":{"rendered":"https:\/\/portaltela.pt\/noticias\/2026\/03\/31\/catarina-furtado-reage-ao-polemico-triangulo-amoroso-da-casa-dos-segredos\/"},"modified":"2026-03-31T09:16:21","modified_gmt":"2026-03-31T12:16:21","slug":"catarina-furtado-reage-ao-polemico-triangulo-amoroso-da-casa-dos-segredos","status":"publish","type":"post","link":"https:\/\/portaltela.pt\/entretenimento\/2026\/03\/31\/catarina-furtado-reage-ao-polemico-triangulo-amoroso-da-casa-dos-segredos\/","title":{"rendered":"Catarina Furtado reage ao pol\u00e9mico tri\u00e2ngulo amoroso da Casa dos Segredos"},"content":{"rendered":"<p>O tri\u00e2ngulo amoroso envolvendo Diogo Maia, Eva Pais e Ariana Miranda na Casa dos Segredos 10, da TVI, continua a provocar forte rea\u00e7\u00e3o nas redes e entre o p\u00fablico. O enredo continua a dominar as conversas e a dividir opini\u00f5es, mantendo o tema sob scrutiny medi\u00e1tico.<\/p>\n<p>Catarina Furtado, de 53 anos, chegou a comentar publicamente o incidente, aproveitando o debate para refletir sobre a sociedade atual. A apresentadora usou a pol\u00e9mica como ponto de partida para uma an\u00e1lise sobre educa\u00e7\u00e3o e rela\u00e7\u00f5es.<\/p>\n<h3>Reflex\u00e3o sobre educa\u00e7\u00e3o emocional<\/h3>\n<p>A comentadora defende uma revis\u00e3o profunda do curr\u00edculo escolar, com maior foco na forma\u00e7\u00e3o emocional desde cedo. A ideia \u00e9 promover compet\u00eancias que ajudem rapazes a comunicar sentimentos sem recorrer \u00e0 misoginia e a apoiar raparigas na identifica\u00e7\u00e3o do que lhes faz bem.<\/p>\n<p>De acordo com a an\u00e1lise, a falta de educa\u00e7\u00e3o emocional contribui para crises nas rela\u00e7\u00f5es pessoais, em n\u00edvel mundial e individual. A reflex\u00e3o situa-se num contexto de crescente discuss\u00e3o p\u00fablica sobre o impacto das rela\u00e7\u00f5es expostas na m\u00eddia.<\/p>\n","protected":false},"excerpt":{"rendered":"<ul>\n<li>O tri\u00e2ngulo amoroso envolvendo Diogo Maia, Eva Pais e Ariana Miranda na Casa dos Segredos 10 continua a gerar reac\u00e7\u00f5es dentro e fora da casa.<\/li>\n<li>Catarina Furtado, aos 53 anos, reagiu publicamente, usando o tema para reflectir sobre a sociedade.<\/li>\n<li>A apresentadora defende uma mudan\u00e7a urgente no sistema educativo, com o curr\u00edculo escolar a enfatizar a forma\u00e7\u00e3o emocional.<\/li>\n<li>Prop\u00f5e que o curr\u00edculo seja concebido a partir da pergunta \u201cque pessoas queremos formar?\u201d, incluindo intelig\u00eancia emocional para melhorar a comunica\u00e7\u00e3o e reduzir comportamentos mis\u00f3ginos.<\/li>\n<li>Conclui que existe uma crise das rela\u00e7\u00f5es afetivas a este n\u00edvel, agravada pela crise mundial.<\/li>\n<\/ul>\n","protected":false},"author":2,"featured_media":427667,"comment_status":"closed","ping_status":"closed","sticky":false,"template":"","format":"standard","meta":{"footnotes":""},"categories":[6675,12],"tags":[163,6890,6598,78,506,2318],"class_list":["post-427658","post","type-post","status-publish","format-standard","has-post-thumbnail","hentry","category-celebridades","category-entretenimento","tag-educacao","tag-educacao-emocional","tag-entretenimento","tag-famosos","tag-imprensa","tag-sociedade"],"yoast_head":"<!-- This site is optimized with the Yoast SEO plugin v27.2 - https:\/\/yoast.com\/product\/yoast-seo-wordpress\/ -->\n<title>Catarina Furtado reage ao pol\u00e9mico tri\u00e2ngulo amoroso da Casa dos Segredos - Portal Tela Portugal<\/title>\n<meta name=\"robots\" content=\"index, follow, max-snippet:-1, max-image-preview:large, max-video-preview:-1\" \/>\n<meta property=\"og:locale\" content=\"pt_PT\" \/>\n<meta property=\"og:type\" content=\"article\" \/>\n<meta property=\"og:title\" content=\"Catarina Furtado reage ao pol\u00e9mico tri\u00e2ngulo amoroso da Casa dos Segredos - Portal Tela Portugal\" \/>\n<meta property=\"og:description\" content=\"O tri\u00e2ngulo amoroso envolvendo Diogo Maia, Eva Pais e Ariana Miranda na Casa dos Segredos 10 continua a gerar reac\u00e7\u00f5es dentro e fora da casa. Catarina Furtado, aos 53 anos, reagiu publicamente, usando o tema para reflectir sobre a sociedade. A apresentadora defende uma mudan\u00e7a urgente no sistema educativo, com o curr\u00edculo escolar a enfatizar a forma\u00e7\u00e3o emocional. Prop\u00f5e que o curr\u00edculo seja concebido a partir da pergunta \u201cque pessoas queremos formar?\u201d, incluindo intelig\u00eancia emocional para melhorar a comunica\u00e7\u00e3o e reduzir comportamentos mis\u00f3ginos. Conclui que existe uma crise das rela\u00e7\u00f5es afetivas a este n\u00edvel, agravada pela crise mundial.\" \/>\n<meta property=\"og:url\" content=\"https:\/\/portaltela.pt\/noticias\/2026\/03\/31\/catarina-furtado-reage-ao-polemico-triangulo-amoroso-da-casa-dos-segredos\/\" \/>\n<meta property=\"og:site_name\" content=\"Portal Tela Portugal\" \/>\n<meta property=\"article:published_time\" content=\"2026-03-31T12:16:21+00:00\" \/>\n<meta name=\"author\" content=\"Telinha\" \/>\n<meta name=\"twitter:card\" content=\"summary_large_image\" \/>\n<meta name=\"twitter:label1\" content=\"Escrito por\" \/>\n\t<meta name=\"twitter:data1\" content=\"Telinha\" \/>\n\t<meta name=\"twitter:label2\" content=\"Tempo estimado de leitura\" \/>\n\t<meta name=\"twitter:data2\" content=\"1 minuto\" \/>\n<script type=\"application\/ld+json\" class=\"yoast-schema-graph\">{\"@context\":\"https:\/\/schema.org\",\"@graph\":[{\"@type\":\"Article\",\"@id\":\"https:\/\/portaltela.pt\/noticias\/2026\/03\/31\/catarina-furtado-reage-ao-polemico-triangulo-amoroso-da-casa-dos-segredos\/#article\",\"isPartOf\":{\"@id\":\"https:\/\/portaltela.pt\/noticias\/2026\/03\/31\/catarina-furtado-reage-ao-polemico-triangulo-amoroso-da-casa-dos-segredos\/\"},\"author\":{\"name\":\"Telinha\",\"@id\":\"https:\/\/portaltela.pt\/#\/schema\/person\/c4278d4a6028830caff9ee44b42d32ed\"},\"headline\":\"Catarina Furtado reage ao pol\u00e9mico tri\u00e2ngulo amoroso da Casa dos Segredos\",\"datePublished\":\"2026-03-31T12:16:21+00:00\",\"mainEntityOfPage\":{\"@id\":\"https:\/\/portaltela.pt\/noticias\/2026\/03\/31\/catarina-furtado-reage-ao-polemico-triangulo-amoroso-da-casa-dos-segredos\/\"},\"wordCount\":201,\"image\":{\"@id\":\"https:\/\/portaltela.pt\/noticias\/2026\/03\/31\/catarina-furtado-reage-ao-polemico-triangulo-amoroso-da-casa-dos-segredos\/#primaryimage\"},\"thumbnailUrl\":\"https:\/\/portaltela.pt\/s.01k8rhncp4jt1\/2026\/03\/img_1280x718uu2026-02-09-13-38-39-2265869-im-639062411306642354.jpg\",\"keywords\":[\"educa\u00e7\u00e3o\",\"educa\u00e7\u00e3o emocional\",\"entretenimento\",\"famosos\",\"imprensa\",\"sociedade\"],\"articleSection\":[\"Celebridades\",\"Entretenimento\"],\"inLanguage\":\"pt-PT\"},{\"@type\":\"WebPage\",\"@id\":\"https:\/\/portaltela.pt\/noticias\/2026\/03\/31\/catarina-furtado-reage-ao-polemico-triangulo-amoroso-da-casa-dos-segredos\/\",\"url\":\"https:\/\/portaltela.pt\/noticias\/2026\/03\/31\/catarina-furtado-reage-ao-polemico-triangulo-amoroso-da-casa-dos-segredos\/\",\"name\":\"Catarina Furtado reage ao pol\u00e9mico tri\u00e2ngulo amoroso da Casa dos Segredos - Portal Tela Portugal\",\"isPartOf\":{\"@id\":\"https:\/\/portaltela.pt\/#website\"},\"primaryImageOfPage\":{\"@id\":\"https:\/\/portaltela.pt\/noticias\/2026\/03\/31\/catarina-furtado-reage-ao-polemico-triangulo-amoroso-da-casa-dos-segredos\/#primaryimage\"},\"image\":{\"@id\":\"https:\/\/portaltela.pt\/noticias\/2026\/03\/31\/catarina-furtado-reage-ao-polemico-triangulo-amoroso-da-casa-dos-segredos\/#primaryimage\"},\"thumbnailUrl\":\"https:\/\/portaltela.pt\/s.01k8rhncp4jt1\/2026\/03\/img_1280x718uu2026-02-09-13-38-39-2265869-im-639062411306642354.jpg\",\"datePublished\":\"2026-03-31T12:16:21+00:00\",\"author\":{\"@id\":\"https:\/\/portaltela.pt\/#\/schema\/person\/c4278d4a6028830caff9ee44b42d32ed\"},\"breadcrumb\":{\"@id\":\"https:\/\/portaltela.pt\/noticias\/2026\/03\/31\/catarina-furtado-reage-ao-polemico-triangulo-amoroso-da-casa-dos-segredos\/#breadcrumb\"},\"inLanguage\":\"pt-PT\",\"potentialAction\":[{\"@type\":\"ReadAction\",\"target\":[\"https:\/\/portaltela.pt\/noticias\/2026\/03\/31\/catarina-furtado-reage-ao-polemico-triangulo-amoroso-da-casa-dos-segredos\/\"]}]},{\"@type\":\"ImageObject\",\"inLanguage\":\"pt-PT\",\"@id\":\"https:\/\/portaltela.pt\/noticias\/2026\/03\/31\/catarina-furtado-reage-ao-polemico-triangulo-amoroso-da-casa-dos-segredos\/#primaryimage\",\"url\":\"https:\/\/portaltela.pt\/s.01k8rhncp4jt1\/2026\/03\/img_1280x718uu2026-02-09-13-38-39-2265869-im-639062411306642354.jpg\",\"contentUrl\":\"https:\/\/portaltela.pt\/s.01k8rhncp4jt1\/2026\/03\/img_1280x718uu2026-02-09-13-38-39-2265869-im-639062411306642354.jpg\",\"width\":796,\"height\":448,\"caption\":\"Catarina Furtado\"},{\"@type\":\"BreadcrumbList\",\"@id\":\"https:\/\/portaltela.pt\/noticias\/2026\/03\/31\/catarina-furtado-reage-ao-polemico-triangulo-amoroso-da-casa-dos-segredos\/#breadcrumb\",\"itemListElement\":[{\"@type\":\"ListItem\",\"position\":1,\"name\":\"In\u00edcio\",\"item\":\"https:\/\/portaltela.pt\/\"},{\"@type\":\"ListItem\",\"position\":2,\"name\":\"Catarina Furtado reage ao pol\u00e9mico tri\u00e2ngulo amoroso da Casa dos Segredos\"}]},{\"@type\":\"WebSite\",\"@id\":\"https:\/\/portaltela.pt\/#website\",\"url\":\"https:\/\/portaltela.pt\/\",\"name\":\"Portal Tela Portugal\",\"description\":\"\",\"potentialAction\":[{\"@type\":\"SearchAction\",\"target\":{\"@type\":\"EntryPoint\",\"urlTemplate\":\"https:\/\/portaltela.pt\/?s={search_term_string}\"},\"query-input\":{\"@type\":\"PropertyValueSpecification\",\"valueRequired\":true,\"valueName\":\"search_term_string\"}}],\"inLanguage\":\"pt-PT\"},{\"@type\":\"Person\",\"@id\":\"https:\/\/portaltela.pt\/#\/schema\/person\/c4278d4a6028830caff9ee44b42d32ed\",\"name\":\"Telinha\",\"image\":{\"@type\":\"ImageObject\",\"inLanguage\":\"pt-PT\",\"@id\":\"https:\/\/portaltela.pt\/s.01k8rhncp4jt1\/2025\/11\/talking-bot-125x125.png\",\"url\":\"https:\/\/portaltela.pt\/s.01k8rhncp4jt1\/2025\/11\/talking-bot-125x125.png\",\"contentUrl\":\"https:\/\/portaltela.pt\/s.01k8rhncp4jt1\/2025\/11\/talking-bot-125x125.png\",\"caption\":\"Telinha\"},\"sameAs\":[\"https:\/\/portaltela.pt\/\"],\"url\":\"https:\/\/portaltela.pt\/por\/367410592786\/\"}]}<\/script>\n<!-- \/ Yoast SEO plugin. -->","yoast_head_json":{"title":"Catarina Furtado reage ao pol\u00e9mico tri\u00e2ngulo amoroso da Casa dos Segredos - Portal Tela Portugal","robots":{"index":"index","follow":"follow","max-snippet":"max-snippet:-1","max-image-preview":"max-image-preview:large","max-video-preview":"max-video-preview:-1"},"og_locale":"pt_PT","og_type":"article","og_title":"Catarina Furtado reage ao pol\u00e9mico tri\u00e2ngulo amoroso da Casa dos Segredos - Portal Tela Portugal","og_description":"O tri\u00e2ngulo amoroso envolvendo Diogo Maia, Eva Pais e Ariana Miranda na Casa dos Segredos 10 continua a gerar reac\u00e7\u00f5es dentro e fora da casa. Catarina Furtado, aos 53 anos, reagiu publicamente, usando o tema para reflectir sobre a sociedade. A apresentadora defende uma mudan\u00e7a urgente no sistema educativo, com o curr\u00edculo escolar a enfatizar a forma\u00e7\u00e3o emocional. Prop\u00f5e que o curr\u00edculo seja concebido a partir da pergunta \u201cque pessoas queremos formar?\u201d, incluindo intelig\u00eancia emocional para melhorar a comunica\u00e7\u00e3o e reduzir comportamentos mis\u00f3ginos. Conclui que existe uma crise das rela\u00e7\u00f5es afetivas a este n\u00edvel, agravada pela crise mundial.","og_url":"https:\/\/portaltela.pt\/noticias\/2026\/03\/31\/catarina-furtado-reage-ao-polemico-triangulo-amoroso-da-casa-dos-segredos\/","og_site_name":"Portal Tela Portugal","article_published_time":"2026-03-31T12:16:21+00:00","author":"Telinha","twitter_card":"summary_large_image","twitter_misc":{"Escrito por":"Telinha","Tempo estimado de leitura":"1 minuto"},"schema":{"@context":"https:\/\/schema.org","@graph":[{"@type":"Article","@id":"https:\/\/portaltela.pt\/noticias\/2026\/03\/31\/catarina-furtado-reage-ao-polemico-triangulo-amoroso-da-casa-dos-segredos\/#article","isPartOf":{"@id":"https:\/\/portaltela.pt\/noticias\/2026\/03\/31\/catarina-furtado-reage-ao-polemico-triangulo-amoroso-da-casa-dos-segredos\/"},"author":{"name":"Telinha","@id":"https:\/\/portaltela.pt\/#\/schema\/person\/c4278d4a6028830caff9ee44b42d32ed"},"headline":"Catarina Furtado reage ao pol\u00e9mico tri\u00e2ngulo amoroso da Casa dos Segredos","datePublished":"2026-03-31T12:16:21+00:00","mainEntityOfPage":{"@id":"https:\/\/portaltela.pt\/noticias\/2026\/03\/31\/catarina-furtado-reage-ao-polemico-triangulo-amoroso-da-casa-dos-segredos\/"},"wordCount":201,"image":{"@id":"https:\/\/portaltela.pt\/noticias\/2026\/03\/31\/catarina-furtado-reage-ao-polemico-triangulo-amoroso-da-casa-dos-segredos\/#primaryimage"},"thumbnailUrl":"https:\/\/portaltela.pt\/s.01k8rhncp4jt1\/2026\/03\/img_1280x718uu2026-02-09-13-38-39-2265869-im-639062411306642354.jpg","keywords":["educa\u00e7\u00e3o","educa\u00e7\u00e3o emocional","entretenimento","famosos","imprensa","sociedade"],"articleSection":["Celebridades","Entretenimento"],"inLanguage":"pt-PT"},{"@type":"WebPage","@id":"https:\/\/portaltela.pt\/noticias\/2026\/03\/31\/catarina-furtado-reage-ao-polemico-triangulo-amoroso-da-casa-dos-segredos\/","url":"https:\/\/portaltela.pt\/noticias\/2026\/03\/31\/catarina-furtado-reage-ao-polemico-triangulo-amoroso-da-casa-dos-segredos\/","name":"Catarina Furtado reage ao pol\u00e9mico tri\u00e2ngulo amoroso da Casa dos Segredos - Portal Tela Portugal","isPartOf":{"@id":"https:\/\/portaltela.pt\/#website"},"primaryImageOfPage":{"@id":"https:\/\/portaltela.pt\/noticias\/2026\/03\/31\/catarina-furtado-reage-ao-polemico-triangulo-amoroso-da-casa-dos-segredos\/#primaryimage"},"image":{"@id":"https:\/\/portaltela.pt\/noticias\/2026\/03\/31\/catarina-furtado-reage-ao-polemico-triangulo-amoroso-da-casa-dos-segredos\/#primaryimage"},"thumbnailUrl":"https:\/\/portaltela.pt\/s.01k8rhncp4jt1\/2026\/03\/img_1280x718uu2026-02-09-13-38-39-2265869-im-639062411306642354.jpg","datePublished":"2026-03-31T12:16:21+00:00","author":{"@id":"https:\/\/portaltela.pt\/#\/schema\/person\/c4278d4a6028830caff9ee44b42d32ed"},"breadcrumb":{"@id":"https:\/\/portaltela.pt\/noticias\/2026\/03\/31\/catarina-furtado-reage-ao-polemico-triangulo-amoroso-da-casa-dos-segredos\/#breadcrumb"},"inLanguage":"pt-PT","potentialAction":[{"@type":"ReadAction","target":["https:\/\/portaltela.pt\/noticias\/2026\/03\/31\/catarina-furtado-reage-ao-polemico-triangulo-amoroso-da-casa-dos-segredos\/"]}]},{"@type":"ImageObject","inLanguage":"pt-PT","@id":"https:\/\/portaltela.pt\/noticias\/2026\/03\/31\/catarina-furtado-reage-ao-polemico-triangulo-amoroso-da-casa-dos-segredos\/#primaryimage","url":"https:\/\/portaltela.pt\/s.01k8rhncp4jt1\/2026\/03\/img_1280x718uu2026-02-09-13-38-39-2265869-im-639062411306642354.jpg","contentUrl":"https:\/\/portaltela.pt\/s.01k8rhncp4jt1\/2026\/03\/img_1280x718uu2026-02-09-13-38-39-2265869-im-639062411306642354.jpg","width":796,"height":448,"caption":"Catarina Furtado"},{"@type":"BreadcrumbList","@id":"https:\/\/portaltela.pt\/noticias\/2026\/03\/31\/catarina-furtado-reage-ao-polemico-triangulo-amoroso-da-casa-dos-segredos\/#breadcrumb","itemListElement":[{"@type":"ListItem","position":1,"name":"In\u00edcio","item":"https:\/\/portaltela.pt\/"},{"@type":"ListItem","position":2,"name":"Catarina Furtado reage ao pol\u00e9mico tri\u00e2ngulo amoroso da Casa dos Segredos"}]},{"@type":"WebSite","@id":"https:\/\/portaltela.pt\/#website","url":"https:\/\/portaltela.pt\/","name":"Portal Tela Portugal","description":"","potentialAction":[{"@type":"SearchAction","target":{"@type":"EntryPoint","urlTemplate":"https:\/\/portaltela.pt\/?s={search_term_string}"},"query-input":{"@type":"PropertyValueSpecification","valueRequired":true,"valueName":"search_term_string"}}],"inLanguage":"pt-PT"},{"@type":"Person","@id":"https:\/\/portaltela.pt\/#\/schema\/person\/c4278d4a6028830caff9ee44b42d32ed","name":"Telinha","image":{"@type":"ImageObject","inLanguage":"pt-PT","@id":"https:\/\/portaltela.pt\/s.01k8rhncp4jt1\/2025\/11\/talking-bot-125x125.png","url":"https:\/\/portaltela.pt\/s.01k8rhncp4jt1\/2025\/11\/talking-bot-125x125.png","contentUrl":"https:\/\/portaltela.pt\/s.01k8rhncp4jt1\/2025\/11\/talking-bot-125x125.png","caption":"Telinha"},"sameAs":["https:\/\/portaltela.pt\/"],"url":"https:\/\/portaltela.pt\/por\/367410592786\/"}]}},"_links":{"self":[{"href":"https:\/\/portaltela.pt\/api\/wp\/v2\/posts\/427658","targetHints":{"allow":["GET"]}}],"collection":[{"href":"https:\/\/portaltela.pt\/api\/wp\/v2\/posts"}],"about":[{"href":"https:\/\/portaltela.pt\/api\/wp\/v2\/types\/post"}],"author":[{"embeddable":true,"href":"https:\/\/portaltela.pt\/api\/wp\/v2\/users\/2"}],"replies":[{"embeddable":true,"href":"https:\/\/portaltela.pt\/api\/wp\/v2\/comments?post=427658"}],"version-history":[{"count":0,"href":"https:\/\/portaltela.pt\/api\/wp\/v2\/posts\/427658\/revisions"}],"wp:featuredmedia":[{"embeddable":true,"href":"https:\/\/portaltela.pt\/api\/wp\/v2\/media\/427667"}],"wp:attachment":[{"href":"https:\/\/portaltela.pt\/api\/wp\/v2\/media?parent=427658"}],"wp:term":[{"taxonomy":"category","embeddable":true,"href":"https:\/\/portaltela.pt\/api\/wp\/v2\/categories?post=427658"},{"taxonomy":"post_tag","embeddable":true,"href":"https:\/\/portaltela.pt\/api\/wp\/v2\/tags?post=427658"}],"curies":[{"name":"wp","href":"https:\/\/api.w.org\/{rel}","templated":true}]}}