{"id":427654,"date":"2026-03-31T09:16:18","date_gmt":"2026-03-31T12:16:18","guid":{"rendered":"https:\/\/portaltela.pt\/noticias\/2026\/03\/31\/jovem-com-problema-oftalmologico-passou-por-tres-urgencias-ate-ser-vista-por-especialista\/"},"modified":"2026-03-31T09:16:18","modified_gmt":"2026-03-31T12:16:18","slug":"jovem-com-problema-oftalmologico-passou-por-tres-urgencias-ate-ser-vista-por-especialista","status":"publish","type":"post","link":"https:\/\/portaltela.pt\/saude\/2026\/03\/31\/jovem-com-problema-oftalmologico-passou-por-tres-urgencias-ate-ser-vista-por-especialista\/","title":{"rendered":"Jovem com problema oftalmol\u00f3gico passou por tr\u00eas urg\u00eancias at\u00e9 ser vista por especialista"},"content":{"rendered":"<p>Pouco passava da meia-noite quando Ana e a filha ligaram para a Linha SNS 24. A jovem de 20 anos tinha um problema nos olhos que evoluiu rapidamente, deixando-a sem vis\u00e3o.<\/p>\n<p>Foi-lhe indicado deslocar-se \u00e0 urg\u00eancia geral do Hospital S\u00e3o Francisco Xavier. No entanto, \u00e0 noite essa unidade n\u00e3o tem resposta de oftalmologia, o que levou a outra orienta\u00e7\u00e3o.<\/p>\n<p>A orienta\u00e7\u00e3o seguinte foi dirigir-se ao Hospital de Santa Maria. Nessa semana, a urg\u00eancia metropolitana de oftalmologia de Lisboa n\u00e3o estava nesse hospital, mas sim no Hospital de S\u00e3o Jos\u00e9.<\/p>\n<p>Pelo que foi explicado, Lisboa mant\u00e9m uma urg\u00eancia metropolitana de oftalmologia desde 2013, com funcionamento noturno alternado entre S\u00e3o Jos\u00e9 e Santa Maria. O SNS 24 confirmou a necessidade de reencaminhamento e verificou o algoritmo de encaminhamento.<\/p>\n","protected":false},"excerpt":{"rendered":"<ul>\n<li>A jovem de 20 anos tinha um problema nos olhos que evoluiu rapidamente, j\u00e1 sem conseguir ver.<\/li>\n<li>A Linha SNS 24 enviou-a para a urg\u00eancia geral do Hospital S\u00e3o Francisco Xavier, mas \u00e0 noite n\u00e3o h\u00e1 resposta de oftalmologia nessa unidade.<\/li>\n<li>Foi-lhe indicado ir ao Hospital de Santa Maria, mas naquela semana a urg\u00eancia metropolitana de oftalmologia estava a funcionar no Hospital de S\u00e3o Jos\u00e9.<\/li>\n<li>A paciente foi finalmente vista por um especialista no Hospital de S\u00e3o Jos\u00e9.<\/li>\n<li>Lisboa \u00e9 servida, desde 2013, por uma urg\u00eancia metropolitana de oftalmologia que funciona de forma alternada entre os hospitais de S\u00e3o Jos\u00e9 e de Santa Maria \u00e0 noite; o algoritmo de encaminhamento foi revisto.<\/li>\n<\/ul>\n","protected":false},"author":2,"featured_media":427661,"comment_status":"closed","ping_status":"closed","sticky":false,"template":"","format":"standard","meta":{"footnotes":""},"categories":[1,6745],"tags":[633,981,3265,172,3693,1899],"class_list":["post-427654","post","type-post","status-publish","format-standard","has-post-thumbnail","hentry","category-noticias","category-saude","tag-hospital","tag-lisboa","tag-oftalmologia","tag-saude","tag-sns-24","tag-urgencias"],"yoast_head":"<!-- This site is optimized with the Yoast SEO plugin v27.2 - https:\/\/yoast.com\/product\/yoast-seo-wordpress\/ -->\n<title>Jovem com problema oftalmol\u00f3gico passou por tr\u00eas urg\u00eancias at\u00e9 ser vista por especialista - Portal Tela Portugal<\/title>\n<meta name=\"robots\" content=\"index, follow, max-snippet:-1, max-image-preview:large, max-video-preview:-1\" \/>\n<meta property=\"og:locale\" content=\"pt_PT\" \/>\n<meta property=\"og:type\" content=\"article\" \/>\n<meta property=\"og:title\" content=\"Jovem com problema oftalmol\u00f3gico passou por tr\u00eas urg\u00eancias at\u00e9 ser vista por especialista - Portal Tela Portugal\" \/>\n<meta property=\"og:description\" content=\"A jovem de 20 anos tinha um problema nos olhos que evoluiu rapidamente, j\u00e1 sem conseguir ver. A Linha SNS 24 enviou-a para a urg\u00eancia geral do Hospital S\u00e3o Francisco Xavier, mas \u00e0 noite n\u00e3o h\u00e1 resposta de oftalmologia nessa unidade. Foi-lhe indicado ir ao Hospital de Santa Maria, mas naquela semana a urg\u00eancia metropolitana de oftalmologia estava a funcionar no Hospital de S\u00e3o Jos\u00e9. A paciente foi finalmente vista por um especialista no Hospital de S\u00e3o Jos\u00e9. Lisboa \u00e9 servida, desde 2013, por uma urg\u00eancia metropolitana de oftalmologia que funciona de forma alternada entre os hospitais de S\u00e3o Jos\u00e9 e de Santa Maria \u00e0 noite; o algoritmo de encaminhamento foi revisto.\" \/>\n<meta property=\"og:url\" content=\"https:\/\/portaltela.pt\/noticias\/2026\/03\/31\/jovem-com-problema-oftalmologico-passou-por-tres-urgencias-ate-ser-vista-por-especialista\/\" \/>\n<meta property=\"og:site_name\" content=\"Portal Tela Portugal\" \/>\n<meta property=\"article:published_time\" content=\"2026-03-31T12:16:18+00:00\" \/>\n<meta name=\"author\" content=\"Telinha\" \/>\n<meta name=\"twitter:card\" content=\"summary_large_image\" \/>\n<meta name=\"twitter:label1\" content=\"Escrito por\" \/>\n\t<meta name=\"twitter:data1\" content=\"Telinha\" \/>\n\t<meta name=\"twitter:label2\" content=\"Tempo estimado de leitura\" \/>\n\t<meta name=\"twitter:data2\" content=\"1 minuto\" \/>\n<script type=\"application\/ld+json\" class=\"yoast-schema-graph\">{\"@context\":\"https:\/\/schema.org\",\"@graph\":[{\"@type\":\"Article\",\"@id\":\"https:\/\/portaltela.pt\/noticias\/2026\/03\/31\/jovem-com-problema-oftalmologico-passou-por-tres-urgencias-ate-ser-vista-por-especialista\/#article\",\"isPartOf\":{\"@id\":\"https:\/\/portaltela.pt\/noticias\/2026\/03\/31\/jovem-com-problema-oftalmologico-passou-por-tres-urgencias-ate-ser-vista-por-especialista\/\"},\"author\":{\"name\":\"Telinha\",\"@id\":\"https:\/\/portaltela.pt\/#\/schema\/person\/c4278d4a6028830caff9ee44b42d32ed\"},\"headline\":\"Jovem com problema oftalmol\u00f3gico passou por tr\u00eas urg\u00eancias at\u00e9 ser vista por especialista\",\"datePublished\":\"2026-03-31T12:16:18+00:00\",\"mainEntityOfPage\":{\"@id\":\"https:\/\/portaltela.pt\/noticias\/2026\/03\/31\/jovem-com-problema-oftalmologico-passou-por-tres-urgencias-ate-ser-vista-por-especialista\/\"},\"wordCount\":148,\"image\":{\"@id\":\"https:\/\/portaltela.pt\/noticias\/2026\/03\/31\/jovem-com-problema-oftalmologico-passou-por-tres-urgencias-ate-ser-vista-por-especialista\/#primaryimage\"},\"thumbnailUrl\":\"https:\/\/portaltela.pt\/s.01k8rhncp4jt1\/2026\/03\/2077533.jpg\",\"keywords\":[\"hospital\",\"Lisboa\",\"Oftalmologia\",\"sa\u00fade\",\"SNS 24\",\"urg\u00eancias\"],\"articleSection\":[\"Not\u00edcias\",\"Sa\u00fade\"],\"inLanguage\":\"pt-PT\"},{\"@type\":\"WebPage\",\"@id\":\"https:\/\/portaltela.pt\/noticias\/2026\/03\/31\/jovem-com-problema-oftalmologico-passou-por-tres-urgencias-ate-ser-vista-por-especialista\/\",\"url\":\"https:\/\/portaltela.pt\/noticias\/2026\/03\/31\/jovem-com-problema-oftalmologico-passou-por-tres-urgencias-ate-ser-vista-por-especialista\/\",\"name\":\"Jovem com problema oftalmol\u00f3gico passou por tr\u00eas urg\u00eancias at\u00e9 ser vista por especialista - Portal Tela Portugal\",\"isPartOf\":{\"@id\":\"https:\/\/portaltela.pt\/#website\"},\"primaryImageOfPage\":{\"@id\":\"https:\/\/portaltela.pt\/noticias\/2026\/03\/31\/jovem-com-problema-oftalmologico-passou-por-tres-urgencias-ate-ser-vista-por-especialista\/#primaryimage\"},\"image\":{\"@id\":\"https:\/\/portaltela.pt\/noticias\/2026\/03\/31\/jovem-com-problema-oftalmologico-passou-por-tres-urgencias-ate-ser-vista-por-especialista\/#primaryimage\"},\"thumbnailUrl\":\"https:\/\/portaltela.pt\/s.01k8rhncp4jt1\/2026\/03\/2077533.jpg\",\"datePublished\":\"2026-03-31T12:16:18+00:00\",\"author\":{\"@id\":\"https:\/\/portaltela.pt\/#\/schema\/person\/c4278d4a6028830caff9ee44b42d32ed\"},\"breadcrumb\":{\"@id\":\"https:\/\/portaltela.pt\/noticias\/2026\/03\/31\/jovem-com-problema-oftalmologico-passou-por-tres-urgencias-ate-ser-vista-por-especialista\/#breadcrumb\"},\"inLanguage\":\"pt-PT\",\"potentialAction\":[{\"@type\":\"ReadAction\",\"target\":[\"https:\/\/portaltela.pt\/noticias\/2026\/03\/31\/jovem-com-problema-oftalmologico-passou-por-tres-urgencias-ate-ser-vista-por-especialista\/\"]}]},{\"@type\":\"ImageObject\",\"inLanguage\":\"pt-PT\",\"@id\":\"https:\/\/portaltela.pt\/noticias\/2026\/03\/31\/jovem-com-problema-oftalmologico-passou-por-tres-urgencias-ate-ser-vista-por-especialista\/#primaryimage\",\"url\":\"https:\/\/portaltela.pt\/s.01k8rhncp4jt1\/2026\/03\/2077533.jpg\",\"contentUrl\":\"https:\/\/portaltela.pt\/s.01k8rhncp4jt1\/2026\/03\/2077533.jpg\",\"width\":796,\"height\":448,\"caption\":\"Utente foi encaminhada para o Hospital S\u00e3o Francisco Xavier, que n\u00e3o tem urg\u00eancia de oftalmologia \u00e0 noite\"},{\"@type\":\"BreadcrumbList\",\"@id\":\"https:\/\/portaltela.pt\/noticias\/2026\/03\/31\/jovem-com-problema-oftalmologico-passou-por-tres-urgencias-ate-ser-vista-por-especialista\/#breadcrumb\",\"itemListElement\":[{\"@type\":\"ListItem\",\"position\":1,\"name\":\"In\u00edcio\",\"item\":\"https:\/\/portaltela.pt\/\"},{\"@type\":\"ListItem\",\"position\":2,\"name\":\"Jovem com problema oftalmol\u00f3gico passou por tr\u00eas urg\u00eancias at\u00e9 ser vista por especialista\"}]},{\"@type\":\"WebSite\",\"@id\":\"https:\/\/portaltela.pt\/#website\",\"url\":\"https:\/\/portaltela.pt\/\",\"name\":\"Portal Tela Portugal\",\"description\":\"\",\"potentialAction\":[{\"@type\":\"SearchAction\",\"target\":{\"@type\":\"EntryPoint\",\"urlTemplate\":\"https:\/\/portaltela.pt\/?s={search_term_string}\"},\"query-input\":{\"@type\":\"PropertyValueSpecification\",\"valueRequired\":true,\"valueName\":\"search_term_string\"}}],\"inLanguage\":\"pt-PT\"},{\"@type\":\"Person\",\"@id\":\"https:\/\/portaltela.pt\/#\/schema\/person\/c4278d4a6028830caff9ee44b42d32ed\",\"name\":\"Telinha\",\"image\":{\"@type\":\"ImageObject\",\"inLanguage\":\"pt-PT\",\"@id\":\"https:\/\/portaltela.pt\/s.01k8rhncp4jt1\/2025\/11\/talking-bot-125x125.png\",\"url\":\"https:\/\/portaltela.pt\/s.01k8rhncp4jt1\/2025\/11\/talking-bot-125x125.png\",\"contentUrl\":\"https:\/\/portaltela.pt\/s.01k8rhncp4jt1\/2025\/11\/talking-bot-125x125.png\",\"caption\":\"Telinha\"},\"sameAs\":[\"https:\/\/portaltela.pt\/\"],\"url\":\"https:\/\/portaltela.pt\/por\/367410592786\/\"}]}<\/script>\n<!-- \/ Yoast SEO plugin. -->","yoast_head_json":{"title":"Jovem com problema oftalmol\u00f3gico passou por tr\u00eas urg\u00eancias at\u00e9 ser vista por especialista - Portal Tela Portugal","robots":{"index":"index","follow":"follow","max-snippet":"max-snippet:-1","max-image-preview":"max-image-preview:large","max-video-preview":"max-video-preview:-1"},"og_locale":"pt_PT","og_type":"article","og_title":"Jovem com problema oftalmol\u00f3gico passou por tr\u00eas urg\u00eancias at\u00e9 ser vista por especialista - Portal Tela Portugal","og_description":"A jovem de 20 anos tinha um problema nos olhos que evoluiu rapidamente, j\u00e1 sem conseguir ver. A Linha SNS 24 enviou-a para a urg\u00eancia geral do Hospital S\u00e3o Francisco Xavier, mas \u00e0 noite n\u00e3o h\u00e1 resposta de oftalmologia nessa unidade. Foi-lhe indicado ir ao Hospital de Santa Maria, mas naquela semana a urg\u00eancia metropolitana de oftalmologia estava a funcionar no Hospital de S\u00e3o Jos\u00e9. A paciente foi finalmente vista por um especialista no Hospital de S\u00e3o Jos\u00e9. Lisboa \u00e9 servida, desde 2013, por uma urg\u00eancia metropolitana de oftalmologia que funciona de forma alternada entre os hospitais de S\u00e3o Jos\u00e9 e de Santa Maria \u00e0 noite; o algoritmo de encaminhamento foi revisto.","og_url":"https:\/\/portaltela.pt\/noticias\/2026\/03\/31\/jovem-com-problema-oftalmologico-passou-por-tres-urgencias-ate-ser-vista-por-especialista\/","og_site_name":"Portal Tela Portugal","article_published_time":"2026-03-31T12:16:18+00:00","author":"Telinha","twitter_card":"summary_large_image","twitter_misc":{"Escrito por":"Telinha","Tempo estimado de leitura":"1 minuto"},"schema":{"@context":"https:\/\/schema.org","@graph":[{"@type":"Article","@id":"https:\/\/portaltela.pt\/noticias\/2026\/03\/31\/jovem-com-problema-oftalmologico-passou-por-tres-urgencias-ate-ser-vista-por-especialista\/#article","isPartOf":{"@id":"https:\/\/portaltela.pt\/noticias\/2026\/03\/31\/jovem-com-problema-oftalmologico-passou-por-tres-urgencias-ate-ser-vista-por-especialista\/"},"author":{"name":"Telinha","@id":"https:\/\/portaltela.pt\/#\/schema\/person\/c4278d4a6028830caff9ee44b42d32ed"},"headline":"Jovem com problema oftalmol\u00f3gico passou por tr\u00eas urg\u00eancias at\u00e9 ser vista por especialista","datePublished":"2026-03-31T12:16:18+00:00","mainEntityOfPage":{"@id":"https:\/\/portaltela.pt\/noticias\/2026\/03\/31\/jovem-com-problema-oftalmologico-passou-por-tres-urgencias-ate-ser-vista-por-especialista\/"},"wordCount":148,"image":{"@id":"https:\/\/portaltela.pt\/noticias\/2026\/03\/31\/jovem-com-problema-oftalmologico-passou-por-tres-urgencias-ate-ser-vista-por-especialista\/#primaryimage"},"thumbnailUrl":"https:\/\/portaltela.pt\/s.01k8rhncp4jt1\/2026\/03\/2077533.jpg","keywords":["hospital","Lisboa","Oftalmologia","sa\u00fade","SNS 24","urg\u00eancias"],"articleSection":["Not\u00edcias","Sa\u00fade"],"inLanguage":"pt-PT"},{"@type":"WebPage","@id":"https:\/\/portaltela.pt\/noticias\/2026\/03\/31\/jovem-com-problema-oftalmologico-passou-por-tres-urgencias-ate-ser-vista-por-especialista\/","url":"https:\/\/portaltela.pt\/noticias\/2026\/03\/31\/jovem-com-problema-oftalmologico-passou-por-tres-urgencias-ate-ser-vista-por-especialista\/","name":"Jovem com problema oftalmol\u00f3gico passou por tr\u00eas urg\u00eancias at\u00e9 ser vista por especialista - Portal Tela Portugal","isPartOf":{"@id":"https:\/\/portaltela.pt\/#website"},"primaryImageOfPage":{"@id":"https:\/\/portaltela.pt\/noticias\/2026\/03\/31\/jovem-com-problema-oftalmologico-passou-por-tres-urgencias-ate-ser-vista-por-especialista\/#primaryimage"},"image":{"@id":"https:\/\/portaltela.pt\/noticias\/2026\/03\/31\/jovem-com-problema-oftalmologico-passou-por-tres-urgencias-ate-ser-vista-por-especialista\/#primaryimage"},"thumbnailUrl":"https:\/\/portaltela.pt\/s.01k8rhncp4jt1\/2026\/03\/2077533.jpg","datePublished":"2026-03-31T12:16:18+00:00","author":{"@id":"https:\/\/portaltela.pt\/#\/schema\/person\/c4278d4a6028830caff9ee44b42d32ed"},"breadcrumb":{"@id":"https:\/\/portaltela.pt\/noticias\/2026\/03\/31\/jovem-com-problema-oftalmologico-passou-por-tres-urgencias-ate-ser-vista-por-especialista\/#breadcrumb"},"inLanguage":"pt-PT","potentialAction":[{"@type":"ReadAction","target":["https:\/\/portaltela.pt\/noticias\/2026\/03\/31\/jovem-com-problema-oftalmologico-passou-por-tres-urgencias-ate-ser-vista-por-especialista\/"]}]},{"@type":"ImageObject","inLanguage":"pt-PT","@id":"https:\/\/portaltela.pt\/noticias\/2026\/03\/31\/jovem-com-problema-oftalmologico-passou-por-tres-urgencias-ate-ser-vista-por-especialista\/#primaryimage","url":"https:\/\/portaltela.pt\/s.01k8rhncp4jt1\/2026\/03\/2077533.jpg","contentUrl":"https:\/\/portaltela.pt\/s.01k8rhncp4jt1\/2026\/03\/2077533.jpg","width":796,"height":448,"caption":"Utente foi encaminhada para o Hospital S\u00e3o Francisco Xavier, que n\u00e3o tem urg\u00eancia de oftalmologia \u00e0 noite"},{"@type":"BreadcrumbList","@id":"https:\/\/portaltela.pt\/noticias\/2026\/03\/31\/jovem-com-problema-oftalmologico-passou-por-tres-urgencias-ate-ser-vista-por-especialista\/#breadcrumb","itemListElement":[{"@type":"ListItem","position":1,"name":"In\u00edcio","item":"https:\/\/portaltela.pt\/"},{"@type":"ListItem","position":2,"name":"Jovem com problema oftalmol\u00f3gico passou por tr\u00eas urg\u00eancias at\u00e9 ser vista por especialista"}]},{"@type":"WebSite","@id":"https:\/\/portaltela.pt\/#website","url":"https:\/\/portaltela.pt\/","name":"Portal Tela Portugal","description":"","potentialAction":[{"@type":"SearchAction","target":{"@type":"EntryPoint","urlTemplate":"https:\/\/portaltela.pt\/?s={search_term_string}"},"query-input":{"@type":"PropertyValueSpecification","valueRequired":true,"valueName":"search_term_string"}}],"inLanguage":"pt-PT"},{"@type":"Person","@id":"https:\/\/portaltela.pt\/#\/schema\/person\/c4278d4a6028830caff9ee44b42d32ed","name":"Telinha","image":{"@type":"ImageObject","inLanguage":"pt-PT","@id":"https:\/\/portaltela.pt\/s.01k8rhncp4jt1\/2025\/11\/talking-bot-125x125.png","url":"https:\/\/portaltela.pt\/s.01k8rhncp4jt1\/2025\/11\/talking-bot-125x125.png","contentUrl":"https:\/\/portaltela.pt\/s.01k8rhncp4jt1\/2025\/11\/talking-bot-125x125.png","caption":"Telinha"},"sameAs":["https:\/\/portaltela.pt\/"],"url":"https:\/\/portaltela.pt\/por\/367410592786\/"}]}},"_links":{"self":[{"href":"https:\/\/portaltela.pt\/api\/wp\/v2\/posts\/427654","targetHints":{"allow":["GET"]}}],"collection":[{"href":"https:\/\/portaltela.pt\/api\/wp\/v2\/posts"}],"about":[{"href":"https:\/\/portaltela.pt\/api\/wp\/v2\/types\/post"}],"author":[{"embeddable":true,"href":"https:\/\/portaltela.pt\/api\/wp\/v2\/users\/2"}],"replies":[{"embeddable":true,"href":"https:\/\/portaltela.pt\/api\/wp\/v2\/comments?post=427654"}],"version-history":[{"count":0,"href":"https:\/\/portaltela.pt\/api\/wp\/v2\/posts\/427654\/revisions"}],"wp:featuredmedia":[{"embeddable":true,"href":"https:\/\/portaltela.pt\/api\/wp\/v2\/media\/427661"}],"wp:attachment":[{"href":"https:\/\/portaltela.pt\/api\/wp\/v2\/media?parent=427654"}],"wp:term":[{"taxonomy":"category","embeddable":true,"href":"https:\/\/portaltela.pt\/api\/wp\/v2\/categories?post=427654"},{"taxonomy":"post_tag","embeddable":true,"href":"https:\/\/portaltela.pt\/api\/wp\/v2\/tags?post=427654"}],"curies":[{"name":"wp","href":"https:\/\/api.w.org\/{rel}","templated":true}]}}