{"id":427645,"date":"2026-03-30T21:32:51","date_gmt":"2026-03-31T00:32:51","guid":{"rendered":"https:\/\/portaltela.pt\/noticias\/2026\/03\/30\/crianca-que-perdeu-a-mae-no-acidente-de-ourem-recupera-e-fica-fora-de-perigo\/"},"modified":"2026-03-30T21:32:51","modified_gmt":"2026-03-31T00:32:51","slug":"crianca-que-perdeu-a-mae-no-acidente-de-ourem-recupera-e-fica-fora-de-perigo","status":"publish","type":"post","link":"https:\/\/portaltela.pt\/acidentes\/2026\/03\/30\/crianca-que-perdeu-a-mae-no-acidente-de-ourem-recupera-e-fica-fora-de-perigo\/","title":{"rendered":"Crian\u00e7a que perdeu a m\u00e3e no acidente de Our\u00e9m recupera e fica fora de perigo"},"content":{"rendered":"<p>Um acidente frontal ocorreu no IC9, em Our\u00e9m, envolvendo duas viaturas. A colis\u00e3o resultou em v\u00e1rias v\u00edtimas, incluindo uma mulher morta, um homem ferido e duas pessoas com ferimentos. O incidente teve repercuss\u00e3o na \u00e1rea local e mobilizou servi\u00e7os de emerg\u00eancia.<\/p>\n<p>O menino que ficou ferido na colis\u00e3o, com idade reportada entre 3 e 5 anos, foi assistido no Hospital de Leiria e transferido para a Ortopedia Pedi\u00e1trica de Coimbra. A evolu\u00e7\u00e3o cl\u00ednica foi favor\u00e1vel e permanece sob vigil\u00e2ncia m\u00e9dica. A m\u00e3e do menor, Andreia Pardal, de 35 anos, residente em Tomar, e o pai, Lu\u00eds Vicente, de 39, seguiam no interior de um dos carros. Carolina, de 34 anos, acompanhava o casal.<\/p>\n<h3>V\u00edtimas e condutores<\/h3>\n<p>Na outra viatura seguiam Jos\u00e9, de 62 anos, residente no Entroncamento, e Luc\u00edlia, de 60, que faleceu no local. O acidente tamb\u00e9m causou a morte de uma outra mulher n\u00e3o identificada neste resumo, e deixou mais dois feridos, cujos nomes n\u00e3o foram detalhados. A investiga\u00e7\u00e3o pretende apurar as causas do choque e as circunst\u00e2ncias que o precederam.<\/p>\n","protected":false},"excerpt":{"rendered":"<ul>\n<li>O acidente frontal no IC9, em Our\u00e9m, causou a morte de Luc\u00edlia, de 60 anos, que viajava na outra viatura, e deixou feridos mais dois ocupantes.<\/li>\n<li>Duarte, o menino de tr\u00eas anos, ficou ferido e foi transferido para a Ortopedia Pedi\u00e1trica de Coimbra, depois de receber assist\u00eancia no Hospital de Leiria.<\/li>\n<li>O pai do menino ficou ferido no acidente.<\/li>\n<li>A m\u00e3e do menino, Andreia Pardal, 35 anos, residente em Tomar e funcion\u00e1ria da autarquia local, conduzia um dos carros, no qual seguiam ainda Lu\u00eds Vicente, 39 anos, e Carolina, 34 anos.<\/li>\n<li>A outra viatura era conduzida por Jos\u00e9, 62 anos, residente no Entroncamento.<\/li>\n<\/ul>\n","protected":false},"author":2,"featured_media":427647,"comment_status":"closed","ping_status":"closed","sticky":false,"template":"","format":"standard","meta":{"footnotes":""},"categories":[6849],"tags":[4169,1430,3449,633,6429,2357],"class_list":["post-427645","post","type-post","status-publish","format-standard","has-post-thumbnail","hentry","category-acidentes","tag-acidente-rodoviario","tag-entroncamento","tag-feridos","tag-hospital","tag-mortes","tag-ourem"],"yoast_head":"<!-- This site is optimized with the Yoast SEO plugin v27.2 - https:\/\/yoast.com\/product\/yoast-seo-wordpress\/ -->\n<title>Crian\u00e7a que perdeu a m\u00e3e no acidente de Our\u00e9m recupera e fica fora de perigo - Portal Tela Portugal<\/title>\n<meta name=\"robots\" content=\"index, follow, max-snippet:-1, max-image-preview:large, max-video-preview:-1\" \/>\n<meta property=\"og:locale\" content=\"pt_PT\" \/>\n<meta property=\"og:type\" content=\"article\" \/>\n<meta property=\"og:title\" content=\"Crian\u00e7a que perdeu a m\u00e3e no acidente de Our\u00e9m recupera e fica fora de perigo - Portal Tela Portugal\" \/>\n<meta property=\"og:description\" content=\"O acidente frontal no IC9, em Our\u00e9m, causou a morte de Luc\u00edlia, de 60 anos, que viajava na outra viatura, e deixou feridos mais dois ocupantes. Duarte, o menino de tr\u00eas anos, ficou ferido e foi transferido para a Ortopedia Pedi\u00e1trica de Coimbra, depois de receber assist\u00eancia no Hospital de Leiria. O pai do menino ficou ferido no acidente. A m\u00e3e do menino, Andreia Pardal, 35 anos, residente em Tomar e funcion\u00e1ria da autarquia local, conduzia um dos carros, no qual seguiam ainda Lu\u00eds Vicente, 39 anos, e Carolina, 34 anos. A outra viatura era conduzida por Jos\u00e9, 62 anos, residente no Entroncamento.\" \/>\n<meta property=\"og:url\" content=\"https:\/\/portaltela.pt\/noticias\/2026\/03\/30\/crianca-que-perdeu-a-mae-no-acidente-de-ourem-recupera-e-fica-fora-de-perigo\/\" \/>\n<meta property=\"og:site_name\" content=\"Portal Tela Portugal\" \/>\n<meta property=\"article:published_time\" content=\"2026-03-31T00:32:51+00:00\" \/>\n<meta name=\"author\" content=\"Telinha\" \/>\n<meta name=\"twitter:card\" content=\"summary_large_image\" \/>\n<meta name=\"twitter:label1\" content=\"Escrito por\" \/>\n\t<meta name=\"twitter:data1\" content=\"Telinha\" \/>\n\t<meta name=\"twitter:label2\" content=\"Tempo estimado de leitura\" \/>\n\t<meta name=\"twitter:data2\" content=\"1 minuto\" \/>\n<script type=\"application\/ld+json\" class=\"yoast-schema-graph\">{\"@context\":\"https:\/\/schema.org\",\"@graph\":[{\"@type\":\"Article\",\"@id\":\"https:\/\/portaltela.pt\/noticias\/2026\/03\/30\/crianca-que-perdeu-a-mae-no-acidente-de-ourem-recupera-e-fica-fora-de-perigo\/#article\",\"isPartOf\":{\"@id\":\"https:\/\/portaltela.pt\/noticias\/2026\/03\/30\/crianca-que-perdeu-a-mae-no-acidente-de-ourem-recupera-e-fica-fora-de-perigo\/\"},\"author\":{\"name\":\"Telinha\",\"@id\":\"https:\/\/portaltela.pt\/#\/schema\/person\/c4278d4a6028830caff9ee44b42d32ed\"},\"headline\":\"Crian\u00e7a que perdeu a m\u00e3e no acidente de Our\u00e9m recupera e fica fora de perigo\",\"datePublished\":\"2026-03-31T00:32:51+00:00\",\"mainEntityOfPage\":{\"@id\":\"https:\/\/portaltela.pt\/noticias\/2026\/03\/30\/crianca-que-perdeu-a-mae-no-acidente-de-ourem-recupera-e-fica-fora-de-perigo\/\"},\"wordCount\":207,\"image\":{\"@id\":\"https:\/\/portaltela.pt\/noticias\/2026\/03\/30\/crianca-que-perdeu-a-mae-no-acidente-de-ourem-recupera-e-fica-fora-de-perigo\/#primaryimage\"},\"thumbnailUrl\":\"https:\/\/portaltela.pt\/s.01k8rhncp4jt1\/2026\/03\/img_1500x1000uu2026-03-29-17-51-13-2275460.jpg\",\"keywords\":[\"acidente rodovi\u00e1rio\",\"Entroncamento\",\"feridos\",\"hospital\",\"mortes\",\"Our\u00e9m\"],\"articleSection\":[\"Acidentes\"],\"inLanguage\":\"pt-PT\"},{\"@type\":\"WebPage\",\"@id\":\"https:\/\/portaltela.pt\/noticias\/2026\/03\/30\/crianca-que-perdeu-a-mae-no-acidente-de-ourem-recupera-e-fica-fora-de-perigo\/\",\"url\":\"https:\/\/portaltela.pt\/noticias\/2026\/03\/30\/crianca-que-perdeu-a-mae-no-acidente-de-ourem-recupera-e-fica-fora-de-perigo\/\",\"name\":\"Crian\u00e7a que perdeu a m\u00e3e no acidente de Our\u00e9m recupera e fica fora de perigo - Portal Tela Portugal\",\"isPartOf\":{\"@id\":\"https:\/\/portaltela.pt\/#website\"},\"primaryImageOfPage\":{\"@id\":\"https:\/\/portaltela.pt\/noticias\/2026\/03\/30\/crianca-que-perdeu-a-mae-no-acidente-de-ourem-recupera-e-fica-fora-de-perigo\/#primaryimage\"},\"image\":{\"@id\":\"https:\/\/portaltela.pt\/noticias\/2026\/03\/30\/crianca-que-perdeu-a-mae-no-acidente-de-ourem-recupera-e-fica-fora-de-perigo\/#primaryimage\"},\"thumbnailUrl\":\"https:\/\/portaltela.pt\/s.01k8rhncp4jt1\/2026\/03\/img_1500x1000uu2026-03-29-17-51-13-2275460.jpg\",\"datePublished\":\"2026-03-31T00:32:51+00:00\",\"author\":{\"@id\":\"https:\/\/portaltela.pt\/#\/schema\/person\/c4278d4a6028830caff9ee44b42d32ed\"},\"breadcrumb\":{\"@id\":\"https:\/\/portaltela.pt\/noticias\/2026\/03\/30\/crianca-que-perdeu-a-mae-no-acidente-de-ourem-recupera-e-fica-fora-de-perigo\/#breadcrumb\"},\"inLanguage\":\"pt-PT\",\"potentialAction\":[{\"@type\":\"ReadAction\",\"target\":[\"https:\/\/portaltela.pt\/noticias\/2026\/03\/30\/crianca-que-perdeu-a-mae-no-acidente-de-ourem-recupera-e-fica-fora-de-perigo\/\"]}]},{\"@type\":\"ImageObject\",\"inLanguage\":\"pt-PT\",\"@id\":\"https:\/\/portaltela.pt\/noticias\/2026\/03\/30\/crianca-que-perdeu-a-mae-no-acidente-de-ourem-recupera-e-fica-fora-de-perigo\/#primaryimage\",\"url\":\"https:\/\/portaltela.pt\/s.01k8rhncp4jt1\/2026\/03\/img_1500x1000uu2026-03-29-17-51-13-2275460.jpg\",\"contentUrl\":\"https:\/\/portaltela.pt\/s.01k8rhncp4jt1\/2026\/03\/img_1500x1000uu2026-03-29-17-51-13-2275460.jpg\",\"width\":796,\"height\":448,\"caption\":\"IC9 Our\u00e9m\"},{\"@type\":\"BreadcrumbList\",\"@id\":\"https:\/\/portaltela.pt\/noticias\/2026\/03\/30\/crianca-que-perdeu-a-mae-no-acidente-de-ourem-recupera-e-fica-fora-de-perigo\/#breadcrumb\",\"itemListElement\":[{\"@type\":\"ListItem\",\"position\":1,\"name\":\"In\u00edcio\",\"item\":\"https:\/\/portaltela.pt\/\"},{\"@type\":\"ListItem\",\"position\":2,\"name\":\"Crian\u00e7a que perdeu a m\u00e3e no acidente de Our\u00e9m recupera e fica fora de perigo\"}]},{\"@type\":\"WebSite\",\"@id\":\"https:\/\/portaltela.pt\/#website\",\"url\":\"https:\/\/portaltela.pt\/\",\"name\":\"Portal Tela Portugal\",\"description\":\"\",\"potentialAction\":[{\"@type\":\"SearchAction\",\"target\":{\"@type\":\"EntryPoint\",\"urlTemplate\":\"https:\/\/portaltela.pt\/?s={search_term_string}\"},\"query-input\":{\"@type\":\"PropertyValueSpecification\",\"valueRequired\":true,\"valueName\":\"search_term_string\"}}],\"inLanguage\":\"pt-PT\"},{\"@type\":\"Person\",\"@id\":\"https:\/\/portaltela.pt\/#\/schema\/person\/c4278d4a6028830caff9ee44b42d32ed\",\"name\":\"Telinha\",\"image\":{\"@type\":\"ImageObject\",\"inLanguage\":\"pt-PT\",\"@id\":\"https:\/\/portaltela.pt\/s.01k8rhncp4jt1\/2025\/11\/talking-bot-125x125.png\",\"url\":\"https:\/\/portaltela.pt\/s.01k8rhncp4jt1\/2025\/11\/talking-bot-125x125.png\",\"contentUrl\":\"https:\/\/portaltela.pt\/s.01k8rhncp4jt1\/2025\/11\/talking-bot-125x125.png\",\"caption\":\"Telinha\"},\"sameAs\":[\"https:\/\/portaltela.pt\/\"],\"url\":\"https:\/\/portaltela.pt\/por\/367410592786\/\"}]}<\/script>\n<!-- \/ Yoast SEO plugin. -->","yoast_head_json":{"title":"Crian\u00e7a que perdeu a m\u00e3e no acidente de Our\u00e9m recupera e fica fora de perigo - Portal Tela Portugal","robots":{"index":"index","follow":"follow","max-snippet":"max-snippet:-1","max-image-preview":"max-image-preview:large","max-video-preview":"max-video-preview:-1"},"og_locale":"pt_PT","og_type":"article","og_title":"Crian\u00e7a que perdeu a m\u00e3e no acidente de Our\u00e9m recupera e fica fora de perigo - Portal Tela Portugal","og_description":"O acidente frontal no IC9, em Our\u00e9m, causou a morte de Luc\u00edlia, de 60 anos, que viajava na outra viatura, e deixou feridos mais dois ocupantes. Duarte, o menino de tr\u00eas anos, ficou ferido e foi transferido para a Ortopedia Pedi\u00e1trica de Coimbra, depois de receber assist\u00eancia no Hospital de Leiria. O pai do menino ficou ferido no acidente. A m\u00e3e do menino, Andreia Pardal, 35 anos, residente em Tomar e funcion\u00e1ria da autarquia local, conduzia um dos carros, no qual seguiam ainda Lu\u00eds Vicente, 39 anos, e Carolina, 34 anos. A outra viatura era conduzida por Jos\u00e9, 62 anos, residente no Entroncamento.","og_url":"https:\/\/portaltela.pt\/noticias\/2026\/03\/30\/crianca-que-perdeu-a-mae-no-acidente-de-ourem-recupera-e-fica-fora-de-perigo\/","og_site_name":"Portal Tela Portugal","article_published_time":"2026-03-31T00:32:51+00:00","author":"Telinha","twitter_card":"summary_large_image","twitter_misc":{"Escrito por":"Telinha","Tempo estimado de leitura":"1 minuto"},"schema":{"@context":"https:\/\/schema.org","@graph":[{"@type":"Article","@id":"https:\/\/portaltela.pt\/noticias\/2026\/03\/30\/crianca-que-perdeu-a-mae-no-acidente-de-ourem-recupera-e-fica-fora-de-perigo\/#article","isPartOf":{"@id":"https:\/\/portaltela.pt\/noticias\/2026\/03\/30\/crianca-que-perdeu-a-mae-no-acidente-de-ourem-recupera-e-fica-fora-de-perigo\/"},"author":{"name":"Telinha","@id":"https:\/\/portaltela.pt\/#\/schema\/person\/c4278d4a6028830caff9ee44b42d32ed"},"headline":"Crian\u00e7a que perdeu a m\u00e3e no acidente de Our\u00e9m recupera e fica fora de perigo","datePublished":"2026-03-31T00:32:51+00:00","mainEntityOfPage":{"@id":"https:\/\/portaltela.pt\/noticias\/2026\/03\/30\/crianca-que-perdeu-a-mae-no-acidente-de-ourem-recupera-e-fica-fora-de-perigo\/"},"wordCount":207,"image":{"@id":"https:\/\/portaltela.pt\/noticias\/2026\/03\/30\/crianca-que-perdeu-a-mae-no-acidente-de-ourem-recupera-e-fica-fora-de-perigo\/#primaryimage"},"thumbnailUrl":"https:\/\/portaltela.pt\/s.01k8rhncp4jt1\/2026\/03\/img_1500x1000uu2026-03-29-17-51-13-2275460.jpg","keywords":["acidente rodovi\u00e1rio","Entroncamento","feridos","hospital","mortes","Our\u00e9m"],"articleSection":["Acidentes"],"inLanguage":"pt-PT"},{"@type":"WebPage","@id":"https:\/\/portaltela.pt\/noticias\/2026\/03\/30\/crianca-que-perdeu-a-mae-no-acidente-de-ourem-recupera-e-fica-fora-de-perigo\/","url":"https:\/\/portaltela.pt\/noticias\/2026\/03\/30\/crianca-que-perdeu-a-mae-no-acidente-de-ourem-recupera-e-fica-fora-de-perigo\/","name":"Crian\u00e7a que perdeu a m\u00e3e no acidente de Our\u00e9m recupera e fica fora de perigo - Portal Tela Portugal","isPartOf":{"@id":"https:\/\/portaltela.pt\/#website"},"primaryImageOfPage":{"@id":"https:\/\/portaltela.pt\/noticias\/2026\/03\/30\/crianca-que-perdeu-a-mae-no-acidente-de-ourem-recupera-e-fica-fora-de-perigo\/#primaryimage"},"image":{"@id":"https:\/\/portaltela.pt\/noticias\/2026\/03\/30\/crianca-que-perdeu-a-mae-no-acidente-de-ourem-recupera-e-fica-fora-de-perigo\/#primaryimage"},"thumbnailUrl":"https:\/\/portaltela.pt\/s.01k8rhncp4jt1\/2026\/03\/img_1500x1000uu2026-03-29-17-51-13-2275460.jpg","datePublished":"2026-03-31T00:32:51+00:00","author":{"@id":"https:\/\/portaltela.pt\/#\/schema\/person\/c4278d4a6028830caff9ee44b42d32ed"},"breadcrumb":{"@id":"https:\/\/portaltela.pt\/noticias\/2026\/03\/30\/crianca-que-perdeu-a-mae-no-acidente-de-ourem-recupera-e-fica-fora-de-perigo\/#breadcrumb"},"inLanguage":"pt-PT","potentialAction":[{"@type":"ReadAction","target":["https:\/\/portaltela.pt\/noticias\/2026\/03\/30\/crianca-que-perdeu-a-mae-no-acidente-de-ourem-recupera-e-fica-fora-de-perigo\/"]}]},{"@type":"ImageObject","inLanguage":"pt-PT","@id":"https:\/\/portaltela.pt\/noticias\/2026\/03\/30\/crianca-que-perdeu-a-mae-no-acidente-de-ourem-recupera-e-fica-fora-de-perigo\/#primaryimage","url":"https:\/\/portaltela.pt\/s.01k8rhncp4jt1\/2026\/03\/img_1500x1000uu2026-03-29-17-51-13-2275460.jpg","contentUrl":"https:\/\/portaltela.pt\/s.01k8rhncp4jt1\/2026\/03\/img_1500x1000uu2026-03-29-17-51-13-2275460.jpg","width":796,"height":448,"caption":"IC9 Our\u00e9m"},{"@type":"BreadcrumbList","@id":"https:\/\/portaltela.pt\/noticias\/2026\/03\/30\/crianca-que-perdeu-a-mae-no-acidente-de-ourem-recupera-e-fica-fora-de-perigo\/#breadcrumb","itemListElement":[{"@type":"ListItem","position":1,"name":"In\u00edcio","item":"https:\/\/portaltela.pt\/"},{"@type":"ListItem","position":2,"name":"Crian\u00e7a que perdeu a m\u00e3e no acidente de Our\u00e9m recupera e fica fora de perigo"}]},{"@type":"WebSite","@id":"https:\/\/portaltela.pt\/#website","url":"https:\/\/portaltela.pt\/","name":"Portal Tela Portugal","description":"","potentialAction":[{"@type":"SearchAction","target":{"@type":"EntryPoint","urlTemplate":"https:\/\/portaltela.pt\/?s={search_term_string}"},"query-input":{"@type":"PropertyValueSpecification","valueRequired":true,"valueName":"search_term_string"}}],"inLanguage":"pt-PT"},{"@type":"Person","@id":"https:\/\/portaltela.pt\/#\/schema\/person\/c4278d4a6028830caff9ee44b42d32ed","name":"Telinha","image":{"@type":"ImageObject","inLanguage":"pt-PT","@id":"https:\/\/portaltela.pt\/s.01k8rhncp4jt1\/2025\/11\/talking-bot-125x125.png","url":"https:\/\/portaltela.pt\/s.01k8rhncp4jt1\/2025\/11\/talking-bot-125x125.png","contentUrl":"https:\/\/portaltela.pt\/s.01k8rhncp4jt1\/2025\/11\/talking-bot-125x125.png","caption":"Telinha"},"sameAs":["https:\/\/portaltela.pt\/"],"url":"https:\/\/portaltela.pt\/por\/367410592786\/"}]}},"_links":{"self":[{"href":"https:\/\/portaltela.pt\/api\/wp\/v2\/posts\/427645","targetHints":{"allow":["GET"]}}],"collection":[{"href":"https:\/\/portaltela.pt\/api\/wp\/v2\/posts"}],"about":[{"href":"https:\/\/portaltela.pt\/api\/wp\/v2\/types\/post"}],"author":[{"embeddable":true,"href":"https:\/\/portaltela.pt\/api\/wp\/v2\/users\/2"}],"replies":[{"embeddable":true,"href":"https:\/\/portaltela.pt\/api\/wp\/v2\/comments?post=427645"}],"version-history":[{"count":0,"href":"https:\/\/portaltela.pt\/api\/wp\/v2\/posts\/427645\/revisions"}],"wp:featuredmedia":[{"embeddable":true,"href":"https:\/\/portaltela.pt\/api\/wp\/v2\/media\/427647"}],"wp:attachment":[{"href":"https:\/\/portaltela.pt\/api\/wp\/v2\/media?parent=427645"}],"wp:term":[{"taxonomy":"category","embeddable":true,"href":"https:\/\/portaltela.pt\/api\/wp\/v2\/categories?post=427645"},{"taxonomy":"post_tag","embeddable":true,"href":"https:\/\/portaltela.pt\/api\/wp\/v2\/tags?post=427645"}],"curies":[{"name":"wp","href":"https:\/\/api.w.org\/{rel}","templated":true}]}}