{"id":427636,"date":"2026-03-30T21:32:46","date_gmt":"2026-03-31T00:32:46","guid":{"rendered":"https:\/\/portaltela.pt\/noticias\/2026\/03\/30\/afogamentos-na-pascoa-somam-42-mortes-em-quatro-anos\/"},"modified":"2026-03-30T21:32:46","modified_gmt":"2026-03-31T00:32:46","slug":"afogamentos-na-pascoa-somam-42-mortes-em-quatro-anos","status":"publish","type":"post","link":"https:\/\/portaltela.pt\/sociedade\/2026\/03\/30\/afogamentos-na-pascoa-somam-42-mortes-em-quatro-anos\/","title":{"rendered":"Afogamentos na P\u00e1scoa somam 42 mortes em quatro anos"},"content":{"rendered":"<p>Entre 2022 e 2025, o n\u00famero de afogamentos registados em Portugal durante o per\u00edodo da P\u00e1scoa totalizou 42 mortes, segundo a Federa\u00e7\u00e3o Portuguesa de Nadadores Salvadores (FPNS). A organiza\u00e7\u00e3o destaca que os n\u00fameros refletem um risco acentuado nesta \u00e9poca do ano, mesmo antes do pico tur\u00edstico de ver\u00e3o.<\/p>\n<p>Para 2022, registaram-se 9 casos; em 2023 houve 8; em 2024 o total subiu para 20; e em 2025 houve 5 ocorr\u00eancias at\u00e9 ao momento. A FPNS assinala que a m\u00e9dia quinzenal de afogamentos (2019-2024) fica nos 4,96 casos, o que eleva a P\u00e1scoa acima da m\u00e9dia nacional.<\/p>\n<p>A institui\u00e7\u00e3o alerta que a maioria das praias n\u00e3o est\u00e1 vigiada e que muitos cidad\u00e3os subestimam o risco fora da \u00e9poca balnear. Muitas v\u00edtimas estavam a passear junto \u00e0 \u00e1gua ou em zonas costeiras sem inten\u00e7\u00e3o de entrar de facto na \u00e1gua, refor\u00e7a a FPNS.<\/p>\n<p>Neste contexto, a FPNS defende a continuidade da vigil\u00e2ncia ao longo do ano. A organiza\u00e7\u00e3o lembra que o risco de afogamento n\u00e3o se limita ao ver\u00e3o, com ocorr\u00eancias significativas associadas \u00e0 P\u00e1scoa. A implementa\u00e7\u00e3o de um modelo de vigil\u00e2ncia cont\u00ednua, adaptado a cada local, \u00e9 apresentada como medida-chave para reduzir v\u00edtimas no futuro.<\/p>\n<p>A federa\u00e7\u00e3o afirma ainda que a prote\u00e7\u00e3o dever\u00e1 considerar recursos humanos bem preparados, sinaliza\u00e7\u00e3o adequada e a\u00e7\u00f5es de educa\u00e7\u00e3o c\u00edvica para banhistas, turistas e residentes. A expectativa \u00e9 que governos locais valorizem planos permanentes de seguran\u00e7a costeira, semelhantes aos usados noutros pa\u00edses.<\/p>\n","protected":false},"excerpt":{"rendered":"<ul>\n<li>No per\u00edodo de 2022 a 2025 registaram-se 42 mortes por afogamento, com 9 em 2002, 8 em 2023, 20 em 2024 e 5 no ano passado.<\/li>\n<li>A m\u00e9dia quinzenal de afogamentos em Portugal (2019\u20132024) \u00e9 de 4,96, e o per\u00edodo da P\u00e1scoa fica acima desta m\u00e9dia.<\/li>\n<li>A FPNS alerta que a maioria das praias ainda n\u00e3o est\u00e1 vigiada e que h\u00e1 uma perce\u00e7\u00e3o reduzida de risco fora da \u00e9poca balnear.<\/li>\n<li>Muitas v\u00edtimas estavam em contexto de lazer, junto \u00e0 \u00e1gua ou na orla costeira, sem inten\u00e7\u00e3o de entrar na \u00e1gua.<\/li>\n<li>A federa\u00e7\u00e3o defende vig\u00eancia de assist\u00eancia a banhistas ao longo de todo o ano, com um modelo de vigil\u00e2ncia cont\u00ednua, para reduzir o n\u00famero de v\u00edtimas.<\/li>\n<\/ul>\n","protected":false},"author":2,"featured_media":427643,"comment_status":"closed","ping_status":"closed","sticky":false,"template":"","format":"standard","meta":{"footnotes":""},"categories":[6745,6871],"tags":[3546,6637,1014,320,3388,169],"class_list":["post-427636","post","type-post","status-publish","format-standard","has-post-thumbnail","hentry","category-saude","category-sociedade","tag-afogamento","tag-cidadaos","tag-portugal","tag-protecao-civil","tag-protecao-costeira","tag-turismo"],"yoast_head":"<!-- This site is optimized with the Yoast SEO plugin v27.2 - https:\/\/yoast.com\/product\/yoast-seo-wordpress\/ -->\n<title>Afogamentos na P\u00e1scoa somam 42 mortes em quatro anos - Portal Tela Portugal<\/title>\n<meta name=\"robots\" content=\"index, follow, max-snippet:-1, max-image-preview:large, max-video-preview:-1\" \/>\n<meta property=\"og:locale\" content=\"pt_PT\" \/>\n<meta property=\"og:type\" content=\"article\" \/>\n<meta property=\"og:title\" content=\"Afogamentos na P\u00e1scoa somam 42 mortes em quatro anos - Portal Tela Portugal\" \/>\n<meta property=\"og:description\" content=\"No per\u00edodo de 2022 a 2025 registaram-se 42 mortes por afogamento, com 9 em 2002, 8 em 2023, 20 em 2024 e 5 no ano passado. A m\u00e9dia quinzenal de afogamentos em Portugal (2019\u20132024) \u00e9 de 4,96, e o per\u00edodo da P\u00e1scoa fica acima desta m\u00e9dia. A FPNS alerta que a maioria das praias ainda n\u00e3o est\u00e1 vigiada e que h\u00e1 uma perce\u00e7\u00e3o reduzida de risco fora da \u00e9poca balnear. Muitas v\u00edtimas estavam em contexto de lazer, junto \u00e0 \u00e1gua ou na orla costeira, sem inten\u00e7\u00e3o de entrar na \u00e1gua. A federa\u00e7\u00e3o defende vig\u00eancia de assist\u00eancia a banhistas ao longo de todo o ano, com um modelo de vigil\u00e2ncia cont\u00ednua, para reduzir o n\u00famero de v\u00edtimas.\" \/>\n<meta property=\"og:url\" content=\"https:\/\/portaltela.pt\/noticias\/2026\/03\/30\/afogamentos-na-pascoa-somam-42-mortes-em-quatro-anos\/\" \/>\n<meta property=\"og:site_name\" content=\"Portal Tela Portugal\" \/>\n<meta property=\"article:published_time\" content=\"2026-03-31T00:32:46+00:00\" \/>\n<meta name=\"author\" content=\"Telinha\" \/>\n<meta name=\"twitter:card\" content=\"summary_large_image\" \/>\n<meta name=\"twitter:label1\" content=\"Escrito por\" \/>\n\t<meta name=\"twitter:data1\" content=\"Telinha\" \/>\n\t<meta name=\"twitter:label2\" content=\"Tempo estimado de leitura\" \/>\n\t<meta name=\"twitter:data2\" content=\"1 minuto\" \/>\n<script type=\"application\/ld+json\" class=\"yoast-schema-graph\">{\"@context\":\"https:\/\/schema.org\",\"@graph\":[{\"@type\":\"Article\",\"@id\":\"https:\/\/portaltela.pt\/noticias\/2026\/03\/30\/afogamentos-na-pascoa-somam-42-mortes-em-quatro-anos\/#article\",\"isPartOf\":{\"@id\":\"https:\/\/portaltela.pt\/noticias\/2026\/03\/30\/afogamentos-na-pascoa-somam-42-mortes-em-quatro-anos\/\"},\"author\":{\"name\":\"Telinha\",\"@id\":\"https:\/\/portaltela.pt\/#\/schema\/person\/c4278d4a6028830caff9ee44b42d32ed\"},\"headline\":\"Afogamentos na P\u00e1scoa somam 42 mortes em quatro anos\",\"datePublished\":\"2026-03-31T00:32:46+00:00\",\"mainEntityOfPage\":{\"@id\":\"https:\/\/portaltela.pt\/noticias\/2026\/03\/30\/afogamentos-na-pascoa-somam-42-mortes-em-quatro-anos\/\"},\"wordCount\":265,\"image\":{\"@id\":\"https:\/\/portaltela.pt\/noticias\/2026\/03\/30\/afogamentos-na-pascoa-somam-42-mortes-em-quatro-anos\/#primaryimage\"},\"thumbnailUrl\":\"https:\/\/portaltela.pt\/s.01k8rhncp4jt1\/2026\/03\/img_1500x1000uu2024-03-18-13-46-50-1602404.jpg\",\"keywords\":[\"afogamento\",\"cidad\u00e3os\",\"Portugal\",\"prote\u00e7\u00e3o civil\",\"Prote\u00e7\u00e3o costeira\",\"turismo\"],\"articleSection\":[\"Sa\u00fade\",\"Sociedade\"],\"inLanguage\":\"pt-PT\"},{\"@type\":\"WebPage\",\"@id\":\"https:\/\/portaltela.pt\/noticias\/2026\/03\/30\/afogamentos-na-pascoa-somam-42-mortes-em-quatro-anos\/\",\"url\":\"https:\/\/portaltela.pt\/noticias\/2026\/03\/30\/afogamentos-na-pascoa-somam-42-mortes-em-quatro-anos\/\",\"name\":\"Afogamentos na P\u00e1scoa somam 42 mortes em quatro anos - Portal Tela Portugal\",\"isPartOf\":{\"@id\":\"https:\/\/portaltela.pt\/#website\"},\"primaryImageOfPage\":{\"@id\":\"https:\/\/portaltela.pt\/noticias\/2026\/03\/30\/afogamentos-na-pascoa-somam-42-mortes-em-quatro-anos\/#primaryimage\"},\"image\":{\"@id\":\"https:\/\/portaltela.pt\/noticias\/2026\/03\/30\/afogamentos-na-pascoa-somam-42-mortes-em-quatro-anos\/#primaryimage\"},\"thumbnailUrl\":\"https:\/\/portaltela.pt\/s.01k8rhncp4jt1\/2026\/03\/img_1500x1000uu2024-03-18-13-46-50-1602404.jpg\",\"datePublished\":\"2026-03-31T00:32:46+00:00\",\"author\":{\"@id\":\"https:\/\/portaltela.pt\/#\/schema\/person\/c4278d4a6028830caff9ee44b42d32ed\"},\"breadcrumb\":{\"@id\":\"https:\/\/portaltela.pt\/noticias\/2026\/03\/30\/afogamentos-na-pascoa-somam-42-mortes-em-quatro-anos\/#breadcrumb\"},\"inLanguage\":\"pt-PT\",\"potentialAction\":[{\"@type\":\"ReadAction\",\"target\":[\"https:\/\/portaltela.pt\/noticias\/2026\/03\/30\/afogamentos-na-pascoa-somam-42-mortes-em-quatro-anos\/\"]}]},{\"@type\":\"ImageObject\",\"inLanguage\":\"pt-PT\",\"@id\":\"https:\/\/portaltela.pt\/noticias\/2026\/03\/30\/afogamentos-na-pascoa-somam-42-mortes-em-quatro-anos\/#primaryimage\",\"url\":\"https:\/\/portaltela.pt\/s.01k8rhncp4jt1\/2026\/03\/img_1500x1000uu2024-03-18-13-46-50-1602404.jpg\",\"contentUrl\":\"https:\/\/portaltela.pt\/s.01k8rhncp4jt1\/2026\/03\/img_1500x1000uu2024-03-18-13-46-50-1602404.jpg\",\"width\":796,\"height\":448,\"caption\":\"Nadadores salvadores\"},{\"@type\":\"BreadcrumbList\",\"@id\":\"https:\/\/portaltela.pt\/noticias\/2026\/03\/30\/afogamentos-na-pascoa-somam-42-mortes-em-quatro-anos\/#breadcrumb\",\"itemListElement\":[{\"@type\":\"ListItem\",\"position\":1,\"name\":\"In\u00edcio\",\"item\":\"https:\/\/portaltela.pt\/\"},{\"@type\":\"ListItem\",\"position\":2,\"name\":\"Afogamentos na P\u00e1scoa somam 42 mortes em quatro anos\"}]},{\"@type\":\"WebSite\",\"@id\":\"https:\/\/portaltela.pt\/#website\",\"url\":\"https:\/\/portaltela.pt\/\",\"name\":\"Portal Tela Portugal\",\"description\":\"\",\"potentialAction\":[{\"@type\":\"SearchAction\",\"target\":{\"@type\":\"EntryPoint\",\"urlTemplate\":\"https:\/\/portaltela.pt\/?s={search_term_string}\"},\"query-input\":{\"@type\":\"PropertyValueSpecification\",\"valueRequired\":true,\"valueName\":\"search_term_string\"}}],\"inLanguage\":\"pt-PT\"},{\"@type\":\"Person\",\"@id\":\"https:\/\/portaltela.pt\/#\/schema\/person\/c4278d4a6028830caff9ee44b42d32ed\",\"name\":\"Telinha\",\"image\":{\"@type\":\"ImageObject\",\"inLanguage\":\"pt-PT\",\"@id\":\"https:\/\/portaltela.pt\/s.01k8rhncp4jt1\/2025\/11\/talking-bot-125x125.png\",\"url\":\"https:\/\/portaltela.pt\/s.01k8rhncp4jt1\/2025\/11\/talking-bot-125x125.png\",\"contentUrl\":\"https:\/\/portaltela.pt\/s.01k8rhncp4jt1\/2025\/11\/talking-bot-125x125.png\",\"caption\":\"Telinha\"},\"sameAs\":[\"https:\/\/portaltela.pt\/\"],\"url\":\"https:\/\/portaltela.pt\/por\/367410592786\/\"}]}<\/script>\n<!-- \/ Yoast SEO plugin. -->","yoast_head_json":{"title":"Afogamentos na P\u00e1scoa somam 42 mortes em quatro anos - Portal Tela Portugal","robots":{"index":"index","follow":"follow","max-snippet":"max-snippet:-1","max-image-preview":"max-image-preview:large","max-video-preview":"max-video-preview:-1"},"og_locale":"pt_PT","og_type":"article","og_title":"Afogamentos na P\u00e1scoa somam 42 mortes em quatro anos - Portal Tela Portugal","og_description":"No per\u00edodo de 2022 a 2025 registaram-se 42 mortes por afogamento, com 9 em 2002, 8 em 2023, 20 em 2024 e 5 no ano passado. A m\u00e9dia quinzenal de afogamentos em Portugal (2019\u20132024) \u00e9 de 4,96, e o per\u00edodo da P\u00e1scoa fica acima desta m\u00e9dia. A FPNS alerta que a maioria das praias ainda n\u00e3o est\u00e1 vigiada e que h\u00e1 uma perce\u00e7\u00e3o reduzida de risco fora da \u00e9poca balnear. Muitas v\u00edtimas estavam em contexto de lazer, junto \u00e0 \u00e1gua ou na orla costeira, sem inten\u00e7\u00e3o de entrar na \u00e1gua. A federa\u00e7\u00e3o defende vig\u00eancia de assist\u00eancia a banhistas ao longo de todo o ano, com um modelo de vigil\u00e2ncia cont\u00ednua, para reduzir o n\u00famero de v\u00edtimas.","og_url":"https:\/\/portaltela.pt\/noticias\/2026\/03\/30\/afogamentos-na-pascoa-somam-42-mortes-em-quatro-anos\/","og_site_name":"Portal Tela Portugal","article_published_time":"2026-03-31T00:32:46+00:00","author":"Telinha","twitter_card":"summary_large_image","twitter_misc":{"Escrito por":"Telinha","Tempo estimado de leitura":"1 minuto"},"schema":{"@context":"https:\/\/schema.org","@graph":[{"@type":"Article","@id":"https:\/\/portaltela.pt\/noticias\/2026\/03\/30\/afogamentos-na-pascoa-somam-42-mortes-em-quatro-anos\/#article","isPartOf":{"@id":"https:\/\/portaltela.pt\/noticias\/2026\/03\/30\/afogamentos-na-pascoa-somam-42-mortes-em-quatro-anos\/"},"author":{"name":"Telinha","@id":"https:\/\/portaltela.pt\/#\/schema\/person\/c4278d4a6028830caff9ee44b42d32ed"},"headline":"Afogamentos na P\u00e1scoa somam 42 mortes em quatro anos","datePublished":"2026-03-31T00:32:46+00:00","mainEntityOfPage":{"@id":"https:\/\/portaltela.pt\/noticias\/2026\/03\/30\/afogamentos-na-pascoa-somam-42-mortes-em-quatro-anos\/"},"wordCount":265,"image":{"@id":"https:\/\/portaltela.pt\/noticias\/2026\/03\/30\/afogamentos-na-pascoa-somam-42-mortes-em-quatro-anos\/#primaryimage"},"thumbnailUrl":"https:\/\/portaltela.pt\/s.01k8rhncp4jt1\/2026\/03\/img_1500x1000uu2024-03-18-13-46-50-1602404.jpg","keywords":["afogamento","cidad\u00e3os","Portugal","prote\u00e7\u00e3o civil","Prote\u00e7\u00e3o costeira","turismo"],"articleSection":["Sa\u00fade","Sociedade"],"inLanguage":"pt-PT"},{"@type":"WebPage","@id":"https:\/\/portaltela.pt\/noticias\/2026\/03\/30\/afogamentos-na-pascoa-somam-42-mortes-em-quatro-anos\/","url":"https:\/\/portaltela.pt\/noticias\/2026\/03\/30\/afogamentos-na-pascoa-somam-42-mortes-em-quatro-anos\/","name":"Afogamentos na P\u00e1scoa somam 42 mortes em quatro anos - Portal Tela Portugal","isPartOf":{"@id":"https:\/\/portaltela.pt\/#website"},"primaryImageOfPage":{"@id":"https:\/\/portaltela.pt\/noticias\/2026\/03\/30\/afogamentos-na-pascoa-somam-42-mortes-em-quatro-anos\/#primaryimage"},"image":{"@id":"https:\/\/portaltela.pt\/noticias\/2026\/03\/30\/afogamentos-na-pascoa-somam-42-mortes-em-quatro-anos\/#primaryimage"},"thumbnailUrl":"https:\/\/portaltela.pt\/s.01k8rhncp4jt1\/2026\/03\/img_1500x1000uu2024-03-18-13-46-50-1602404.jpg","datePublished":"2026-03-31T00:32:46+00:00","author":{"@id":"https:\/\/portaltela.pt\/#\/schema\/person\/c4278d4a6028830caff9ee44b42d32ed"},"breadcrumb":{"@id":"https:\/\/portaltela.pt\/noticias\/2026\/03\/30\/afogamentos-na-pascoa-somam-42-mortes-em-quatro-anos\/#breadcrumb"},"inLanguage":"pt-PT","potentialAction":[{"@type":"ReadAction","target":["https:\/\/portaltela.pt\/noticias\/2026\/03\/30\/afogamentos-na-pascoa-somam-42-mortes-em-quatro-anos\/"]}]},{"@type":"ImageObject","inLanguage":"pt-PT","@id":"https:\/\/portaltela.pt\/noticias\/2026\/03\/30\/afogamentos-na-pascoa-somam-42-mortes-em-quatro-anos\/#primaryimage","url":"https:\/\/portaltela.pt\/s.01k8rhncp4jt1\/2026\/03\/img_1500x1000uu2024-03-18-13-46-50-1602404.jpg","contentUrl":"https:\/\/portaltela.pt\/s.01k8rhncp4jt1\/2026\/03\/img_1500x1000uu2024-03-18-13-46-50-1602404.jpg","width":796,"height":448,"caption":"Nadadores salvadores"},{"@type":"BreadcrumbList","@id":"https:\/\/portaltela.pt\/noticias\/2026\/03\/30\/afogamentos-na-pascoa-somam-42-mortes-em-quatro-anos\/#breadcrumb","itemListElement":[{"@type":"ListItem","position":1,"name":"In\u00edcio","item":"https:\/\/portaltela.pt\/"},{"@type":"ListItem","position":2,"name":"Afogamentos na P\u00e1scoa somam 42 mortes em quatro anos"}]},{"@type":"WebSite","@id":"https:\/\/portaltela.pt\/#website","url":"https:\/\/portaltela.pt\/","name":"Portal Tela Portugal","description":"","potentialAction":[{"@type":"SearchAction","target":{"@type":"EntryPoint","urlTemplate":"https:\/\/portaltela.pt\/?s={search_term_string}"},"query-input":{"@type":"PropertyValueSpecification","valueRequired":true,"valueName":"search_term_string"}}],"inLanguage":"pt-PT"},{"@type":"Person","@id":"https:\/\/portaltela.pt\/#\/schema\/person\/c4278d4a6028830caff9ee44b42d32ed","name":"Telinha","image":{"@type":"ImageObject","inLanguage":"pt-PT","@id":"https:\/\/portaltela.pt\/s.01k8rhncp4jt1\/2025\/11\/talking-bot-125x125.png","url":"https:\/\/portaltela.pt\/s.01k8rhncp4jt1\/2025\/11\/talking-bot-125x125.png","contentUrl":"https:\/\/portaltela.pt\/s.01k8rhncp4jt1\/2025\/11\/talking-bot-125x125.png","caption":"Telinha"},"sameAs":["https:\/\/portaltela.pt\/"],"url":"https:\/\/portaltela.pt\/por\/367410592786\/"}]}},"_links":{"self":[{"href":"https:\/\/portaltela.pt\/api\/wp\/v2\/posts\/427636","targetHints":{"allow":["GET"]}}],"collection":[{"href":"https:\/\/portaltela.pt\/api\/wp\/v2\/posts"}],"about":[{"href":"https:\/\/portaltela.pt\/api\/wp\/v2\/types\/post"}],"author":[{"embeddable":true,"href":"https:\/\/portaltela.pt\/api\/wp\/v2\/users\/2"}],"replies":[{"embeddable":true,"href":"https:\/\/portaltela.pt\/api\/wp\/v2\/comments?post=427636"}],"version-history":[{"count":0,"href":"https:\/\/portaltela.pt\/api\/wp\/v2\/posts\/427636\/revisions"}],"wp:featuredmedia":[{"embeddable":true,"href":"https:\/\/portaltela.pt\/api\/wp\/v2\/media\/427643"}],"wp:attachment":[{"href":"https:\/\/portaltela.pt\/api\/wp\/v2\/media?parent=427636"}],"wp:term":[{"taxonomy":"category","embeddable":true,"href":"https:\/\/portaltela.pt\/api\/wp\/v2\/categories?post=427636"},{"taxonomy":"post_tag","embeddable":true,"href":"https:\/\/portaltela.pt\/api\/wp\/v2\/tags?post=427636"}],"curies":[{"name":"wp","href":"https:\/\/api.w.org\/{rel}","templated":true}]}}