{"id":427614,"date":"2026-03-30T21:32:22","date_gmt":"2026-03-31T00:32:22","guid":{"rendered":"https:\/\/portaltela.pt\/noticias\/2026\/03\/30\/padre-de-benfica-jornalista-divulga-fe-via-radio-online\/"},"modified":"2026-03-30T21:32:22","modified_gmt":"2026-03-31T00:32:22","slug":"padre-de-benfica-jornalista-divulga-fe-via-radio-online","status":"publish","type":"post","link":"https:\/\/portaltela.pt\/noticias\/2026\/03\/30\/padre-de-benfica-jornalista-divulga-fe-via-radio-online\/","title":{"rendered":"Padre de Benfica, jornalista, divulga f\u00e9 via r\u00e1dio online"},"content":{"rendered":"<p>A Par\u00f3quia de Benfica, em Lisboa, criou uma r\u00e1dio online em 2021 para divulgar a f\u00e9 pela internet.<\/p>\n<p>O padre Nuno Fernandes, que tamb\u00e9m \u00e9 jornalista desde 1996, \u00e9 o diretor da R\u00e1dio Amparo.<\/p>\n<p>Em declara\u00e7\u00f5es ao CM, explicou que a r\u00e1dio visa aproximar a comunidade local e trazer informa\u00e7\u00f5es relevantes para a Igreja e para a sociedade.<\/p>\n<p>A R\u00e1dio Amparo funciona na Par\u00f3quia de Benfica, em Lisboa, como projeto de divulga\u00e7\u00e3o religiosa atrav\u00e9s de internet.<\/p>\n<h3>Objetivo da R\u00e1dio Amparo<\/h3>\n<p>Dirigida por Nuno Fernandes, a r\u00e1dio utiliza formatos de r\u00e1dio online para alcan\u00e7ar moradores da zona e al\u00e9m.<\/p>\n<p>A iniciativa visa partilhar a f\u00e9, conte\u00fados lit\u00fargicos e informa\u00e7\u00f5es sobre atividades da igreja, mantendo a audi\u00eancia informada.<\/p>\n","protected":false},"excerpt":{"rendered":"<ul>\n<li>O padre de Benfica, Nuno Fernandes, \u00e9 jornalista desde 1996 e tornou-se padre quatro anos depois.<\/li>\n<li>A Par\u00f3quia de Benfica, em Lisboa, criou uma r\u00e1dio online em 2021.<\/li>\n<li>A r\u00e1dio, chamada R\u00e1dio Amparo, \u00e9 dirigida por Nuno Fernandes.<\/li>\n<li>O objetivo \u00e9 espalhar a f\u00e9 pela internet e aproximar a comunidade local.<\/li>\n<li>A r\u00e1dio tamb\u00e9m pretende trazer informa\u00e7\u00f5es relevantes para a Igreja e a sociedade.<\/li>\n<\/ul>\n","protected":false},"author":2,"featured_media":427616,"comment_status":"closed","ping_status":"closed","sticky":false,"template":"","format":"standard","meta":{"footnotes":""},"categories":[7372,1],"tags":[1946,102,5707,981,3794,104],"class_list":["post-427614","post","type-post","status-publish","format-standard","has-post-thumbnail","hentry","category-comunidade","category-noticias","tag-benfica","tag-igreja","tag-jornalistas","tag-lisboa","tag-radios","tag-religiao"],"yoast_head":"<!-- This site is optimized with the Yoast SEO plugin v27.2 - https:\/\/yoast.com\/product\/yoast-seo-wordpress\/ -->\n<title>Padre de Benfica, jornalista, divulga f\u00e9 via r\u00e1dio online - Portal Tela Portugal<\/title>\n<meta name=\"robots\" content=\"index, follow, max-snippet:-1, max-image-preview:large, max-video-preview:-1\" \/>\n<meta property=\"og:locale\" content=\"pt_PT\" \/>\n<meta property=\"og:type\" content=\"article\" \/>\n<meta property=\"og:title\" content=\"Padre de Benfica, jornalista, divulga f\u00e9 via r\u00e1dio online - Portal Tela Portugal\" \/>\n<meta property=\"og:description\" content=\"O padre de Benfica, Nuno Fernandes, \u00e9 jornalista desde 1996 e tornou-se padre quatro anos depois. A Par\u00f3quia de Benfica, em Lisboa, criou uma r\u00e1dio online em 2021. A r\u00e1dio, chamada R\u00e1dio Amparo, \u00e9 dirigida por Nuno Fernandes. O objetivo \u00e9 espalhar a f\u00e9 pela internet e aproximar a comunidade local. A r\u00e1dio tamb\u00e9m pretende trazer informa\u00e7\u00f5es relevantes para a Igreja e a sociedade.\" \/>\n<meta property=\"og:url\" content=\"https:\/\/portaltela.pt\/noticias\/2026\/03\/30\/padre-de-benfica-jornalista-divulga-fe-via-radio-online\/\" \/>\n<meta property=\"og:site_name\" content=\"Portal Tela Portugal\" \/>\n<meta property=\"article:published_time\" content=\"2026-03-31T00:32:22+00:00\" \/>\n<meta name=\"author\" content=\"Telinha\" \/>\n<meta name=\"twitter:card\" content=\"summary_large_image\" \/>\n<meta name=\"twitter:label1\" content=\"Escrito por\" \/>\n\t<meta name=\"twitter:data1\" content=\"Telinha\" \/>\n\t<meta name=\"twitter:label2\" content=\"Tempo estimado de leitura\" \/>\n\t<meta name=\"twitter:data2\" content=\"1 minuto\" \/>\n<script type=\"application\/ld+json\" class=\"yoast-schema-graph\">{\"@context\":\"https:\/\/schema.org\",\"@graph\":[{\"@type\":\"Article\",\"@id\":\"https:\/\/portaltela.pt\/noticias\/2026\/03\/30\/padre-de-benfica-jornalista-divulga-fe-via-radio-online\/#article\",\"isPartOf\":{\"@id\":\"https:\/\/portaltela.pt\/noticias\/2026\/03\/30\/padre-de-benfica-jornalista-divulga-fe-via-radio-online\/\"},\"author\":{\"name\":\"Telinha\",\"@id\":\"https:\/\/portaltela.pt\/#\/schema\/person\/c4278d4a6028830caff9ee44b42d32ed\"},\"headline\":\"Padre de Benfica, jornalista, divulga f\u00e9 via r\u00e1dio online\",\"datePublished\":\"2026-03-31T00:32:22+00:00\",\"mainEntityOfPage\":{\"@id\":\"https:\/\/portaltela.pt\/noticias\/2026\/03\/30\/padre-de-benfica-jornalista-divulga-fe-via-radio-online\/\"},\"wordCount\":142,\"image\":{\"@id\":\"https:\/\/portaltela.pt\/noticias\/2026\/03\/30\/padre-de-benfica-jornalista-divulga-fe-via-radio-online\/#primaryimage\"},\"thumbnailUrl\":\"https:\/\/portaltela.pt\/s.01k8rhncp4jt1\/2026\/03\/img_1500x1000uu2026-03-30-15-11-32-2275605-im-639105037514576028.jpg\",\"keywords\":[\"Benfica\",\"igreja\",\"jornalistas\",\"Lisboa\",\"r\u00e1dios\",\"religi\u00e3o\"],\"articleSection\":[\"Comunidade\",\"Not\u00edcias\"],\"inLanguage\":\"pt-PT\"},{\"@type\":\"WebPage\",\"@id\":\"https:\/\/portaltela.pt\/noticias\/2026\/03\/30\/padre-de-benfica-jornalista-divulga-fe-via-radio-online\/\",\"url\":\"https:\/\/portaltela.pt\/noticias\/2026\/03\/30\/padre-de-benfica-jornalista-divulga-fe-via-radio-online\/\",\"name\":\"Padre de Benfica, jornalista, divulga f\u00e9 via r\u00e1dio online - Portal Tela Portugal\",\"isPartOf\":{\"@id\":\"https:\/\/portaltela.pt\/#website\"},\"primaryImageOfPage\":{\"@id\":\"https:\/\/portaltela.pt\/noticias\/2026\/03\/30\/padre-de-benfica-jornalista-divulga-fe-via-radio-online\/#primaryimage\"},\"image\":{\"@id\":\"https:\/\/portaltela.pt\/noticias\/2026\/03\/30\/padre-de-benfica-jornalista-divulga-fe-via-radio-online\/#primaryimage\"},\"thumbnailUrl\":\"https:\/\/portaltela.pt\/s.01k8rhncp4jt1\/2026\/03\/img_1500x1000uu2026-03-30-15-11-32-2275605-im-639105037514576028.jpg\",\"datePublished\":\"2026-03-31T00:32:22+00:00\",\"author\":{\"@id\":\"https:\/\/portaltela.pt\/#\/schema\/person\/c4278d4a6028830caff9ee44b42d32ed\"},\"breadcrumb\":{\"@id\":\"https:\/\/portaltela.pt\/noticias\/2026\/03\/30\/padre-de-benfica-jornalista-divulga-fe-via-radio-online\/#breadcrumb\"},\"inLanguage\":\"pt-PT\",\"potentialAction\":[{\"@type\":\"ReadAction\",\"target\":[\"https:\/\/portaltela.pt\/noticias\/2026\/03\/30\/padre-de-benfica-jornalista-divulga-fe-via-radio-online\/\"]}]},{\"@type\":\"ImageObject\",\"inLanguage\":\"pt-PT\",\"@id\":\"https:\/\/portaltela.pt\/noticias\/2026\/03\/30\/padre-de-benfica-jornalista-divulga-fe-via-radio-online\/#primaryimage\",\"url\":\"https:\/\/portaltela.pt\/s.01k8rhncp4jt1\/2026\/03\/img_1500x1000uu2026-03-30-15-11-32-2275605-im-639105037514576028.jpg\",\"contentUrl\":\"https:\/\/portaltela.pt\/s.01k8rhncp4jt1\/2026\/03\/img_1500x1000uu2026-03-30-15-11-32-2275605-im-639105037514576028.jpg\",\"width\":796,\"height\":448,\"caption\":\"Nuno Fernandes, padre de Benfica, jornalista e radialista, espalha a f\u00e9 na r\u00e1dio\"},{\"@type\":\"BreadcrumbList\",\"@id\":\"https:\/\/portaltela.pt\/noticias\/2026\/03\/30\/padre-de-benfica-jornalista-divulga-fe-via-radio-online\/#breadcrumb\",\"itemListElement\":[{\"@type\":\"ListItem\",\"position\":1,\"name\":\"In\u00edcio\",\"item\":\"https:\/\/portaltela.pt\/\"},{\"@type\":\"ListItem\",\"position\":2,\"name\":\"Padre de Benfica, jornalista, divulga f\u00e9 via r\u00e1dio online\"}]},{\"@type\":\"WebSite\",\"@id\":\"https:\/\/portaltela.pt\/#website\",\"url\":\"https:\/\/portaltela.pt\/\",\"name\":\"Portal Tela Portugal\",\"description\":\"\",\"potentialAction\":[{\"@type\":\"SearchAction\",\"target\":{\"@type\":\"EntryPoint\",\"urlTemplate\":\"https:\/\/portaltela.pt\/?s={search_term_string}\"},\"query-input\":{\"@type\":\"PropertyValueSpecification\",\"valueRequired\":true,\"valueName\":\"search_term_string\"}}],\"inLanguage\":\"pt-PT\"},{\"@type\":\"Person\",\"@id\":\"https:\/\/portaltela.pt\/#\/schema\/person\/c4278d4a6028830caff9ee44b42d32ed\",\"name\":\"Telinha\",\"image\":{\"@type\":\"ImageObject\",\"inLanguage\":\"pt-PT\",\"@id\":\"https:\/\/portaltela.pt\/s.01k8rhncp4jt1\/2025\/11\/talking-bot-125x125.png\",\"url\":\"https:\/\/portaltela.pt\/s.01k8rhncp4jt1\/2025\/11\/talking-bot-125x125.png\",\"contentUrl\":\"https:\/\/portaltela.pt\/s.01k8rhncp4jt1\/2025\/11\/talking-bot-125x125.png\",\"caption\":\"Telinha\"},\"sameAs\":[\"https:\/\/portaltela.pt\/\"],\"url\":\"https:\/\/portaltela.pt\/por\/367410592786\/\"}]}<\/script>\n<!-- \/ Yoast SEO plugin. -->","yoast_head_json":{"title":"Padre de Benfica, jornalista, divulga f\u00e9 via r\u00e1dio online - Portal Tela Portugal","robots":{"index":"index","follow":"follow","max-snippet":"max-snippet:-1","max-image-preview":"max-image-preview:large","max-video-preview":"max-video-preview:-1"},"og_locale":"pt_PT","og_type":"article","og_title":"Padre de Benfica, jornalista, divulga f\u00e9 via r\u00e1dio online - Portal Tela Portugal","og_description":"O padre de Benfica, Nuno Fernandes, \u00e9 jornalista desde 1996 e tornou-se padre quatro anos depois. A Par\u00f3quia de Benfica, em Lisboa, criou uma r\u00e1dio online em 2021. A r\u00e1dio, chamada R\u00e1dio Amparo, \u00e9 dirigida por Nuno Fernandes. O objetivo \u00e9 espalhar a f\u00e9 pela internet e aproximar a comunidade local. A r\u00e1dio tamb\u00e9m pretende trazer informa\u00e7\u00f5es relevantes para a Igreja e a sociedade.","og_url":"https:\/\/portaltela.pt\/noticias\/2026\/03\/30\/padre-de-benfica-jornalista-divulga-fe-via-radio-online\/","og_site_name":"Portal Tela Portugal","article_published_time":"2026-03-31T00:32:22+00:00","author":"Telinha","twitter_card":"summary_large_image","twitter_misc":{"Escrito por":"Telinha","Tempo estimado de leitura":"1 minuto"},"schema":{"@context":"https:\/\/schema.org","@graph":[{"@type":"Article","@id":"https:\/\/portaltela.pt\/noticias\/2026\/03\/30\/padre-de-benfica-jornalista-divulga-fe-via-radio-online\/#article","isPartOf":{"@id":"https:\/\/portaltela.pt\/noticias\/2026\/03\/30\/padre-de-benfica-jornalista-divulga-fe-via-radio-online\/"},"author":{"name":"Telinha","@id":"https:\/\/portaltela.pt\/#\/schema\/person\/c4278d4a6028830caff9ee44b42d32ed"},"headline":"Padre de Benfica, jornalista, divulga f\u00e9 via r\u00e1dio online","datePublished":"2026-03-31T00:32:22+00:00","mainEntityOfPage":{"@id":"https:\/\/portaltela.pt\/noticias\/2026\/03\/30\/padre-de-benfica-jornalista-divulga-fe-via-radio-online\/"},"wordCount":142,"image":{"@id":"https:\/\/portaltela.pt\/noticias\/2026\/03\/30\/padre-de-benfica-jornalista-divulga-fe-via-radio-online\/#primaryimage"},"thumbnailUrl":"https:\/\/portaltela.pt\/s.01k8rhncp4jt1\/2026\/03\/img_1500x1000uu2026-03-30-15-11-32-2275605-im-639105037514576028.jpg","keywords":["Benfica","igreja","jornalistas","Lisboa","r\u00e1dios","religi\u00e3o"],"articleSection":["Comunidade","Not\u00edcias"],"inLanguage":"pt-PT"},{"@type":"WebPage","@id":"https:\/\/portaltela.pt\/noticias\/2026\/03\/30\/padre-de-benfica-jornalista-divulga-fe-via-radio-online\/","url":"https:\/\/portaltela.pt\/noticias\/2026\/03\/30\/padre-de-benfica-jornalista-divulga-fe-via-radio-online\/","name":"Padre de Benfica, jornalista, divulga f\u00e9 via r\u00e1dio online - Portal Tela Portugal","isPartOf":{"@id":"https:\/\/portaltela.pt\/#website"},"primaryImageOfPage":{"@id":"https:\/\/portaltela.pt\/noticias\/2026\/03\/30\/padre-de-benfica-jornalista-divulga-fe-via-radio-online\/#primaryimage"},"image":{"@id":"https:\/\/portaltela.pt\/noticias\/2026\/03\/30\/padre-de-benfica-jornalista-divulga-fe-via-radio-online\/#primaryimage"},"thumbnailUrl":"https:\/\/portaltela.pt\/s.01k8rhncp4jt1\/2026\/03\/img_1500x1000uu2026-03-30-15-11-32-2275605-im-639105037514576028.jpg","datePublished":"2026-03-31T00:32:22+00:00","author":{"@id":"https:\/\/portaltela.pt\/#\/schema\/person\/c4278d4a6028830caff9ee44b42d32ed"},"breadcrumb":{"@id":"https:\/\/portaltela.pt\/noticias\/2026\/03\/30\/padre-de-benfica-jornalista-divulga-fe-via-radio-online\/#breadcrumb"},"inLanguage":"pt-PT","potentialAction":[{"@type":"ReadAction","target":["https:\/\/portaltela.pt\/noticias\/2026\/03\/30\/padre-de-benfica-jornalista-divulga-fe-via-radio-online\/"]}]},{"@type":"ImageObject","inLanguage":"pt-PT","@id":"https:\/\/portaltela.pt\/noticias\/2026\/03\/30\/padre-de-benfica-jornalista-divulga-fe-via-radio-online\/#primaryimage","url":"https:\/\/portaltela.pt\/s.01k8rhncp4jt1\/2026\/03\/img_1500x1000uu2026-03-30-15-11-32-2275605-im-639105037514576028.jpg","contentUrl":"https:\/\/portaltela.pt\/s.01k8rhncp4jt1\/2026\/03\/img_1500x1000uu2026-03-30-15-11-32-2275605-im-639105037514576028.jpg","width":796,"height":448,"caption":"Nuno Fernandes, padre de Benfica, jornalista e radialista, espalha a f\u00e9 na r\u00e1dio"},{"@type":"BreadcrumbList","@id":"https:\/\/portaltela.pt\/noticias\/2026\/03\/30\/padre-de-benfica-jornalista-divulga-fe-via-radio-online\/#breadcrumb","itemListElement":[{"@type":"ListItem","position":1,"name":"In\u00edcio","item":"https:\/\/portaltela.pt\/"},{"@type":"ListItem","position":2,"name":"Padre de Benfica, jornalista, divulga f\u00e9 via r\u00e1dio online"}]},{"@type":"WebSite","@id":"https:\/\/portaltela.pt\/#website","url":"https:\/\/portaltela.pt\/","name":"Portal Tela Portugal","description":"","potentialAction":[{"@type":"SearchAction","target":{"@type":"EntryPoint","urlTemplate":"https:\/\/portaltela.pt\/?s={search_term_string}"},"query-input":{"@type":"PropertyValueSpecification","valueRequired":true,"valueName":"search_term_string"}}],"inLanguage":"pt-PT"},{"@type":"Person","@id":"https:\/\/portaltela.pt\/#\/schema\/person\/c4278d4a6028830caff9ee44b42d32ed","name":"Telinha","image":{"@type":"ImageObject","inLanguage":"pt-PT","@id":"https:\/\/portaltela.pt\/s.01k8rhncp4jt1\/2025\/11\/talking-bot-125x125.png","url":"https:\/\/portaltela.pt\/s.01k8rhncp4jt1\/2025\/11\/talking-bot-125x125.png","contentUrl":"https:\/\/portaltela.pt\/s.01k8rhncp4jt1\/2025\/11\/talking-bot-125x125.png","caption":"Telinha"},"sameAs":["https:\/\/portaltela.pt\/"],"url":"https:\/\/portaltela.pt\/por\/367410592786\/"}]}},"_links":{"self":[{"href":"https:\/\/portaltela.pt\/api\/wp\/v2\/posts\/427614","targetHints":{"allow":["GET"]}}],"collection":[{"href":"https:\/\/portaltela.pt\/api\/wp\/v2\/posts"}],"about":[{"href":"https:\/\/portaltela.pt\/api\/wp\/v2\/types\/post"}],"author":[{"embeddable":true,"href":"https:\/\/portaltela.pt\/api\/wp\/v2\/users\/2"}],"replies":[{"embeddable":true,"href":"https:\/\/portaltela.pt\/api\/wp\/v2\/comments?post=427614"}],"version-history":[{"count":0,"href":"https:\/\/portaltela.pt\/api\/wp\/v2\/posts\/427614\/revisions"}],"wp:featuredmedia":[{"embeddable":true,"href":"https:\/\/portaltela.pt\/api\/wp\/v2\/media\/427616"}],"wp:attachment":[{"href":"https:\/\/portaltela.pt\/api\/wp\/v2\/media?parent=427614"}],"wp:term":[{"taxonomy":"category","embeddable":true,"href":"https:\/\/portaltela.pt\/api\/wp\/v2\/categories?post=427614"},{"taxonomy":"post_tag","embeddable":true,"href":"https:\/\/portaltela.pt\/api\/wp\/v2\/tags?post=427614"}],"curies":[{"name":"wp","href":"https:\/\/api.w.org\/{rel}","templated":true}]}}