{"id":427612,"date":"2026-03-30T21:17:08","date_gmt":"2026-03-31T00:17:08","guid":{"rendered":"https:\/\/portaltela.pt\/noticias\/2026\/03\/30\/nais-djouahra-agora-estou-em-paz\/"},"modified":"2026-03-30T21:17:08","modified_gmt":"2026-03-31T00:17:08","slug":"nais-djouahra-agora-estou-em-paz","status":"publish","type":"post","link":"https:\/\/portaltela.pt\/desporto\/futebol\/2026\/03\/30\/nais-djouahra-agora-estou-em-paz\/","title":{"rendered":"Na\u00efs Djouahra: Agora estou em paz"},"content":{"rendered":"<p>Na\u00efs Djouahra aproveitou uma conversa no canal Au C\u0153ur Du Jeu TV para revisitar a sua carreira e partilhar a confian\u00e7a reconquistada no presente. O extremo, de 26 anos, descreveu a adapta\u00e7\u00e3o a Portugal como um passo decisivo e revelou que, com a chegada de uma pequena fam\u00edlia, a vida ganhou tranquilidade. O jogador tem sido o mais utilizado por Vasco Seabra nesta temporada, numa fase em que aponta para n\u00fameros pessoais crescentes e uma continuidade de evolu\u00e7\u00e3o.<\/p>\n<p>Djouahra destacou que, apesar de ter sido alvo de cr\u00edticas no in\u00edcio, o equil\u00edbrio entre desempenho e liga\u00e7\u00e3o com a equipa gerou uma resposta positiva. Enalteceu o facto de estar em paz, sublinhando que o momento atual permite-lhe focusing em contribuir com mais golos sem abandonar o gosto pelo futebol jogado de forma competente. O atleta refor\u00e7ou ainda que a temporada tem sido excelente e que est\u00e1 determinado a manter o rendimento.<\/p>\n<h3>Aspira\u00e7\u00e3o internacional<\/h3>\n<p>O extremo admitiu o desejo de representar a Arg\u00e9lia, pa\u00eds de origem do pai, o que lhe daria a oportunidade de cumprir um sonho antigo. Relembrou que, ainda jovem, n\u00e3o se sentia legitimado, mas datetime que esse objetivo est\u00e1 mais presente devido ao seu atual contexto familiar e \u00e0 perce\u00e7\u00e3o de que pode alcan\u00e7ar o patamar internacional. O foco continua voltado ao clube e aos seus objetivos desportivos, sem descurar a ambi\u00e7\u00e3o pela sele\u00e7\u00e3o argelina.<\/p>\n","protected":false},"excerpt":{"rendered":"<ul>\n<li>Na\u00efs Djouahra, extremo franco-argelino de 26 anos, \u00e9 o jogador mais utilizado por Vasco Seabra nesta \u00e9poca, segundo o canal Au Coeur Du Jeu TV.<\/li>\n<li>Em entrevista, o arouquense afirmou ter \u201cagido um passo importante\u201d ao vir para Portugal e que j\u00e1 se sente em paz, com a fam\u00edlia a facilitar a adapta\u00e7\u00e3o.<\/li>\n<li>A temporada tem sido \u201cincr\u00edvel\u201d para ele, apesar de um come\u00e7o dif\u00edcil, e j\u00e1 superou o seu recorde de golos.<\/li>\n<li>Reafirma que privilegia o estilo de jogo \u201cdrible e belo passe\u201d em vez de apenas n\u00fameros, mantendo a ambi\u00e7\u00e3o de contribuir com mais golos.<\/li>\n<li>Revelou o sonho de representar a Arg\u00e9lia, pa\u00eds de origem do pai, geograficamente possuindo mais proximidade com a sele\u00e7\u00e3o do seu sangue.<\/li>\n<\/ul>\n","protected":false},"author":2,"featured_media":427613,"comment_status":"closed","ping_status":"closed","sticky":false,"template":"","format":"standard","meta":{"footnotes":""},"categories":[21,24],"tags":[2254,152,32,81,1014,2057],"class_list":["post-427612","post","type-post","status-publish","format-standard","has-post-thumbnail","hentry","category-desporto","category-futebol","tag-argelia","tag-desporto","tag-futebol","tag-internacionais","tag-portugal","tag-selecao-nacional"],"yoast_head":"<!-- This site is optimized with the Yoast SEO plugin v27.2 - https:\/\/yoast.com\/product\/yoast-seo-wordpress\/ -->\n<title>Na\u00efs Djouahra: Agora estou em paz - Portal Tela Portugal<\/title>\n<meta name=\"robots\" content=\"index, follow, max-snippet:-1, max-image-preview:large, max-video-preview:-1\" \/>\n<meta property=\"og:locale\" content=\"pt_PT\" \/>\n<meta property=\"og:type\" content=\"article\" \/>\n<meta property=\"og:title\" content=\"Na\u00efs Djouahra: Agora estou em paz - Portal Tela Portugal\" \/>\n<meta property=\"og:description\" content=\"Na\u00efs Djouahra, extremo franco-argelino de 26 anos, \u00e9 o jogador mais utilizado por Vasco Seabra nesta \u00e9poca, segundo o canal Au Coeur Du Jeu TV. Em entrevista, o arouquense afirmou ter \u201cagido um passo importante\u201d ao vir para Portugal e que j\u00e1 se sente em paz, com a fam\u00edlia a facilitar a adapta\u00e7\u00e3o. A temporada tem sido \u201cincr\u00edvel\u201d para ele, apesar de um come\u00e7o dif\u00edcil, e j\u00e1 superou o seu recorde de golos. Reafirma que privilegia o estilo de jogo \u201cdrible e belo passe\u201d em vez de apenas n\u00fameros, mantendo a ambi\u00e7\u00e3o de contribuir com mais golos. Revelou o sonho de representar a Arg\u00e9lia, pa\u00eds de origem do pai, geograficamente possuindo mais proximidade com a sele\u00e7\u00e3o do seu sangue.\" \/>\n<meta property=\"og:url\" content=\"https:\/\/portaltela.pt\/noticias\/2026\/03\/30\/nais-djouahra-agora-estou-em-paz\/\" \/>\n<meta property=\"og:site_name\" content=\"Portal Tela Portugal\" \/>\n<meta property=\"article:published_time\" content=\"2026-03-31T00:17:08+00:00\" \/>\n<meta name=\"author\" content=\"Telinha\" \/>\n<meta name=\"twitter:card\" content=\"summary_large_image\" \/>\n<meta name=\"twitter:label1\" content=\"Escrito por\" \/>\n\t<meta name=\"twitter:data1\" content=\"Telinha\" \/>\n\t<meta name=\"twitter:label2\" content=\"Tempo estimado de leitura\" \/>\n\t<meta name=\"twitter:data2\" content=\"1 minuto\" \/>\n<script type=\"application\/ld+json\" class=\"yoast-schema-graph\">{\"@context\":\"https:\/\/schema.org\",\"@graph\":[{\"@type\":\"Article\",\"@id\":\"https:\/\/portaltela.pt\/noticias\/2026\/03\/30\/nais-djouahra-agora-estou-em-paz\/#article\",\"isPartOf\":{\"@id\":\"https:\/\/portaltela.pt\/noticias\/2026\/03\/30\/nais-djouahra-agora-estou-em-paz\/\"},\"author\":{\"name\":\"Telinha\",\"@id\":\"https:\/\/portaltela.pt\/#\/schema\/person\/c4278d4a6028830caff9ee44b42d32ed\"},\"headline\":\"Na\u00efs Djouahra: Agora estou em paz\",\"datePublished\":\"2026-03-31T00:17:08+00:00\",\"mainEntityOfPage\":{\"@id\":\"https:\/\/portaltela.pt\/noticias\/2026\/03\/30\/nais-djouahra-agora-estou-em-paz\/\"},\"wordCount\":252,\"image\":{\"@id\":\"https:\/\/portaltela.pt\/noticias\/2026\/03\/30\/nais-djouahra-agora-estou-em-paz\/#primaryimage\"},\"thumbnailUrl\":\"https:\/\/portaltela.pt\/s.01k8rhncp4jt1\/2026\/03\/img_920x518uu2026-03-31-00-29-04-2430215-im-639105137650190685.jpg\",\"keywords\":[\"Arg\u00e9lia\",\"desporto\",\"futebol\",\"internacionais\",\"Portugal\",\"Sele\u00e7\u00e3o Nacional\"],\"articleSection\":[\"Desporto\",\"Futebol\"],\"inLanguage\":\"pt-PT\"},{\"@type\":\"WebPage\",\"@id\":\"https:\/\/portaltela.pt\/noticias\/2026\/03\/30\/nais-djouahra-agora-estou-em-paz\/\",\"url\":\"https:\/\/portaltela.pt\/noticias\/2026\/03\/30\/nais-djouahra-agora-estou-em-paz\/\",\"name\":\"Na\u00efs Djouahra: Agora estou em paz - Portal Tela Portugal\",\"isPartOf\":{\"@id\":\"https:\/\/portaltela.pt\/#website\"},\"primaryImageOfPage\":{\"@id\":\"https:\/\/portaltela.pt\/noticias\/2026\/03\/30\/nais-djouahra-agora-estou-em-paz\/#primaryimage\"},\"image\":{\"@id\":\"https:\/\/portaltela.pt\/noticias\/2026\/03\/30\/nais-djouahra-agora-estou-em-paz\/#primaryimage\"},\"thumbnailUrl\":\"https:\/\/portaltela.pt\/s.01k8rhncp4jt1\/2026\/03\/img_920x518uu2026-03-31-00-29-04-2430215-im-639105137650190685.jpg\",\"datePublished\":\"2026-03-31T00:17:08+00:00\",\"author\":{\"@id\":\"https:\/\/portaltela.pt\/#\/schema\/person\/c4278d4a6028830caff9ee44b42d32ed\"},\"breadcrumb\":{\"@id\":\"https:\/\/portaltela.pt\/noticias\/2026\/03\/30\/nais-djouahra-agora-estou-em-paz\/#breadcrumb\"},\"inLanguage\":\"pt-PT\",\"potentialAction\":[{\"@type\":\"ReadAction\",\"target\":[\"https:\/\/portaltela.pt\/noticias\/2026\/03\/30\/nais-djouahra-agora-estou-em-paz\/\"]}]},{\"@type\":\"ImageObject\",\"inLanguage\":\"pt-PT\",\"@id\":\"https:\/\/portaltela.pt\/noticias\/2026\/03\/30\/nais-djouahra-agora-estou-em-paz\/#primaryimage\",\"url\":\"https:\/\/portaltela.pt\/s.01k8rhncp4jt1\/2026\/03\/img_920x518uu2026-03-31-00-29-04-2430215-im-639105137650190685.jpg\",\"contentUrl\":\"https:\/\/portaltela.pt\/s.01k8rhncp4jt1\/2026\/03\/img_920x518uu2026-03-31-00-29-04-2430215-im-639105137650190685.jpg\",\"width\":796,\"height\":448,\"caption\":\"Djouahra em a\u00e7\u00e3o\"},{\"@type\":\"BreadcrumbList\",\"@id\":\"https:\/\/portaltela.pt\/noticias\/2026\/03\/30\/nais-djouahra-agora-estou-em-paz\/#breadcrumb\",\"itemListElement\":[{\"@type\":\"ListItem\",\"position\":1,\"name\":\"In\u00edcio\",\"item\":\"https:\/\/portaltela.pt\/\"},{\"@type\":\"ListItem\",\"position\":2,\"name\":\"Na\u00efs Djouahra: Agora estou em paz\"}]},{\"@type\":\"WebSite\",\"@id\":\"https:\/\/portaltela.pt\/#website\",\"url\":\"https:\/\/portaltela.pt\/\",\"name\":\"Portal Tela Portugal\",\"description\":\"\",\"potentialAction\":[{\"@type\":\"SearchAction\",\"target\":{\"@type\":\"EntryPoint\",\"urlTemplate\":\"https:\/\/portaltela.pt\/?s={search_term_string}\"},\"query-input\":{\"@type\":\"PropertyValueSpecification\",\"valueRequired\":true,\"valueName\":\"search_term_string\"}}],\"inLanguage\":\"pt-PT\"},{\"@type\":\"Person\",\"@id\":\"https:\/\/portaltela.pt\/#\/schema\/person\/c4278d4a6028830caff9ee44b42d32ed\",\"name\":\"Telinha\",\"image\":{\"@type\":\"ImageObject\",\"inLanguage\":\"pt-PT\",\"@id\":\"https:\/\/portaltela.pt\/s.01k8rhncp4jt1\/2025\/11\/talking-bot-125x125.png\",\"url\":\"https:\/\/portaltela.pt\/s.01k8rhncp4jt1\/2025\/11\/talking-bot-125x125.png\",\"contentUrl\":\"https:\/\/portaltela.pt\/s.01k8rhncp4jt1\/2025\/11\/talking-bot-125x125.png\",\"caption\":\"Telinha\"},\"sameAs\":[\"https:\/\/portaltela.pt\/\"],\"url\":\"https:\/\/portaltela.pt\/por\/367410592786\/\"}]}<\/script>\n<!-- \/ Yoast SEO plugin. -->","yoast_head_json":{"title":"Na\u00efs Djouahra: Agora estou em paz - Portal Tela Portugal","robots":{"index":"index","follow":"follow","max-snippet":"max-snippet:-1","max-image-preview":"max-image-preview:large","max-video-preview":"max-video-preview:-1"},"og_locale":"pt_PT","og_type":"article","og_title":"Na\u00efs Djouahra: Agora estou em paz - Portal Tela Portugal","og_description":"Na\u00efs Djouahra, extremo franco-argelino de 26 anos, \u00e9 o jogador mais utilizado por Vasco Seabra nesta \u00e9poca, segundo o canal Au Coeur Du Jeu TV. Em entrevista, o arouquense afirmou ter \u201cagido um passo importante\u201d ao vir para Portugal e que j\u00e1 se sente em paz, com a fam\u00edlia a facilitar a adapta\u00e7\u00e3o. A temporada tem sido \u201cincr\u00edvel\u201d para ele, apesar de um come\u00e7o dif\u00edcil, e j\u00e1 superou o seu recorde de golos. Reafirma que privilegia o estilo de jogo \u201cdrible e belo passe\u201d em vez de apenas n\u00fameros, mantendo a ambi\u00e7\u00e3o de contribuir com mais golos. Revelou o sonho de representar a Arg\u00e9lia, pa\u00eds de origem do pai, geograficamente possuindo mais proximidade com a sele\u00e7\u00e3o do seu sangue.","og_url":"https:\/\/portaltela.pt\/noticias\/2026\/03\/30\/nais-djouahra-agora-estou-em-paz\/","og_site_name":"Portal Tela Portugal","article_published_time":"2026-03-31T00:17:08+00:00","author":"Telinha","twitter_card":"summary_large_image","twitter_misc":{"Escrito por":"Telinha","Tempo estimado de leitura":"1 minuto"},"schema":{"@context":"https:\/\/schema.org","@graph":[{"@type":"Article","@id":"https:\/\/portaltela.pt\/noticias\/2026\/03\/30\/nais-djouahra-agora-estou-em-paz\/#article","isPartOf":{"@id":"https:\/\/portaltela.pt\/noticias\/2026\/03\/30\/nais-djouahra-agora-estou-em-paz\/"},"author":{"name":"Telinha","@id":"https:\/\/portaltela.pt\/#\/schema\/person\/c4278d4a6028830caff9ee44b42d32ed"},"headline":"Na\u00efs Djouahra: Agora estou em paz","datePublished":"2026-03-31T00:17:08+00:00","mainEntityOfPage":{"@id":"https:\/\/portaltela.pt\/noticias\/2026\/03\/30\/nais-djouahra-agora-estou-em-paz\/"},"wordCount":252,"image":{"@id":"https:\/\/portaltela.pt\/noticias\/2026\/03\/30\/nais-djouahra-agora-estou-em-paz\/#primaryimage"},"thumbnailUrl":"https:\/\/portaltela.pt\/s.01k8rhncp4jt1\/2026\/03\/img_920x518uu2026-03-31-00-29-04-2430215-im-639105137650190685.jpg","keywords":["Arg\u00e9lia","desporto","futebol","internacionais","Portugal","Sele\u00e7\u00e3o Nacional"],"articleSection":["Desporto","Futebol"],"inLanguage":"pt-PT"},{"@type":"WebPage","@id":"https:\/\/portaltela.pt\/noticias\/2026\/03\/30\/nais-djouahra-agora-estou-em-paz\/","url":"https:\/\/portaltela.pt\/noticias\/2026\/03\/30\/nais-djouahra-agora-estou-em-paz\/","name":"Na\u00efs Djouahra: Agora estou em paz - Portal Tela Portugal","isPartOf":{"@id":"https:\/\/portaltela.pt\/#website"},"primaryImageOfPage":{"@id":"https:\/\/portaltela.pt\/noticias\/2026\/03\/30\/nais-djouahra-agora-estou-em-paz\/#primaryimage"},"image":{"@id":"https:\/\/portaltela.pt\/noticias\/2026\/03\/30\/nais-djouahra-agora-estou-em-paz\/#primaryimage"},"thumbnailUrl":"https:\/\/portaltela.pt\/s.01k8rhncp4jt1\/2026\/03\/img_920x518uu2026-03-31-00-29-04-2430215-im-639105137650190685.jpg","datePublished":"2026-03-31T00:17:08+00:00","author":{"@id":"https:\/\/portaltela.pt\/#\/schema\/person\/c4278d4a6028830caff9ee44b42d32ed"},"breadcrumb":{"@id":"https:\/\/portaltela.pt\/noticias\/2026\/03\/30\/nais-djouahra-agora-estou-em-paz\/#breadcrumb"},"inLanguage":"pt-PT","potentialAction":[{"@type":"ReadAction","target":["https:\/\/portaltela.pt\/noticias\/2026\/03\/30\/nais-djouahra-agora-estou-em-paz\/"]}]},{"@type":"ImageObject","inLanguage":"pt-PT","@id":"https:\/\/portaltela.pt\/noticias\/2026\/03\/30\/nais-djouahra-agora-estou-em-paz\/#primaryimage","url":"https:\/\/portaltela.pt\/s.01k8rhncp4jt1\/2026\/03\/img_920x518uu2026-03-31-00-29-04-2430215-im-639105137650190685.jpg","contentUrl":"https:\/\/portaltela.pt\/s.01k8rhncp4jt1\/2026\/03\/img_920x518uu2026-03-31-00-29-04-2430215-im-639105137650190685.jpg","width":796,"height":448,"caption":"Djouahra em a\u00e7\u00e3o"},{"@type":"BreadcrumbList","@id":"https:\/\/portaltela.pt\/noticias\/2026\/03\/30\/nais-djouahra-agora-estou-em-paz\/#breadcrumb","itemListElement":[{"@type":"ListItem","position":1,"name":"In\u00edcio","item":"https:\/\/portaltela.pt\/"},{"@type":"ListItem","position":2,"name":"Na\u00efs Djouahra: Agora estou em paz"}]},{"@type":"WebSite","@id":"https:\/\/portaltela.pt\/#website","url":"https:\/\/portaltela.pt\/","name":"Portal Tela Portugal","description":"","potentialAction":[{"@type":"SearchAction","target":{"@type":"EntryPoint","urlTemplate":"https:\/\/portaltela.pt\/?s={search_term_string}"},"query-input":{"@type":"PropertyValueSpecification","valueRequired":true,"valueName":"search_term_string"}}],"inLanguage":"pt-PT"},{"@type":"Person","@id":"https:\/\/portaltela.pt\/#\/schema\/person\/c4278d4a6028830caff9ee44b42d32ed","name":"Telinha","image":{"@type":"ImageObject","inLanguage":"pt-PT","@id":"https:\/\/portaltela.pt\/s.01k8rhncp4jt1\/2025\/11\/talking-bot-125x125.png","url":"https:\/\/portaltela.pt\/s.01k8rhncp4jt1\/2025\/11\/talking-bot-125x125.png","contentUrl":"https:\/\/portaltela.pt\/s.01k8rhncp4jt1\/2025\/11\/talking-bot-125x125.png","caption":"Telinha"},"sameAs":["https:\/\/portaltela.pt\/"],"url":"https:\/\/portaltela.pt\/por\/367410592786\/"}]}},"_links":{"self":[{"href":"https:\/\/portaltela.pt\/api\/wp\/v2\/posts\/427612","targetHints":{"allow":["GET"]}}],"collection":[{"href":"https:\/\/portaltela.pt\/api\/wp\/v2\/posts"}],"about":[{"href":"https:\/\/portaltela.pt\/api\/wp\/v2\/types\/post"}],"author":[{"embeddable":true,"href":"https:\/\/portaltela.pt\/api\/wp\/v2\/users\/2"}],"replies":[{"embeddable":true,"href":"https:\/\/portaltela.pt\/api\/wp\/v2\/comments?post=427612"}],"version-history":[{"count":0,"href":"https:\/\/portaltela.pt\/api\/wp\/v2\/posts\/427612\/revisions"}],"wp:featuredmedia":[{"embeddable":true,"href":"https:\/\/portaltela.pt\/api\/wp\/v2\/media\/427613"}],"wp:attachment":[{"href":"https:\/\/portaltela.pt\/api\/wp\/v2\/media?parent=427612"}],"wp:term":[{"taxonomy":"category","embeddable":true,"href":"https:\/\/portaltela.pt\/api\/wp\/v2\/categories?post=427612"},{"taxonomy":"post_tag","embeddable":true,"href":"https:\/\/portaltela.pt\/api\/wp\/v2\/tags?post=427612"}],"curies":[{"name":"wp","href":"https:\/\/api.w.org\/{rel}","templated":true}]}}