{"id":427608,"date":"2026-03-30T17:30:00","date_gmt":"2026-03-30T20:30:00","guid":{"rendered":"https:\/\/portaltela.pt\/noticias\/2026\/03\/30\/quase-metade-das-escolas-municipais-precisa-de-obras-mas-ha-verba-insuficiente\/"},"modified":"2026-03-30T17:30:00","modified_gmt":"2026-03-30T20:30:00","slug":"quase-metade-das-escolas-municipais-precisa-de-obras-mas-ha-verba-insuficiente","status":"publish","type":"post","link":"https:\/\/portaltela.pt\/sociedade\/2026\/03\/30\/quase-metade-das-escolas-municipais-precisa-de-obras-mas-ha-verba-insuficiente\/","title":{"rendered":"Quase metade das escolas municipais precisa de obras, mas h\u00e1 verba insuficiente"},"content":{"rendered":"<p>Segundo a not\u00edcia, quase metade das escolas que passaram a ser geridas por munic\u00edpios precisa de interven\u00e7\u00f5es de obras para cumprir requisitos estruturais. A informa\u00e7\u00e3o aponta para uma car\u00eancia de recursos para cobrir todas as necessidades.<\/p>\n<p>Entre os agentes envolvidos est\u00e3o as pr\u00f3prias escolas, as c\u00e2maras municipais e o Minist\u00e9rio da Educa\u00e7\u00e3o, que est\u00e1 a acompanhar o processo de transfer\u00eancias de gest\u00e3o. A fun\u00e7\u00e3o das autarquias passa pela adapta\u00e7\u00e3o das escolas \u00e0s novas responsabilidades administrativas.<\/p>\n<p>A situa\u00e7\u00e3o resulta do processo de descentraliza\u00e7\u00e3o escolar, com obras consideradas priorit\u00e1rias para assegurar condi\u00e7\u00f5es de funcionamento. O artigo n\u00e3o detalha n\u00fameros espec\u00edficos nem prazos.<\/p>\n<p>O conte\u00fado completo est\u00e1 dispon\u00edvel apenas para subscritores.<\/p>\n","protected":false},"excerpt":{"rendered":"<ul>\n<li>Quase metade das escolas que passaram a gest\u00e3o municipal precisa de obras de melhoria.<\/li>\n<li>H\u00e1 falta de verba para realizar todas as obras necess\u00e1rias.<\/li>\n<li>A situa\u00e7\u00e3o indica necessidade de investimento p\u00fablico nas escolas transferidas para os munic\u00edpios.<\/li>\n<li>A gravidade da car\u00eancia de financiamento pode afetar o funcionamento e a qualidade do ensino em algumas unidades.<\/li>\n<\/ul>\n","protected":false},"author":2,"featured_media":427609,"comment_status":"closed","ping_status":"closed","sticky":false,"template":"","format":"standard","meta":{"footnotes":""},"categories":[1,6871],"tags":[2706,5449,1275,163,101,5691],"class_list":["post-427608","post","type-post","status-publish","format-standard","has-post-thumbnail","hentry","category-noticias","category-sociedade","tag-autarquias","tag-camara-municipal","tag-descentralizacao-territorial","tag-educacao","tag-escolas","tag-obras"],"yoast_head":"<!-- This site is optimized with the Yoast SEO plugin v27.2 - https:\/\/yoast.com\/product\/yoast-seo-wordpress\/ -->\n<title>Quase metade das escolas municipais precisa de obras, mas h\u00e1 verba insuficiente - Portal Tela Portugal<\/title>\n<meta name=\"robots\" content=\"index, follow, max-snippet:-1, max-image-preview:large, max-video-preview:-1\" \/>\n<meta property=\"og:locale\" content=\"pt_PT\" \/>\n<meta property=\"og:type\" content=\"article\" \/>\n<meta property=\"og:title\" content=\"Quase metade das escolas municipais precisa de obras, mas h\u00e1 verba insuficiente - Portal Tela Portugal\" \/>\n<meta property=\"og:description\" content=\"Quase metade das escolas que passaram a gest\u00e3o municipal precisa de obras de melhoria. H\u00e1 falta de verba para realizar todas as obras necess\u00e1rias. A situa\u00e7\u00e3o indica necessidade de investimento p\u00fablico nas escolas transferidas para os munic\u00edpios. A gravidade da car\u00eancia de financiamento pode afetar o funcionamento e a qualidade do ensino em algumas unidades.\" \/>\n<meta property=\"og:url\" content=\"https:\/\/portaltela.pt\/noticias\/2026\/03\/30\/quase-metade-das-escolas-municipais-precisa-de-obras-mas-ha-verba-insuficiente\/\" \/>\n<meta property=\"og:site_name\" content=\"Portal Tela Portugal\" \/>\n<meta property=\"article:published_time\" content=\"2026-03-30T20:30:00+00:00\" \/>\n<meta name=\"author\" content=\"Telinha\" \/>\n<meta name=\"twitter:card\" content=\"summary_large_image\" \/>\n<meta name=\"twitter:label1\" content=\"Escrito por\" \/>\n\t<meta name=\"twitter:data1\" content=\"Telinha\" \/>\n\t<meta name=\"twitter:label2\" content=\"Tempo estimado de leitura\" \/>\n\t<meta name=\"twitter:data2\" content=\"1 minuto\" \/>\n<script type=\"application\/ld+json\" class=\"yoast-schema-graph\">{\"@context\":\"https:\/\/schema.org\",\"@graph\":[{\"@type\":\"Article\",\"@id\":\"https:\/\/portaltela.pt\/noticias\/2026\/03\/30\/quase-metade-das-escolas-municipais-precisa-de-obras-mas-ha-verba-insuficiente\/#article\",\"isPartOf\":{\"@id\":\"https:\/\/portaltela.pt\/noticias\/2026\/03\/30\/quase-metade-das-escolas-municipais-precisa-de-obras-mas-ha-verba-insuficiente\/\"},\"author\":{\"name\":\"Telinha\",\"@id\":\"https:\/\/portaltela.pt\/#\/schema\/person\/c4278d4a6028830caff9ee44b42d32ed\"},\"headline\":\"Quase metade das escolas municipais precisa de obras, mas h\u00e1 verba insuficiente\",\"datePublished\":\"2026-03-30T20:30:00+00:00\",\"mainEntityOfPage\":{\"@id\":\"https:\/\/portaltela.pt\/noticias\/2026\/03\/30\/quase-metade-das-escolas-municipais-precisa-de-obras-mas-ha-verba-insuficiente\/\"},\"wordCount\":143,\"image\":{\"@id\":\"https:\/\/portaltela.pt\/noticias\/2026\/03\/30\/quase-metade-das-escolas-municipais-precisa-de-obras-mas-ha-verba-insuficiente\/#primaryimage\"},\"thumbnailUrl\":\"https:\/\/portaltela.pt\/s.01k8rhncp4jt1\/2026\/03\/CACHE_780X1200_ANALOG_WATERMARKED_46701185_5181300_06032026050709.jpg\",\"keywords\":[\"autarquias\",\"C\u00e2mara Municipal\",\"descentraliza\u00e7\u00e3o territorial\",\"educa\u00e7\u00e3o\",\"escolas\",\"obras\"],\"articleSection\":[\"Not\u00edcias\",\"Sociedade\"],\"inLanguage\":\"pt-PT\"},{\"@type\":\"WebPage\",\"@id\":\"https:\/\/portaltela.pt\/noticias\/2026\/03\/30\/quase-metade-das-escolas-municipais-precisa-de-obras-mas-ha-verba-insuficiente\/\",\"url\":\"https:\/\/portaltela.pt\/noticias\/2026\/03\/30\/quase-metade-das-escolas-municipais-precisa-de-obras-mas-ha-verba-insuficiente\/\",\"name\":\"Quase metade das escolas municipais precisa de obras, mas h\u00e1 verba insuficiente - Portal Tela Portugal\",\"isPartOf\":{\"@id\":\"https:\/\/portaltela.pt\/#website\"},\"primaryImageOfPage\":{\"@id\":\"https:\/\/portaltela.pt\/noticias\/2026\/03\/30\/quase-metade-das-escolas-municipais-precisa-de-obras-mas-ha-verba-insuficiente\/#primaryimage\"},\"image\":{\"@id\":\"https:\/\/portaltela.pt\/noticias\/2026\/03\/30\/quase-metade-das-escolas-municipais-precisa-de-obras-mas-ha-verba-insuficiente\/#primaryimage\"},\"thumbnailUrl\":\"https:\/\/portaltela.pt\/s.01k8rhncp4jt1\/2026\/03\/CACHE_780X1200_ANALOG_WATERMARKED_46701185_5181300_06032026050709.jpg\",\"datePublished\":\"2026-03-30T20:30:00+00:00\",\"author\":{\"@id\":\"https:\/\/portaltela.pt\/#\/schema\/person\/c4278d4a6028830caff9ee44b42d32ed\"},\"breadcrumb\":{\"@id\":\"https:\/\/portaltela.pt\/noticias\/2026\/03\/30\/quase-metade-das-escolas-municipais-precisa-de-obras-mas-ha-verba-insuficiente\/#breadcrumb\"},\"inLanguage\":\"pt-PT\",\"potentialAction\":[{\"@type\":\"ReadAction\",\"target\":[\"https:\/\/portaltela.pt\/noticias\/2026\/03\/30\/quase-metade-das-escolas-municipais-precisa-de-obras-mas-ha-verba-insuficiente\/\"]}]},{\"@type\":\"ImageObject\",\"inLanguage\":\"pt-PT\",\"@id\":\"https:\/\/portaltela.pt\/noticias\/2026\/03\/30\/quase-metade-das-escolas-municipais-precisa-de-obras-mas-ha-verba-insuficiente\/#primaryimage\",\"url\":\"https:\/\/portaltela.pt\/s.01k8rhncp4jt1\/2026\/03\/CACHE_780X1200_ANALOG_WATERMARKED_46701185_5181300_06032026050709.jpg\",\"contentUrl\":\"https:\/\/portaltela.pt\/s.01k8rhncp4jt1\/2026\/03\/CACHE_780X1200_ANALOG_WATERMARKED_46701185_5181300_06032026050709.jpg\",\"width\":768,\"height\":512,\"caption\":\"Quase metade das escolas que passaram para munic\u00edpios precisa de obras mas n\u00e3o h\u00e1 verba para todas\"},{\"@type\":\"BreadcrumbList\",\"@id\":\"https:\/\/portaltela.pt\/noticias\/2026\/03\/30\/quase-metade-das-escolas-municipais-precisa-de-obras-mas-ha-verba-insuficiente\/#breadcrumb\",\"itemListElement\":[{\"@type\":\"ListItem\",\"position\":1,\"name\":\"In\u00edcio\",\"item\":\"https:\/\/portaltela.pt\/\"},{\"@type\":\"ListItem\",\"position\":2,\"name\":\"Quase metade das escolas municipais precisa de obras, mas h\u00e1 verba insuficiente\"}]},{\"@type\":\"WebSite\",\"@id\":\"https:\/\/portaltela.pt\/#website\",\"url\":\"https:\/\/portaltela.pt\/\",\"name\":\"Portal Tela Portugal\",\"description\":\"\",\"potentialAction\":[{\"@type\":\"SearchAction\",\"target\":{\"@type\":\"EntryPoint\",\"urlTemplate\":\"https:\/\/portaltela.pt\/?s={search_term_string}\"},\"query-input\":{\"@type\":\"PropertyValueSpecification\",\"valueRequired\":true,\"valueName\":\"search_term_string\"}}],\"inLanguage\":\"pt-PT\"},{\"@type\":\"Person\",\"@id\":\"https:\/\/portaltela.pt\/#\/schema\/person\/c4278d4a6028830caff9ee44b42d32ed\",\"name\":\"Telinha\",\"image\":{\"@type\":\"ImageObject\",\"inLanguage\":\"pt-PT\",\"@id\":\"https:\/\/portaltela.pt\/s.01k8rhncp4jt1\/2025\/11\/talking-bot-125x125.png\",\"url\":\"https:\/\/portaltela.pt\/s.01k8rhncp4jt1\/2025\/11\/talking-bot-125x125.png\",\"contentUrl\":\"https:\/\/portaltela.pt\/s.01k8rhncp4jt1\/2025\/11\/talking-bot-125x125.png\",\"caption\":\"Telinha\"},\"sameAs\":[\"https:\/\/portaltela.pt\/\"],\"url\":\"https:\/\/portaltela.pt\/por\/367410592786\/\"}]}<\/script>\n<!-- \/ Yoast SEO plugin. -->","yoast_head_json":{"title":"Quase metade das escolas municipais precisa de obras, mas h\u00e1 verba insuficiente - Portal Tela Portugal","robots":{"index":"index","follow":"follow","max-snippet":"max-snippet:-1","max-image-preview":"max-image-preview:large","max-video-preview":"max-video-preview:-1"},"og_locale":"pt_PT","og_type":"article","og_title":"Quase metade das escolas municipais precisa de obras, mas h\u00e1 verba insuficiente - Portal Tela Portugal","og_description":"Quase metade das escolas que passaram a gest\u00e3o municipal precisa de obras de melhoria. H\u00e1 falta de verba para realizar todas as obras necess\u00e1rias. A situa\u00e7\u00e3o indica necessidade de investimento p\u00fablico nas escolas transferidas para os munic\u00edpios. A gravidade da car\u00eancia de financiamento pode afetar o funcionamento e a qualidade do ensino em algumas unidades.","og_url":"https:\/\/portaltela.pt\/noticias\/2026\/03\/30\/quase-metade-das-escolas-municipais-precisa-de-obras-mas-ha-verba-insuficiente\/","og_site_name":"Portal Tela Portugal","article_published_time":"2026-03-30T20:30:00+00:00","author":"Telinha","twitter_card":"summary_large_image","twitter_misc":{"Escrito por":"Telinha","Tempo estimado de leitura":"1 minuto"},"schema":{"@context":"https:\/\/schema.org","@graph":[{"@type":"Article","@id":"https:\/\/portaltela.pt\/noticias\/2026\/03\/30\/quase-metade-das-escolas-municipais-precisa-de-obras-mas-ha-verba-insuficiente\/#article","isPartOf":{"@id":"https:\/\/portaltela.pt\/noticias\/2026\/03\/30\/quase-metade-das-escolas-municipais-precisa-de-obras-mas-ha-verba-insuficiente\/"},"author":{"name":"Telinha","@id":"https:\/\/portaltela.pt\/#\/schema\/person\/c4278d4a6028830caff9ee44b42d32ed"},"headline":"Quase metade das escolas municipais precisa de obras, mas h\u00e1 verba insuficiente","datePublished":"2026-03-30T20:30:00+00:00","mainEntityOfPage":{"@id":"https:\/\/portaltela.pt\/noticias\/2026\/03\/30\/quase-metade-das-escolas-municipais-precisa-de-obras-mas-ha-verba-insuficiente\/"},"wordCount":143,"image":{"@id":"https:\/\/portaltela.pt\/noticias\/2026\/03\/30\/quase-metade-das-escolas-municipais-precisa-de-obras-mas-ha-verba-insuficiente\/#primaryimage"},"thumbnailUrl":"https:\/\/portaltela.pt\/s.01k8rhncp4jt1\/2026\/03\/CACHE_780X1200_ANALOG_WATERMARKED_46701185_5181300_06032026050709.jpg","keywords":["autarquias","C\u00e2mara Municipal","descentraliza\u00e7\u00e3o territorial","educa\u00e7\u00e3o","escolas","obras"],"articleSection":["Not\u00edcias","Sociedade"],"inLanguage":"pt-PT"},{"@type":"WebPage","@id":"https:\/\/portaltela.pt\/noticias\/2026\/03\/30\/quase-metade-das-escolas-municipais-precisa-de-obras-mas-ha-verba-insuficiente\/","url":"https:\/\/portaltela.pt\/noticias\/2026\/03\/30\/quase-metade-das-escolas-municipais-precisa-de-obras-mas-ha-verba-insuficiente\/","name":"Quase metade das escolas municipais precisa de obras, mas h\u00e1 verba insuficiente - Portal Tela Portugal","isPartOf":{"@id":"https:\/\/portaltela.pt\/#website"},"primaryImageOfPage":{"@id":"https:\/\/portaltela.pt\/noticias\/2026\/03\/30\/quase-metade-das-escolas-municipais-precisa-de-obras-mas-ha-verba-insuficiente\/#primaryimage"},"image":{"@id":"https:\/\/portaltela.pt\/noticias\/2026\/03\/30\/quase-metade-das-escolas-municipais-precisa-de-obras-mas-ha-verba-insuficiente\/#primaryimage"},"thumbnailUrl":"https:\/\/portaltela.pt\/s.01k8rhncp4jt1\/2026\/03\/CACHE_780X1200_ANALOG_WATERMARKED_46701185_5181300_06032026050709.jpg","datePublished":"2026-03-30T20:30:00+00:00","author":{"@id":"https:\/\/portaltela.pt\/#\/schema\/person\/c4278d4a6028830caff9ee44b42d32ed"},"breadcrumb":{"@id":"https:\/\/portaltela.pt\/noticias\/2026\/03\/30\/quase-metade-das-escolas-municipais-precisa-de-obras-mas-ha-verba-insuficiente\/#breadcrumb"},"inLanguage":"pt-PT","potentialAction":[{"@type":"ReadAction","target":["https:\/\/portaltela.pt\/noticias\/2026\/03\/30\/quase-metade-das-escolas-municipais-precisa-de-obras-mas-ha-verba-insuficiente\/"]}]},{"@type":"ImageObject","inLanguage":"pt-PT","@id":"https:\/\/portaltela.pt\/noticias\/2026\/03\/30\/quase-metade-das-escolas-municipais-precisa-de-obras-mas-ha-verba-insuficiente\/#primaryimage","url":"https:\/\/portaltela.pt\/s.01k8rhncp4jt1\/2026\/03\/CACHE_780X1200_ANALOG_WATERMARKED_46701185_5181300_06032026050709.jpg","contentUrl":"https:\/\/portaltela.pt\/s.01k8rhncp4jt1\/2026\/03\/CACHE_780X1200_ANALOG_WATERMARKED_46701185_5181300_06032026050709.jpg","width":768,"height":512,"caption":"Quase metade das escolas que passaram para munic\u00edpios precisa de obras mas n\u00e3o h\u00e1 verba para todas"},{"@type":"BreadcrumbList","@id":"https:\/\/portaltela.pt\/noticias\/2026\/03\/30\/quase-metade-das-escolas-municipais-precisa-de-obras-mas-ha-verba-insuficiente\/#breadcrumb","itemListElement":[{"@type":"ListItem","position":1,"name":"In\u00edcio","item":"https:\/\/portaltela.pt\/"},{"@type":"ListItem","position":2,"name":"Quase metade das escolas municipais precisa de obras, mas h\u00e1 verba insuficiente"}]},{"@type":"WebSite","@id":"https:\/\/portaltela.pt\/#website","url":"https:\/\/portaltela.pt\/","name":"Portal Tela Portugal","description":"","potentialAction":[{"@type":"SearchAction","target":{"@type":"EntryPoint","urlTemplate":"https:\/\/portaltela.pt\/?s={search_term_string}"},"query-input":{"@type":"PropertyValueSpecification","valueRequired":true,"valueName":"search_term_string"}}],"inLanguage":"pt-PT"},{"@type":"Person","@id":"https:\/\/portaltela.pt\/#\/schema\/person\/c4278d4a6028830caff9ee44b42d32ed","name":"Telinha","image":{"@type":"ImageObject","inLanguage":"pt-PT","@id":"https:\/\/portaltela.pt\/s.01k8rhncp4jt1\/2025\/11\/talking-bot-125x125.png","url":"https:\/\/portaltela.pt\/s.01k8rhncp4jt1\/2025\/11\/talking-bot-125x125.png","contentUrl":"https:\/\/portaltela.pt\/s.01k8rhncp4jt1\/2025\/11\/talking-bot-125x125.png","caption":"Telinha"},"sameAs":["https:\/\/portaltela.pt\/"],"url":"https:\/\/portaltela.pt\/por\/367410592786\/"}]}},"_links":{"self":[{"href":"https:\/\/portaltela.pt\/api\/wp\/v2\/posts\/427608","targetHints":{"allow":["GET"]}}],"collection":[{"href":"https:\/\/portaltela.pt\/api\/wp\/v2\/posts"}],"about":[{"href":"https:\/\/portaltela.pt\/api\/wp\/v2\/types\/post"}],"author":[{"embeddable":true,"href":"https:\/\/portaltela.pt\/api\/wp\/v2\/users\/2"}],"replies":[{"embeddable":true,"href":"https:\/\/portaltela.pt\/api\/wp\/v2\/comments?post=427608"}],"version-history":[{"count":0,"href":"https:\/\/portaltela.pt\/api\/wp\/v2\/posts\/427608\/revisions"}],"wp:featuredmedia":[{"embeddable":true,"href":"https:\/\/portaltela.pt\/api\/wp\/v2\/media\/427609"}],"wp:attachment":[{"href":"https:\/\/portaltela.pt\/api\/wp\/v2\/media?parent=427608"}],"wp:term":[{"taxonomy":"category","embeddable":true,"href":"https:\/\/portaltela.pt\/api\/wp\/v2\/categories?post=427608"},{"taxonomy":"post_tag","embeddable":true,"href":"https:\/\/portaltela.pt\/api\/wp\/v2\/tags?post=427608"}],"curies":[{"name":"wp","href":"https:\/\/api.w.org\/{rel}","templated":true}]}}