{"id":427600,"date":"2026-03-30T20:32:20","date_gmt":"2026-03-30T23:32:20","guid":{"rendered":"https:\/\/portaltela.pt\/noticias\/2026\/03\/30\/estudo-confirma-relacao-entre-o-quadrado-da-hipotenusa-e-os-lados-do-triangulo\/"},"modified":"2026-03-30T20:32:20","modified_gmt":"2026-03-30T23:32:20","slug":"estudo-confirma-relacao-entre-o-quadrado-da-hipotenusa-e-os-lados-do-triangulo","status":"publish","type":"post","link":"https:\/\/portaltela.pt\/tecnologia\/2026\/03\/30\/estudo-confirma-relacao-entre-o-quadrado-da-hipotenusa-e-os-lados-do-triangulo\/","title":{"rendered":"Estudo confirma rela\u00e7\u00e3o entre o quadrado da hipotenusa e os lados do tri\u00e2ngulo"},"content":{"rendered":"<p>O governo portugu\u00eas aprovou uma legisla\u00e7\u00e3o destinada a restringir o acesso de menores de idade a plataformas de IA generativa e a redes sociais. A medida surge numa altura em que estas tecnologias ganham velocidade de ado\u00e7\u00e3o entre a popula\u00e7\u00e3o.<\/p>\n<p>Dados recentes indicam que cerca de 90% dos jovens nacionais utilizam IA generativa, enquanto mais de 7,5 milh\u00f5es de portugueses de todas as idades est\u00e3o nas redes sociais por mais de duas horas di\u00e1rias. As autoridades justificam as restri\u00e7\u00f5es pela prote\u00e7\u00e3o de menores.<\/p>\n<p>Especialistas destacam que a IA e as redes sociais s\u00e3o ferramentas poderosas, com altera\u00e7\u00f5es r\u00e1pidas na forma como a informa\u00e7\u00e3o \u00e9 criada e consumida. A legisla\u00e7\u00e3o pretende criar salvaguardas, mas ainda n\u00e3o est\u00e1 claro o impacto pr\u00e1tico nos h\u00e1bitos di\u00e1rios dos utilizadores.<\/p>\n<p>A implementa\u00e7\u00e3o da regra \u00e9 acompanhada por debates sobre privacidade, seguran\u00e7a digital e alfabetiza\u00e7\u00e3o medi\u00e1tica. Autores de estudos apontam para a necessidade de educa\u00e7\u00e3o digital cont\u00ednua para acompanhar a evolu\u00e7\u00e3o tecnol\u00f3gica.<\/p>\n","protected":false},"excerpt":{"rendered":"<ul>\n<li>Cerca de 90% dos jovens nacionais utilizam IA generativa.<\/li>\n<li>Mais de 7,5 milh\u00f5es de portugueses, de todas as idades, passam mais de duas horas di\u00e1rias nas redes sociais.<\/li>\n<li>Foi aprovada legisla\u00e7\u00e3o para restringir o acesso a menores de idade.<\/li>\n<li>A IA generativa e as redes sociais s\u00e3o apresentadas como mudan\u00e7as na sociedade mais r\u00e1pidas que a Revolu\u00e7\u00e3o Industrial.<\/li>\n<li>O texto alerta para evitar o facilitismo no acesso a estas tecnologias.<\/li>\n<\/ul>\n","protected":false},"author":2,"featured_media":427603,"comment_status":"closed","ping_status":"closed","sticky":false,"template":"","format":"standard","meta":{"footnotes":""},"categories":[6716],"tags":[2917,34,51,2629,3562,7393],"class_list":["post-427600","post","type-post","status-publish","format-standard","has-post-thumbnail","hentry","category-tecnologia","tag-educacao-digital","tag-governo","tag-inteligencia-artificial","tag-literacia-digital","tag-privacidade","tag-seguranca-digital"],"yoast_head":"<!-- This site is optimized with the Yoast SEO plugin v27.2 - https:\/\/yoast.com\/product\/yoast-seo-wordpress\/ -->\n<title>Estudo confirma rela\u00e7\u00e3o entre o quadrado da hipotenusa e os lados do tri\u00e2ngulo - Portal Tela Portugal<\/title>\n<meta name=\"robots\" content=\"index, follow, max-snippet:-1, max-image-preview:large, max-video-preview:-1\" \/>\n<meta property=\"og:locale\" content=\"pt_PT\" \/>\n<meta property=\"og:type\" content=\"article\" \/>\n<meta property=\"og:title\" content=\"Estudo confirma rela\u00e7\u00e3o entre o quadrado da hipotenusa e os lados do tri\u00e2ngulo - Portal Tela Portugal\" \/>\n<meta property=\"og:description\" content=\"Cerca de 90% dos jovens nacionais utilizam IA generativa. Mais de 7,5 milh\u00f5es de portugueses, de todas as idades, passam mais de duas horas di\u00e1rias nas redes sociais. Foi aprovada legisla\u00e7\u00e3o para restringir o acesso a menores de idade. A IA generativa e as redes sociais s\u00e3o apresentadas como mudan\u00e7as na sociedade mais r\u00e1pidas que a Revolu\u00e7\u00e3o Industrial. O texto alerta para evitar o facilitismo no acesso a estas tecnologias.\" \/>\n<meta property=\"og:url\" content=\"https:\/\/portaltela.pt\/noticias\/2026\/03\/30\/estudo-confirma-relacao-entre-o-quadrado-da-hipotenusa-e-os-lados-do-triangulo\/\" \/>\n<meta property=\"og:site_name\" content=\"Portal Tela Portugal\" \/>\n<meta property=\"article:published_time\" content=\"2026-03-30T23:32:20+00:00\" \/>\n<meta name=\"author\" content=\"Telinha\" \/>\n<meta name=\"twitter:card\" content=\"summary_large_image\" \/>\n<meta name=\"twitter:label1\" content=\"Escrito por\" \/>\n\t<meta name=\"twitter:data1\" content=\"Telinha\" \/>\n\t<meta name=\"twitter:label2\" content=\"Tempo estimado de leitura\" \/>\n\t<meta name=\"twitter:data2\" content=\"1 minuto\" \/>\n<script type=\"application\/ld+json\" class=\"yoast-schema-graph\">{\"@context\":\"https:\/\/schema.org\",\"@graph\":[{\"@type\":\"Article\",\"@id\":\"https:\/\/portaltela.pt\/noticias\/2026\/03\/30\/estudo-confirma-relacao-entre-o-quadrado-da-hipotenusa-e-os-lados-do-triangulo\/#article\",\"isPartOf\":{\"@id\":\"https:\/\/portaltela.pt\/noticias\/2026\/03\/30\/estudo-confirma-relacao-entre-o-quadrado-da-hipotenusa-e-os-lados-do-triangulo\/\"},\"author\":{\"name\":\"Telinha\",\"@id\":\"https:\/\/portaltela.pt\/#\/schema\/person\/c4278d4a6028830caff9ee44b42d32ed\"},\"headline\":\"Estudo confirma rela\u00e7\u00e3o entre o quadrado da hipotenusa e os lados do tri\u00e2ngulo\",\"datePublished\":\"2026-03-30T23:32:20+00:00\",\"mainEntityOfPage\":{\"@id\":\"https:\/\/portaltela.pt\/noticias\/2026\/03\/30\/estudo-confirma-relacao-entre-o-quadrado-da-hipotenusa-e-os-lados-do-triangulo\/\"},\"wordCount\":193,\"image\":{\"@id\":\"https:\/\/portaltela.pt\/noticias\/2026\/03\/30\/estudo-confirma-relacao-entre-o-quadrado-da-hipotenusa-e-os-lados-do-triangulo\/#primaryimage\"},\"thumbnailUrl\":\"https:\/\/portaltela.pt\/s.01k8rhncp4jt1\/2026\/03\/img_250x250uu2024-06-12-12-08-40-1678717.jpg\",\"keywords\":[\"educa\u00e7\u00e3o digital\",\"governo\",\"intelig\u00eancia artificial\",\"literacia digital\",\"privacidade\",\"seguran\u00e7a digital\"],\"articleSection\":[\"Tecnologia\"],\"inLanguage\":\"pt-PT\"},{\"@type\":\"WebPage\",\"@id\":\"https:\/\/portaltela.pt\/noticias\/2026\/03\/30\/estudo-confirma-relacao-entre-o-quadrado-da-hipotenusa-e-os-lados-do-triangulo\/\",\"url\":\"https:\/\/portaltela.pt\/noticias\/2026\/03\/30\/estudo-confirma-relacao-entre-o-quadrado-da-hipotenusa-e-os-lados-do-triangulo\/\",\"name\":\"Estudo confirma rela\u00e7\u00e3o entre o quadrado da hipotenusa e os lados do tri\u00e2ngulo - Portal Tela Portugal\",\"isPartOf\":{\"@id\":\"https:\/\/portaltela.pt\/#website\"},\"primaryImageOfPage\":{\"@id\":\"https:\/\/portaltela.pt\/noticias\/2026\/03\/30\/estudo-confirma-relacao-entre-o-quadrado-da-hipotenusa-e-os-lados-do-triangulo\/#primaryimage\"},\"image\":{\"@id\":\"https:\/\/portaltela.pt\/noticias\/2026\/03\/30\/estudo-confirma-relacao-entre-o-quadrado-da-hipotenusa-e-os-lados-do-triangulo\/#primaryimage\"},\"thumbnailUrl\":\"https:\/\/portaltela.pt\/s.01k8rhncp4jt1\/2026\/03\/img_250x250uu2024-06-12-12-08-40-1678717.jpg\",\"datePublished\":\"2026-03-30T23:32:20+00:00\",\"author\":{\"@id\":\"https:\/\/portaltela.pt\/#\/schema\/person\/c4278d4a6028830caff9ee44b42d32ed\"},\"breadcrumb\":{\"@id\":\"https:\/\/portaltela.pt\/noticias\/2026\/03\/30\/estudo-confirma-relacao-entre-o-quadrado-da-hipotenusa-e-os-lados-do-triangulo\/#breadcrumb\"},\"inLanguage\":\"pt-PT\",\"potentialAction\":[{\"@type\":\"ReadAction\",\"target\":[\"https:\/\/portaltela.pt\/noticias\/2026\/03\/30\/estudo-confirma-relacao-entre-o-quadrado-da-hipotenusa-e-os-lados-do-triangulo\/\"]}]},{\"@type\":\"ImageObject\",\"inLanguage\":\"pt-PT\",\"@id\":\"https:\/\/portaltela.pt\/noticias\/2026\/03\/30\/estudo-confirma-relacao-entre-o-quadrado-da-hipotenusa-e-os-lados-do-triangulo\/#primaryimage\",\"url\":\"https:\/\/portaltela.pt\/s.01k8rhncp4jt1\/2026\/03\/img_250x250uu2024-06-12-12-08-40-1678717.jpg\",\"contentUrl\":\"https:\/\/portaltela.pt\/s.01k8rhncp4jt1\/2026\/03\/img_250x250uu2024-06-12-12-08-40-1678717.jpg\",\"width\":796,\"height\":448,\"caption\":\"Photo\"},{\"@type\":\"BreadcrumbList\",\"@id\":\"https:\/\/portaltela.pt\/noticias\/2026\/03\/30\/estudo-confirma-relacao-entre-o-quadrado-da-hipotenusa-e-os-lados-do-triangulo\/#breadcrumb\",\"itemListElement\":[{\"@type\":\"ListItem\",\"position\":1,\"name\":\"In\u00edcio\",\"item\":\"https:\/\/portaltela.pt\/\"},{\"@type\":\"ListItem\",\"position\":2,\"name\":\"Estudo confirma rela\u00e7\u00e3o entre o quadrado da hipotenusa e os lados do tri\u00e2ngulo\"}]},{\"@type\":\"WebSite\",\"@id\":\"https:\/\/portaltela.pt\/#website\",\"url\":\"https:\/\/portaltela.pt\/\",\"name\":\"Portal Tela Portugal\",\"description\":\"\",\"potentialAction\":[{\"@type\":\"SearchAction\",\"target\":{\"@type\":\"EntryPoint\",\"urlTemplate\":\"https:\/\/portaltela.pt\/?s={search_term_string}\"},\"query-input\":{\"@type\":\"PropertyValueSpecification\",\"valueRequired\":true,\"valueName\":\"search_term_string\"}}],\"inLanguage\":\"pt-PT\"},{\"@type\":\"Person\",\"@id\":\"https:\/\/portaltela.pt\/#\/schema\/person\/c4278d4a6028830caff9ee44b42d32ed\",\"name\":\"Telinha\",\"image\":{\"@type\":\"ImageObject\",\"inLanguage\":\"pt-PT\",\"@id\":\"https:\/\/portaltela.pt\/s.01k8rhncp4jt1\/2025\/11\/talking-bot-125x125.png\",\"url\":\"https:\/\/portaltela.pt\/s.01k8rhncp4jt1\/2025\/11\/talking-bot-125x125.png\",\"contentUrl\":\"https:\/\/portaltela.pt\/s.01k8rhncp4jt1\/2025\/11\/talking-bot-125x125.png\",\"caption\":\"Telinha\"},\"sameAs\":[\"https:\/\/portaltela.pt\/\"],\"url\":\"https:\/\/portaltela.pt\/por\/367410592786\/\"}]}<\/script>\n<!-- \/ Yoast SEO plugin. -->","yoast_head_json":{"title":"Estudo confirma rela\u00e7\u00e3o entre o quadrado da hipotenusa e os lados do tri\u00e2ngulo - Portal Tela Portugal","robots":{"index":"index","follow":"follow","max-snippet":"max-snippet:-1","max-image-preview":"max-image-preview:large","max-video-preview":"max-video-preview:-1"},"og_locale":"pt_PT","og_type":"article","og_title":"Estudo confirma rela\u00e7\u00e3o entre o quadrado da hipotenusa e os lados do tri\u00e2ngulo - Portal Tela Portugal","og_description":"Cerca de 90% dos jovens nacionais utilizam IA generativa. Mais de 7,5 milh\u00f5es de portugueses, de todas as idades, passam mais de duas horas di\u00e1rias nas redes sociais. Foi aprovada legisla\u00e7\u00e3o para restringir o acesso a menores de idade. A IA generativa e as redes sociais s\u00e3o apresentadas como mudan\u00e7as na sociedade mais r\u00e1pidas que a Revolu\u00e7\u00e3o Industrial. O texto alerta para evitar o facilitismo no acesso a estas tecnologias.","og_url":"https:\/\/portaltela.pt\/noticias\/2026\/03\/30\/estudo-confirma-relacao-entre-o-quadrado-da-hipotenusa-e-os-lados-do-triangulo\/","og_site_name":"Portal Tela Portugal","article_published_time":"2026-03-30T23:32:20+00:00","author":"Telinha","twitter_card":"summary_large_image","twitter_misc":{"Escrito por":"Telinha","Tempo estimado de leitura":"1 minuto"},"schema":{"@context":"https:\/\/schema.org","@graph":[{"@type":"Article","@id":"https:\/\/portaltela.pt\/noticias\/2026\/03\/30\/estudo-confirma-relacao-entre-o-quadrado-da-hipotenusa-e-os-lados-do-triangulo\/#article","isPartOf":{"@id":"https:\/\/portaltela.pt\/noticias\/2026\/03\/30\/estudo-confirma-relacao-entre-o-quadrado-da-hipotenusa-e-os-lados-do-triangulo\/"},"author":{"name":"Telinha","@id":"https:\/\/portaltela.pt\/#\/schema\/person\/c4278d4a6028830caff9ee44b42d32ed"},"headline":"Estudo confirma rela\u00e7\u00e3o entre o quadrado da hipotenusa e os lados do tri\u00e2ngulo","datePublished":"2026-03-30T23:32:20+00:00","mainEntityOfPage":{"@id":"https:\/\/portaltela.pt\/noticias\/2026\/03\/30\/estudo-confirma-relacao-entre-o-quadrado-da-hipotenusa-e-os-lados-do-triangulo\/"},"wordCount":193,"image":{"@id":"https:\/\/portaltela.pt\/noticias\/2026\/03\/30\/estudo-confirma-relacao-entre-o-quadrado-da-hipotenusa-e-os-lados-do-triangulo\/#primaryimage"},"thumbnailUrl":"https:\/\/portaltela.pt\/s.01k8rhncp4jt1\/2026\/03\/img_250x250uu2024-06-12-12-08-40-1678717.jpg","keywords":["educa\u00e7\u00e3o digital","governo","intelig\u00eancia artificial","literacia digital","privacidade","seguran\u00e7a digital"],"articleSection":["Tecnologia"],"inLanguage":"pt-PT"},{"@type":"WebPage","@id":"https:\/\/portaltela.pt\/noticias\/2026\/03\/30\/estudo-confirma-relacao-entre-o-quadrado-da-hipotenusa-e-os-lados-do-triangulo\/","url":"https:\/\/portaltela.pt\/noticias\/2026\/03\/30\/estudo-confirma-relacao-entre-o-quadrado-da-hipotenusa-e-os-lados-do-triangulo\/","name":"Estudo confirma rela\u00e7\u00e3o entre o quadrado da hipotenusa e os lados do tri\u00e2ngulo - Portal Tela Portugal","isPartOf":{"@id":"https:\/\/portaltela.pt\/#website"},"primaryImageOfPage":{"@id":"https:\/\/portaltela.pt\/noticias\/2026\/03\/30\/estudo-confirma-relacao-entre-o-quadrado-da-hipotenusa-e-os-lados-do-triangulo\/#primaryimage"},"image":{"@id":"https:\/\/portaltela.pt\/noticias\/2026\/03\/30\/estudo-confirma-relacao-entre-o-quadrado-da-hipotenusa-e-os-lados-do-triangulo\/#primaryimage"},"thumbnailUrl":"https:\/\/portaltela.pt\/s.01k8rhncp4jt1\/2026\/03\/img_250x250uu2024-06-12-12-08-40-1678717.jpg","datePublished":"2026-03-30T23:32:20+00:00","author":{"@id":"https:\/\/portaltela.pt\/#\/schema\/person\/c4278d4a6028830caff9ee44b42d32ed"},"breadcrumb":{"@id":"https:\/\/portaltela.pt\/noticias\/2026\/03\/30\/estudo-confirma-relacao-entre-o-quadrado-da-hipotenusa-e-os-lados-do-triangulo\/#breadcrumb"},"inLanguage":"pt-PT","potentialAction":[{"@type":"ReadAction","target":["https:\/\/portaltela.pt\/noticias\/2026\/03\/30\/estudo-confirma-relacao-entre-o-quadrado-da-hipotenusa-e-os-lados-do-triangulo\/"]}]},{"@type":"ImageObject","inLanguage":"pt-PT","@id":"https:\/\/portaltela.pt\/noticias\/2026\/03\/30\/estudo-confirma-relacao-entre-o-quadrado-da-hipotenusa-e-os-lados-do-triangulo\/#primaryimage","url":"https:\/\/portaltela.pt\/s.01k8rhncp4jt1\/2026\/03\/img_250x250uu2024-06-12-12-08-40-1678717.jpg","contentUrl":"https:\/\/portaltela.pt\/s.01k8rhncp4jt1\/2026\/03\/img_250x250uu2024-06-12-12-08-40-1678717.jpg","width":796,"height":448,"caption":"Photo"},{"@type":"BreadcrumbList","@id":"https:\/\/portaltela.pt\/noticias\/2026\/03\/30\/estudo-confirma-relacao-entre-o-quadrado-da-hipotenusa-e-os-lados-do-triangulo\/#breadcrumb","itemListElement":[{"@type":"ListItem","position":1,"name":"In\u00edcio","item":"https:\/\/portaltela.pt\/"},{"@type":"ListItem","position":2,"name":"Estudo confirma rela\u00e7\u00e3o entre o quadrado da hipotenusa e os lados do tri\u00e2ngulo"}]},{"@type":"WebSite","@id":"https:\/\/portaltela.pt\/#website","url":"https:\/\/portaltela.pt\/","name":"Portal Tela Portugal","description":"","potentialAction":[{"@type":"SearchAction","target":{"@type":"EntryPoint","urlTemplate":"https:\/\/portaltela.pt\/?s={search_term_string}"},"query-input":{"@type":"PropertyValueSpecification","valueRequired":true,"valueName":"search_term_string"}}],"inLanguage":"pt-PT"},{"@type":"Person","@id":"https:\/\/portaltela.pt\/#\/schema\/person\/c4278d4a6028830caff9ee44b42d32ed","name":"Telinha","image":{"@type":"ImageObject","inLanguage":"pt-PT","@id":"https:\/\/portaltela.pt\/s.01k8rhncp4jt1\/2025\/11\/talking-bot-125x125.png","url":"https:\/\/portaltela.pt\/s.01k8rhncp4jt1\/2025\/11\/talking-bot-125x125.png","contentUrl":"https:\/\/portaltela.pt\/s.01k8rhncp4jt1\/2025\/11\/talking-bot-125x125.png","caption":"Telinha"},"sameAs":["https:\/\/portaltela.pt\/"],"url":"https:\/\/portaltela.pt\/por\/367410592786\/"}]}},"_links":{"self":[{"href":"https:\/\/portaltela.pt\/api\/wp\/v2\/posts\/427600","targetHints":{"allow":["GET"]}}],"collection":[{"href":"https:\/\/portaltela.pt\/api\/wp\/v2\/posts"}],"about":[{"href":"https:\/\/portaltela.pt\/api\/wp\/v2\/types\/post"}],"author":[{"embeddable":true,"href":"https:\/\/portaltela.pt\/api\/wp\/v2\/users\/2"}],"replies":[{"embeddable":true,"href":"https:\/\/portaltela.pt\/api\/wp\/v2\/comments?post=427600"}],"version-history":[{"count":0,"href":"https:\/\/portaltela.pt\/api\/wp\/v2\/posts\/427600\/revisions"}],"wp:featuredmedia":[{"embeddable":true,"href":"https:\/\/portaltela.pt\/api\/wp\/v2\/media\/427603"}],"wp:attachment":[{"href":"https:\/\/portaltela.pt\/api\/wp\/v2\/media?parent=427600"}],"wp:term":[{"taxonomy":"category","embeddable":true,"href":"https:\/\/portaltela.pt\/api\/wp\/v2\/categories?post=427600"},{"taxonomy":"post_tag","embeddable":true,"href":"https:\/\/portaltela.pt\/api\/wp\/v2\/tags?post=427600"}],"curies":[{"name":"wp","href":"https:\/\/api.w.org\/{rel}","templated":true}]}}