{"id":427589,"date":"2026-03-29T21:03:00","date_gmt":"2026-03-30T00:03:00","guid":{"rendered":"https:\/\/portaltela.pt\/noticias\/2026\/03\/29\/camara-de-matosinhos-admite-vias-judiciais-contra-expansao-do-porto-de-leixoes\/"},"modified":"2026-03-29T21:03:00","modified_gmt":"2026-03-30T00:03:00","slug":"camara-de-matosinhos-admite-vias-judiciais-contra-expansao-do-porto-de-leixoes","status":"publish","type":"post","link":"https:\/\/portaltela.pt\/sociedade\/2026\/03\/29\/camara-de-matosinhos-admite-vias-judiciais-contra-expansao-do-porto-de-leixoes\/","title":{"rendered":"C\u00e2mara de Matosinhos admite vias judiciais contra expans\u00e3o do Porto de Leix\u00f5es"},"content":{"rendered":"<p>A presidente da C\u00e2mara de Matosinhos, Lu\u00edsa Salgueiro, alertou que vai recorrer \u00e0s vias judiciais caso a APDL avance com a expans\u00e3o do Porto de Leix\u00f5es sem considerar os impactos no territ\u00f3rio. A declara\u00e7\u00e3o ocorreu nesta segunda-feira.<\/p>\n<p>A dirigente socialista explicou que a avalia\u00e7\u00e3o de impacto ambiental da APA, divulgada recentemente, incide apenas sobre o terminal de contentores norte, em Le\u00e7a da Palmeira, e n\u00e3o sobre o Plano Estrat\u00e9gico do Porto de Leix\u00f5es para 2025-2035 na sua totalidade. Ela defende uma an\u00e1lise mais ampla.<\/p>\n<p>Salgueiro sublinha que a avalia\u00e7\u00e3o ambiental n\u00e3o aborda aspetos estrat\u00e9gicos relevantes para o territ\u00f3rio. Assim, solicita estudos alternativos e uma apresenta\u00e7\u00e3o de mais de uma solu\u00e7\u00e3o, para justificar a op\u00e7\u00e3o com menor impacto.<\/p>\n<p>Na reuni\u00e3o da Assembleia Municipal, a autarquia aprovou uma proposta para acompanhar o parecer negativo do munic\u00edpio ao projeto da APDL. A decis\u00e3o foi tomada por maioria.<\/p>\n<p>Votaram contra PSD, Chega, CDU e Livre, com absten\u00e7\u00f5es de CDS e IL. Os partidos que deram estas posi\u00e7\u00f5es argumentam que o processo exige mais informa\u00e7\u00f5es antes de avan\u00e7ar.<\/p>\n","protected":false},"excerpt":{"rendered":"<ul>\n<li>A presidente da C\u00e2mara de Matosinhos, Lu\u00edsa Salgueiro, avisou que recorrer\u00e1 \u00e0s vias judiciais se a APDL avan\u00e7ar com a expans\u00e3o do Porto de Leix\u00f5es sem salvaguardar impactos no territ\u00f3rio.<\/li>\n<li>A autarca afirma que a avalia\u00e7\u00e3o de impacto ambiental da Ag\u00eancia Portuguesa do Ambiente abrange apenas o terminal de contentores norte, em Le\u00e7a da Palmeira, n\u00e3o o Plano Estrat\u00e9gico de 2025-2035.<\/li>\n<li>Lu\u00edsa Salgueiro defende que o projeto deve ter uma avalia\u00e7\u00e3o de impacto ambiental e estrat\u00e9gica global e exige estudos alternativos.<\/li>\n<li>A C\u00e2mara apresentou uma proposta para que a Assembleia Municipal acompanhe o parecer negativo ao projeto, aprovado pela maioria.<\/li>\n<li>Votaram contra o PSD, Chega, CDU e Livre; CDS e IL abstiveram\u2011se.<\/li>\n<\/ul>\n","protected":false},"author":2,"featured_media":427595,"comment_status":"closed","ping_status":"closed","sticky":false,"template":"","format":"standard","meta":{"footnotes":""},"categories":[6725,6871],"tags":[167,5483,1890,1709,2832,982],"class_list":["post-427589","post","type-post","status-publish","format-standard","has-post-thumbnail","hentry","category-meio-ambiente","category-sociedade","tag-ambiente","tag-assembleia-municipal","tag-leixoes","tag-matosinhos","tag-politica","tag-porto"],"yoast_head":"<!-- This site is optimized with the Yoast SEO plugin v27.2 - https:\/\/yoast.com\/product\/yoast-seo-wordpress\/ -->\n<title>C\u00e2mara de Matosinhos admite vias judiciais contra expans\u00e3o do Porto de Leix\u00f5es - Portal Tela Portugal<\/title>\n<meta name=\"robots\" content=\"index, follow, max-snippet:-1, max-image-preview:large, max-video-preview:-1\" \/>\n<meta property=\"og:locale\" content=\"pt_PT\" \/>\n<meta property=\"og:type\" content=\"article\" \/>\n<meta property=\"og:title\" content=\"C\u00e2mara de Matosinhos admite vias judiciais contra expans\u00e3o do Porto de Leix\u00f5es - Portal Tela Portugal\" \/>\n<meta property=\"og:description\" content=\"A presidente da C\u00e2mara de Matosinhos, Lu\u00edsa Salgueiro, avisou que recorrer\u00e1 \u00e0s vias judiciais se a APDL avan\u00e7ar com a expans\u00e3o do Porto de Leix\u00f5es sem salvaguardar impactos no territ\u00f3rio. A autarca afirma que a avalia\u00e7\u00e3o de impacto ambiental da Ag\u00eancia Portuguesa do Ambiente abrange apenas o terminal de contentores norte, em Le\u00e7a da Palmeira, n\u00e3o o Plano Estrat\u00e9gico de 2025-2035. Lu\u00edsa Salgueiro defende que o projeto deve ter uma avalia\u00e7\u00e3o de impacto ambiental e estrat\u00e9gica global e exige estudos alternativos. A C\u00e2mara apresentou uma proposta para que a Assembleia Municipal acompanhe o parecer negativo ao projeto, aprovado pela maioria. Votaram contra o PSD, Chega, CDU e Livre; CDS e IL abstiveram\u2011se.\" \/>\n<meta property=\"og:url\" content=\"https:\/\/portaltela.pt\/noticias\/2026\/03\/29\/camara-de-matosinhos-admite-vias-judiciais-contra-expansao-do-porto-de-leixoes\/\" \/>\n<meta property=\"og:site_name\" content=\"Portal Tela Portugal\" \/>\n<meta property=\"article:published_time\" content=\"2026-03-30T00:03:00+00:00\" \/>\n<meta name=\"author\" content=\"Telinha\" \/>\n<meta name=\"twitter:card\" content=\"summary_large_image\" \/>\n<meta name=\"twitter:label1\" content=\"Escrito por\" \/>\n\t<meta name=\"twitter:data1\" content=\"Telinha\" \/>\n\t<meta name=\"twitter:label2\" content=\"Tempo estimado de leitura\" \/>\n\t<meta name=\"twitter:data2\" content=\"1 minuto\" \/>\n<script type=\"application\/ld+json\" class=\"yoast-schema-graph\">{\"@context\":\"https:\/\/schema.org\",\"@graph\":[{\"@type\":\"Article\",\"@id\":\"https:\/\/portaltela.pt\/noticias\/2026\/03\/29\/camara-de-matosinhos-admite-vias-judiciais-contra-expansao-do-porto-de-leixoes\/#article\",\"isPartOf\":{\"@id\":\"https:\/\/portaltela.pt\/noticias\/2026\/03\/29\/camara-de-matosinhos-admite-vias-judiciais-contra-expansao-do-porto-de-leixoes\/\"},\"author\":{\"name\":\"Telinha\",\"@id\":\"https:\/\/portaltela.pt\/#\/schema\/person\/c4278d4a6028830caff9ee44b42d32ed\"},\"headline\":\"C\u00e2mara de Matosinhos admite vias judiciais contra expans\u00e3o do Porto de Leix\u00f5es\",\"datePublished\":\"2026-03-30T00:03:00+00:00\",\"mainEntityOfPage\":{\"@id\":\"https:\/\/portaltela.pt\/noticias\/2026\/03\/29\/camara-de-matosinhos-admite-vias-judiciais-contra-expansao-do-porto-de-leixoes\/\"},\"wordCount\":214,\"image\":{\"@id\":\"https:\/\/portaltela.pt\/noticias\/2026\/03\/29\/camara-de-matosinhos-admite-vias-judiciais-contra-expansao-do-porto-de-leixoes\/#primaryimage\"},\"thumbnailUrl\":\"https:\/\/portaltela.pt\/s.01k8rhncp4jt1\/2026\/03\/image-1854.jpg\",\"keywords\":[\"ambiente\",\"Assembleia Municipal\",\"Leix\u00f5es\",\"Matosinhos\",\"pol\u00edtica\",\"Porto\"],\"articleSection\":[\"Meio Ambiente\",\"Sociedade\"],\"inLanguage\":\"pt-PT\"},{\"@type\":\"WebPage\",\"@id\":\"https:\/\/portaltela.pt\/noticias\/2026\/03\/29\/camara-de-matosinhos-admite-vias-judiciais-contra-expansao-do-porto-de-leixoes\/\",\"url\":\"https:\/\/portaltela.pt\/noticias\/2026\/03\/29\/camara-de-matosinhos-admite-vias-judiciais-contra-expansao-do-porto-de-leixoes\/\",\"name\":\"C\u00e2mara de Matosinhos admite vias judiciais contra expans\u00e3o do Porto de Leix\u00f5es - Portal Tela Portugal\",\"isPartOf\":{\"@id\":\"https:\/\/portaltela.pt\/#website\"},\"primaryImageOfPage\":{\"@id\":\"https:\/\/portaltela.pt\/noticias\/2026\/03\/29\/camara-de-matosinhos-admite-vias-judiciais-contra-expansao-do-porto-de-leixoes\/#primaryimage\"},\"image\":{\"@id\":\"https:\/\/portaltela.pt\/noticias\/2026\/03\/29\/camara-de-matosinhos-admite-vias-judiciais-contra-expansao-do-porto-de-leixoes\/#primaryimage\"},\"thumbnailUrl\":\"https:\/\/portaltela.pt\/s.01k8rhncp4jt1\/2026\/03\/image-1854.jpg\",\"datePublished\":\"2026-03-30T00:03:00+00:00\",\"author\":{\"@id\":\"https:\/\/portaltela.pt\/#\/schema\/person\/c4278d4a6028830caff9ee44b42d32ed\"},\"breadcrumb\":{\"@id\":\"https:\/\/portaltela.pt\/noticias\/2026\/03\/29\/camara-de-matosinhos-admite-vias-judiciais-contra-expansao-do-porto-de-leixoes\/#breadcrumb\"},\"inLanguage\":\"pt-PT\",\"potentialAction\":[{\"@type\":\"ReadAction\",\"target\":[\"https:\/\/portaltela.pt\/noticias\/2026\/03\/29\/camara-de-matosinhos-admite-vias-judiciais-contra-expansao-do-porto-de-leixoes\/\"]}]},{\"@type\":\"ImageObject\",\"inLanguage\":\"pt-PT\",\"@id\":\"https:\/\/portaltela.pt\/noticias\/2026\/03\/29\/camara-de-matosinhos-admite-vias-judiciais-contra-expansao-do-porto-de-leixoes\/#primaryimage\",\"url\":\"https:\/\/portaltela.pt\/s.01k8rhncp4jt1\/2026\/03\/image-1854.jpg\",\"contentUrl\":\"https:\/\/portaltela.pt\/s.01k8rhncp4jt1\/2026\/03\/image-1854.jpg\",\"width\":796,\"height\":448,\"caption\":\"Foto: Artur Machado\"},{\"@type\":\"BreadcrumbList\",\"@id\":\"https:\/\/portaltela.pt\/noticias\/2026\/03\/29\/camara-de-matosinhos-admite-vias-judiciais-contra-expansao-do-porto-de-leixoes\/#breadcrumb\",\"itemListElement\":[{\"@type\":\"ListItem\",\"position\":1,\"name\":\"In\u00edcio\",\"item\":\"https:\/\/portaltela.pt\/\"},{\"@type\":\"ListItem\",\"position\":2,\"name\":\"C\u00e2mara de Matosinhos admite vias judiciais contra expans\u00e3o do Porto de Leix\u00f5es\"}]},{\"@type\":\"WebSite\",\"@id\":\"https:\/\/portaltela.pt\/#website\",\"url\":\"https:\/\/portaltela.pt\/\",\"name\":\"Portal Tela Portugal\",\"description\":\"\",\"potentialAction\":[{\"@type\":\"SearchAction\",\"target\":{\"@type\":\"EntryPoint\",\"urlTemplate\":\"https:\/\/portaltela.pt\/?s={search_term_string}\"},\"query-input\":{\"@type\":\"PropertyValueSpecification\",\"valueRequired\":true,\"valueName\":\"search_term_string\"}}],\"inLanguage\":\"pt-PT\"},{\"@type\":\"Person\",\"@id\":\"https:\/\/portaltela.pt\/#\/schema\/person\/c4278d4a6028830caff9ee44b42d32ed\",\"name\":\"Telinha\",\"image\":{\"@type\":\"ImageObject\",\"inLanguage\":\"pt-PT\",\"@id\":\"https:\/\/portaltela.pt\/s.01k8rhncp4jt1\/2025\/11\/talking-bot-125x125.png\",\"url\":\"https:\/\/portaltela.pt\/s.01k8rhncp4jt1\/2025\/11\/talking-bot-125x125.png\",\"contentUrl\":\"https:\/\/portaltela.pt\/s.01k8rhncp4jt1\/2025\/11\/talking-bot-125x125.png\",\"caption\":\"Telinha\"},\"sameAs\":[\"https:\/\/portaltela.pt\/\"],\"url\":\"https:\/\/portaltela.pt\/por\/367410592786\/\"}]}<\/script>\n<!-- \/ Yoast SEO plugin. -->","yoast_head_json":{"title":"C\u00e2mara de Matosinhos admite vias judiciais contra expans\u00e3o do Porto de Leix\u00f5es - Portal Tela Portugal","robots":{"index":"index","follow":"follow","max-snippet":"max-snippet:-1","max-image-preview":"max-image-preview:large","max-video-preview":"max-video-preview:-1"},"og_locale":"pt_PT","og_type":"article","og_title":"C\u00e2mara de Matosinhos admite vias judiciais contra expans\u00e3o do Porto de Leix\u00f5es - Portal Tela Portugal","og_description":"A presidente da C\u00e2mara de Matosinhos, Lu\u00edsa Salgueiro, avisou que recorrer\u00e1 \u00e0s vias judiciais se a APDL avan\u00e7ar com a expans\u00e3o do Porto de Leix\u00f5es sem salvaguardar impactos no territ\u00f3rio. A autarca afirma que a avalia\u00e7\u00e3o de impacto ambiental da Ag\u00eancia Portuguesa do Ambiente abrange apenas o terminal de contentores norte, em Le\u00e7a da Palmeira, n\u00e3o o Plano Estrat\u00e9gico de 2025-2035. Lu\u00edsa Salgueiro defende que o projeto deve ter uma avalia\u00e7\u00e3o de impacto ambiental e estrat\u00e9gica global e exige estudos alternativos. A C\u00e2mara apresentou uma proposta para que a Assembleia Municipal acompanhe o parecer negativo ao projeto, aprovado pela maioria. Votaram contra o PSD, Chega, CDU e Livre; CDS e IL abstiveram\u2011se.","og_url":"https:\/\/portaltela.pt\/noticias\/2026\/03\/29\/camara-de-matosinhos-admite-vias-judiciais-contra-expansao-do-porto-de-leixoes\/","og_site_name":"Portal Tela Portugal","article_published_time":"2026-03-30T00:03:00+00:00","author":"Telinha","twitter_card":"summary_large_image","twitter_misc":{"Escrito por":"Telinha","Tempo estimado de leitura":"1 minuto"},"schema":{"@context":"https:\/\/schema.org","@graph":[{"@type":"Article","@id":"https:\/\/portaltela.pt\/noticias\/2026\/03\/29\/camara-de-matosinhos-admite-vias-judiciais-contra-expansao-do-porto-de-leixoes\/#article","isPartOf":{"@id":"https:\/\/portaltela.pt\/noticias\/2026\/03\/29\/camara-de-matosinhos-admite-vias-judiciais-contra-expansao-do-porto-de-leixoes\/"},"author":{"name":"Telinha","@id":"https:\/\/portaltela.pt\/#\/schema\/person\/c4278d4a6028830caff9ee44b42d32ed"},"headline":"C\u00e2mara de Matosinhos admite vias judiciais contra expans\u00e3o do Porto de Leix\u00f5es","datePublished":"2026-03-30T00:03:00+00:00","mainEntityOfPage":{"@id":"https:\/\/portaltela.pt\/noticias\/2026\/03\/29\/camara-de-matosinhos-admite-vias-judiciais-contra-expansao-do-porto-de-leixoes\/"},"wordCount":214,"image":{"@id":"https:\/\/portaltela.pt\/noticias\/2026\/03\/29\/camara-de-matosinhos-admite-vias-judiciais-contra-expansao-do-porto-de-leixoes\/#primaryimage"},"thumbnailUrl":"https:\/\/portaltela.pt\/s.01k8rhncp4jt1\/2026\/03\/image-1854.jpg","keywords":["ambiente","Assembleia Municipal","Leix\u00f5es","Matosinhos","pol\u00edtica","Porto"],"articleSection":["Meio Ambiente","Sociedade"],"inLanguage":"pt-PT"},{"@type":"WebPage","@id":"https:\/\/portaltela.pt\/noticias\/2026\/03\/29\/camara-de-matosinhos-admite-vias-judiciais-contra-expansao-do-porto-de-leixoes\/","url":"https:\/\/portaltela.pt\/noticias\/2026\/03\/29\/camara-de-matosinhos-admite-vias-judiciais-contra-expansao-do-porto-de-leixoes\/","name":"C\u00e2mara de Matosinhos admite vias judiciais contra expans\u00e3o do Porto de Leix\u00f5es - Portal Tela Portugal","isPartOf":{"@id":"https:\/\/portaltela.pt\/#website"},"primaryImageOfPage":{"@id":"https:\/\/portaltela.pt\/noticias\/2026\/03\/29\/camara-de-matosinhos-admite-vias-judiciais-contra-expansao-do-porto-de-leixoes\/#primaryimage"},"image":{"@id":"https:\/\/portaltela.pt\/noticias\/2026\/03\/29\/camara-de-matosinhos-admite-vias-judiciais-contra-expansao-do-porto-de-leixoes\/#primaryimage"},"thumbnailUrl":"https:\/\/portaltela.pt\/s.01k8rhncp4jt1\/2026\/03\/image-1854.jpg","datePublished":"2026-03-30T00:03:00+00:00","author":{"@id":"https:\/\/portaltela.pt\/#\/schema\/person\/c4278d4a6028830caff9ee44b42d32ed"},"breadcrumb":{"@id":"https:\/\/portaltela.pt\/noticias\/2026\/03\/29\/camara-de-matosinhos-admite-vias-judiciais-contra-expansao-do-porto-de-leixoes\/#breadcrumb"},"inLanguage":"pt-PT","potentialAction":[{"@type":"ReadAction","target":["https:\/\/portaltela.pt\/noticias\/2026\/03\/29\/camara-de-matosinhos-admite-vias-judiciais-contra-expansao-do-porto-de-leixoes\/"]}]},{"@type":"ImageObject","inLanguage":"pt-PT","@id":"https:\/\/portaltela.pt\/noticias\/2026\/03\/29\/camara-de-matosinhos-admite-vias-judiciais-contra-expansao-do-porto-de-leixoes\/#primaryimage","url":"https:\/\/portaltela.pt\/s.01k8rhncp4jt1\/2026\/03\/image-1854.jpg","contentUrl":"https:\/\/portaltela.pt\/s.01k8rhncp4jt1\/2026\/03\/image-1854.jpg","width":796,"height":448,"caption":"Foto: Artur Machado"},{"@type":"BreadcrumbList","@id":"https:\/\/portaltela.pt\/noticias\/2026\/03\/29\/camara-de-matosinhos-admite-vias-judiciais-contra-expansao-do-porto-de-leixoes\/#breadcrumb","itemListElement":[{"@type":"ListItem","position":1,"name":"In\u00edcio","item":"https:\/\/portaltela.pt\/"},{"@type":"ListItem","position":2,"name":"C\u00e2mara de Matosinhos admite vias judiciais contra expans\u00e3o do Porto de Leix\u00f5es"}]},{"@type":"WebSite","@id":"https:\/\/portaltela.pt\/#website","url":"https:\/\/portaltela.pt\/","name":"Portal Tela Portugal","description":"","potentialAction":[{"@type":"SearchAction","target":{"@type":"EntryPoint","urlTemplate":"https:\/\/portaltela.pt\/?s={search_term_string}"},"query-input":{"@type":"PropertyValueSpecification","valueRequired":true,"valueName":"search_term_string"}}],"inLanguage":"pt-PT"},{"@type":"Person","@id":"https:\/\/portaltela.pt\/#\/schema\/person\/c4278d4a6028830caff9ee44b42d32ed","name":"Telinha","image":{"@type":"ImageObject","inLanguage":"pt-PT","@id":"https:\/\/portaltela.pt\/s.01k8rhncp4jt1\/2025\/11\/talking-bot-125x125.png","url":"https:\/\/portaltela.pt\/s.01k8rhncp4jt1\/2025\/11\/talking-bot-125x125.png","contentUrl":"https:\/\/portaltela.pt\/s.01k8rhncp4jt1\/2025\/11\/talking-bot-125x125.png","caption":"Telinha"},"sameAs":["https:\/\/portaltela.pt\/"],"url":"https:\/\/portaltela.pt\/por\/367410592786\/"}]}},"_links":{"self":[{"href":"https:\/\/portaltela.pt\/api\/wp\/v2\/posts\/427589","targetHints":{"allow":["GET"]}}],"collection":[{"href":"https:\/\/portaltela.pt\/api\/wp\/v2\/posts"}],"about":[{"href":"https:\/\/portaltela.pt\/api\/wp\/v2\/types\/post"}],"author":[{"embeddable":true,"href":"https:\/\/portaltela.pt\/api\/wp\/v2\/users\/2"}],"replies":[{"embeddable":true,"href":"https:\/\/portaltela.pt\/api\/wp\/v2\/comments?post=427589"}],"version-history":[{"count":0,"href":"https:\/\/portaltela.pt\/api\/wp\/v2\/posts\/427589\/revisions"}],"wp:featuredmedia":[{"embeddable":true,"href":"https:\/\/portaltela.pt\/api\/wp\/v2\/media\/427595"}],"wp:attachment":[{"href":"https:\/\/portaltela.pt\/api\/wp\/v2\/media?parent=427589"}],"wp:term":[{"taxonomy":"category","embeddable":true,"href":"https:\/\/portaltela.pt\/api\/wp\/v2\/categories?post=427589"},{"taxonomy":"post_tag","embeddable":true,"href":"https:\/\/portaltela.pt\/api\/wp\/v2\/tags?post=427589"}],"curies":[{"name":"wp","href":"https:\/\/api.w.org\/{rel}","templated":true}]}}