{"id":427583,"date":"2026-03-30T20:02:19","date_gmt":"2026-03-30T23:02:19","guid":{"rendered":"https:\/\/portaltela.pt\/noticias\/2026\/03\/30\/explosao-de-motor-durante-voo-obriga-aterragem-de-emergencia-em-sao-paulo\/"},"modified":"2026-03-30T20:02:19","modified_gmt":"2026-03-30T23:02:19","slug":"explosao-de-motor-durante-voo-obriga-aterragem-de-emergencia-em-sao-paulo","status":"publish","type":"post","link":"https:\/\/portaltela.pt\/noticias\/2026\/03\/30\/explosao-de-motor-durante-voo-obriga-aterragem-de-emergencia-em-sao-paulo\/","title":{"rendered":"Explos\u00e3o de motor durante voo obriga aterragem de emerg\u00eancia em S\u00e3o Paulo"},"content":{"rendered":"<p>Um Airbus A330 da Delta, com destino a Atlanta, Estados Unidos, aterrou de emerg\u00eancia no Aeroporto Internacional de S\u00e3o Paulo pouco ap\u00f3s a descolagem. O motor esquerdo apresenta falha mec\u00e2nica detectada segundos ap\u00f3s a sa\u00edda da pista, o que levou a tripula\u00e7\u00e3o a acionar os procedimentos de seguran\u00e7a.<\/p>\n<p>Segundo relatos, n\u00e3o houve feridos entre os cerca de 300 passageiros a bordo. V\u00eddeos partilhados nas redes sociais mostram chamas e fa\u00edscas a sair de uma das asas durante o incidente. As grava\u00e7\u00f5es de \u00e1udio da torre indicaram o alerta de inc\u00eandio na aeronave.<\/p>\n<h3>Detalhes do incidente<\/h3>\n<p>As autoridades e a equipa de bordo conseguiram conduzir a aeronave de volta \u00e0 pista em poucos minutos. Ap\u00f3s aterragem, os passageiros foram evacuados e dirigidos de autocarro para o terminal do aeroporto, onde receberam apoio poss\u00edvel. A investiga\u00e7\u00e3o preliminar identifica problemas no motor esquerdo como causa prov\u00e1vel.<\/p>\n","protected":false},"excerpt":{"rendered":"<ul>\n<li>Um Airbus A330 da Delta, com destino a Atlanta, aterrou de emerg\u00eancia no Aeroporto Internacional de S\u00e3o Paulo pouco depois da descolagem devido a uma falha no motor esquerdo.<\/li>\n<li>O incidente n\u00e3o deixou feridos e foi testemunhado por passageiros, com v\u00eddeos a mostrarem chamas e fa\u00edscas na asa.<\/li>\n<li>A aeronave tem capacidade para aproximadamente 300 passageiros.<\/li>\n<li>Grava\u00e7\u00f5es de \u00e1udio da torre de controlo captaram o alerta: &#8220;Delta 104, tens um inc\u00eandio na asa.&#8221;<\/li>\n<li>A tripula\u00e7\u00e3o acionou os protocolos de seguran\u00e7a e voltou \u00e0 pista; passageiros foram encaminhados de autocarro ao terminal.<\/li>\n<\/ul>\n","protected":false},"author":2,"featured_media":427585,"comment_status":"closed","ping_status":"closed","sticky":false,"template":"","format":"standard","meta":{"footnotes":""},"categories":[6849,1],"tags":[2625,7183,6789,5928,1438,5873],"class_list":["post-427583","post","type-post","status-publish","format-standard","has-post-thumbnail","hentry","category-acidentes","category-noticias","tag-aeronautica","tag-aviacao","tag-avioes","tag-emergencia","tag-incendio","tag-sao-paulo"],"yoast_head":"<!-- This site is optimized with the Yoast SEO plugin v27.2 - https:\/\/yoast.com\/product\/yoast-seo-wordpress\/ -->\n<title>Explos\u00e3o de motor durante voo obriga aterragem de emerg\u00eancia em S\u00e3o Paulo - Portal Tela Portugal<\/title>\n<meta name=\"robots\" content=\"index, follow, max-snippet:-1, max-image-preview:large, max-video-preview:-1\" \/>\n<meta property=\"og:locale\" content=\"pt_PT\" \/>\n<meta property=\"og:type\" content=\"article\" \/>\n<meta property=\"og:title\" content=\"Explos\u00e3o de motor durante voo obriga aterragem de emerg\u00eancia em S\u00e3o Paulo - Portal Tela Portugal\" \/>\n<meta property=\"og:description\" content=\"Um Airbus A330 da Delta, com destino a Atlanta, aterrou de emerg\u00eancia no Aeroporto Internacional de S\u00e3o Paulo pouco depois da descolagem devido a uma falha no motor esquerdo. O incidente n\u00e3o deixou feridos e foi testemunhado por passageiros, com v\u00eddeos a mostrarem chamas e fa\u00edscas na asa. A aeronave tem capacidade para aproximadamente 300 passageiros. Grava\u00e7\u00f5es de \u00e1udio da torre de controlo captaram o alerta: &quot;Delta 104, tens um inc\u00eandio na asa.&quot; A tripula\u00e7\u00e3o acionou os protocolos de seguran\u00e7a e voltou \u00e0 pista; passageiros foram encaminhados de autocarro ao terminal.\" \/>\n<meta property=\"og:url\" content=\"https:\/\/portaltela.pt\/noticias\/2026\/03\/30\/explosao-de-motor-durante-voo-obriga-aterragem-de-emergencia-em-sao-paulo\/\" \/>\n<meta property=\"og:site_name\" content=\"Portal Tela Portugal\" \/>\n<meta property=\"article:published_time\" content=\"2026-03-30T23:02:19+00:00\" \/>\n<meta name=\"author\" content=\"Telinha\" \/>\n<meta name=\"twitter:card\" content=\"summary_large_image\" \/>\n<meta name=\"twitter:label1\" content=\"Escrito por\" \/>\n\t<meta name=\"twitter:data1\" content=\"Telinha\" \/>\n\t<meta name=\"twitter:label2\" content=\"Tempo estimado de leitura\" \/>\n\t<meta name=\"twitter:data2\" content=\"1 minuto\" \/>\n<script type=\"application\/ld+json\" class=\"yoast-schema-graph\">{\"@context\":\"https:\/\/schema.org\",\"@graph\":[{\"@type\":\"Article\",\"@id\":\"https:\/\/portaltela.pt\/noticias\/2026\/03\/30\/explosao-de-motor-durante-voo-obriga-aterragem-de-emergencia-em-sao-paulo\/#article\",\"isPartOf\":{\"@id\":\"https:\/\/portaltela.pt\/noticias\/2026\/03\/30\/explosao-de-motor-durante-voo-obriga-aterragem-de-emergencia-em-sao-paulo\/\"},\"author\":{\"name\":\"Telinha\",\"@id\":\"https:\/\/portaltela.pt\/#\/schema\/person\/c4278d4a6028830caff9ee44b42d32ed\"},\"headline\":\"Explos\u00e3o de motor durante voo obriga aterragem de emerg\u00eancia em S\u00e3o Paulo\",\"datePublished\":\"2026-03-30T23:02:19+00:00\",\"mainEntityOfPage\":{\"@id\":\"https:\/\/portaltela.pt\/noticias\/2026\/03\/30\/explosao-de-motor-durante-voo-obriga-aterragem-de-emergencia-em-sao-paulo\/\"},\"wordCount\":173,\"image\":{\"@id\":\"https:\/\/portaltela.pt\/noticias\/2026\/03\/30\/explosao-de-motor-durante-voo-obriga-aterragem-de-emergencia-em-sao-paulo\/#primaryimage\"},\"thumbnailUrl\":\"https:\/\/portaltela.pt\/s.01k8rhncp4jt1\/2026\/03\/image-1852.jpg\",\"keywords\":[\"aeron\u00e1utica\",\"avia\u00e7\u00e3o\",\"avi\u00f5es\",\"emerg\u00eancia\",\"inc\u00eandio\",\"S\u00e3o Paulo\"],\"articleSection\":[\"Acidentes\",\"Not\u00edcias\"],\"inLanguage\":\"pt-PT\"},{\"@type\":\"WebPage\",\"@id\":\"https:\/\/portaltela.pt\/noticias\/2026\/03\/30\/explosao-de-motor-durante-voo-obriga-aterragem-de-emergencia-em-sao-paulo\/\",\"url\":\"https:\/\/portaltela.pt\/noticias\/2026\/03\/30\/explosao-de-motor-durante-voo-obriga-aterragem-de-emergencia-em-sao-paulo\/\",\"name\":\"Explos\u00e3o de motor durante voo obriga aterragem de emerg\u00eancia em S\u00e3o Paulo - Portal Tela Portugal\",\"isPartOf\":{\"@id\":\"https:\/\/portaltela.pt\/#website\"},\"primaryImageOfPage\":{\"@id\":\"https:\/\/portaltela.pt\/noticias\/2026\/03\/30\/explosao-de-motor-durante-voo-obriga-aterragem-de-emergencia-em-sao-paulo\/#primaryimage\"},\"image\":{\"@id\":\"https:\/\/portaltela.pt\/noticias\/2026\/03\/30\/explosao-de-motor-durante-voo-obriga-aterragem-de-emergencia-em-sao-paulo\/#primaryimage\"},\"thumbnailUrl\":\"https:\/\/portaltela.pt\/s.01k8rhncp4jt1\/2026\/03\/image-1852.jpg\",\"datePublished\":\"2026-03-30T23:02:19+00:00\",\"author\":{\"@id\":\"https:\/\/portaltela.pt\/#\/schema\/person\/c4278d4a6028830caff9ee44b42d32ed\"},\"breadcrumb\":{\"@id\":\"https:\/\/portaltela.pt\/noticias\/2026\/03\/30\/explosao-de-motor-durante-voo-obriga-aterragem-de-emergencia-em-sao-paulo\/#breadcrumb\"},\"inLanguage\":\"pt-PT\",\"potentialAction\":[{\"@type\":\"ReadAction\",\"target\":[\"https:\/\/portaltela.pt\/noticias\/2026\/03\/30\/explosao-de-motor-durante-voo-obriga-aterragem-de-emergencia-em-sao-paulo\/\"]}]},{\"@type\":\"ImageObject\",\"inLanguage\":\"pt-PT\",\"@id\":\"https:\/\/portaltela.pt\/noticias\/2026\/03\/30\/explosao-de-motor-durante-voo-obriga-aterragem-de-emergencia-em-sao-paulo\/#primaryimage\",\"url\":\"https:\/\/portaltela.pt\/s.01k8rhncp4jt1\/2026\/03\/image-1852.jpg\",\"contentUrl\":\"https:\/\/portaltela.pt\/s.01k8rhncp4jt1\/2026\/03\/image-1852.jpg\",\"width\":796,\"height\":448,\"caption\":\"Imagem de contexto do artigo Explos\u00e3o de motor em pleno voo for\u00e7a avi\u00e3o a aterrar de emerg\u00eancia em S\u00e3o Paulo\"},{\"@type\":\"BreadcrumbList\",\"@id\":\"https:\/\/portaltela.pt\/noticias\/2026\/03\/30\/explosao-de-motor-durante-voo-obriga-aterragem-de-emergencia-em-sao-paulo\/#breadcrumb\",\"itemListElement\":[{\"@type\":\"ListItem\",\"position\":1,\"name\":\"In\u00edcio\",\"item\":\"https:\/\/portaltela.pt\/\"},{\"@type\":\"ListItem\",\"position\":2,\"name\":\"Explos\u00e3o de motor durante voo obriga aterragem de emerg\u00eancia em S\u00e3o Paulo\"}]},{\"@type\":\"WebSite\",\"@id\":\"https:\/\/portaltela.pt\/#website\",\"url\":\"https:\/\/portaltela.pt\/\",\"name\":\"Portal Tela Portugal\",\"description\":\"\",\"potentialAction\":[{\"@type\":\"SearchAction\",\"target\":{\"@type\":\"EntryPoint\",\"urlTemplate\":\"https:\/\/portaltela.pt\/?s={search_term_string}\"},\"query-input\":{\"@type\":\"PropertyValueSpecification\",\"valueRequired\":true,\"valueName\":\"search_term_string\"}}],\"inLanguage\":\"pt-PT\"},{\"@type\":\"Person\",\"@id\":\"https:\/\/portaltela.pt\/#\/schema\/person\/c4278d4a6028830caff9ee44b42d32ed\",\"name\":\"Telinha\",\"image\":{\"@type\":\"ImageObject\",\"inLanguage\":\"pt-PT\",\"@id\":\"https:\/\/portaltela.pt\/s.01k8rhncp4jt1\/2025\/11\/talking-bot-125x125.png\",\"url\":\"https:\/\/portaltela.pt\/s.01k8rhncp4jt1\/2025\/11\/talking-bot-125x125.png\",\"contentUrl\":\"https:\/\/portaltela.pt\/s.01k8rhncp4jt1\/2025\/11\/talking-bot-125x125.png\",\"caption\":\"Telinha\"},\"sameAs\":[\"https:\/\/portaltela.pt\/\"],\"url\":\"https:\/\/portaltela.pt\/por\/367410592786\/\"}]}<\/script>\n<!-- \/ Yoast SEO plugin. -->","yoast_head_json":{"title":"Explos\u00e3o de motor durante voo obriga aterragem de emerg\u00eancia em S\u00e3o Paulo - Portal Tela Portugal","robots":{"index":"index","follow":"follow","max-snippet":"max-snippet:-1","max-image-preview":"max-image-preview:large","max-video-preview":"max-video-preview:-1"},"og_locale":"pt_PT","og_type":"article","og_title":"Explos\u00e3o de motor durante voo obriga aterragem de emerg\u00eancia em S\u00e3o Paulo - Portal Tela Portugal","og_description":"Um Airbus A330 da Delta, com destino a Atlanta, aterrou de emerg\u00eancia no Aeroporto Internacional de S\u00e3o Paulo pouco depois da descolagem devido a uma falha no motor esquerdo. O incidente n\u00e3o deixou feridos e foi testemunhado por passageiros, com v\u00eddeos a mostrarem chamas e fa\u00edscas na asa. A aeronave tem capacidade para aproximadamente 300 passageiros. Grava\u00e7\u00f5es de \u00e1udio da torre de controlo captaram o alerta: \"Delta 104, tens um inc\u00eandio na asa.\" A tripula\u00e7\u00e3o acionou os protocolos de seguran\u00e7a e voltou \u00e0 pista; passageiros foram encaminhados de autocarro ao terminal.","og_url":"https:\/\/portaltela.pt\/noticias\/2026\/03\/30\/explosao-de-motor-durante-voo-obriga-aterragem-de-emergencia-em-sao-paulo\/","og_site_name":"Portal Tela Portugal","article_published_time":"2026-03-30T23:02:19+00:00","author":"Telinha","twitter_card":"summary_large_image","twitter_misc":{"Escrito por":"Telinha","Tempo estimado de leitura":"1 minuto"},"schema":{"@context":"https:\/\/schema.org","@graph":[{"@type":"Article","@id":"https:\/\/portaltela.pt\/noticias\/2026\/03\/30\/explosao-de-motor-durante-voo-obriga-aterragem-de-emergencia-em-sao-paulo\/#article","isPartOf":{"@id":"https:\/\/portaltela.pt\/noticias\/2026\/03\/30\/explosao-de-motor-durante-voo-obriga-aterragem-de-emergencia-em-sao-paulo\/"},"author":{"name":"Telinha","@id":"https:\/\/portaltela.pt\/#\/schema\/person\/c4278d4a6028830caff9ee44b42d32ed"},"headline":"Explos\u00e3o de motor durante voo obriga aterragem de emerg\u00eancia em S\u00e3o Paulo","datePublished":"2026-03-30T23:02:19+00:00","mainEntityOfPage":{"@id":"https:\/\/portaltela.pt\/noticias\/2026\/03\/30\/explosao-de-motor-durante-voo-obriga-aterragem-de-emergencia-em-sao-paulo\/"},"wordCount":173,"image":{"@id":"https:\/\/portaltela.pt\/noticias\/2026\/03\/30\/explosao-de-motor-durante-voo-obriga-aterragem-de-emergencia-em-sao-paulo\/#primaryimage"},"thumbnailUrl":"https:\/\/portaltela.pt\/s.01k8rhncp4jt1\/2026\/03\/image-1852.jpg","keywords":["aeron\u00e1utica","avia\u00e7\u00e3o","avi\u00f5es","emerg\u00eancia","inc\u00eandio","S\u00e3o Paulo"],"articleSection":["Acidentes","Not\u00edcias"],"inLanguage":"pt-PT"},{"@type":"WebPage","@id":"https:\/\/portaltela.pt\/noticias\/2026\/03\/30\/explosao-de-motor-durante-voo-obriga-aterragem-de-emergencia-em-sao-paulo\/","url":"https:\/\/portaltela.pt\/noticias\/2026\/03\/30\/explosao-de-motor-durante-voo-obriga-aterragem-de-emergencia-em-sao-paulo\/","name":"Explos\u00e3o de motor durante voo obriga aterragem de emerg\u00eancia em S\u00e3o Paulo - Portal Tela Portugal","isPartOf":{"@id":"https:\/\/portaltela.pt\/#website"},"primaryImageOfPage":{"@id":"https:\/\/portaltela.pt\/noticias\/2026\/03\/30\/explosao-de-motor-durante-voo-obriga-aterragem-de-emergencia-em-sao-paulo\/#primaryimage"},"image":{"@id":"https:\/\/portaltela.pt\/noticias\/2026\/03\/30\/explosao-de-motor-durante-voo-obriga-aterragem-de-emergencia-em-sao-paulo\/#primaryimage"},"thumbnailUrl":"https:\/\/portaltela.pt\/s.01k8rhncp4jt1\/2026\/03\/image-1852.jpg","datePublished":"2026-03-30T23:02:19+00:00","author":{"@id":"https:\/\/portaltela.pt\/#\/schema\/person\/c4278d4a6028830caff9ee44b42d32ed"},"breadcrumb":{"@id":"https:\/\/portaltela.pt\/noticias\/2026\/03\/30\/explosao-de-motor-durante-voo-obriga-aterragem-de-emergencia-em-sao-paulo\/#breadcrumb"},"inLanguage":"pt-PT","potentialAction":[{"@type":"ReadAction","target":["https:\/\/portaltela.pt\/noticias\/2026\/03\/30\/explosao-de-motor-durante-voo-obriga-aterragem-de-emergencia-em-sao-paulo\/"]}]},{"@type":"ImageObject","inLanguage":"pt-PT","@id":"https:\/\/portaltela.pt\/noticias\/2026\/03\/30\/explosao-de-motor-durante-voo-obriga-aterragem-de-emergencia-em-sao-paulo\/#primaryimage","url":"https:\/\/portaltela.pt\/s.01k8rhncp4jt1\/2026\/03\/image-1852.jpg","contentUrl":"https:\/\/portaltela.pt\/s.01k8rhncp4jt1\/2026\/03\/image-1852.jpg","width":796,"height":448,"caption":"Imagem de contexto do artigo Explos\u00e3o de motor em pleno voo for\u00e7a avi\u00e3o a aterrar de emerg\u00eancia em S\u00e3o Paulo"},{"@type":"BreadcrumbList","@id":"https:\/\/portaltela.pt\/noticias\/2026\/03\/30\/explosao-de-motor-durante-voo-obriga-aterragem-de-emergencia-em-sao-paulo\/#breadcrumb","itemListElement":[{"@type":"ListItem","position":1,"name":"In\u00edcio","item":"https:\/\/portaltela.pt\/"},{"@type":"ListItem","position":2,"name":"Explos\u00e3o de motor durante voo obriga aterragem de emerg\u00eancia em S\u00e3o Paulo"}]},{"@type":"WebSite","@id":"https:\/\/portaltela.pt\/#website","url":"https:\/\/portaltela.pt\/","name":"Portal Tela Portugal","description":"","potentialAction":[{"@type":"SearchAction","target":{"@type":"EntryPoint","urlTemplate":"https:\/\/portaltela.pt\/?s={search_term_string}"},"query-input":{"@type":"PropertyValueSpecification","valueRequired":true,"valueName":"search_term_string"}}],"inLanguage":"pt-PT"},{"@type":"Person","@id":"https:\/\/portaltela.pt\/#\/schema\/person\/c4278d4a6028830caff9ee44b42d32ed","name":"Telinha","image":{"@type":"ImageObject","inLanguage":"pt-PT","@id":"https:\/\/portaltela.pt\/s.01k8rhncp4jt1\/2025\/11\/talking-bot-125x125.png","url":"https:\/\/portaltela.pt\/s.01k8rhncp4jt1\/2025\/11\/talking-bot-125x125.png","contentUrl":"https:\/\/portaltela.pt\/s.01k8rhncp4jt1\/2025\/11\/talking-bot-125x125.png","caption":"Telinha"},"sameAs":["https:\/\/portaltela.pt\/"],"url":"https:\/\/portaltela.pt\/por\/367410592786\/"}]}},"_links":{"self":[{"href":"https:\/\/portaltela.pt\/api\/wp\/v2\/posts\/427583","targetHints":{"allow":["GET"]}}],"collection":[{"href":"https:\/\/portaltela.pt\/api\/wp\/v2\/posts"}],"about":[{"href":"https:\/\/portaltela.pt\/api\/wp\/v2\/types\/post"}],"author":[{"embeddable":true,"href":"https:\/\/portaltela.pt\/api\/wp\/v2\/users\/2"}],"replies":[{"embeddable":true,"href":"https:\/\/portaltela.pt\/api\/wp\/v2\/comments?post=427583"}],"version-history":[{"count":0,"href":"https:\/\/portaltela.pt\/api\/wp\/v2\/posts\/427583\/revisions"}],"wp:featuredmedia":[{"embeddable":true,"href":"https:\/\/portaltela.pt\/api\/wp\/v2\/media\/427585"}],"wp:attachment":[{"href":"https:\/\/portaltela.pt\/api\/wp\/v2\/media?parent=427583"}],"wp:term":[{"taxonomy":"category","embeddable":true,"href":"https:\/\/portaltela.pt\/api\/wp\/v2\/categories?post=427583"},{"taxonomy":"post_tag","embeddable":true,"href":"https:\/\/portaltela.pt\/api\/wp\/v2\/tags?post=427583"}],"curies":[{"name":"wp","href":"https:\/\/api.w.org\/{rel}","templated":true}]}}