{"id":427556,"date":"2026-03-30T19:02:29","date_gmt":"2026-03-30T22:02:29","guid":{"rendered":"https:\/\/portaltela.pt\/noticias\/2026\/03\/30\/fadu-celebra-datas-historicas-e-homenageia-pedro-dias\/"},"modified":"2026-03-30T19:02:29","modified_gmt":"2026-03-30T22:02:29","slug":"fadu-celebra-datas-historicas-e-homenageia-pedro-dias","status":"publish","type":"post","link":"https:\/\/portaltela.pt\/desporto\/copa-do-mundo\/2026\/03\/30\/fadu-celebra-datas-historicas-e-homenageia-pedro-dias\/","title":{"rendered":"FADU celebra datas hist\u00f3ricas e homenageia Pedro Dias"},"content":{"rendered":"<p>A Federa\u00e7\u00e3o Acad\u00e9mica de Desporto Universit\u00e1rio (FADU) celebrou 36 anos de exist\u00eancia e 30 anos do primeiro Campeonato do Mundo Universit\u00e1rio em Portugal. O evento decorreu em Albufeira, cidade-sede do mundial h\u00e1 tr\u00eas d\u00e9cadas, reunindo cerca de 150 convidados, entre dirigentes, docentes, clubes filiados e entidades regionais.<\/p>\n<p>A cerim\u00f3nia homenageou personalidades e entidades que participaram na organiza\u00e7\u00e3o do Campeonato do Mundo Universit\u00e1rio de Corta-Mato de 1996. A Comiss\u00e3o Organizadora, ent\u00e3o presidida por Pedro Dias, recebeu uma moldura personalizada oferecida por Rosa Mota e Diogo Salgado Braz, presidente da FADU.<\/p>\n<p>Para Pedro Dias, o Mundial de Albufeira marcou o in\u00edcio do reconhecimento internacional da FADU, abrindo caminho para mais de uma vintena de eventos internacionais desde ent\u00e3o. O dirigente enfatizou a import\u00e2ncia de compreender o passado para orientar o futuro de forma sustent\u00e1vel.<\/p>\n<p>Diogo Salgado Braz destacou a miss\u00e3o da FADU, que visa promover o Desporto Universit\u00e1rio em Portugal. O secret\u00e1rio de Estado do Desporto salientou o apoio decisivo do Munic\u00edpio de Albufeira, enquanto Cidade Europeia do Desporto 2026, e o envolvimento ativo de clubes e entidades regionais para o sucesso da iniciativa.<\/p>\n<h3>Apoio institucional e perspetivas<\/h3>\n<p>O presidente da FADU refor\u00e7ou que os dois dias de Albufeira refletiram o passado, o presente e o futuro do desporto universit\u00e1rio em Portugal. O evento refor\u00e7ou a liga\u00e7\u00e3o entre ensino superior, pr\u00e1tica desportiva e desenvolvimento regional.<\/p>\n","protected":false},"excerpt":{"rendered":"<ul>\n<li>A FADU comemorou 36 anos de exist\u00eancia e os 30 anos do primeiro Campeonato do Mundo Universit\u00e1rio em Portugal, reunindo em Albufeira cerca de cento e meia convidados.<\/li>\n<li>Homenageou-se v\u00e1rias personalidades, incluindo a Comiss\u00e3o Organizadora do Mundial de Corta-Mato de 1996, na altura presidida por Pedro Dias, atual secret\u00e1rio de Estado do Desporto.<\/li>\n<li>O evento contou com a entrega de uma moldura personalizada ao secret\u00e1rio de Estado do Desporto, oferecida por Rosa Mota e pelo presidente da FADU, Diogo Salgado Braz.<\/li>\n<li>O Mundial de 1996 foi descrito como o primeiro evento internacional organizado pela FADU, marcando o in\u00edcio de uma trajet\u00f3ria de mais de tr\u00eas dezenas de eventos internacionais.<\/li>\n<li>O presidente da FADU destacou o papel do Munic\u00edpio de Albufeira, Cidade Europeia do Desporto 2026, e o envolvimento de clubes e entidades regionais para o sucesso da iniciativa e o legado do desporto universit\u00e1rio.<\/li>\n<\/ul>\n","protected":false},"author":2,"featured_media":427559,"comment_status":"closed","ping_status":"closed","sticky":false,"template":"","format":"standard","meta":{"footnotes":""},"categories":[6695,21],"tags":[1202,6525,152,4457,6623,1014],"class_list":["post-427556","post","type-post","status-publish","format-standard","has-post-thumbnail","hentry","category-copa-do-mundo","category-desporto","tag-albufeira","tag-cidade-europeia-do-desporto-2026","tag-desporto","tag-desporto-universitario","tag-ensino-superior","tag-portugal"],"yoast_head":"<!-- This site is optimized with the Yoast SEO plugin v27.2 - https:\/\/yoast.com\/product\/yoast-seo-wordpress\/ -->\n<title>FADU celebra datas hist\u00f3ricas e homenageia Pedro Dias - Portal Tela Portugal<\/title>\n<meta name=\"robots\" content=\"index, follow, max-snippet:-1, max-image-preview:large, max-video-preview:-1\" \/>\n<meta property=\"og:locale\" content=\"pt_PT\" \/>\n<meta property=\"og:type\" content=\"article\" \/>\n<meta property=\"og:title\" content=\"FADU celebra datas hist\u00f3ricas e homenageia Pedro Dias - Portal Tela Portugal\" \/>\n<meta property=\"og:description\" content=\"A FADU comemorou 36 anos de exist\u00eancia e os 30 anos do primeiro Campeonato do Mundo Universit\u00e1rio em Portugal, reunindo em Albufeira cerca de cento e meia convidados. Homenageou-se v\u00e1rias personalidades, incluindo a Comiss\u00e3o Organizadora do Mundial de Corta-Mato de 1996, na altura presidida por Pedro Dias, atual secret\u00e1rio de Estado do Desporto. O evento contou com a entrega de uma moldura personalizada ao secret\u00e1rio de Estado do Desporto, oferecida por Rosa Mota e pelo presidente da FADU, Diogo Salgado Braz. O Mundial de 1996 foi descrito como o primeiro evento internacional organizado pela FADU, marcando o in\u00edcio de uma trajet\u00f3ria de mais de tr\u00eas dezenas de eventos internacionais. O presidente da FADU destacou o papel do Munic\u00edpio de Albufeira, Cidade Europeia do Desporto 2026, e o envolvimento de clubes e entidades regionais para o sucesso da iniciativa e o legado do desporto universit\u00e1rio.\" \/>\n<meta property=\"og:url\" content=\"https:\/\/portaltela.pt\/noticias\/2026\/03\/30\/fadu-celebra-datas-historicas-e-homenageia-pedro-dias\/\" \/>\n<meta property=\"og:site_name\" content=\"Portal Tela Portugal\" \/>\n<meta property=\"article:published_time\" content=\"2026-03-30T22:02:29+00:00\" \/>\n<meta name=\"author\" content=\"Telinha\" \/>\n<meta name=\"twitter:card\" content=\"summary_large_image\" \/>\n<meta name=\"twitter:label1\" content=\"Escrito por\" \/>\n\t<meta name=\"twitter:data1\" content=\"Telinha\" \/>\n\t<meta name=\"twitter:label2\" content=\"Tempo estimado de leitura\" \/>\n\t<meta name=\"twitter:data2\" content=\"1 minuto\" \/>\n<script type=\"application\/ld+json\" class=\"yoast-schema-graph\">{\"@context\":\"https:\/\/schema.org\",\"@graph\":[{\"@type\":\"Article\",\"@id\":\"https:\/\/portaltela.pt\/noticias\/2026\/03\/30\/fadu-celebra-datas-historicas-e-homenageia-pedro-dias\/#article\",\"isPartOf\":{\"@id\":\"https:\/\/portaltela.pt\/noticias\/2026\/03\/30\/fadu-celebra-datas-historicas-e-homenageia-pedro-dias\/\"},\"author\":{\"name\":\"Telinha\",\"@id\":\"https:\/\/portaltela.pt\/#\/schema\/person\/c4278d4a6028830caff9ee44b42d32ed\"},\"headline\":\"FADU celebra datas hist\u00f3ricas e homenageia Pedro Dias\",\"datePublished\":\"2026-03-30T22:02:29+00:00\",\"mainEntityOfPage\":{\"@id\":\"https:\/\/portaltela.pt\/noticias\/2026\/03\/30\/fadu-celebra-datas-historicas-e-homenageia-pedro-dias\/\"},\"wordCount\":252,\"image\":{\"@id\":\"https:\/\/portaltela.pt\/noticias\/2026\/03\/30\/fadu-celebra-datas-historicas-e-homenageia-pedro-dias\/#primaryimage\"},\"thumbnailUrl\":\"https:\/\/portaltela.pt\/s.01k8rhncp4jt1\/2026\/03\/img_920x518uu2026-03-30-22-50-56-2430198.jpg\",\"keywords\":[\"Albufeira\",\"Cidade Europeia do Desporto 2026\",\"desporto\",\"Desporto Universit\u00e1rio\",\"Ensino Superior\",\"Portugal\"],\"articleSection\":[\"Copa do Mundo\",\"Desporto\"],\"inLanguage\":\"pt-PT\"},{\"@type\":\"WebPage\",\"@id\":\"https:\/\/portaltela.pt\/noticias\/2026\/03\/30\/fadu-celebra-datas-historicas-e-homenageia-pedro-dias\/\",\"url\":\"https:\/\/portaltela.pt\/noticias\/2026\/03\/30\/fadu-celebra-datas-historicas-e-homenageia-pedro-dias\/\",\"name\":\"FADU celebra datas hist\u00f3ricas e homenageia Pedro Dias - Portal Tela Portugal\",\"isPartOf\":{\"@id\":\"https:\/\/portaltela.pt\/#website\"},\"primaryImageOfPage\":{\"@id\":\"https:\/\/portaltela.pt\/noticias\/2026\/03\/30\/fadu-celebra-datas-historicas-e-homenageia-pedro-dias\/#primaryimage\"},\"image\":{\"@id\":\"https:\/\/portaltela.pt\/noticias\/2026\/03\/30\/fadu-celebra-datas-historicas-e-homenageia-pedro-dias\/#primaryimage\"},\"thumbnailUrl\":\"https:\/\/portaltela.pt\/s.01k8rhncp4jt1\/2026\/03\/img_920x518uu2026-03-30-22-50-56-2430198.jpg\",\"datePublished\":\"2026-03-30T22:02:29+00:00\",\"author\":{\"@id\":\"https:\/\/portaltela.pt\/#\/schema\/person\/c4278d4a6028830caff9ee44b42d32ed\"},\"breadcrumb\":{\"@id\":\"https:\/\/portaltela.pt\/noticias\/2026\/03\/30\/fadu-celebra-datas-historicas-e-homenageia-pedro-dias\/#breadcrumb\"},\"inLanguage\":\"pt-PT\",\"potentialAction\":[{\"@type\":\"ReadAction\",\"target\":[\"https:\/\/portaltela.pt\/noticias\/2026\/03\/30\/fadu-celebra-datas-historicas-e-homenageia-pedro-dias\/\"]}]},{\"@type\":\"ImageObject\",\"inLanguage\":\"pt-PT\",\"@id\":\"https:\/\/portaltela.pt\/noticias\/2026\/03\/30\/fadu-celebra-datas-historicas-e-homenageia-pedro-dias\/#primaryimage\",\"url\":\"https:\/\/portaltela.pt\/s.01k8rhncp4jt1\/2026\/03\/img_920x518uu2026-03-30-22-50-56-2430198.jpg\",\"contentUrl\":\"https:\/\/portaltela.pt\/s.01k8rhncp4jt1\/2026\/03\/img_920x518uu2026-03-30-22-50-56-2430198.jpg\",\"width\":796,\"height\":448,\"caption\":\"Diogo Salgado Braz (presidente da FADU), Pedro Dias (secret\u00e1rio de Estado do Desporto), Rosa Mota e Cristina Corado (C\u00e2mara Municipal de Albufeira)\"},{\"@type\":\"BreadcrumbList\",\"@id\":\"https:\/\/portaltela.pt\/noticias\/2026\/03\/30\/fadu-celebra-datas-historicas-e-homenageia-pedro-dias\/#breadcrumb\",\"itemListElement\":[{\"@type\":\"ListItem\",\"position\":1,\"name\":\"In\u00edcio\",\"item\":\"https:\/\/portaltela.pt\/\"},{\"@type\":\"ListItem\",\"position\":2,\"name\":\"FADU celebra datas hist\u00f3ricas e homenageia Pedro Dias\"}]},{\"@type\":\"WebSite\",\"@id\":\"https:\/\/portaltela.pt\/#website\",\"url\":\"https:\/\/portaltela.pt\/\",\"name\":\"Portal Tela Portugal\",\"description\":\"\",\"potentialAction\":[{\"@type\":\"SearchAction\",\"target\":{\"@type\":\"EntryPoint\",\"urlTemplate\":\"https:\/\/portaltela.pt\/?s={search_term_string}\"},\"query-input\":{\"@type\":\"PropertyValueSpecification\",\"valueRequired\":true,\"valueName\":\"search_term_string\"}}],\"inLanguage\":\"pt-PT\"},{\"@type\":\"Person\",\"@id\":\"https:\/\/portaltela.pt\/#\/schema\/person\/c4278d4a6028830caff9ee44b42d32ed\",\"name\":\"Telinha\",\"image\":{\"@type\":\"ImageObject\",\"inLanguage\":\"pt-PT\",\"@id\":\"https:\/\/portaltela.pt\/s.01k8rhncp4jt1\/2025\/11\/talking-bot-125x125.png\",\"url\":\"https:\/\/portaltela.pt\/s.01k8rhncp4jt1\/2025\/11\/talking-bot-125x125.png\",\"contentUrl\":\"https:\/\/portaltela.pt\/s.01k8rhncp4jt1\/2025\/11\/talking-bot-125x125.png\",\"caption\":\"Telinha\"},\"sameAs\":[\"https:\/\/portaltela.pt\/\"],\"url\":\"https:\/\/portaltela.pt\/por\/367410592786\/\"}]}<\/script>\n<!-- \/ Yoast SEO plugin. -->","yoast_head_json":{"title":"FADU celebra datas hist\u00f3ricas e homenageia Pedro Dias - Portal Tela Portugal","robots":{"index":"index","follow":"follow","max-snippet":"max-snippet:-1","max-image-preview":"max-image-preview:large","max-video-preview":"max-video-preview:-1"},"og_locale":"pt_PT","og_type":"article","og_title":"FADU celebra datas hist\u00f3ricas e homenageia Pedro Dias - Portal Tela Portugal","og_description":"A FADU comemorou 36 anos de exist\u00eancia e os 30 anos do primeiro Campeonato do Mundo Universit\u00e1rio em Portugal, reunindo em Albufeira cerca de cento e meia convidados. Homenageou-se v\u00e1rias personalidades, incluindo a Comiss\u00e3o Organizadora do Mundial de Corta-Mato de 1996, na altura presidida por Pedro Dias, atual secret\u00e1rio de Estado do Desporto. O evento contou com a entrega de uma moldura personalizada ao secret\u00e1rio de Estado do Desporto, oferecida por Rosa Mota e pelo presidente da FADU, Diogo Salgado Braz. O Mundial de 1996 foi descrito como o primeiro evento internacional organizado pela FADU, marcando o in\u00edcio de uma trajet\u00f3ria de mais de tr\u00eas dezenas de eventos internacionais. O presidente da FADU destacou o papel do Munic\u00edpio de Albufeira, Cidade Europeia do Desporto 2026, e o envolvimento de clubes e entidades regionais para o sucesso da iniciativa e o legado do desporto universit\u00e1rio.","og_url":"https:\/\/portaltela.pt\/noticias\/2026\/03\/30\/fadu-celebra-datas-historicas-e-homenageia-pedro-dias\/","og_site_name":"Portal Tela Portugal","article_published_time":"2026-03-30T22:02:29+00:00","author":"Telinha","twitter_card":"summary_large_image","twitter_misc":{"Escrito por":"Telinha","Tempo estimado de leitura":"1 minuto"},"schema":{"@context":"https:\/\/schema.org","@graph":[{"@type":"Article","@id":"https:\/\/portaltela.pt\/noticias\/2026\/03\/30\/fadu-celebra-datas-historicas-e-homenageia-pedro-dias\/#article","isPartOf":{"@id":"https:\/\/portaltela.pt\/noticias\/2026\/03\/30\/fadu-celebra-datas-historicas-e-homenageia-pedro-dias\/"},"author":{"name":"Telinha","@id":"https:\/\/portaltela.pt\/#\/schema\/person\/c4278d4a6028830caff9ee44b42d32ed"},"headline":"FADU celebra datas hist\u00f3ricas e homenageia Pedro Dias","datePublished":"2026-03-30T22:02:29+00:00","mainEntityOfPage":{"@id":"https:\/\/portaltela.pt\/noticias\/2026\/03\/30\/fadu-celebra-datas-historicas-e-homenageia-pedro-dias\/"},"wordCount":252,"image":{"@id":"https:\/\/portaltela.pt\/noticias\/2026\/03\/30\/fadu-celebra-datas-historicas-e-homenageia-pedro-dias\/#primaryimage"},"thumbnailUrl":"https:\/\/portaltela.pt\/s.01k8rhncp4jt1\/2026\/03\/img_920x518uu2026-03-30-22-50-56-2430198.jpg","keywords":["Albufeira","Cidade Europeia do Desporto 2026","desporto","Desporto Universit\u00e1rio","Ensino Superior","Portugal"],"articleSection":["Copa do Mundo","Desporto"],"inLanguage":"pt-PT"},{"@type":"WebPage","@id":"https:\/\/portaltela.pt\/noticias\/2026\/03\/30\/fadu-celebra-datas-historicas-e-homenageia-pedro-dias\/","url":"https:\/\/portaltela.pt\/noticias\/2026\/03\/30\/fadu-celebra-datas-historicas-e-homenageia-pedro-dias\/","name":"FADU celebra datas hist\u00f3ricas e homenageia Pedro Dias - Portal Tela Portugal","isPartOf":{"@id":"https:\/\/portaltela.pt\/#website"},"primaryImageOfPage":{"@id":"https:\/\/portaltela.pt\/noticias\/2026\/03\/30\/fadu-celebra-datas-historicas-e-homenageia-pedro-dias\/#primaryimage"},"image":{"@id":"https:\/\/portaltela.pt\/noticias\/2026\/03\/30\/fadu-celebra-datas-historicas-e-homenageia-pedro-dias\/#primaryimage"},"thumbnailUrl":"https:\/\/portaltela.pt\/s.01k8rhncp4jt1\/2026\/03\/img_920x518uu2026-03-30-22-50-56-2430198.jpg","datePublished":"2026-03-30T22:02:29+00:00","author":{"@id":"https:\/\/portaltela.pt\/#\/schema\/person\/c4278d4a6028830caff9ee44b42d32ed"},"breadcrumb":{"@id":"https:\/\/portaltela.pt\/noticias\/2026\/03\/30\/fadu-celebra-datas-historicas-e-homenageia-pedro-dias\/#breadcrumb"},"inLanguage":"pt-PT","potentialAction":[{"@type":"ReadAction","target":["https:\/\/portaltela.pt\/noticias\/2026\/03\/30\/fadu-celebra-datas-historicas-e-homenageia-pedro-dias\/"]}]},{"@type":"ImageObject","inLanguage":"pt-PT","@id":"https:\/\/portaltela.pt\/noticias\/2026\/03\/30\/fadu-celebra-datas-historicas-e-homenageia-pedro-dias\/#primaryimage","url":"https:\/\/portaltela.pt\/s.01k8rhncp4jt1\/2026\/03\/img_920x518uu2026-03-30-22-50-56-2430198.jpg","contentUrl":"https:\/\/portaltela.pt\/s.01k8rhncp4jt1\/2026\/03\/img_920x518uu2026-03-30-22-50-56-2430198.jpg","width":796,"height":448,"caption":"Diogo Salgado Braz (presidente da FADU), Pedro Dias (secret\u00e1rio de Estado do Desporto), Rosa Mota e Cristina Corado (C\u00e2mara Municipal de Albufeira)"},{"@type":"BreadcrumbList","@id":"https:\/\/portaltela.pt\/noticias\/2026\/03\/30\/fadu-celebra-datas-historicas-e-homenageia-pedro-dias\/#breadcrumb","itemListElement":[{"@type":"ListItem","position":1,"name":"In\u00edcio","item":"https:\/\/portaltela.pt\/"},{"@type":"ListItem","position":2,"name":"FADU celebra datas hist\u00f3ricas e homenageia Pedro Dias"}]},{"@type":"WebSite","@id":"https:\/\/portaltela.pt\/#website","url":"https:\/\/portaltela.pt\/","name":"Portal Tela Portugal","description":"","potentialAction":[{"@type":"SearchAction","target":{"@type":"EntryPoint","urlTemplate":"https:\/\/portaltela.pt\/?s={search_term_string}"},"query-input":{"@type":"PropertyValueSpecification","valueRequired":true,"valueName":"search_term_string"}}],"inLanguage":"pt-PT"},{"@type":"Person","@id":"https:\/\/portaltela.pt\/#\/schema\/person\/c4278d4a6028830caff9ee44b42d32ed","name":"Telinha","image":{"@type":"ImageObject","inLanguage":"pt-PT","@id":"https:\/\/portaltela.pt\/s.01k8rhncp4jt1\/2025\/11\/talking-bot-125x125.png","url":"https:\/\/portaltela.pt\/s.01k8rhncp4jt1\/2025\/11\/talking-bot-125x125.png","contentUrl":"https:\/\/portaltela.pt\/s.01k8rhncp4jt1\/2025\/11\/talking-bot-125x125.png","caption":"Telinha"},"sameAs":["https:\/\/portaltela.pt\/"],"url":"https:\/\/portaltela.pt\/por\/367410592786\/"}]}},"_links":{"self":[{"href":"https:\/\/portaltela.pt\/api\/wp\/v2\/posts\/427556","targetHints":{"allow":["GET"]}}],"collection":[{"href":"https:\/\/portaltela.pt\/api\/wp\/v2\/posts"}],"about":[{"href":"https:\/\/portaltela.pt\/api\/wp\/v2\/types\/post"}],"author":[{"embeddable":true,"href":"https:\/\/portaltela.pt\/api\/wp\/v2\/users\/2"}],"replies":[{"embeddable":true,"href":"https:\/\/portaltela.pt\/api\/wp\/v2\/comments?post=427556"}],"version-history":[{"count":0,"href":"https:\/\/portaltela.pt\/api\/wp\/v2\/posts\/427556\/revisions"}],"wp:featuredmedia":[{"embeddable":true,"href":"https:\/\/portaltela.pt\/api\/wp\/v2\/media\/427559"}],"wp:attachment":[{"href":"https:\/\/portaltela.pt\/api\/wp\/v2\/media?parent=427556"}],"wp:term":[{"taxonomy":"category","embeddable":true,"href":"https:\/\/portaltela.pt\/api\/wp\/v2\/categories?post=427556"},{"taxonomy":"post_tag","embeddable":true,"href":"https:\/\/portaltela.pt\/api\/wp\/v2\/tags?post=427556"}],"curies":[{"name":"wp","href":"https:\/\/api.w.org\/{rel}","templated":true}]}}